{"id":4942,"date":"2016-01-15T13:30:52","date_gmt":"2016-01-15T12:30:52","guid":{"rendered":"https:\/\/www.gereso.com\/actualites\/?p=4942"},"modified":"2016-02-02T14:29:18","modified_gmt":"2016-02-02T13:29:18","slug":"les-dirigeants-rh-prevoient-de-nouvelles-priorites-pour-2016","status":"publish","type":"post","link":"https:\/\/www.gereso.com\/actualites\/2016\/01\/15\/les-dirigeants-rh-prevoient-de-nouvelles-priorites-pour-2016\/","title":{"rendered":"Les dirigeants RH pr\u00e9voient de nouvelles priorit\u00e9s pour 2016"},"content":{"rendered":"<p>Cette ann\u00e9e, les priorit\u00e9s du dirigeant RH ont chang\u00e9. Une \u00e9tude effectu\u00e9e par le cabinet Michael Page dans le cadre du \u00ab\u00a0Barom\u00e8tre International RH\u00a0\u00bb au cours du troisi\u00e8me trimestre 2015 apporte des r\u00e9ponses sur le sujet. Renforcement des effectifs, marque employeur, transformation et conduite de changement sont les th\u00e8mes porteurs pour cette ann\u00e9e\u2026<\/p>\n<p>En t\u00eate de liste, le recrutement des talents entre dans les pr\u00e9occupations majeures des DRH. 40% des directeurs des ressources humaines fran\u00e7ais ayant particip\u00e9 \u00e0 l\u2019enqu\u00eate d\u00e9sirent embaucher de nouveaux talents. Cette \u00e9tude d\u00e9montre clairement un renforcement de la d\u00e9marche de \u00ab\u00a0marque employeur\u00a0\u00bb au sein des strat\u00e9gies RH. Une d\u00e9marche qui doit prendre en compte l\u2019ampleur de la digitalisation.<\/p>\n<p>La conduite du changement ainsi que les projets de transformation constituent \u00e9galement deux priorit\u00e9s pour 46% des dirigeants RH fran\u00e7ais. Ces derniers sont conscients des enjeux des nouvelles technologies d\u2019informations et de communication sur le travail. D\u2019o\u00f9, la mise en place d\u2019une strat\u00e9gie d\u2019organisation en phase avec la d\u00e9marche de digitalisation de la fonction RH.<\/p>\n<p>Par ailleurs, seuls 27% des DRH fran\u00e7ais interrog\u00e9s accordent de l\u2019importance \u00e0 la formation et le d\u00e9veloppement. Seuls 26 % des d\u00e9cideurs interrog\u00e9s ont ainsi mentionn\u00e9 la gestion des comp\u00e9tences.<\/p>\n<p>Source : MichaelPage http:\/\/etudes-presse.michaelpage.fr\/etudes\/barometre-international-rh\/<\/p>\n<p><span style=\"color: #000000; font-family: Arial; font-size: 13px; line-height: normal; white-space: pre-wrap;\">\u00a0<\/span><\/p>\n","protected":false},"excerpt":{"rendered":"<p>Cette ann\u00e9e, les priorit\u00e9s du dirigeant RH ont chang\u00e9. Une \u00e9tude effectu\u00e9e par le cabinet Michael Page dans le cadre du \u00ab\u00a0Barom\u00e8tre International RH\u00a0\u00bb au cours du troisi\u00e8me trimestre 2015 apporte des r\u00e9ponses sur le sujet. Renforcement des effectifs, marque employeur, transformation et conduite de changement sont les th\u00e8mes porteurs pour cette ann\u00e9e\u2026 En t\u00eate [&hellip;]<\/p>\n","protected":false},"author":17,"featured_media":0,"comment_status":"open","ping_status":"open","sticky":false,"template":"","format":"quote","meta":{"_acf_changed":false,"_mi_skip_tracking":false,"footnotes":""},"categories":[2],"tags":[840,51,122,58],"class_list":["post-4942","post","type-post","status-publish","format-quote","hentry","category-ressources-humaines","tag-conduite-du-changement","tag-drh","tag-marque-employeur","tag-rh","post_format-post-format-quote"],"acf":[],"yoast_head":"<!-- This site is optimized with the Yoast SEO plugin v23.4 - https:\/\/yoast.com\/wordpress\/plugins\/seo\/ -->\n<title>Les dirigeants RH pr\u00e9voient de nouvelles priorit\u00e9s pour 2016 - Le Blog GERESO<\/title>\n<meta name=\"robots\" content=\"index, follow, max-snippet:-1, max-image-preview:large, max-video-preview:-1\" \/>\n<link rel=\"canonical\" href=\"https:\/\/www.gereso.com\/actualites\/2016\/01\/15\/les-dirigeants-rh-prevoient-de-nouvelles-priorites-pour-2016\/\" \/>\n<meta property=\"og:locale\" content=\"fr_FR\" \/>\n<meta property=\"og:type\" content=\"article\" \/>\n<meta property=\"og:title\" content=\"Les dirigeants RH pr\u00e9voient de nouvelles priorit\u00e9s pour 2016 - Le Blog GERESO\" \/>\n<meta property=\"og:description\" content=\"Cette ann\u00e9e, les priorit\u00e9s du dirigeant RH ont chang\u00e9. Une \u00e9tude effectu\u00e9e par le cabinet Michael Page dans le cadre du \u00ab\u00a0Barom\u00e8tre International RH\u00a0\u00bb au cours du troisi\u00e8me trimestre 2015 apporte des r\u00e9ponses sur le sujet. Renforcement des effectifs, marque employeur, transformation et conduite de changement sont les th\u00e8mes porteurs pour cette ann\u00e9e\u2026 En t\u00eate [&hellip;]\" \/>\n<meta property=\"og:url\" content=\"https:\/\/www.gereso.com\/actualites\/2016\/01\/15\/les-dirigeants-rh-prevoient-de-nouvelles-priorites-pour-2016\/\" \/>\n<meta property=\"og:site_name\" content=\"Le Blog GERESO\" \/>\n<meta property=\"article:published_time\" content=\"2016-01-15T12:30:52+00:00\" \/>\n<meta property=\"article:modified_time\" content=\"2016-02-02T13:29:18+00:00\" \/>\n<meta name=\"author\" content=\"Flash Expert\" \/>\n<meta name=\"twitter:card\" content=\"summary_large_image\" \/>\n<script type=\"application\/ld+json\" class=\"yoast-schema-graph\">{\"@context\":\"https:\/\/schema.org\",\"@graph\":[{\"@type\":\"WebPage\",\"@id\":\"https:\/\/www.gereso.com\/actualites\/2016\/01\/15\/les-dirigeants-rh-prevoient-de-nouvelles-priorites-pour-2016\/\",\"url\":\"https:\/\/www.gereso.com\/actualites\/2016\/01\/15\/les-dirigeants-rh-prevoient-de-nouvelles-priorites-pour-2016\/\",\"name\":\"Les dirigeants RH pr\u00e9voient de nouvelles priorit\u00e9s pour 2016 - Le Blog GERESO\",\"isPartOf\":{\"@id\":\"https:\/\/www.gereso.com\/actualites\/#website\"},\"datePublished\":\"2016-01-15T12:30:52+00:00\",\"dateModified\":\"2016-02-02T13:29:18+00:00\",\"author\":{\"@id\":\"https:\/\/www.gereso.com\/actualites\/#\/schema\/person\/a151fe125d0d42269ebf59ffcb5118c6\"},\"breadcrumb\":{\"@id\":\"https:\/\/www.gereso.com\/actualites\/2016\/01\/15\/les-dirigeants-rh-prevoient-de-nouvelles-priorites-pour-2016\/#breadcrumb\"},\"inLanguage\":\"fr-FR\",\"potentialAction\":[{\"@type\":\"ReadAction\",\"target\":[\"https:\/\/www.gereso.com\/actualites\/2016\/01\/15\/les-dirigeants-rh-prevoient-de-nouvelles-priorites-pour-2016\/\"]}]},{\"@type\":\"BreadcrumbList\",\"@id\":\"https:\/\/www.gereso.com\/actualites\/2016\/01\/15\/les-dirigeants-rh-prevoient-de-nouvelles-priorites-pour-2016\/#breadcrumb\",\"itemListElement\":[{\"@type\":\"ListItem\",\"position\":1,\"name\":\"Home\",\"item\":\"https:\/\/www.gereso.com\/actualites\/\"},{\"@type\":\"ListItem\",\"position\":2,\"name\":\"Les dirigeants RH pr\u00e9voient de nouvelles priorit\u00e9s pour 2016\"}]},{\"@type\":\"WebSite\",\"@id\":\"https:\/\/www.gereso.com\/actualites\/#website\",\"url\":\"https:\/\/www.gereso.com\/actualites\/\",\"name\":\"Le Blog GERESO\",\"description\":\"Toute l&#039;actu RH, Finance, Fonction Publique, Management...\",\"potentialAction\":[{\"@type\":\"SearchAction\",\"target\":{\"@type\":\"EntryPoint\",\"urlTemplate\":\"https:\/\/www.gereso.com\/actualites\/?s={search_term_string}\"},\"query-input\":{\"@type\":\"PropertyValueSpecification\",\"valueRequired\":true,\"valueName\":\"search_term_string\"}}],\"inLanguage\":\"fr-FR\"},{\"@type\":\"Person\",\"@id\":\"https:\/\/www.gereso.com\/actualites\/#\/schema\/person\/a151fe125d0d42269ebf59ffcb5118c6\",\"name\":\"Flash Expert\",\"image\":{\"@type\":\"ImageObject\",\"inLanguage\":\"fr-FR\",\"@id\":\"https:\/\/www.gereso.com\/actualites\/#\/schema\/person\/image\/\",\"url\":\"https:\/\/www.gereso.com\/actualites\/wp-content\/uploads\/2013\/12\/avatar-gereso-1.png\",\"contentUrl\":\"https:\/\/www.gereso.com\/actualites\/wp-content\/uploads\/2013\/12\/avatar-gereso-1.png\",\"caption\":\"Flash Expert\"},\"url\":\"https:\/\/www.gereso.com\/actualites\/author\/flash-expert\/\"}]}<\/script>\n<!-- \/ Yoast SEO plugin. -->","yoast_head_json":{"title":"Les dirigeants RH pr\u00e9voient de nouvelles priorit\u00e9s pour 2016 - Le Blog GERESO","robots":{"index":"index","follow":"follow","max-snippet":"max-snippet:-1","max-image-preview":"max-image-preview:large","max-video-preview":"max-video-preview:-1"},"canonical":"https:\/\/www.gereso.com\/actualites\/2016\/01\/15\/les-dirigeants-rh-prevoient-de-nouvelles-priorites-pour-2016\/","og_locale":"fr_FR","og_type":"article","og_title":"Les dirigeants RH pr\u00e9voient de nouvelles priorit\u00e9s pour 2016 - Le Blog GERESO","og_description":"Cette ann\u00e9e, les priorit\u00e9s du dirigeant RH ont chang\u00e9. Une \u00e9tude effectu\u00e9e par le cabinet Michael Page dans le cadre du \u00ab\u00a0Barom\u00e8tre International RH\u00a0\u00bb au cours du troisi\u00e8me trimestre 2015 apporte des r\u00e9ponses sur le sujet. Renforcement des effectifs, marque employeur, transformation et conduite de changement sont les th\u00e8mes porteurs pour cette ann\u00e9e\u2026 En t\u00eate [&hellip;]","og_url":"https:\/\/www.gereso.com\/actualites\/2016\/01\/15\/les-dirigeants-rh-prevoient-de-nouvelles-priorites-pour-2016\/","og_site_name":"Le Blog GERESO","article_published_time":"2016-01-15T12:30:52+00:00","article_modified_time":"2016-02-02T13:29:18+00:00","author":"Flash Expert","twitter_card":"summary_large_image","schema":{"@context":"https:\/\/schema.org","@graph":[{"@type":"WebPage","@id":"https:\/\/www.gereso.com\/actualites\/2016\/01\/15\/les-dirigeants-rh-prevoient-de-nouvelles-priorites-pour-2016\/","url":"https:\/\/www.gereso.com\/actualites\/2016\/01\/15\/les-dirigeants-rh-prevoient-de-nouvelles-priorites-pour-2016\/","name":"Les dirigeants RH pr\u00e9voient de nouvelles priorit\u00e9s pour 2016 - Le Blog GERESO","isPartOf":{"@id":"https:\/\/www.gereso.com\/actualites\/#website"},"datePublished":"2016-01-15T12:30:52+00:00","dateModified":"2016-02-02T13:29:18+00:00","author":{"@id":"https:\/\/www.gereso.com\/actualites\/#\/schema\/person\/a151fe125d0d42269ebf59ffcb5118c6"},"breadcrumb":{"@id":"https:\/\/www.gereso.com\/actualites\/2016\/01\/15\/les-dirigeants-rh-prevoient-de-nouvelles-priorites-pour-2016\/#breadcrumb"},"inLanguage":"fr-FR","potentialAction":[{"@type":"ReadAction","target":["https:\/\/www.gereso.com\/actualites\/2016\/01\/15\/les-dirigeants-rh-prevoient-de-nouvelles-priorites-pour-2016\/"]}]},{"@type":"BreadcrumbList","@id":"https:\/\/www.gereso.com\/actualites\/2016\/01\/15\/les-dirigeants-rh-prevoient-de-nouvelles-priorites-pour-2016\/#breadcrumb","itemListElement":[{"@type":"ListItem","position":1,"name":"Home","item":"https:\/\/www.gereso.com\/actualites\/"},{"@type":"ListItem","position":2,"name":"Les dirigeants RH pr\u00e9voient de nouvelles priorit\u00e9s pour 2016"}]},{"@type":"WebSite","@id":"https:\/\/www.gereso.com\/actualites\/#website","url":"https:\/\/www.gereso.com\/actualites\/","name":"Le Blog GERESO","description":"Toute l&#039;actu RH, Finance, Fonction Publique, Management...","potentialAction":[{"@type":"SearchAction","target":{"@type":"EntryPoint","urlTemplate":"https:\/\/www.gereso.com\/actualites\/?s={search_term_string}"},"query-input":{"@type":"PropertyValueSpecification","valueRequired":true,"valueName":"search_term_string"}}],"inLanguage":"fr-FR"},{"@type":"Person","@id":"https:\/\/www.gereso.com\/actualites\/#\/schema\/person\/a151fe125d0d42269ebf59ffcb5118c6","name":"Flash Expert","image":{"@type":"ImageObject","inLanguage":"fr-FR","@id":"https:\/\/www.gereso.com\/actualites\/#\/schema\/person\/image\/","url":"https:\/\/www.gereso.com\/actualites\/wp-content\/uploads\/2013\/12\/avatar-gereso-1.png","contentUrl":"https:\/\/www.gereso.com\/actualites\/wp-content\/uploads\/2013\/12\/avatar-gereso-1.png","caption":"Flash Expert"},"url":"https:\/\/www.gereso.com\/actualites\/author\/flash-expert\/"}]}},"_links":{"self":[{"href":"https:\/\/www.gereso.com\/actualites\/wp-json\/wp\/v2\/posts\/4942","targetHints":{"allow":["GET"]}}],"collection":[{"href":"https:\/\/www.gereso.com\/actualites\/wp-json\/wp\/v2\/posts"}],"about":[{"href":"https:\/\/www.gereso.com\/actualites\/wp-json\/wp\/v2\/types\/post"}],"author":[{"embeddable":true,"href":"https:\/\/www.gereso.com\/actualites\/wp-json\/wp\/v2\/users\/17"}],"replies":[{"embeddable":true,"href":"https:\/\/www.gereso.com\/actualites\/wp-json\/wp\/v2\/comments?post=4942"}],"version-history":[{"count":0,"href":"https:\/\/www.gereso.com\/actualites\/wp-json\/wp\/v2\/posts\/4942\/revisions"}],"wp:attachment":[{"href":"https:\/\/www.gereso.com\/actualites\/wp-json\/wp\/v2\/media?parent=4942"}],"wp:term":[{"taxonomy":"category","embeddable":true,"href":"https:\/\/www.gereso.com\/actualites\/wp-json\/wp\/v2\/categories?post=4942"},{"taxonomy":"post_tag","embeddable":true,"href":"https:\/\/www.gereso.com\/actualites\/wp-json\/wp\/v2\/tags?post=4942"}],"curies":[{"name":"wp","href":"https:\/\/api.w.org\/{rel}","templated":true}]}}