{"id":4984,"date":"2016-02-23T16:10:27","date_gmt":"2016-02-23T15:10:27","guid":{"rendered":"https:\/\/www.gereso.com\/actualites\/?p=4984"},"modified":"2016-02-22T10:21:15","modified_gmt":"2016-02-22T09:21:15","slug":"exportation-les-pme-francaises-a-la-traine","status":"publish","type":"post","link":"https:\/\/www.gereso.com\/actualites\/2016\/02\/23\/exportation-les-pme-francaises-a-la-traine\/","title":{"rendered":"Exportation : les PME fran\u00e7aises \u00e0 la tra\u00eene."},"content":{"rendered":"<p>Selon les chiffres sur l\u2019internationalisation des PME publi\u00e9s par l\u2019Institut national de la statistique et des \u00e9tudes \u00e9conomiques (INSEE) le 28 d\u00e9cembre 2014, seules 361 000 PME Fran\u00e7aises sur 3,1 millions exportaient. [1]<\/p>\n<p>Selon cette \u00e9tude, les obstacles qui freinent les entrepreneurs sont entre autres :<\/p>\n<ul>\n<li>Les co\u00fbts de prospection<\/li>\n<li>Les formalit\u00e9s administratives<\/li>\n<li>Les co\u00fbts de recrutement<\/li>\n<li>Les co\u00fbts li\u00e9s \u00e0 la s\u00e9curisation juridique<\/li>\n<li>La familiarisation \u00e0 la culture du pays<\/li>\n<\/ul>\n<p>[1] INSEE, Les Entreprises en France 2014 ; donn\u00e9es 2011 ; entreprises marchandes non-agricoles, y compris activit\u00e9s financi\u00e8res et d\u2019assurance ; chiffre d\u2019affaires et chiffres d\u2019affaires \u00e0 l\u2019export hors secteur financier<\/p>\n","protected":false},"excerpt":{"rendered":"<p>Selon les chiffres sur l\u2019internationalisation des PME publi\u00e9s par l\u2019Institut national de la statistique et des \u00e9tudes \u00e9conomiques (INSEE) le 28 d\u00e9cembre 2014, seules 361 000 PME Fran\u00e7aises sur 3,1 millions exportaient. [1] Selon cette \u00e9tude, les obstacles qui freinent les entrepreneurs sont entre autres : Les co\u00fbts de prospection Les formalit\u00e9s administratives Les co\u00fbts [&hellip;]<\/p>\n","protected":false},"author":32,"featured_media":0,"comment_status":"open","ping_status":"open","sticky":false,"template":"","format":"quote","meta":{"_acf_changed":false,"_mi_skip_tracking":false,"footnotes":""},"categories":[12],"tags":[859],"class_list":["post-4984","post","type-post","status-publish","format-quote","hentry","category-actualites","tag-exportation","post_format-post-format-quote"],"acf":[],"yoast_head":"<!-- This site is optimized with the Yoast SEO plugin v23.4 - https:\/\/yoast.com\/wordpress\/plugins\/seo\/ -->\n<title>Exportation : les PME fran\u00e7aises \u00e0 la tra\u00eene. - Le Blog GERESO<\/title>\n<meta name=\"robots\" content=\"index, follow, max-snippet:-1, max-image-preview:large, max-video-preview:-1\" \/>\n<link rel=\"canonical\" href=\"https:\/\/www.gereso.com\/actualites\/2016\/02\/23\/exportation-les-pme-francaises-a-la-traine\/\" \/>\n<meta property=\"og:locale\" content=\"fr_FR\" \/>\n<meta property=\"og:type\" content=\"article\" \/>\n<meta property=\"og:title\" content=\"Exportation : les PME fran\u00e7aises \u00e0 la tra\u00eene. - Le Blog GERESO\" \/>\n<meta property=\"og:description\" content=\"Selon les chiffres sur l\u2019internationalisation des PME publi\u00e9s par l\u2019Institut national de la statistique et des \u00e9tudes \u00e9conomiques (INSEE) le 28 d\u00e9cembre 2014, seules 361 000 PME Fran\u00e7aises sur 3,1 millions exportaient. [1] Selon cette \u00e9tude, les obstacles qui freinent les entrepreneurs sont entre autres : Les co\u00fbts de prospection Les formalit\u00e9s administratives Les co\u00fbts [&hellip;]\" \/>\n<meta property=\"og:url\" content=\"https:\/\/www.gereso.com\/actualites\/2016\/02\/23\/exportation-les-pme-francaises-a-la-traine\/\" \/>\n<meta property=\"og:site_name\" content=\"Le Blog GERESO\" \/>\n<meta property=\"article:published_time\" content=\"2016-02-23T15:10:27+00:00\" \/>\n<meta property=\"article:modified_time\" content=\"2016-02-22T09:21:15+00:00\" \/>\n<meta name=\"author\" content=\"\u00c9quipe GERESO\" \/>\n<meta name=\"twitter:card\" content=\"summary_large_image\" \/>\n<script type=\"application\/ld+json\" class=\"yoast-schema-graph\">{\"@context\":\"https:\/\/schema.org\",\"@graph\":[{\"@type\":\"WebPage\",\"@id\":\"https:\/\/www.gereso.com\/actualites\/2016\/02\/23\/exportation-les-pme-francaises-a-la-traine\/\",\"url\":\"https:\/\/www.gereso.com\/actualites\/2016\/02\/23\/exportation-les-pme-francaises-a-la-traine\/\",\"name\":\"Exportation : les PME fran\u00e7aises \u00e0 la tra\u00eene. - Le Blog GERESO\",\"isPartOf\":{\"@id\":\"https:\/\/www.gereso.com\/actualites\/#website\"},\"datePublished\":\"2016-02-23T15:10:27+00:00\",\"dateModified\":\"2016-02-22T09:21:15+00:00\",\"author\":{\"@id\":\"https:\/\/www.gereso.com\/actualites\/#\/schema\/person\/197d8aef40cb4ae3f6a0aa9e1d3df2a6\"},\"breadcrumb\":{\"@id\":\"https:\/\/www.gereso.com\/actualites\/2016\/02\/23\/exportation-les-pme-francaises-a-la-traine\/#breadcrumb\"},\"inLanguage\":\"fr-FR\",\"potentialAction\":[{\"@type\":\"ReadAction\",\"target\":[\"https:\/\/www.gereso.com\/actualites\/2016\/02\/23\/exportation-les-pme-francaises-a-la-traine\/\"]}]},{\"@type\":\"BreadcrumbList\",\"@id\":\"https:\/\/www.gereso.com\/actualites\/2016\/02\/23\/exportation-les-pme-francaises-a-la-traine\/#breadcrumb\",\"itemListElement\":[{\"@type\":\"ListItem\",\"position\":1,\"name\":\"Home\",\"item\":\"https:\/\/www.gereso.com\/actualites\/\"},{\"@type\":\"ListItem\",\"position\":2,\"name\":\"Exportation : les PME fran\u00e7aises \u00e0 la tra\u00eene.\"}]},{\"@type\":\"WebSite\",\"@id\":\"https:\/\/www.gereso.com\/actualites\/#website\",\"url\":\"https:\/\/www.gereso.com\/actualites\/\",\"name\":\"Le Blog GERESO\",\"description\":\"Toute l&#039;actu RH, Finance, Fonction Publique, Management...\",\"potentialAction\":[{\"@type\":\"SearchAction\",\"target\":{\"@type\":\"EntryPoint\",\"urlTemplate\":\"https:\/\/www.gereso.com\/actualites\/?s={search_term_string}\"},\"query-input\":{\"@type\":\"PropertyValueSpecification\",\"valueRequired\":true,\"valueName\":\"search_term_string\"}}],\"inLanguage\":\"fr-FR\"},{\"@type\":\"Person\",\"@id\":\"https:\/\/www.gereso.com\/actualites\/#\/schema\/person\/197d8aef40cb4ae3f6a0aa9e1d3df2a6\",\"name\":\"\u00c9quipe GERESO\",\"image\":{\"@type\":\"ImageObject\",\"inLanguage\":\"fr-FR\",\"@id\":\"https:\/\/www.gereso.com\/actualites\/#\/schema\/person\/image\/\",\"url\":\"https:\/\/www.gereso.com\/actualites\/wp-content\/uploads\/2013\/12\/avatar-gereso-1.png\",\"contentUrl\":\"https:\/\/www.gereso.com\/actualites\/wp-content\/uploads\/2013\/12\/avatar-gereso-1.png\",\"caption\":\"\u00c9quipe GERESO\"},\"url\":\"https:\/\/www.gereso.com\/actualites\/author\/gereso\/\"}]}<\/script>\n<!-- \/ Yoast SEO plugin. -->","yoast_head_json":{"title":"Exportation : les PME fran\u00e7aises \u00e0 la tra\u00eene. - Le Blog GERESO","robots":{"index":"index","follow":"follow","max-snippet":"max-snippet:-1","max-image-preview":"max-image-preview:large","max-video-preview":"max-video-preview:-1"},"canonical":"https:\/\/www.gereso.com\/actualites\/2016\/02\/23\/exportation-les-pme-francaises-a-la-traine\/","og_locale":"fr_FR","og_type":"article","og_title":"Exportation : les PME fran\u00e7aises \u00e0 la tra\u00eene. - Le Blog GERESO","og_description":"Selon les chiffres sur l\u2019internationalisation des PME publi\u00e9s par l\u2019Institut national de la statistique et des \u00e9tudes \u00e9conomiques (INSEE) le 28 d\u00e9cembre 2014, seules 361 000 PME Fran\u00e7aises sur 3,1 millions exportaient. [1] Selon cette \u00e9tude, les obstacles qui freinent les entrepreneurs sont entre autres : Les co\u00fbts de prospection Les formalit\u00e9s administratives Les co\u00fbts [&hellip;]","og_url":"https:\/\/www.gereso.com\/actualites\/2016\/02\/23\/exportation-les-pme-francaises-a-la-traine\/","og_site_name":"Le Blog GERESO","article_published_time":"2016-02-23T15:10:27+00:00","article_modified_time":"2016-02-22T09:21:15+00:00","author":"\u00c9quipe GERESO","twitter_card":"summary_large_image","schema":{"@context":"https:\/\/schema.org","@graph":[{"@type":"WebPage","@id":"https:\/\/www.gereso.com\/actualites\/2016\/02\/23\/exportation-les-pme-francaises-a-la-traine\/","url":"https:\/\/www.gereso.com\/actualites\/2016\/02\/23\/exportation-les-pme-francaises-a-la-traine\/","name":"Exportation : les PME fran\u00e7aises \u00e0 la tra\u00eene. - Le Blog GERESO","isPartOf":{"@id":"https:\/\/www.gereso.com\/actualites\/#website"},"datePublished":"2016-02-23T15:10:27+00:00","dateModified":"2016-02-22T09:21:15+00:00","author":{"@id":"https:\/\/www.gereso.com\/actualites\/#\/schema\/person\/197d8aef40cb4ae3f6a0aa9e1d3df2a6"},"breadcrumb":{"@id":"https:\/\/www.gereso.com\/actualites\/2016\/02\/23\/exportation-les-pme-francaises-a-la-traine\/#breadcrumb"},"inLanguage":"fr-FR","potentialAction":[{"@type":"ReadAction","target":["https:\/\/www.gereso.com\/actualites\/2016\/02\/23\/exportation-les-pme-francaises-a-la-traine\/"]}]},{"@type":"BreadcrumbList","@id":"https:\/\/www.gereso.com\/actualites\/2016\/02\/23\/exportation-les-pme-francaises-a-la-traine\/#breadcrumb","itemListElement":[{"@type":"ListItem","position":1,"name":"Home","item":"https:\/\/www.gereso.com\/actualites\/"},{"@type":"ListItem","position":2,"name":"Exportation : les PME fran\u00e7aises \u00e0 la tra\u00eene."}]},{"@type":"WebSite","@id":"https:\/\/www.gereso.com\/actualites\/#website","url":"https:\/\/www.gereso.com\/actualites\/","name":"Le Blog GERESO","description":"Toute l&#039;actu RH, Finance, Fonction Publique, Management...","potentialAction":[{"@type":"SearchAction","target":{"@type":"EntryPoint","urlTemplate":"https:\/\/www.gereso.com\/actualites\/?s={search_term_string}"},"query-input":{"@type":"PropertyValueSpecification","valueRequired":true,"valueName":"search_term_string"}}],"inLanguage":"fr-FR"},{"@type":"Person","@id":"https:\/\/www.gereso.com\/actualites\/#\/schema\/person\/197d8aef40cb4ae3f6a0aa9e1d3df2a6","name":"\u00c9quipe GERESO","image":{"@type":"ImageObject","inLanguage":"fr-FR","@id":"https:\/\/www.gereso.com\/actualites\/#\/schema\/person\/image\/","url":"https:\/\/www.gereso.com\/actualites\/wp-content\/uploads\/2013\/12\/avatar-gereso-1.png","contentUrl":"https:\/\/www.gereso.com\/actualites\/wp-content\/uploads\/2013\/12\/avatar-gereso-1.png","caption":"\u00c9quipe GERESO"},"url":"https:\/\/www.gereso.com\/actualites\/author\/gereso\/"}]}},"_links":{"self":[{"href":"https:\/\/www.gereso.com\/actualites\/wp-json\/wp\/v2\/posts\/4984","targetHints":{"allow":["GET"]}}],"collection":[{"href":"https:\/\/www.gereso.com\/actualites\/wp-json\/wp\/v2\/posts"}],"about":[{"href":"https:\/\/www.gereso.com\/actualites\/wp-json\/wp\/v2\/types\/post"}],"author":[{"embeddable":true,"href":"https:\/\/www.gereso.com\/actualites\/wp-json\/wp\/v2\/users\/32"}],"replies":[{"embeddable":true,"href":"https:\/\/www.gereso.com\/actualites\/wp-json\/wp\/v2\/comments?post=4984"}],"version-history":[{"count":1,"href":"https:\/\/www.gereso.com\/actualites\/wp-json\/wp\/v2\/posts\/4984\/revisions"}],"predecessor-version":[{"id":5054,"href":"https:\/\/www.gereso.com\/actualites\/wp-json\/wp\/v2\/posts\/4984\/revisions\/5054"}],"wp:attachment":[{"href":"https:\/\/www.gereso.com\/actualites\/wp-json\/wp\/v2\/media?parent=4984"}],"wp:term":[{"taxonomy":"category","embeddable":true,"href":"https:\/\/www.gereso.com\/actualites\/wp-json\/wp\/v2\/categories?post=4984"},{"taxonomy":"post_tag","embeddable":true,"href":"https:\/\/www.gereso.com\/actualites\/wp-json\/wp\/v2\/tags?post=4984"}],"curies":[{"name":"wp","href":"https:\/\/api.w.org\/{rel}","templated":true}]}}