{"id":4992,"date":"2016-02-22T10:16:49","date_gmt":"2016-02-22T09:16:49","guid":{"rendered":"https:\/\/www.gereso.com\/actualites\/?p=4992"},"modified":"2016-10-05T16:23:56","modified_gmt":"2016-10-05T14:23:56","slug":"mise-en-oeuvre-du-contrat-de-securisation-professionnelle","status":"publish","type":"post","link":"https:\/\/www.gereso.com\/actualites\/2016\/02\/22\/mise-en-oeuvre-du-contrat-de-securisation-professionnelle\/","title":{"rendered":"Mise en oeuvre du contrat de s\u00e9curisation professionnelle"},"content":{"rendered":"<p><strong>Circulaire pour la mise en \u0153uvre de la convention du 26 janvier 2015 relative au contrat de s\u00e9curisation professionnelle<\/strong><\/p>\n<p>Une circulaire Un\u00e9dic n\u00b02016-09 du 27 janvier 2016 rappelle en d\u00e9tail les modalit\u00e9s de mise en oeuvre du contrat de s\u00e9curisation professionnelle (CSP) en pr\u00e9cisant les changements apport\u00e9s depuis la convention du 26 janvier 2015<\/p>\n<p>Cette circulaire pr\u00e9cise que le contrat de s\u00e9curisation professionnelle (CSP) est reconduit et adapt\u00e9 \u00e0 compter du 1er f\u00e9vrier 2015.<\/p>\n<p>Ainsi, la convention du 26 janvier 2015 relative au CSP comporte notamment :<\/p>\n<ul>\n<li>l\u2019allongement de la dur\u00e9e du CSP par les p\u00e9riodes d\u2019emploi\u00a0accomplies apr\u00e8s la fin du 6e mois du CSP et ce dans la limite de 15 mois de date \u00e0 date ;<\/li>\n<li>l\u2019abaissement \u00e0 3 jours de la dur\u00e9e minimale des p\u00e9riodes d\u2019emploi pouvant \u00eatre accomplies dans le cadre du CSP ;<\/li>\n<li>la cr\u00e9ation de la prime de reclassement pouvant \u00eatre vers\u00e9e \u00e0 l\u2019allocataire retrouvant un emploi durable avant la fin du 10e mois et apr\u00e8s avoir valid\u00e9 son plan de s\u00e9curisation professionnelle ;<\/li>\n<li>la fixation de l\u2019allocation de s\u00e9curisation professionnelle (ASP) \u00e0 75 % du salaire journalier de r\u00e9f\u00e9rence, pour les salari\u00e9s justifiant d\u2019au moins 1 an d\u2019anciennet\u00e9 au moment de leur licenciement ;<\/li>\n<li>le plafonnement de l\u2019ASP au montant maximal pouvant \u00eatre per\u00e7u au titre de l\u2019allocation d\u2018aide au retour \u00e0 l\u2019emploi (ARE).<\/li>\n<\/ul>\n<p>Le terme de cette convention est fix\u00e9 au 31 d\u00e9cembre 2016.Pour consulter la circulaire : http:\/\/www.unedic.org\/sites\/default\/files\/ci201609.pdf<\/p>\n","protected":false},"excerpt":{"rendered":"<p>Circulaire pour la mise en \u0153uvre de la convention du 26 janvier 2015 relative au contrat de s\u00e9curisation professionnelle Une circulaire Un\u00e9dic n\u00b02016-09 du 27 janvier 2016 rappelle en d\u00e9tail les modalit\u00e9s de mise en oeuvre du contrat de s\u00e9curisation professionnelle (CSP) en pr\u00e9cisant les changements apport\u00e9s depuis la convention du 26 janvier 2015 Cette [&hellip;]<\/p>\n","protected":false},"author":32,"featured_media":0,"comment_status":"open","ping_status":"open","sticky":false,"template":"","format":"quote","meta":{"_acf_changed":false,"_mi_skip_tracking":false,"footnotes":""},"categories":[8],"tags":[864,863,865,862],"class_list":["post-4992","post","type-post","status-publish","format-quote","hentry","category-paie-et-administration-du-personnel","tag-are","tag-asp","tag-contrat-de-securisation-professionnelle","tag-csp","post_format-post-format-quote"],"acf":[],"yoast_head":"<!-- This site is optimized with the Yoast SEO plugin v23.4 - https:\/\/yoast.com\/wordpress\/plugins\/seo\/ -->\n<title>Mise en oeuvre du contrat de s\u00e9curisation professionnelle - Le Blog GERESO<\/title>\n<meta name=\"robots\" content=\"index, follow, max-snippet:-1, max-image-preview:large, max-video-preview:-1\" \/>\n<link rel=\"canonical\" href=\"https:\/\/www.gereso.com\/actualites\/2016\/02\/22\/mise-en-oeuvre-du-contrat-de-securisation-professionnelle\/\" \/>\n<meta property=\"og:locale\" content=\"fr_FR\" \/>\n<meta property=\"og:type\" content=\"article\" \/>\n<meta property=\"og:title\" content=\"Mise en oeuvre du contrat de s\u00e9curisation professionnelle - Le Blog GERESO\" \/>\n<meta property=\"og:description\" content=\"Circulaire pour la mise en \u0153uvre de la convention du 26 janvier 2015 relative au contrat de s\u00e9curisation professionnelle Une circulaire Un\u00e9dic n\u00b02016-09 du 27 janvier 2016 rappelle en d\u00e9tail les modalit\u00e9s de mise en oeuvre du contrat de s\u00e9curisation professionnelle (CSP) en pr\u00e9cisant les changements apport\u00e9s depuis la convention du 26 janvier 2015 Cette [&hellip;]\" \/>\n<meta property=\"og:url\" content=\"https:\/\/www.gereso.com\/actualites\/2016\/02\/22\/mise-en-oeuvre-du-contrat-de-securisation-professionnelle\/\" \/>\n<meta property=\"og:site_name\" content=\"Le Blog GERESO\" \/>\n<meta property=\"article:published_time\" content=\"2016-02-22T09:16:49+00:00\" \/>\n<meta property=\"article:modified_time\" content=\"2016-10-05T14:23:56+00:00\" \/>\n<meta name=\"author\" content=\"\u00c9quipe GERESO\" \/>\n<meta name=\"twitter:card\" content=\"summary_large_image\" \/>\n<script type=\"application\/ld+json\" class=\"yoast-schema-graph\">{\"@context\":\"https:\/\/schema.org\",\"@graph\":[{\"@type\":\"WebPage\",\"@id\":\"https:\/\/www.gereso.com\/actualites\/2016\/02\/22\/mise-en-oeuvre-du-contrat-de-securisation-professionnelle\/\",\"url\":\"https:\/\/www.gereso.com\/actualites\/2016\/02\/22\/mise-en-oeuvre-du-contrat-de-securisation-professionnelle\/\",\"name\":\"Mise en oeuvre du contrat de s\u00e9curisation professionnelle - Le Blog GERESO\",\"isPartOf\":{\"@id\":\"https:\/\/www.gereso.com\/actualites\/#website\"},\"datePublished\":\"2016-02-22T09:16:49+00:00\",\"dateModified\":\"2016-10-05T14:23:56+00:00\",\"author\":{\"@id\":\"https:\/\/www.gereso.com\/actualites\/#\/schema\/person\/197d8aef40cb4ae3f6a0aa9e1d3df2a6\"},\"breadcrumb\":{\"@id\":\"https:\/\/www.gereso.com\/actualites\/2016\/02\/22\/mise-en-oeuvre-du-contrat-de-securisation-professionnelle\/#breadcrumb\"},\"inLanguage\":\"fr-FR\",\"potentialAction\":[{\"@type\":\"ReadAction\",\"target\":[\"https:\/\/www.gereso.com\/actualites\/2016\/02\/22\/mise-en-oeuvre-du-contrat-de-securisation-professionnelle\/\"]}]},{\"@type\":\"BreadcrumbList\",\"@id\":\"https:\/\/www.gereso.com\/actualites\/2016\/02\/22\/mise-en-oeuvre-du-contrat-de-securisation-professionnelle\/#breadcrumb\",\"itemListElement\":[{\"@type\":\"ListItem\",\"position\":1,\"name\":\"Home\",\"item\":\"https:\/\/www.gereso.com\/actualites\/\"},{\"@type\":\"ListItem\",\"position\":2,\"name\":\"Mise en oeuvre du contrat de s\u00e9curisation professionnelle\"}]},{\"@type\":\"WebSite\",\"@id\":\"https:\/\/www.gereso.com\/actualites\/#website\",\"url\":\"https:\/\/www.gereso.com\/actualites\/\",\"name\":\"Le Blog GERESO\",\"description\":\"Toute l&#039;actu RH, Finance, Fonction Publique, Management...\",\"potentialAction\":[{\"@type\":\"SearchAction\",\"target\":{\"@type\":\"EntryPoint\",\"urlTemplate\":\"https:\/\/www.gereso.com\/actualites\/?s={search_term_string}\"},\"query-input\":{\"@type\":\"PropertyValueSpecification\",\"valueRequired\":true,\"valueName\":\"search_term_string\"}}],\"inLanguage\":\"fr-FR\"},{\"@type\":\"Person\",\"@id\":\"https:\/\/www.gereso.com\/actualites\/#\/schema\/person\/197d8aef40cb4ae3f6a0aa9e1d3df2a6\",\"name\":\"\u00c9quipe GERESO\",\"image\":{\"@type\":\"ImageObject\",\"inLanguage\":\"fr-FR\",\"@id\":\"https:\/\/www.gereso.com\/actualites\/#\/schema\/person\/image\/\",\"url\":\"https:\/\/www.gereso.com\/actualites\/wp-content\/uploads\/2013\/12\/avatar-gereso-1.png\",\"contentUrl\":\"https:\/\/www.gereso.com\/actualites\/wp-content\/uploads\/2013\/12\/avatar-gereso-1.png\",\"caption\":\"\u00c9quipe GERESO\"},\"url\":\"https:\/\/www.gereso.com\/actualites\/author\/gereso\/\"}]}<\/script>\n<!-- \/ Yoast SEO plugin. -->","yoast_head_json":{"title":"Mise en oeuvre du contrat de s\u00e9curisation professionnelle - Le Blog GERESO","robots":{"index":"index","follow":"follow","max-snippet":"max-snippet:-1","max-image-preview":"max-image-preview:large","max-video-preview":"max-video-preview:-1"},"canonical":"https:\/\/www.gereso.com\/actualites\/2016\/02\/22\/mise-en-oeuvre-du-contrat-de-securisation-professionnelle\/","og_locale":"fr_FR","og_type":"article","og_title":"Mise en oeuvre du contrat de s\u00e9curisation professionnelle - Le Blog GERESO","og_description":"Circulaire pour la mise en \u0153uvre de la convention du 26 janvier 2015 relative au contrat de s\u00e9curisation professionnelle Une circulaire Un\u00e9dic n\u00b02016-09 du 27 janvier 2016 rappelle en d\u00e9tail les modalit\u00e9s de mise en oeuvre du contrat de s\u00e9curisation professionnelle (CSP) en pr\u00e9cisant les changements apport\u00e9s depuis la convention du 26 janvier 2015 Cette [&hellip;]","og_url":"https:\/\/www.gereso.com\/actualites\/2016\/02\/22\/mise-en-oeuvre-du-contrat-de-securisation-professionnelle\/","og_site_name":"Le Blog GERESO","article_published_time":"2016-02-22T09:16:49+00:00","article_modified_time":"2016-10-05T14:23:56+00:00","author":"\u00c9quipe GERESO","twitter_card":"summary_large_image","schema":{"@context":"https:\/\/schema.org","@graph":[{"@type":"WebPage","@id":"https:\/\/www.gereso.com\/actualites\/2016\/02\/22\/mise-en-oeuvre-du-contrat-de-securisation-professionnelle\/","url":"https:\/\/www.gereso.com\/actualites\/2016\/02\/22\/mise-en-oeuvre-du-contrat-de-securisation-professionnelle\/","name":"Mise en oeuvre du contrat de s\u00e9curisation professionnelle - Le Blog GERESO","isPartOf":{"@id":"https:\/\/www.gereso.com\/actualites\/#website"},"datePublished":"2016-02-22T09:16:49+00:00","dateModified":"2016-10-05T14:23:56+00:00","author":{"@id":"https:\/\/www.gereso.com\/actualites\/#\/schema\/person\/197d8aef40cb4ae3f6a0aa9e1d3df2a6"},"breadcrumb":{"@id":"https:\/\/www.gereso.com\/actualites\/2016\/02\/22\/mise-en-oeuvre-du-contrat-de-securisation-professionnelle\/#breadcrumb"},"inLanguage":"fr-FR","potentialAction":[{"@type":"ReadAction","target":["https:\/\/www.gereso.com\/actualites\/2016\/02\/22\/mise-en-oeuvre-du-contrat-de-securisation-professionnelle\/"]}]},{"@type":"BreadcrumbList","@id":"https:\/\/www.gereso.com\/actualites\/2016\/02\/22\/mise-en-oeuvre-du-contrat-de-securisation-professionnelle\/#breadcrumb","itemListElement":[{"@type":"ListItem","position":1,"name":"Home","item":"https:\/\/www.gereso.com\/actualites\/"},{"@type":"ListItem","position":2,"name":"Mise en oeuvre du contrat de s\u00e9curisation professionnelle"}]},{"@type":"WebSite","@id":"https:\/\/www.gereso.com\/actualites\/#website","url":"https:\/\/www.gereso.com\/actualites\/","name":"Le Blog GERESO","description":"Toute l&#039;actu RH, Finance, Fonction Publique, Management...","potentialAction":[{"@type":"SearchAction","target":{"@type":"EntryPoint","urlTemplate":"https:\/\/www.gereso.com\/actualites\/?s={search_term_string}"},"query-input":{"@type":"PropertyValueSpecification","valueRequired":true,"valueName":"search_term_string"}}],"inLanguage":"fr-FR"},{"@type":"Person","@id":"https:\/\/www.gereso.com\/actualites\/#\/schema\/person\/197d8aef40cb4ae3f6a0aa9e1d3df2a6","name":"\u00c9quipe GERESO","image":{"@type":"ImageObject","inLanguage":"fr-FR","@id":"https:\/\/www.gereso.com\/actualites\/#\/schema\/person\/image\/","url":"https:\/\/www.gereso.com\/actualites\/wp-content\/uploads\/2013\/12\/avatar-gereso-1.png","contentUrl":"https:\/\/www.gereso.com\/actualites\/wp-content\/uploads\/2013\/12\/avatar-gereso-1.png","caption":"\u00c9quipe GERESO"},"url":"https:\/\/www.gereso.com\/actualites\/author\/gereso\/"}]}},"_links":{"self":[{"href":"https:\/\/www.gereso.com\/actualites\/wp-json\/wp\/v2\/posts\/4992","targetHints":{"allow":["GET"]}}],"collection":[{"href":"https:\/\/www.gereso.com\/actualites\/wp-json\/wp\/v2\/posts"}],"about":[{"href":"https:\/\/www.gereso.com\/actualites\/wp-json\/wp\/v2\/types\/post"}],"author":[{"embeddable":true,"href":"https:\/\/www.gereso.com\/actualites\/wp-json\/wp\/v2\/users\/32"}],"replies":[{"embeddable":true,"href":"https:\/\/www.gereso.com\/actualites\/wp-json\/wp\/v2\/comments?post=4992"}],"version-history":[{"count":2,"href":"https:\/\/www.gereso.com\/actualites\/wp-json\/wp\/v2\/posts\/4992\/revisions"}],"predecessor-version":[{"id":7186,"href":"https:\/\/www.gereso.com\/actualites\/wp-json\/wp\/v2\/posts\/4992\/revisions\/7186"}],"wp:attachment":[{"href":"https:\/\/www.gereso.com\/actualites\/wp-json\/wp\/v2\/media?parent=4992"}],"wp:term":[{"taxonomy":"category","embeddable":true,"href":"https:\/\/www.gereso.com\/actualites\/wp-json\/wp\/v2\/categories?post=4992"},{"taxonomy":"post_tag","embeddable":true,"href":"https:\/\/www.gereso.com\/actualites\/wp-json\/wp\/v2\/tags?post=4992"}],"curies":[{"name":"wp","href":"https:\/\/api.w.org\/{rel}","templated":true}]}}