{"id":5004,"date":"2016-02-23T11:20:02","date_gmt":"2016-02-23T10:20:02","guid":{"rendered":"https:\/\/www.gereso.com\/actualites\/?p=5004"},"modified":"2016-02-22T10:18:56","modified_gmt":"2016-02-22T09:18:56","slug":"delit-dentrave-deux-employeurs-echappent-a-lemprisonnement-avec-sursis-grace-a-la-loi-macron","status":"publish","type":"post","link":"https:\/\/www.gereso.com\/actualites\/2016\/02\/23\/delit-dentrave-deux-employeurs-echappent-a-lemprisonnement-avec-sursis-grace-a-la-loi-macron\/","title":{"rendered":"D\u00e9lit d&rsquo;entrave : deux employeurs \u00e9chappent \u00e0 l&#8217;emprisonnement avec sursis gr\u00e2ce \u00e0 la loi Macron"},"content":{"rendered":"<p>La loi Macron a pr\u00e9vu la suppression des peines d\u2019emprisonnement pr\u00e9vues dans le cas d\u2019entrave \u00e0 l\u2019exercice des fonctions ou au fonctionnement r\u00e9gulier des institutions repr\u00e9sentatives du personnel. Elle a cependant aggrav\u00e9 la peine d\u2019amende correspondante, celle-ci passant de 3 750 \u00e0 7 500 \u20ac (loi 2015-990 du 6 ao\u00fbt 2015, art. 262, JO du 7 ; c. trav. art. L. 2328-1). Ces modifications sont en vigueur depuis le 8 ao\u00fbt 2015.<\/p>\n<p>Parall\u00e8lement, le principe de la loi p\u00e9nale plus douce pr\u00e9voit que lorsqu\u2019une peine est all\u00e9g\u00e9e par le l\u00e9gislateur, les nouvelles dispositions s\u2019appliquent aux faits commis ant\u00e9rieurement (c. p\u00e9n. art. 112-1, 3e al.). C&rsquo;est une exception \u00e0 la non-r\u00e9troactivit\u00e9 de la loi p\u00e9nale.<\/p>\n<p>Deux dirigeants d\u2019une entreprise ont pu tirer profit de ce principe. Poursuivis pour entrave au fonctionnement du comit\u00e9 d\u2019entreprise (CE) pour avoir demand\u00e9 l\u2019ouverture d\u2019une proc\u00e9dure collective sans consulter pr\u00e9alablement le CE en 2010, ils avaient \u00e9t\u00e9 condamn\u00e9s en appel \u00e0 4 mois d\u2019emprisonnement avec sursis et \u00e0 3 750 \u20ac d&rsquo;amende chacun, par un arr\u00eat du 15 janvier 2013. La peine d\u2019emprisonnement pr\u00e9vue pour ce type de d\u00e9lit ayant disparu du code du travail dans l&rsquo;intervalle, la Cour de cassation a annul\u00e9 les 4 mois d\u2019emprisonnement avec sursis, pour ne conserver que les amendes.<\/p>\n<p>source : Cass. crim. 26 janvier 216, n\u00b0 13-82158 P<\/p>\n","protected":false},"excerpt":{"rendered":"<p>La loi Macron a pr\u00e9vu la suppression des peines d\u2019emprisonnement pr\u00e9vues dans le cas d\u2019entrave \u00e0 l\u2019exercice des fonctions ou au fonctionnement r\u00e9gulier des institutions repr\u00e9sentatives du personnel. Elle a cependant aggrav\u00e9 la peine d\u2019amende correspondante, celle-ci passant de 3 750 \u00e0 7 500 \u20ac (loi 2015-990 du 6 ao\u00fbt 2015, art. 262, JO du [&hellip;]<\/p>\n","protected":false},"author":32,"featured_media":0,"comment_status":"open","ping_status":"open","sticky":false,"template":"","format":"quote","meta":{"_acf_changed":false,"_mi_skip_tracking":false,"footnotes":""},"categories":[12,5],"tags":[875,565],"class_list":["post-5004","post","type-post","status-publish","format-quote","hentry","category-actualites","category-droit-du-travail","tag-delit-dentrave","tag-loi-macron","post_format-post-format-quote"],"acf":[],"yoast_head":"<!-- This site is optimized with the Yoast SEO plugin v23.4 - https:\/\/yoast.com\/wordpress\/plugins\/seo\/ -->\n<title>D\u00e9lit d&#039;entrave : deux employeurs \u00e9chappent \u00e0 l&#039;emprisonnement avec sursis gr\u00e2ce \u00e0 la loi Macron - Le Blog GERESO<\/title>\n<meta name=\"robots\" content=\"index, follow, max-snippet:-1, max-image-preview:large, max-video-preview:-1\" \/>\n<link rel=\"canonical\" href=\"https:\/\/www.gereso.com\/actualites\/2016\/02\/23\/delit-dentrave-deux-employeurs-echappent-a-lemprisonnement-avec-sursis-grace-a-la-loi-macron\/\" \/>\n<meta property=\"og:locale\" content=\"fr_FR\" \/>\n<meta property=\"og:type\" content=\"article\" \/>\n<meta property=\"og:title\" content=\"D\u00e9lit d&#039;entrave : deux employeurs \u00e9chappent \u00e0 l&#039;emprisonnement avec sursis gr\u00e2ce \u00e0 la loi Macron - Le Blog GERESO\" \/>\n<meta property=\"og:description\" content=\"La loi Macron a pr\u00e9vu la suppression des peines d\u2019emprisonnement pr\u00e9vues dans le cas d\u2019entrave \u00e0 l\u2019exercice des fonctions ou au fonctionnement r\u00e9gulier des institutions repr\u00e9sentatives du personnel. Elle a cependant aggrav\u00e9 la peine d\u2019amende correspondante, celle-ci passant de 3 750 \u00e0 7 500 \u20ac (loi 2015-990 du 6 ao\u00fbt 2015, art. 262, JO du [&hellip;]\" \/>\n<meta property=\"og:url\" content=\"https:\/\/www.gereso.com\/actualites\/2016\/02\/23\/delit-dentrave-deux-employeurs-echappent-a-lemprisonnement-avec-sursis-grace-a-la-loi-macron\/\" \/>\n<meta property=\"og:site_name\" content=\"Le Blog GERESO\" \/>\n<meta property=\"article:published_time\" content=\"2016-02-23T10:20:02+00:00\" \/>\n<meta property=\"article:modified_time\" content=\"2016-02-22T09:18:56+00:00\" \/>\n<meta name=\"author\" content=\"\u00c9quipe GERESO\" \/>\n<meta name=\"twitter:card\" content=\"summary_large_image\" \/>\n<script type=\"application\/ld+json\" class=\"yoast-schema-graph\">{\"@context\":\"https:\/\/schema.org\",\"@graph\":[{\"@type\":\"WebPage\",\"@id\":\"https:\/\/www.gereso.com\/actualites\/2016\/02\/23\/delit-dentrave-deux-employeurs-echappent-a-lemprisonnement-avec-sursis-grace-a-la-loi-macron\/\",\"url\":\"https:\/\/www.gereso.com\/actualites\/2016\/02\/23\/delit-dentrave-deux-employeurs-echappent-a-lemprisonnement-avec-sursis-grace-a-la-loi-macron\/\",\"name\":\"D\u00e9lit d'entrave : deux employeurs \u00e9chappent \u00e0 l'emprisonnement avec sursis gr\u00e2ce \u00e0 la loi Macron - Le Blog GERESO\",\"isPartOf\":{\"@id\":\"https:\/\/www.gereso.com\/actualites\/#website\"},\"datePublished\":\"2016-02-23T10:20:02+00:00\",\"dateModified\":\"2016-02-22T09:18:56+00:00\",\"author\":{\"@id\":\"https:\/\/www.gereso.com\/actualites\/#\/schema\/person\/197d8aef40cb4ae3f6a0aa9e1d3df2a6\"},\"breadcrumb\":{\"@id\":\"https:\/\/www.gereso.com\/actualites\/2016\/02\/23\/delit-dentrave-deux-employeurs-echappent-a-lemprisonnement-avec-sursis-grace-a-la-loi-macron\/#breadcrumb\"},\"inLanguage\":\"fr-FR\",\"potentialAction\":[{\"@type\":\"ReadAction\",\"target\":[\"https:\/\/www.gereso.com\/actualites\/2016\/02\/23\/delit-dentrave-deux-employeurs-echappent-a-lemprisonnement-avec-sursis-grace-a-la-loi-macron\/\"]}]},{\"@type\":\"BreadcrumbList\",\"@id\":\"https:\/\/www.gereso.com\/actualites\/2016\/02\/23\/delit-dentrave-deux-employeurs-echappent-a-lemprisonnement-avec-sursis-grace-a-la-loi-macron\/#breadcrumb\",\"itemListElement\":[{\"@type\":\"ListItem\",\"position\":1,\"name\":\"Home\",\"item\":\"https:\/\/www.gereso.com\/actualites\/\"},{\"@type\":\"ListItem\",\"position\":2,\"name\":\"D\u00e9lit d&rsquo;entrave : deux employeurs \u00e9chappent \u00e0 l&#8217;emprisonnement avec sursis gr\u00e2ce \u00e0 la loi Macron\"}]},{\"@type\":\"WebSite\",\"@id\":\"https:\/\/www.gereso.com\/actualites\/#website\",\"url\":\"https:\/\/www.gereso.com\/actualites\/\",\"name\":\"Le Blog GERESO\",\"description\":\"Toute l&#039;actu RH, Finance, Fonction Publique, Management...\",\"potentialAction\":[{\"@type\":\"SearchAction\",\"target\":{\"@type\":\"EntryPoint\",\"urlTemplate\":\"https:\/\/www.gereso.com\/actualites\/?s={search_term_string}\"},\"query-input\":{\"@type\":\"PropertyValueSpecification\",\"valueRequired\":true,\"valueName\":\"search_term_string\"}}],\"inLanguage\":\"fr-FR\"},{\"@type\":\"Person\",\"@id\":\"https:\/\/www.gereso.com\/actualites\/#\/schema\/person\/197d8aef40cb4ae3f6a0aa9e1d3df2a6\",\"name\":\"\u00c9quipe GERESO\",\"image\":{\"@type\":\"ImageObject\",\"inLanguage\":\"fr-FR\",\"@id\":\"https:\/\/www.gereso.com\/actualites\/#\/schema\/person\/image\/\",\"url\":\"https:\/\/www.gereso.com\/actualites\/wp-content\/uploads\/2013\/12\/avatar-gereso-1.png\",\"contentUrl\":\"https:\/\/www.gereso.com\/actualites\/wp-content\/uploads\/2013\/12\/avatar-gereso-1.png\",\"caption\":\"\u00c9quipe GERESO\"},\"url\":\"https:\/\/www.gereso.com\/actualites\/author\/gereso\/\"}]}<\/script>\n<!-- \/ Yoast SEO plugin. -->","yoast_head_json":{"title":"D\u00e9lit d'entrave : deux employeurs \u00e9chappent \u00e0 l'emprisonnement avec sursis gr\u00e2ce \u00e0 la loi Macron - Le Blog GERESO","robots":{"index":"index","follow":"follow","max-snippet":"max-snippet:-1","max-image-preview":"max-image-preview:large","max-video-preview":"max-video-preview:-1"},"canonical":"https:\/\/www.gereso.com\/actualites\/2016\/02\/23\/delit-dentrave-deux-employeurs-echappent-a-lemprisonnement-avec-sursis-grace-a-la-loi-macron\/","og_locale":"fr_FR","og_type":"article","og_title":"D\u00e9lit d'entrave : deux employeurs \u00e9chappent \u00e0 l'emprisonnement avec sursis gr\u00e2ce \u00e0 la loi Macron - Le Blog GERESO","og_description":"La loi Macron a pr\u00e9vu la suppression des peines d\u2019emprisonnement pr\u00e9vues dans le cas d\u2019entrave \u00e0 l\u2019exercice des fonctions ou au fonctionnement r\u00e9gulier des institutions repr\u00e9sentatives du personnel. Elle a cependant aggrav\u00e9 la peine d\u2019amende correspondante, celle-ci passant de 3 750 \u00e0 7 500 \u20ac (loi 2015-990 du 6 ao\u00fbt 2015, art. 262, JO du [&hellip;]","og_url":"https:\/\/www.gereso.com\/actualites\/2016\/02\/23\/delit-dentrave-deux-employeurs-echappent-a-lemprisonnement-avec-sursis-grace-a-la-loi-macron\/","og_site_name":"Le Blog GERESO","article_published_time":"2016-02-23T10:20:02+00:00","article_modified_time":"2016-02-22T09:18:56+00:00","author":"\u00c9quipe GERESO","twitter_card":"summary_large_image","schema":{"@context":"https:\/\/schema.org","@graph":[{"@type":"WebPage","@id":"https:\/\/www.gereso.com\/actualites\/2016\/02\/23\/delit-dentrave-deux-employeurs-echappent-a-lemprisonnement-avec-sursis-grace-a-la-loi-macron\/","url":"https:\/\/www.gereso.com\/actualites\/2016\/02\/23\/delit-dentrave-deux-employeurs-echappent-a-lemprisonnement-avec-sursis-grace-a-la-loi-macron\/","name":"D\u00e9lit d'entrave : deux employeurs \u00e9chappent \u00e0 l'emprisonnement avec sursis gr\u00e2ce \u00e0 la loi Macron - Le Blog GERESO","isPartOf":{"@id":"https:\/\/www.gereso.com\/actualites\/#website"},"datePublished":"2016-02-23T10:20:02+00:00","dateModified":"2016-02-22T09:18:56+00:00","author":{"@id":"https:\/\/www.gereso.com\/actualites\/#\/schema\/person\/197d8aef40cb4ae3f6a0aa9e1d3df2a6"},"breadcrumb":{"@id":"https:\/\/www.gereso.com\/actualites\/2016\/02\/23\/delit-dentrave-deux-employeurs-echappent-a-lemprisonnement-avec-sursis-grace-a-la-loi-macron\/#breadcrumb"},"inLanguage":"fr-FR","potentialAction":[{"@type":"ReadAction","target":["https:\/\/www.gereso.com\/actualites\/2016\/02\/23\/delit-dentrave-deux-employeurs-echappent-a-lemprisonnement-avec-sursis-grace-a-la-loi-macron\/"]}]},{"@type":"BreadcrumbList","@id":"https:\/\/www.gereso.com\/actualites\/2016\/02\/23\/delit-dentrave-deux-employeurs-echappent-a-lemprisonnement-avec-sursis-grace-a-la-loi-macron\/#breadcrumb","itemListElement":[{"@type":"ListItem","position":1,"name":"Home","item":"https:\/\/www.gereso.com\/actualites\/"},{"@type":"ListItem","position":2,"name":"D\u00e9lit d&rsquo;entrave : deux employeurs \u00e9chappent \u00e0 l&#8217;emprisonnement avec sursis gr\u00e2ce \u00e0 la loi Macron"}]},{"@type":"WebSite","@id":"https:\/\/www.gereso.com\/actualites\/#website","url":"https:\/\/www.gereso.com\/actualites\/","name":"Le Blog GERESO","description":"Toute l&#039;actu RH, Finance, Fonction Publique, Management...","potentialAction":[{"@type":"SearchAction","target":{"@type":"EntryPoint","urlTemplate":"https:\/\/www.gereso.com\/actualites\/?s={search_term_string}"},"query-input":{"@type":"PropertyValueSpecification","valueRequired":true,"valueName":"search_term_string"}}],"inLanguage":"fr-FR"},{"@type":"Person","@id":"https:\/\/www.gereso.com\/actualites\/#\/schema\/person\/197d8aef40cb4ae3f6a0aa9e1d3df2a6","name":"\u00c9quipe GERESO","image":{"@type":"ImageObject","inLanguage":"fr-FR","@id":"https:\/\/www.gereso.com\/actualites\/#\/schema\/person\/image\/","url":"https:\/\/www.gereso.com\/actualites\/wp-content\/uploads\/2013\/12\/avatar-gereso-1.png","contentUrl":"https:\/\/www.gereso.com\/actualites\/wp-content\/uploads\/2013\/12\/avatar-gereso-1.png","caption":"\u00c9quipe GERESO"},"url":"https:\/\/www.gereso.com\/actualites\/author\/gereso\/"}]}},"_links":{"self":[{"href":"https:\/\/www.gereso.com\/actualites\/wp-json\/wp\/v2\/posts\/5004","targetHints":{"allow":["GET"]}}],"collection":[{"href":"https:\/\/www.gereso.com\/actualites\/wp-json\/wp\/v2\/posts"}],"about":[{"href":"https:\/\/www.gereso.com\/actualites\/wp-json\/wp\/v2\/types\/post"}],"author":[{"embeddable":true,"href":"https:\/\/www.gereso.com\/actualites\/wp-json\/wp\/v2\/users\/32"}],"replies":[{"embeddable":true,"href":"https:\/\/www.gereso.com\/actualites\/wp-json\/wp\/v2\/comments?post=5004"}],"version-history":[{"count":1,"href":"https:\/\/www.gereso.com\/actualites\/wp-json\/wp\/v2\/posts\/5004\/revisions"}],"predecessor-version":[{"id":5048,"href":"https:\/\/www.gereso.com\/actualites\/wp-json\/wp\/v2\/posts\/5004\/revisions\/5048"}],"wp:attachment":[{"href":"https:\/\/www.gereso.com\/actualites\/wp-json\/wp\/v2\/media?parent=5004"}],"wp:term":[{"taxonomy":"category","embeddable":true,"href":"https:\/\/www.gereso.com\/actualites\/wp-json\/wp\/v2\/categories?post=5004"},{"taxonomy":"post_tag","embeddable":true,"href":"https:\/\/www.gereso.com\/actualites\/wp-json\/wp\/v2\/tags?post=5004"}],"curies":[{"name":"wp","href":"https:\/\/api.w.org\/{rel}","templated":true}]}}