{"id":5066,"date":"2016-02-24T15:29:09","date_gmt":"2016-02-24T14:29:09","guid":{"rendered":"https:\/\/www.gereso.com\/actualites\/?p=5066"},"modified":"2016-03-23T13:55:13","modified_gmt":"2016-03-23T12:55:13","slug":"immigration-et-detachement-quelques-decrets-recents","status":"publish","type":"post","link":"https:\/\/www.gereso.com\/actualites\/2016\/02\/24\/immigration-et-detachement-quelques-decrets-recents\/","title":{"rendered":"Immigration et d\u00e9tachement : quelques d\u00e9crets r\u00e9cents"},"content":{"rendered":"<p><strong><u>Lutte contre la prestation des services internationale ill\u00e9gale\u00a0: d\u00e9cret 2016-27 du 19 janvier 2016 pris en application de la loi 2015-990 (Loi Macron)<\/u><\/strong><\/p>\n<p>Relatifs\u00a0:<\/p>\n<ul>\n<li>aux obligations des ma\u00eetres d&rsquo;ouvrage et des donneurs d&rsquo;ordre dans le cadre de la r\u00e9alisation de prestations de services internationales. Ce d\u00e9cret est pris pour application de l&rsquo;article 280 de la loi pour la croissance, l&rsquo;activit\u00e9 et l&rsquo;\u00e9galit\u00e9 des chances \u00e9conomiques (loi Macron 2015-990 du 6 ao\u00fbt 2015).<\/li>\n<li>au contenu de la d\u00e9claration pr\u00e9alable au d\u00e9tachement d&rsquo;un salari\u00e9<\/li>\n<\/ul>\n<p>Ce nouveau texte pr\u00e9sente les mentions obligatoires que comporte la d\u00e9claration pr\u00e9alable \u00e0 l&#8217;embauche des salari\u00e9s d\u00e9tach\u00e9s en France. D\u00e9claration qui doit \u00eatre adress\u00e9e \u00e0 l&rsquo;inspection du travail 48 heures suivant le d\u00e9but du d\u00e9tachement.<\/p>\n<p>Par ailleurs, le d\u00e9cret renforce la \u00ab responsabilit\u00e9 des ma\u00eetres d&rsquo;ouvrage et donneurs d&rsquo;ordre en mati\u00e8re de paiement des salari\u00e9s \u00bb et pr\u00e9cise les modalit\u00e9s de l&rsquo;amende administrative encourue par l&#8217;employeur en cas de non-respect de ses obligations.<\/p>\n<p><strong><u>Lutte contre les fraudes au d\u00e9tachement de travailleurs et la lutte contre le travail ill\u00e9gal<\/u><\/strong>\u00a0 : <strong><u>D\u00e9cret 2015-364 du 30 mars 2015 pris en application de la loi 2015-790 du 10 juillet 2014 <\/u><\/strong><\/p>\n<p>Ce d\u00e9cret renforce l\u2019encadrement juridique des prestations de services, notamment dans le cadre du d\u00e9tachement de travailleurs \u00e9trangers, et cr\u00e9e des obligations nouvelles \u00e0 l\u2019\u00e9gard des ma\u00eetres d\u2019ouvrage, \u00a0donneurs d\u2019ordre et prestataires \u00e9trangers.<\/p>\n<p><strong><u>D\u00e9cret 2015-1579 du 3 d\u00e9cembre 2015<\/u><\/strong><\/p>\n<p>Relatif \u00e0 la suspension temporaire de la r\u00e9alisation de prestations de services internationales ill\u00e9gales et \u00e0 la comp\u00e9tence des agents de contr\u00f4le de l&rsquo;inspection du travail des services d\u00e9concentr\u00e9s publi\u00e9 au journal officiel du 4 d\u00e9cembre 2015.<\/p>\n<p><strong><u>D\u00e9cret 2015-1327 du 21 octobre 2015 :<br \/>\n<\/u><\/strong><\/p>\n<p>Il pr\u00e9cise la mise en \u0153uvre de la peine compl\u00e9mentaire de diffusion sur le site internet du minist\u00e8re du travail de la d\u00e9cision p\u00e9nale prononc\u00e9e en cas de condamnation des personnes physiques et morales ayant recouru au travail ill\u00e9gal.<\/p>\n","protected":false},"excerpt":{"rendered":"<p>Lutte contre la prestation des services internationale ill\u00e9gale\u00a0: d\u00e9cret 2016-27 du 19 janvier 2016 pris en application de la loi 2015-990 (Loi Macron) Relatifs\u00a0: aux obligations des ma\u00eetres d&rsquo;ouvrage et des donneurs d&rsquo;ordre dans le cadre de la r\u00e9alisation de prestations de services internationales. Ce d\u00e9cret est pris pour application de l&rsquo;article 280 de la [&hellip;]<\/p>\n","protected":false},"author":22,"featured_media":4019,"comment_status":"open","ping_status":"open","sticky":false,"template":"","format":"standard","meta":{"_acf_changed":false,"_mi_skip_tracking":false,"footnotes":""},"categories":[12,7],"tags":[354,768,83,883],"class_list":["post-5066","post","type-post","status-publish","format-standard","has-post-thumbnail","hentry","category-actualites","category-mobilite-internationale","tag-detachement","tag-fraude-au-detachement","tag-immigration","tag-travail-illegal"],"acf":[],"yoast_head":"<!-- This site is optimized with the Yoast SEO plugin v23.4 - https:\/\/yoast.com\/wordpress\/plugins\/seo\/ -->\n<title>Immigration et d\u00e9tachement : quelques d\u00e9crets r\u00e9cents - Le Blog GERESO<\/title>\n<meta name=\"robots\" content=\"index, follow, max-snippet:-1, max-image-preview:large, max-video-preview:-1\" \/>\n<link rel=\"canonical\" href=\"https:\/\/www.gereso.com\/actualites\/2016\/02\/24\/immigration-et-detachement-quelques-decrets-recents\/\" \/>\n<meta property=\"og:locale\" content=\"fr_FR\" \/>\n<meta property=\"og:type\" content=\"article\" \/>\n<meta property=\"og:title\" content=\"Immigration et d\u00e9tachement : quelques d\u00e9crets r\u00e9cents - Le Blog GERESO\" \/>\n<meta property=\"og:description\" content=\"Lutte contre la prestation des services internationale ill\u00e9gale\u00a0: d\u00e9cret 2016-27 du 19 janvier 2016 pris en application de la loi 2015-990 (Loi Macron) Relatifs\u00a0: aux obligations des ma\u00eetres d&rsquo;ouvrage et des donneurs d&rsquo;ordre dans le cadre de la r\u00e9alisation de prestations de services internationales. Ce d\u00e9cret est pris pour application de l&rsquo;article 280 de la [&hellip;]\" \/>\n<meta property=\"og:url\" content=\"https:\/\/www.gereso.com\/actualites\/2016\/02\/24\/immigration-et-detachement-quelques-decrets-recents\/\" \/>\n<meta property=\"og:site_name\" content=\"Le Blog GERESO\" \/>\n<meta property=\"article:published_time\" content=\"2016-02-24T14:29:09+00:00\" \/>\n<meta property=\"article:modified_time\" content=\"2016-03-23T12:55:13+00:00\" \/>\n<meta property=\"og:image\" content=\"https:\/\/www.gereso.com\/actualites\/wp-content\/uploads\/2015\/06\/gestion-des-expatries-1.jpg\" \/>\n\t<meta property=\"og:image:width\" content=\"520\" \/>\n\t<meta property=\"og:image:height\" content=\"347\" \/>\n\t<meta property=\"og:image:type\" content=\"image\/jpeg\" \/>\n<meta name=\"author\" content=\"Carine Drouin Id\u00e9\" \/>\n<meta name=\"twitter:card\" content=\"summary_large_image\" \/>\n<script type=\"application\/ld+json\" class=\"yoast-schema-graph\">{\"@context\":\"https:\/\/schema.org\",\"@graph\":[{\"@type\":\"WebPage\",\"@id\":\"https:\/\/www.gereso.com\/actualites\/2016\/02\/24\/immigration-et-detachement-quelques-decrets-recents\/\",\"url\":\"https:\/\/www.gereso.com\/actualites\/2016\/02\/24\/immigration-et-detachement-quelques-decrets-recents\/\",\"name\":\"Immigration et d\u00e9tachement : quelques d\u00e9crets r\u00e9cents - Le Blog GERESO\",\"isPartOf\":{\"@id\":\"https:\/\/www.gereso.com\/actualites\/#website\"},\"primaryImageOfPage\":{\"@id\":\"https:\/\/www.gereso.com\/actualites\/2016\/02\/24\/immigration-et-detachement-quelques-decrets-recents\/#primaryimage\"},\"image\":{\"@id\":\"https:\/\/www.gereso.com\/actualites\/2016\/02\/24\/immigration-et-detachement-quelques-decrets-recents\/#primaryimage\"},\"thumbnailUrl\":\"https:\/\/www.gereso.com\/actualites\/wp-content\/uploads\/2015\/06\/gestion-des-expatries-1.jpg\",\"datePublished\":\"2016-02-24T14:29:09+00:00\",\"dateModified\":\"2016-03-23T12:55:13+00:00\",\"author\":{\"@id\":\"https:\/\/www.gereso.com\/actualites\/#\/schema\/person\/a96b2c4f119c8bd678cd35c6435774cb\"},\"breadcrumb\":{\"@id\":\"https:\/\/www.gereso.com\/actualites\/2016\/02\/24\/immigration-et-detachement-quelques-decrets-recents\/#breadcrumb\"},\"inLanguage\":\"fr-FR\",\"potentialAction\":[{\"@type\":\"ReadAction\",\"target\":[\"https:\/\/www.gereso.com\/actualites\/2016\/02\/24\/immigration-et-detachement-quelques-decrets-recents\/\"]}]},{\"@type\":\"ImageObject\",\"inLanguage\":\"fr-FR\",\"@id\":\"https:\/\/www.gereso.com\/actualites\/2016\/02\/24\/immigration-et-detachement-quelques-decrets-recents\/#primaryimage\",\"url\":\"https:\/\/www.gereso.com\/actualites\/wp-content\/uploads\/2015\/06\/gestion-des-expatries-1.jpg\",\"contentUrl\":\"https:\/\/www.gereso.com\/actualites\/wp-content\/uploads\/2015\/06\/gestion-des-expatries-1.jpg\",\"width\":520,\"height\":347,\"caption\":\"De nouveaux textes sont parus pour lutter contre le travail ill\u00e9gal \u00e0 l'international\"},{\"@type\":\"BreadcrumbList\",\"@id\":\"https:\/\/www.gereso.com\/actualites\/2016\/02\/24\/immigration-et-detachement-quelques-decrets-recents\/#breadcrumb\",\"itemListElement\":[{\"@type\":\"ListItem\",\"position\":1,\"name\":\"Home\",\"item\":\"https:\/\/www.gereso.com\/actualites\/\"},{\"@type\":\"ListItem\",\"position\":2,\"name\":\"Immigration et d\u00e9tachement : quelques d\u00e9crets r\u00e9cents\"}]},{\"@type\":\"WebSite\",\"@id\":\"https:\/\/www.gereso.com\/actualites\/#website\",\"url\":\"https:\/\/www.gereso.com\/actualites\/\",\"name\":\"Le Blog GERESO\",\"description\":\"Toute l&#039;actu RH, Finance, Fonction Publique, Management...\",\"potentialAction\":[{\"@type\":\"SearchAction\",\"target\":{\"@type\":\"EntryPoint\",\"urlTemplate\":\"https:\/\/www.gereso.com\/actualites\/?s={search_term_string}\"},\"query-input\":{\"@type\":\"PropertyValueSpecification\",\"valueRequired\":true,\"valueName\":\"search_term_string\"}}],\"inLanguage\":\"fr-FR\"},{\"@type\":\"Person\",\"@id\":\"https:\/\/www.gereso.com\/actualites\/#\/schema\/person\/a96b2c4f119c8bd678cd35c6435774cb\",\"name\":\"Carine Drouin Id\u00e9\",\"image\":{\"@type\":\"ImageObject\",\"inLanguage\":\"fr-FR\",\"@id\":\"https:\/\/www.gereso.com\/actualites\/#\/schema\/person\/image\/\",\"url\":\"https:\/\/www.gereso.com\/actualites\/wp-content\/uploads\/2014\/08\/carine-drouin-ide-1-144x144.jpg\",\"contentUrl\":\"https:\/\/www.gereso.com\/actualites\/wp-content\/uploads\/2014\/08\/carine-drouin-ide-1-144x144.jpg\",\"caption\":\"Carine Drouin Id\u00e9\"},\"description\":\"Consultante en mobilit\u00e9 internationale et conseil en interculturel franco-allemand. Elle anime plusieurs formations mobilit\u00e9 internationale pour GERESO.\",\"url\":\"https:\/\/www.gereso.com\/actualites\/author\/c-drouin-ide\/\"}]}<\/script>\n<!-- \/ Yoast SEO plugin. -->","yoast_head_json":{"title":"Immigration et d\u00e9tachement : quelques d\u00e9crets r\u00e9cents - Le Blog GERESO","robots":{"index":"index","follow":"follow","max-snippet":"max-snippet:-1","max-image-preview":"max-image-preview:large","max-video-preview":"max-video-preview:-1"},"canonical":"https:\/\/www.gereso.com\/actualites\/2016\/02\/24\/immigration-et-detachement-quelques-decrets-recents\/","og_locale":"fr_FR","og_type":"article","og_title":"Immigration et d\u00e9tachement : quelques d\u00e9crets r\u00e9cents - Le Blog GERESO","og_description":"Lutte contre la prestation des services internationale ill\u00e9gale\u00a0: d\u00e9cret 2016-27 du 19 janvier 2016 pris en application de la loi 2015-990 (Loi Macron) Relatifs\u00a0: aux obligations des ma\u00eetres d&rsquo;ouvrage et des donneurs d&rsquo;ordre dans le cadre de la r\u00e9alisation de prestations de services internationales. Ce d\u00e9cret est pris pour application de l&rsquo;article 280 de la [&hellip;]","og_url":"https:\/\/www.gereso.com\/actualites\/2016\/02\/24\/immigration-et-detachement-quelques-decrets-recents\/","og_site_name":"Le Blog GERESO","article_published_time":"2016-02-24T14:29:09+00:00","article_modified_time":"2016-03-23T12:55:13+00:00","og_image":[{"width":520,"height":347,"url":"https:\/\/www.gereso.com\/actualites\/wp-content\/uploads\/2015\/06\/gestion-des-expatries-1.jpg","type":"image\/jpeg"}],"author":"Carine Drouin Id\u00e9","twitter_card":"summary_large_image","schema":{"@context":"https:\/\/schema.org","@graph":[{"@type":"WebPage","@id":"https:\/\/www.gereso.com\/actualites\/2016\/02\/24\/immigration-et-detachement-quelques-decrets-recents\/","url":"https:\/\/www.gereso.com\/actualites\/2016\/02\/24\/immigration-et-detachement-quelques-decrets-recents\/","name":"Immigration et d\u00e9tachement : quelques d\u00e9crets r\u00e9cents - Le Blog GERESO","isPartOf":{"@id":"https:\/\/www.gereso.com\/actualites\/#website"},"primaryImageOfPage":{"@id":"https:\/\/www.gereso.com\/actualites\/2016\/02\/24\/immigration-et-detachement-quelques-decrets-recents\/#primaryimage"},"image":{"@id":"https:\/\/www.gereso.com\/actualites\/2016\/02\/24\/immigration-et-detachement-quelques-decrets-recents\/#primaryimage"},"thumbnailUrl":"https:\/\/www.gereso.com\/actualites\/wp-content\/uploads\/2015\/06\/gestion-des-expatries-1.jpg","datePublished":"2016-02-24T14:29:09+00:00","dateModified":"2016-03-23T12:55:13+00:00","author":{"@id":"https:\/\/www.gereso.com\/actualites\/#\/schema\/person\/a96b2c4f119c8bd678cd35c6435774cb"},"breadcrumb":{"@id":"https:\/\/www.gereso.com\/actualites\/2016\/02\/24\/immigration-et-detachement-quelques-decrets-recents\/#breadcrumb"},"inLanguage":"fr-FR","potentialAction":[{"@type":"ReadAction","target":["https:\/\/www.gereso.com\/actualites\/2016\/02\/24\/immigration-et-detachement-quelques-decrets-recents\/"]}]},{"@type":"ImageObject","inLanguage":"fr-FR","@id":"https:\/\/www.gereso.com\/actualites\/2016\/02\/24\/immigration-et-detachement-quelques-decrets-recents\/#primaryimage","url":"https:\/\/www.gereso.com\/actualites\/wp-content\/uploads\/2015\/06\/gestion-des-expatries-1.jpg","contentUrl":"https:\/\/www.gereso.com\/actualites\/wp-content\/uploads\/2015\/06\/gestion-des-expatries-1.jpg","width":520,"height":347,"caption":"De nouveaux textes sont parus pour lutter contre le travail ill\u00e9gal \u00e0 l'international"},{"@type":"BreadcrumbList","@id":"https:\/\/www.gereso.com\/actualites\/2016\/02\/24\/immigration-et-detachement-quelques-decrets-recents\/#breadcrumb","itemListElement":[{"@type":"ListItem","position":1,"name":"Home","item":"https:\/\/www.gereso.com\/actualites\/"},{"@type":"ListItem","position":2,"name":"Immigration et d\u00e9tachement : quelques d\u00e9crets r\u00e9cents"}]},{"@type":"WebSite","@id":"https:\/\/www.gereso.com\/actualites\/#website","url":"https:\/\/www.gereso.com\/actualites\/","name":"Le Blog GERESO","description":"Toute l&#039;actu RH, Finance, Fonction Publique, Management...","potentialAction":[{"@type":"SearchAction","target":{"@type":"EntryPoint","urlTemplate":"https:\/\/www.gereso.com\/actualites\/?s={search_term_string}"},"query-input":{"@type":"PropertyValueSpecification","valueRequired":true,"valueName":"search_term_string"}}],"inLanguage":"fr-FR"},{"@type":"Person","@id":"https:\/\/www.gereso.com\/actualites\/#\/schema\/person\/a96b2c4f119c8bd678cd35c6435774cb","name":"Carine Drouin Id\u00e9","image":{"@type":"ImageObject","inLanguage":"fr-FR","@id":"https:\/\/www.gereso.com\/actualites\/#\/schema\/person\/image\/","url":"https:\/\/www.gereso.com\/actualites\/wp-content\/uploads\/2014\/08\/carine-drouin-ide-1-144x144.jpg","contentUrl":"https:\/\/www.gereso.com\/actualites\/wp-content\/uploads\/2014\/08\/carine-drouin-ide-1-144x144.jpg","caption":"Carine Drouin Id\u00e9"},"description":"Consultante en mobilit\u00e9 internationale et conseil en interculturel franco-allemand. Elle anime plusieurs formations mobilit\u00e9 internationale pour GERESO.","url":"https:\/\/www.gereso.com\/actualites\/author\/c-drouin-ide\/"}]}},"_links":{"self":[{"href":"https:\/\/www.gereso.com\/actualites\/wp-json\/wp\/v2\/posts\/5066","targetHints":{"allow":["GET"]}}],"collection":[{"href":"https:\/\/www.gereso.com\/actualites\/wp-json\/wp\/v2\/posts"}],"about":[{"href":"https:\/\/www.gereso.com\/actualites\/wp-json\/wp\/v2\/types\/post"}],"author":[{"embeddable":true,"href":"https:\/\/www.gereso.com\/actualites\/wp-json\/wp\/v2\/users\/22"}],"replies":[{"embeddable":true,"href":"https:\/\/www.gereso.com\/actualites\/wp-json\/wp\/v2\/comments?post=5066"}],"version-history":[{"count":7,"href":"https:\/\/www.gereso.com\/actualites\/wp-json\/wp\/v2\/posts\/5066\/revisions"}],"predecessor-version":[{"id":5718,"href":"https:\/\/www.gereso.com\/actualites\/wp-json\/wp\/v2\/posts\/5066\/revisions\/5718"}],"wp:featuredmedia":[{"embeddable":true,"href":"https:\/\/www.gereso.com\/actualites\/wp-json\/wp\/v2\/media\/4019"}],"wp:attachment":[{"href":"https:\/\/www.gereso.com\/actualites\/wp-json\/wp\/v2\/media?parent=5066"}],"wp:term":[{"taxonomy":"category","embeddable":true,"href":"https:\/\/www.gereso.com\/actualites\/wp-json\/wp\/v2\/categories?post=5066"},{"taxonomy":"post_tag","embeddable":true,"href":"https:\/\/www.gereso.com\/actualites\/wp-json\/wp\/v2\/tags?post=5066"}],"curies":[{"name":"wp","href":"https:\/\/api.w.org\/{rel}","templated":true}]}}