{"id":5074,"date":"2016-02-25T15:45:07","date_gmt":"2016-02-25T14:45:07","guid":{"rendered":"https:\/\/www.gereso.com\/actualites\/?p=5074"},"modified":"2016-02-25T10:58:12","modified_gmt":"2016-02-25T09:58:12","slug":"6-mars-2016-date-butoir-pour-les-entretiens-professionnels","status":"publish","type":"post","link":"https:\/\/www.gereso.com\/actualites\/2016\/02\/25\/6-mars-2016-date-butoir-pour-les-entretiens-professionnels\/","title":{"rendered":"6 mars 2016 : date butoir pour les entretiens professionnels"},"content":{"rendered":"<p>Dans son article L6315-1, la loi n\u00b0 2014-288 du 5 mars 2014 relative \u00e0 la formation professionnelle, \u00e0 l&#8217;emploi et \u00e0 la d\u00e9mocratie sociale publi\u00e9e au Journal Officiel du 6 mars 2014 pr\u00e9cise qu\u2019 \u00ab \u00e0 l\u2019occasion de son embauche, le salari\u00e9 est inform\u00e9 qu&rsquo;il b\u00e9n\u00e9ficie tous les deux ans d&rsquo;un entretien professionnel avec son employeur consacr\u00e9 \u00e0 ses perspectives d&rsquo;\u00e9volution professionnelle, notamment en termes de qualifications et d&#8217;emploi. Cet entretien ne porte pas sur l&rsquo;\u00e9valuation du travail du salari\u00e9. \u00bb<\/p>\n<p>Toutes les entreprises, quelque soit leur effectif, doivent faire passer un entretien aux salari\u00e9s.<\/p>\n<p>La date limite pr\u00e9vue pour cette d\u00e9marche est fix\u00e9e au 6 mars 2016, \u00e0 minuit.<\/p>\n<p>Cet entretien professionnel doit s\u2019accompagner d\u2019un \u00e9tat des lieux r\u00e9capitulatif du parcours du salari\u00e9, pr\u00e9vu au II de la loi du 5 mars 2014. Ce document permettra de confirmer que le salari\u00e9 a b\u00e9n\u00e9fici\u00e9 d&rsquo;un entretien professionnel, et de v\u00e9rifier s\u2019il a b\u00e9n\u00e9fici\u00e9 de l\u2019une des trois mesures ci-dessous :<\/p>\n<ul>\n<li>Suivi au moins une action de formation ;<\/li>\n<li>Acquis des \u00e9l\u00e9ments de certification par la formation ou par une validation des acquis de son exp\u00e9rience ;<\/li>\n<li>B\u00e9n\u00e9fici\u00e9 d\u2019une progression salariale ou professionnelle<\/li>\n<\/ul>\n<p>Consultez l\u2019article L6315-1, la loi n\u00b0 2014-288 du 5 mars 2014 : <a href=\"http:\/\/www.legifrance.gouv.fr\/affichCodeArticle.do;jsessionid=8D61A497258ABBDBCC465C1EA3F38853.tpdila22v_2?idArticle=LEGIARTI000028698019&amp;cidTexte=LEGITEXT000006072050&amp;dateTexte=20160209\" target=\"_blank\" rel=\"nofollow\">http:\/\/www.legifrance.gouv.fr\/affichCodeArticle.do;jsessionid=8D61A497258ABBDBCC465C1EA3F38853.tpdila22v_2?idArticle=LEGIARTI000028698019&amp;cidTexte=LEGITEXT000006072050&amp;dateTexte=20160209<\/a><\/p>\n","protected":false},"excerpt":{"rendered":"<p>Dans son article L6315-1, la loi n\u00b0 2014-288 du 5 mars 2014 relative \u00e0 la formation professionnelle, \u00e0 l&#8217;emploi et \u00e0 la d\u00e9mocratie sociale publi\u00e9e au Journal Officiel du 6 mars 2014 pr\u00e9cise qu\u2019 \u00ab \u00e0 l\u2019occasion de son embauche, le salari\u00e9 est inform\u00e9 qu&rsquo;il b\u00e9n\u00e9ficie tous les deux ans d&rsquo;un entretien professionnel avec son [&hellip;]<\/p>\n","protected":false},"author":32,"featured_media":0,"comment_status":"open","ping_status":"open","sticky":false,"template":"","format":"quote","meta":{"_acf_changed":false,"_mi_skip_tracking":false,"footnotes":""},"categories":[5],"tags":[884,46],"class_list":["post-5074","post","type-post","status-publish","format-quote","hentry","category-droit-du-travail","tag-entretiens-professionnels","tag-formation-professionnelle","post_format-post-format-quote"],"acf":[],"yoast_head":"<!-- This site is optimized with the Yoast SEO plugin v23.4 - https:\/\/yoast.com\/wordpress\/plugins\/seo\/ -->\n<title>6 mars 2016 : date butoir pour les entretiens professionnels - Le Blog GERESO<\/title>\n<meta name=\"robots\" content=\"index, follow, max-snippet:-1, max-image-preview:large, max-video-preview:-1\" \/>\n<link rel=\"canonical\" href=\"https:\/\/www.gereso.com\/actualites\/2016\/02\/25\/6-mars-2016-date-butoir-pour-les-entretiens-professionnels\/\" \/>\n<meta property=\"og:locale\" content=\"fr_FR\" \/>\n<meta property=\"og:type\" content=\"article\" \/>\n<meta property=\"og:title\" content=\"6 mars 2016 : date butoir pour les entretiens professionnels - Le Blog GERESO\" \/>\n<meta property=\"og:description\" content=\"Dans son article L6315-1, la loi n\u00b0 2014-288 du 5 mars 2014 relative \u00e0 la formation professionnelle, \u00e0 l&#8217;emploi et \u00e0 la d\u00e9mocratie sociale publi\u00e9e au Journal Officiel du 6 mars 2014 pr\u00e9cise qu\u2019 \u00ab \u00e0 l\u2019occasion de son embauche, le salari\u00e9 est inform\u00e9 qu&rsquo;il b\u00e9n\u00e9ficie tous les deux ans d&rsquo;un entretien professionnel avec son [&hellip;]\" \/>\n<meta property=\"og:url\" content=\"https:\/\/www.gereso.com\/actualites\/2016\/02\/25\/6-mars-2016-date-butoir-pour-les-entretiens-professionnels\/\" \/>\n<meta property=\"og:site_name\" content=\"Le Blog GERESO\" \/>\n<meta property=\"article:published_time\" content=\"2016-02-25T14:45:07+00:00\" \/>\n<meta property=\"article:modified_time\" content=\"2016-02-25T09:58:12+00:00\" \/>\n<meta name=\"author\" content=\"\u00c9quipe GERESO\" \/>\n<meta name=\"twitter:card\" content=\"summary_large_image\" \/>\n<script type=\"application\/ld+json\" class=\"yoast-schema-graph\">{\"@context\":\"https:\/\/schema.org\",\"@graph\":[{\"@type\":\"WebPage\",\"@id\":\"https:\/\/www.gereso.com\/actualites\/2016\/02\/25\/6-mars-2016-date-butoir-pour-les-entretiens-professionnels\/\",\"url\":\"https:\/\/www.gereso.com\/actualites\/2016\/02\/25\/6-mars-2016-date-butoir-pour-les-entretiens-professionnels\/\",\"name\":\"6 mars 2016 : date butoir pour les entretiens professionnels - Le Blog GERESO\",\"isPartOf\":{\"@id\":\"https:\/\/www.gereso.com\/actualites\/#website\"},\"datePublished\":\"2016-02-25T14:45:07+00:00\",\"dateModified\":\"2016-02-25T09:58:12+00:00\",\"author\":{\"@id\":\"https:\/\/www.gereso.com\/actualites\/#\/schema\/person\/197d8aef40cb4ae3f6a0aa9e1d3df2a6\"},\"breadcrumb\":{\"@id\":\"https:\/\/www.gereso.com\/actualites\/2016\/02\/25\/6-mars-2016-date-butoir-pour-les-entretiens-professionnels\/#breadcrumb\"},\"inLanguage\":\"fr-FR\",\"potentialAction\":[{\"@type\":\"ReadAction\",\"target\":[\"https:\/\/www.gereso.com\/actualites\/2016\/02\/25\/6-mars-2016-date-butoir-pour-les-entretiens-professionnels\/\"]}]},{\"@type\":\"BreadcrumbList\",\"@id\":\"https:\/\/www.gereso.com\/actualites\/2016\/02\/25\/6-mars-2016-date-butoir-pour-les-entretiens-professionnels\/#breadcrumb\",\"itemListElement\":[{\"@type\":\"ListItem\",\"position\":1,\"name\":\"Home\",\"item\":\"https:\/\/www.gereso.com\/actualites\/\"},{\"@type\":\"ListItem\",\"position\":2,\"name\":\"6 mars 2016 : date butoir pour les entretiens professionnels\"}]},{\"@type\":\"WebSite\",\"@id\":\"https:\/\/www.gereso.com\/actualites\/#website\",\"url\":\"https:\/\/www.gereso.com\/actualites\/\",\"name\":\"Le Blog GERESO\",\"description\":\"Toute l&#039;actu RH, Finance, Fonction Publique, Management...\",\"potentialAction\":[{\"@type\":\"SearchAction\",\"target\":{\"@type\":\"EntryPoint\",\"urlTemplate\":\"https:\/\/www.gereso.com\/actualites\/?s={search_term_string}\"},\"query-input\":{\"@type\":\"PropertyValueSpecification\",\"valueRequired\":true,\"valueName\":\"search_term_string\"}}],\"inLanguage\":\"fr-FR\"},{\"@type\":\"Person\",\"@id\":\"https:\/\/www.gereso.com\/actualites\/#\/schema\/person\/197d8aef40cb4ae3f6a0aa9e1d3df2a6\",\"name\":\"\u00c9quipe GERESO\",\"image\":{\"@type\":\"ImageObject\",\"inLanguage\":\"fr-FR\",\"@id\":\"https:\/\/www.gereso.com\/actualites\/#\/schema\/person\/image\/\",\"url\":\"https:\/\/www.gereso.com\/actualites\/wp-content\/uploads\/2013\/12\/avatar-gereso-1.png\",\"contentUrl\":\"https:\/\/www.gereso.com\/actualites\/wp-content\/uploads\/2013\/12\/avatar-gereso-1.png\",\"caption\":\"\u00c9quipe GERESO\"},\"url\":\"https:\/\/www.gereso.com\/actualites\/author\/gereso\/\"}]}<\/script>\n<!-- \/ Yoast SEO plugin. -->","yoast_head_json":{"title":"6 mars 2016 : date butoir pour les entretiens professionnels - Le Blog GERESO","robots":{"index":"index","follow":"follow","max-snippet":"max-snippet:-1","max-image-preview":"max-image-preview:large","max-video-preview":"max-video-preview:-1"},"canonical":"https:\/\/www.gereso.com\/actualites\/2016\/02\/25\/6-mars-2016-date-butoir-pour-les-entretiens-professionnels\/","og_locale":"fr_FR","og_type":"article","og_title":"6 mars 2016 : date butoir pour les entretiens professionnels - Le Blog GERESO","og_description":"Dans son article L6315-1, la loi n\u00b0 2014-288 du 5 mars 2014 relative \u00e0 la formation professionnelle, \u00e0 l&#8217;emploi et \u00e0 la d\u00e9mocratie sociale publi\u00e9e au Journal Officiel du 6 mars 2014 pr\u00e9cise qu\u2019 \u00ab \u00e0 l\u2019occasion de son embauche, le salari\u00e9 est inform\u00e9 qu&rsquo;il b\u00e9n\u00e9ficie tous les deux ans d&rsquo;un entretien professionnel avec son [&hellip;]","og_url":"https:\/\/www.gereso.com\/actualites\/2016\/02\/25\/6-mars-2016-date-butoir-pour-les-entretiens-professionnels\/","og_site_name":"Le Blog GERESO","article_published_time":"2016-02-25T14:45:07+00:00","article_modified_time":"2016-02-25T09:58:12+00:00","author":"\u00c9quipe GERESO","twitter_card":"summary_large_image","schema":{"@context":"https:\/\/schema.org","@graph":[{"@type":"WebPage","@id":"https:\/\/www.gereso.com\/actualites\/2016\/02\/25\/6-mars-2016-date-butoir-pour-les-entretiens-professionnels\/","url":"https:\/\/www.gereso.com\/actualites\/2016\/02\/25\/6-mars-2016-date-butoir-pour-les-entretiens-professionnels\/","name":"6 mars 2016 : date butoir pour les entretiens professionnels - Le Blog GERESO","isPartOf":{"@id":"https:\/\/www.gereso.com\/actualites\/#website"},"datePublished":"2016-02-25T14:45:07+00:00","dateModified":"2016-02-25T09:58:12+00:00","author":{"@id":"https:\/\/www.gereso.com\/actualites\/#\/schema\/person\/197d8aef40cb4ae3f6a0aa9e1d3df2a6"},"breadcrumb":{"@id":"https:\/\/www.gereso.com\/actualites\/2016\/02\/25\/6-mars-2016-date-butoir-pour-les-entretiens-professionnels\/#breadcrumb"},"inLanguage":"fr-FR","potentialAction":[{"@type":"ReadAction","target":["https:\/\/www.gereso.com\/actualites\/2016\/02\/25\/6-mars-2016-date-butoir-pour-les-entretiens-professionnels\/"]}]},{"@type":"BreadcrumbList","@id":"https:\/\/www.gereso.com\/actualites\/2016\/02\/25\/6-mars-2016-date-butoir-pour-les-entretiens-professionnels\/#breadcrumb","itemListElement":[{"@type":"ListItem","position":1,"name":"Home","item":"https:\/\/www.gereso.com\/actualites\/"},{"@type":"ListItem","position":2,"name":"6 mars 2016 : date butoir pour les entretiens professionnels"}]},{"@type":"WebSite","@id":"https:\/\/www.gereso.com\/actualites\/#website","url":"https:\/\/www.gereso.com\/actualites\/","name":"Le Blog GERESO","description":"Toute l&#039;actu RH, Finance, Fonction Publique, Management...","potentialAction":[{"@type":"SearchAction","target":{"@type":"EntryPoint","urlTemplate":"https:\/\/www.gereso.com\/actualites\/?s={search_term_string}"},"query-input":{"@type":"PropertyValueSpecification","valueRequired":true,"valueName":"search_term_string"}}],"inLanguage":"fr-FR"},{"@type":"Person","@id":"https:\/\/www.gereso.com\/actualites\/#\/schema\/person\/197d8aef40cb4ae3f6a0aa9e1d3df2a6","name":"\u00c9quipe GERESO","image":{"@type":"ImageObject","inLanguage":"fr-FR","@id":"https:\/\/www.gereso.com\/actualites\/#\/schema\/person\/image\/","url":"https:\/\/www.gereso.com\/actualites\/wp-content\/uploads\/2013\/12\/avatar-gereso-1.png","contentUrl":"https:\/\/www.gereso.com\/actualites\/wp-content\/uploads\/2013\/12\/avatar-gereso-1.png","caption":"\u00c9quipe GERESO"},"url":"https:\/\/www.gereso.com\/actualites\/author\/gereso\/"}]}},"_links":{"self":[{"href":"https:\/\/www.gereso.com\/actualites\/wp-json\/wp\/v2\/posts\/5074","targetHints":{"allow":["GET"]}}],"collection":[{"href":"https:\/\/www.gereso.com\/actualites\/wp-json\/wp\/v2\/posts"}],"about":[{"href":"https:\/\/www.gereso.com\/actualites\/wp-json\/wp\/v2\/types\/post"}],"author":[{"embeddable":true,"href":"https:\/\/www.gereso.com\/actualites\/wp-json\/wp\/v2\/users\/32"}],"replies":[{"embeddable":true,"href":"https:\/\/www.gereso.com\/actualites\/wp-json\/wp\/v2\/comments?post=5074"}],"version-history":[{"count":1,"href":"https:\/\/www.gereso.com\/actualites\/wp-json\/wp\/v2\/posts\/5074\/revisions"}],"predecessor-version":[{"id":5075,"href":"https:\/\/www.gereso.com\/actualites\/wp-json\/wp\/v2\/posts\/5074\/revisions\/5075"}],"wp:attachment":[{"href":"https:\/\/www.gereso.com\/actualites\/wp-json\/wp\/v2\/media?parent=5074"}],"wp:term":[{"taxonomy":"category","embeddable":true,"href":"https:\/\/www.gereso.com\/actualites\/wp-json\/wp\/v2\/categories?post=5074"},{"taxonomy":"post_tag","embeddable":true,"href":"https:\/\/www.gereso.com\/actualites\/wp-json\/wp\/v2\/tags?post=5074"}],"curies":[{"name":"wp","href":"https:\/\/api.w.org\/{rel}","templated":true}]}}