{"id":5078,"date":"2016-02-26T10:07:57","date_gmt":"2016-02-26T09:07:57","guid":{"rendered":"https:\/\/www.gereso.com\/actualites\/?p=5078"},"modified":"2016-02-25T11:00:26","modified_gmt":"2016-02-25T10:00:26","slug":"90-mesures-de-simplifications-a-destination-des-entreprises","status":"publish","type":"post","link":"https:\/\/www.gereso.com\/actualites\/2016\/02\/26\/90-mesures-de-simplifications-a-destination-des-entreprises\/","title":{"rendered":"90 mesures de simplifications \u00e0 destination des entreprises"},"content":{"rendered":"<p>Le 3 f\u00e9vrier 2016, \u00e0 l\u2019H\u00f4tel de Matignon, Manuel Valls, Premier ministre a pr\u00e9sent\u00e9 170 mesures de simplification relatives au d\u00e9veloppement \u00e9conomique et \u00e0 l\u2019emploi. 90 de ces mesures sont au b\u00e9n\u00e9fice des entreprises.<\/p>\n<p>\u00c0 noter que si, selon le classement Global Competitivenesse report (2013-214), la France \u00e9tait au 130 e rang sur 144 pays du point de vue de la lourdeur administrative, elle se trouve au 121e classement lors du rapport 2014 \u2013 2015 du Forum \u00e9conomique mondial. Une \u00e9tude au niveau national permet en outre d\u2019estimer qu\u2019une r\u00e9duction de 25% des charges administratives occasionnerait des \u00e9conomies de l\u2019ordre de 15 milliards d\u2019euros pour les entreprises.<\/p>\n<p>Dans son discours \u00e0 l\u2019H\u00f4tel de Matignon, Manuel Valls, Premier ministre, a renforc\u00e9 que : \u00ab Simplifier, c\u2019est gagner en comp\u00e9titivit\u00e9, pour nos entreprises, nos TPE et PME, nos entrepreneurs, les ind\u00e9pendants, qui consacrent trop de temps aux d\u00e9marches administratives. Simplifier, c\u2019est aussi gagner en attractivit\u00e9 et convaincre les entreprises \u00e9trang\u00e8res que nous ne sommes plus le pays de la complexit\u00e9. Simplifier, c\u2019est \u00e9galement bon pour la croissance. Simplifier, c\u2019est enfin un \u00c9tat plus r\u00e9actif au service de nos citoyens \u00bb Simplifier, c\u2019est enfin un \u00c9tat plus r\u00e9actif au service de nos citoyens \u00bb.<\/p>\n<p>Dans ce nouveau train de mesures, 10 points sont trait\u00e9s, parmi lesquels : la simplification des recrutements, de la formation professionnelle et de la vie au travail.<\/p>\n<p>Pour en savoir plus sur ces 90 nouvelles mesures de simplification pour les entreprises : <a href=\"http:\/\/www.gouvernement.fr\/sites\/default\/files\/document\/document\/2016\/02\/dossier_de_presse_-_90_nouvelles_mesures_de_simplification_pour_les_entreprises.pdf\" target=\"_blank\" rel=\"nofollow\">http:\/\/www.gouvernement.fr\/sites\/default\/files\/document\/document\/2016\/02\/dossier_de_presse_-_90_nouvelles_mesures_de_simplification_pour_les_entreprises.pdf<\/a><\/p>\n<p><span style=\"color: #000000; font-family: 'Proxima Nova'; font-size: 13px; line-height: normal; white-space: pre-wrap; font-style: italic;\">\u00a0<\/span><\/p>\n","protected":false},"excerpt":{"rendered":"<p>Le 3 f\u00e9vrier 2016, \u00e0 l\u2019H\u00f4tel de Matignon, Manuel Valls, Premier ministre a pr\u00e9sent\u00e9 170 mesures de simplification relatives au d\u00e9veloppement \u00e9conomique et \u00e0 l\u2019emploi. 90 de ces mesures sont au b\u00e9n\u00e9fice des entreprises. \u00c0 noter que si, selon le classement Global Competitivenesse report (2013-214), la France \u00e9tait au 130 e rang sur 144 pays [&hellip;]<\/p>\n","protected":false},"author":32,"featured_media":0,"comment_status":"open","ping_status":"open","sticky":false,"template":"","format":"quote","meta":{"_acf_changed":false,"_mi_skip_tracking":false,"footnotes":""},"categories":[5],"tags":[46,720,575,123],"class_list":["post-5078","post","type-post","status-publish","format-quote","hentry","category-droit-du-travail","tag-formation-professionnelle","tag-mesures-de-simplification","tag-qualite-de-vie-au-travail","tag-recrutement","post_format-post-format-quote"],"acf":[],"yoast_head":"<!-- This site is optimized with the Yoast SEO plugin v23.4 - https:\/\/yoast.com\/wordpress\/plugins\/seo\/ -->\n<title>90 mesures de simplifications \u00e0 destination des entreprises - Le Blog GERESO<\/title>\n<meta name=\"robots\" content=\"index, follow, max-snippet:-1, max-image-preview:large, max-video-preview:-1\" \/>\n<link rel=\"canonical\" href=\"https:\/\/www.gereso.com\/actualites\/2016\/02\/26\/90-mesures-de-simplifications-a-destination-des-entreprises\/\" \/>\n<meta property=\"og:locale\" content=\"fr_FR\" \/>\n<meta property=\"og:type\" content=\"article\" \/>\n<meta property=\"og:title\" content=\"90 mesures de simplifications \u00e0 destination des entreprises - Le Blog GERESO\" \/>\n<meta property=\"og:description\" content=\"Le 3 f\u00e9vrier 2016, \u00e0 l\u2019H\u00f4tel de Matignon, Manuel Valls, Premier ministre a pr\u00e9sent\u00e9 170 mesures de simplification relatives au d\u00e9veloppement \u00e9conomique et \u00e0 l\u2019emploi. 90 de ces mesures sont au b\u00e9n\u00e9fice des entreprises. \u00c0 noter que si, selon le classement Global Competitivenesse report (2013-214), la France \u00e9tait au 130 e rang sur 144 pays [&hellip;]\" \/>\n<meta property=\"og:url\" content=\"https:\/\/www.gereso.com\/actualites\/2016\/02\/26\/90-mesures-de-simplifications-a-destination-des-entreprises\/\" \/>\n<meta property=\"og:site_name\" content=\"Le Blog GERESO\" \/>\n<meta property=\"article:published_time\" content=\"2016-02-26T09:07:57+00:00\" \/>\n<meta property=\"article:modified_time\" content=\"2016-02-25T10:00:26+00:00\" \/>\n<meta name=\"author\" content=\"\u00c9quipe GERESO\" \/>\n<meta name=\"twitter:card\" content=\"summary_large_image\" \/>\n<script type=\"application\/ld+json\" class=\"yoast-schema-graph\">{\"@context\":\"https:\/\/schema.org\",\"@graph\":[{\"@type\":\"WebPage\",\"@id\":\"https:\/\/www.gereso.com\/actualites\/2016\/02\/26\/90-mesures-de-simplifications-a-destination-des-entreprises\/\",\"url\":\"https:\/\/www.gereso.com\/actualites\/2016\/02\/26\/90-mesures-de-simplifications-a-destination-des-entreprises\/\",\"name\":\"90 mesures de simplifications \u00e0 destination des entreprises - Le Blog GERESO\",\"isPartOf\":{\"@id\":\"https:\/\/www.gereso.com\/actualites\/#website\"},\"datePublished\":\"2016-02-26T09:07:57+00:00\",\"dateModified\":\"2016-02-25T10:00:26+00:00\",\"author\":{\"@id\":\"https:\/\/www.gereso.com\/actualites\/#\/schema\/person\/197d8aef40cb4ae3f6a0aa9e1d3df2a6\"},\"breadcrumb\":{\"@id\":\"https:\/\/www.gereso.com\/actualites\/2016\/02\/26\/90-mesures-de-simplifications-a-destination-des-entreprises\/#breadcrumb\"},\"inLanguage\":\"fr-FR\",\"potentialAction\":[{\"@type\":\"ReadAction\",\"target\":[\"https:\/\/www.gereso.com\/actualites\/2016\/02\/26\/90-mesures-de-simplifications-a-destination-des-entreprises\/\"]}]},{\"@type\":\"BreadcrumbList\",\"@id\":\"https:\/\/www.gereso.com\/actualites\/2016\/02\/26\/90-mesures-de-simplifications-a-destination-des-entreprises\/#breadcrumb\",\"itemListElement\":[{\"@type\":\"ListItem\",\"position\":1,\"name\":\"Home\",\"item\":\"https:\/\/www.gereso.com\/actualites\/\"},{\"@type\":\"ListItem\",\"position\":2,\"name\":\"90 mesures de simplifications \u00e0 destination des entreprises\"}]},{\"@type\":\"WebSite\",\"@id\":\"https:\/\/www.gereso.com\/actualites\/#website\",\"url\":\"https:\/\/www.gereso.com\/actualites\/\",\"name\":\"Le Blog GERESO\",\"description\":\"Toute l&#039;actu RH, Finance, Fonction Publique, Management...\",\"potentialAction\":[{\"@type\":\"SearchAction\",\"target\":{\"@type\":\"EntryPoint\",\"urlTemplate\":\"https:\/\/www.gereso.com\/actualites\/?s={search_term_string}\"},\"query-input\":{\"@type\":\"PropertyValueSpecification\",\"valueRequired\":true,\"valueName\":\"search_term_string\"}}],\"inLanguage\":\"fr-FR\"},{\"@type\":\"Person\",\"@id\":\"https:\/\/www.gereso.com\/actualites\/#\/schema\/person\/197d8aef40cb4ae3f6a0aa9e1d3df2a6\",\"name\":\"\u00c9quipe GERESO\",\"image\":{\"@type\":\"ImageObject\",\"inLanguage\":\"fr-FR\",\"@id\":\"https:\/\/www.gereso.com\/actualites\/#\/schema\/person\/image\/\",\"url\":\"https:\/\/www.gereso.com\/actualites\/wp-content\/uploads\/2013\/12\/avatar-gereso-1.png\",\"contentUrl\":\"https:\/\/www.gereso.com\/actualites\/wp-content\/uploads\/2013\/12\/avatar-gereso-1.png\",\"caption\":\"\u00c9quipe GERESO\"},\"url\":\"https:\/\/www.gereso.com\/actualites\/author\/gereso\/\"}]}<\/script>\n<!-- \/ Yoast SEO plugin. -->","yoast_head_json":{"title":"90 mesures de simplifications \u00e0 destination des entreprises - Le Blog GERESO","robots":{"index":"index","follow":"follow","max-snippet":"max-snippet:-1","max-image-preview":"max-image-preview:large","max-video-preview":"max-video-preview:-1"},"canonical":"https:\/\/www.gereso.com\/actualites\/2016\/02\/26\/90-mesures-de-simplifications-a-destination-des-entreprises\/","og_locale":"fr_FR","og_type":"article","og_title":"90 mesures de simplifications \u00e0 destination des entreprises - Le Blog GERESO","og_description":"Le 3 f\u00e9vrier 2016, \u00e0 l\u2019H\u00f4tel de Matignon, Manuel Valls, Premier ministre a pr\u00e9sent\u00e9 170 mesures de simplification relatives au d\u00e9veloppement \u00e9conomique et \u00e0 l\u2019emploi. 90 de ces mesures sont au b\u00e9n\u00e9fice des entreprises. \u00c0 noter que si, selon le classement Global Competitivenesse report (2013-214), la France \u00e9tait au 130 e rang sur 144 pays [&hellip;]","og_url":"https:\/\/www.gereso.com\/actualites\/2016\/02\/26\/90-mesures-de-simplifications-a-destination-des-entreprises\/","og_site_name":"Le Blog GERESO","article_published_time":"2016-02-26T09:07:57+00:00","article_modified_time":"2016-02-25T10:00:26+00:00","author":"\u00c9quipe GERESO","twitter_card":"summary_large_image","schema":{"@context":"https:\/\/schema.org","@graph":[{"@type":"WebPage","@id":"https:\/\/www.gereso.com\/actualites\/2016\/02\/26\/90-mesures-de-simplifications-a-destination-des-entreprises\/","url":"https:\/\/www.gereso.com\/actualites\/2016\/02\/26\/90-mesures-de-simplifications-a-destination-des-entreprises\/","name":"90 mesures de simplifications \u00e0 destination des entreprises - Le Blog GERESO","isPartOf":{"@id":"https:\/\/www.gereso.com\/actualites\/#website"},"datePublished":"2016-02-26T09:07:57+00:00","dateModified":"2016-02-25T10:00:26+00:00","author":{"@id":"https:\/\/www.gereso.com\/actualites\/#\/schema\/person\/197d8aef40cb4ae3f6a0aa9e1d3df2a6"},"breadcrumb":{"@id":"https:\/\/www.gereso.com\/actualites\/2016\/02\/26\/90-mesures-de-simplifications-a-destination-des-entreprises\/#breadcrumb"},"inLanguage":"fr-FR","potentialAction":[{"@type":"ReadAction","target":["https:\/\/www.gereso.com\/actualites\/2016\/02\/26\/90-mesures-de-simplifications-a-destination-des-entreprises\/"]}]},{"@type":"BreadcrumbList","@id":"https:\/\/www.gereso.com\/actualites\/2016\/02\/26\/90-mesures-de-simplifications-a-destination-des-entreprises\/#breadcrumb","itemListElement":[{"@type":"ListItem","position":1,"name":"Home","item":"https:\/\/www.gereso.com\/actualites\/"},{"@type":"ListItem","position":2,"name":"90 mesures de simplifications \u00e0 destination des entreprises"}]},{"@type":"WebSite","@id":"https:\/\/www.gereso.com\/actualites\/#website","url":"https:\/\/www.gereso.com\/actualites\/","name":"Le Blog GERESO","description":"Toute l&#039;actu RH, Finance, Fonction Publique, Management...","potentialAction":[{"@type":"SearchAction","target":{"@type":"EntryPoint","urlTemplate":"https:\/\/www.gereso.com\/actualites\/?s={search_term_string}"},"query-input":{"@type":"PropertyValueSpecification","valueRequired":true,"valueName":"search_term_string"}}],"inLanguage":"fr-FR"},{"@type":"Person","@id":"https:\/\/www.gereso.com\/actualites\/#\/schema\/person\/197d8aef40cb4ae3f6a0aa9e1d3df2a6","name":"\u00c9quipe GERESO","image":{"@type":"ImageObject","inLanguage":"fr-FR","@id":"https:\/\/www.gereso.com\/actualites\/#\/schema\/person\/image\/","url":"https:\/\/www.gereso.com\/actualites\/wp-content\/uploads\/2013\/12\/avatar-gereso-1.png","contentUrl":"https:\/\/www.gereso.com\/actualites\/wp-content\/uploads\/2013\/12\/avatar-gereso-1.png","caption":"\u00c9quipe GERESO"},"url":"https:\/\/www.gereso.com\/actualites\/author\/gereso\/"}]}},"_links":{"self":[{"href":"https:\/\/www.gereso.com\/actualites\/wp-json\/wp\/v2\/posts\/5078","targetHints":{"allow":["GET"]}}],"collection":[{"href":"https:\/\/www.gereso.com\/actualites\/wp-json\/wp\/v2\/posts"}],"about":[{"href":"https:\/\/www.gereso.com\/actualites\/wp-json\/wp\/v2\/types\/post"}],"author":[{"embeddable":true,"href":"https:\/\/www.gereso.com\/actualites\/wp-json\/wp\/v2\/users\/32"}],"replies":[{"embeddable":true,"href":"https:\/\/www.gereso.com\/actualites\/wp-json\/wp\/v2\/comments?post=5078"}],"version-history":[{"count":1,"href":"https:\/\/www.gereso.com\/actualites\/wp-json\/wp\/v2\/posts\/5078\/revisions"}],"predecessor-version":[{"id":5079,"href":"https:\/\/www.gereso.com\/actualites\/wp-json\/wp\/v2\/posts\/5078\/revisions\/5079"}],"wp:attachment":[{"href":"https:\/\/www.gereso.com\/actualites\/wp-json\/wp\/v2\/media?parent=5078"}],"wp:term":[{"taxonomy":"category","embeddable":true,"href":"https:\/\/www.gereso.com\/actualites\/wp-json\/wp\/v2\/categories?post=5078"},{"taxonomy":"post_tag","embeddable":true,"href":"https:\/\/www.gereso.com\/actualites\/wp-json\/wp\/v2\/tags?post=5078"}],"curies":[{"name":"wp","href":"https:\/\/api.w.org\/{rel}","templated":true}]}}