{"id":5088,"date":"2016-02-29T10:48:37","date_gmt":"2016-02-29T09:48:37","guid":{"rendered":"https:\/\/www.gereso.com\/actualites\/?p=5088"},"modified":"2016-02-25T10:59:57","modified_gmt":"2016-02-25T09:59:57","slug":"la-creation-du-compte-personnel-dactivite-cpa-dans-la-fonction-publique","status":"publish","type":"post","link":"https:\/\/www.gereso.com\/actualites\/2016\/02\/29\/la-creation-du-compte-personnel-dactivite-cpa-dans-la-fonction-publique\/","title":{"rendered":"La cr\u00e9ation du compte personnel d\u2019activit\u00e9 (CPA) dans la fonction publique"},"content":{"rendered":"<p>Une r\u00e9union entre le minist\u00e8re de la fonction publique et les organisations syndicales de la fonction publique a eu lieu ce lundi 8 f\u00e9vrier 2016. Lors de ces rencontres, le minist\u00e8re a pr\u00e9sent\u00e9 des dispositions ayant pour objectif la cr\u00e9ation d\u2019un compte personnel d\u2019activit\u00e9 pour chacun des agents publics.<\/p>\n<p>Voulant agir rapidement, il projette introduire un amendement au sein du futur projet de loi \u00ab travail \u00bb de la ministre du travail, Myriam El Khomri, avec des accords ult\u00e9rieurs concernant le contenu de ce compte.<\/p>\n<p>Le minist\u00e8re du travail, a expliqu\u00e9 \u00e0 l\u2019Agence France-Presse (AFP), qu\u2019 \u00ab il s&rsquo;agit d&rsquo;un article d&rsquo;habilitation qui sera int\u00e9gr\u00e9 \u00e0 la loi El Khomri pour que le gouvernement puisse ensuite d\u00e9finir par ordonnance l&rsquo;application du CPA aux fonctionnaires.\u00bb<\/p>\n<p>Bernadette Groison, secr\u00e9taire g\u00e9n\u00e9rale de la F\u00e9d\u00e9ration Syndicale Unitaire (FSU) pense que \u00ab La situation n\u2019est pas la m\u00eame dans le priv\u00e9 et dans le public, o\u00f9 nous n\u2019avons pas de compte personnel de formation par exemple. Nous nous retrouvons dans la plus mauvaise des situations. Les discussions ont commenc\u00e9 dans le priv\u00e9 mais pas dans le public, qui m\u00e9rite des n\u00e9gociations sp\u00e9cifiques. Le gouvernement veut nous faire accepter une coquille vide, \u00e0 passer dans un v\u00e9hicule l\u00e9gislatif rapide, le projet de loi \u00ab travail \u00bb, et qu\u2019il nous faudrait remplir ult\u00e9rieurement. C\u2019est \u00ab mettre la charrue avant les b\u0153ufs \u00bb. Nous ne sommes pas tr\u00e8s satisfaits de cette m\u00e9thode \u00bb<\/p>\n<p>Source : lagazettedescommunes.com<\/p>\n","protected":false},"excerpt":{"rendered":"<p>Une r\u00e9union entre le minist\u00e8re de la fonction publique et les organisations syndicales de la fonction publique a eu lieu ce lundi 8 f\u00e9vrier 2016. Lors de ces rencontres, le minist\u00e8re a pr\u00e9sent\u00e9 des dispositions ayant pour objectif la cr\u00e9ation d\u2019un compte personnel d\u2019activit\u00e9 pour chacun des agents publics. Voulant agir rapidement, il projette introduire [&hellip;]<\/p>\n","protected":false},"author":32,"featured_media":0,"comment_status":"open","ping_status":"open","sticky":false,"template":"","format":"quote","meta":{"_acf_changed":false,"_mi_skip_tracking":false,"footnotes":""},"categories":[6],"tags":[895,894,117,893],"class_list":["post-5088","post","type-post","status-publish","format-quote","hentry","category-fonction-publique","tag-compte-personnel-dactivite","tag-cpa","tag-fonction-publique-2","tag-fsu","post_format-post-format-quote"],"acf":[],"yoast_head":"<!-- This site is optimized with the Yoast SEO plugin v23.4 - https:\/\/yoast.com\/wordpress\/plugins\/seo\/ -->\n<title>La cr\u00e9ation du compte personnel d\u2019activit\u00e9 (CPA) dans la fonction publique - Le Blog GERESO<\/title>\n<meta name=\"robots\" content=\"index, follow, max-snippet:-1, max-image-preview:large, max-video-preview:-1\" \/>\n<link rel=\"canonical\" href=\"https:\/\/www.gereso.com\/actualites\/2016\/02\/29\/la-creation-du-compte-personnel-dactivite-cpa-dans-la-fonction-publique\/\" \/>\n<meta property=\"og:locale\" content=\"fr_FR\" \/>\n<meta property=\"og:type\" content=\"article\" \/>\n<meta property=\"og:title\" content=\"La cr\u00e9ation du compte personnel d\u2019activit\u00e9 (CPA) dans la fonction publique - Le Blog GERESO\" \/>\n<meta property=\"og:description\" content=\"Une r\u00e9union entre le minist\u00e8re de la fonction publique et les organisations syndicales de la fonction publique a eu lieu ce lundi 8 f\u00e9vrier 2016. Lors de ces rencontres, le minist\u00e8re a pr\u00e9sent\u00e9 des dispositions ayant pour objectif la cr\u00e9ation d\u2019un compte personnel d\u2019activit\u00e9 pour chacun des agents publics. Voulant agir rapidement, il projette introduire [&hellip;]\" \/>\n<meta property=\"og:url\" content=\"https:\/\/www.gereso.com\/actualites\/2016\/02\/29\/la-creation-du-compte-personnel-dactivite-cpa-dans-la-fonction-publique\/\" \/>\n<meta property=\"og:site_name\" content=\"Le Blog GERESO\" \/>\n<meta property=\"article:published_time\" content=\"2016-02-29T09:48:37+00:00\" \/>\n<meta property=\"article:modified_time\" content=\"2016-02-25T09:59:57+00:00\" \/>\n<meta name=\"author\" content=\"\u00c9quipe GERESO\" \/>\n<meta name=\"twitter:card\" content=\"summary_large_image\" \/>\n<script type=\"application\/ld+json\" class=\"yoast-schema-graph\">{\"@context\":\"https:\/\/schema.org\",\"@graph\":[{\"@type\":\"WebPage\",\"@id\":\"https:\/\/www.gereso.com\/actualites\/2016\/02\/29\/la-creation-du-compte-personnel-dactivite-cpa-dans-la-fonction-publique\/\",\"url\":\"https:\/\/www.gereso.com\/actualites\/2016\/02\/29\/la-creation-du-compte-personnel-dactivite-cpa-dans-la-fonction-publique\/\",\"name\":\"La cr\u00e9ation du compte personnel d\u2019activit\u00e9 (CPA) dans la fonction publique - Le Blog GERESO\",\"isPartOf\":{\"@id\":\"https:\/\/www.gereso.com\/actualites\/#website\"},\"datePublished\":\"2016-02-29T09:48:37+00:00\",\"dateModified\":\"2016-02-25T09:59:57+00:00\",\"author\":{\"@id\":\"https:\/\/www.gereso.com\/actualites\/#\/schema\/person\/197d8aef40cb4ae3f6a0aa9e1d3df2a6\"},\"breadcrumb\":{\"@id\":\"https:\/\/www.gereso.com\/actualites\/2016\/02\/29\/la-creation-du-compte-personnel-dactivite-cpa-dans-la-fonction-publique\/#breadcrumb\"},\"inLanguage\":\"fr-FR\",\"potentialAction\":[{\"@type\":\"ReadAction\",\"target\":[\"https:\/\/www.gereso.com\/actualites\/2016\/02\/29\/la-creation-du-compte-personnel-dactivite-cpa-dans-la-fonction-publique\/\"]}]},{\"@type\":\"BreadcrumbList\",\"@id\":\"https:\/\/www.gereso.com\/actualites\/2016\/02\/29\/la-creation-du-compte-personnel-dactivite-cpa-dans-la-fonction-publique\/#breadcrumb\",\"itemListElement\":[{\"@type\":\"ListItem\",\"position\":1,\"name\":\"Home\",\"item\":\"https:\/\/www.gereso.com\/actualites\/\"},{\"@type\":\"ListItem\",\"position\":2,\"name\":\"La cr\u00e9ation du compte personnel d\u2019activit\u00e9 (CPA) dans la fonction publique\"}]},{\"@type\":\"WebSite\",\"@id\":\"https:\/\/www.gereso.com\/actualites\/#website\",\"url\":\"https:\/\/www.gereso.com\/actualites\/\",\"name\":\"Le Blog GERESO\",\"description\":\"Toute l&#039;actu RH, Finance, Fonction Publique, Management...\",\"potentialAction\":[{\"@type\":\"SearchAction\",\"target\":{\"@type\":\"EntryPoint\",\"urlTemplate\":\"https:\/\/www.gereso.com\/actualites\/?s={search_term_string}\"},\"query-input\":{\"@type\":\"PropertyValueSpecification\",\"valueRequired\":true,\"valueName\":\"search_term_string\"}}],\"inLanguage\":\"fr-FR\"},{\"@type\":\"Person\",\"@id\":\"https:\/\/www.gereso.com\/actualites\/#\/schema\/person\/197d8aef40cb4ae3f6a0aa9e1d3df2a6\",\"name\":\"\u00c9quipe GERESO\",\"image\":{\"@type\":\"ImageObject\",\"inLanguage\":\"fr-FR\",\"@id\":\"https:\/\/www.gereso.com\/actualites\/#\/schema\/person\/image\/\",\"url\":\"https:\/\/www.gereso.com\/actualites\/wp-content\/uploads\/2013\/12\/avatar-gereso-1.png\",\"contentUrl\":\"https:\/\/www.gereso.com\/actualites\/wp-content\/uploads\/2013\/12\/avatar-gereso-1.png\",\"caption\":\"\u00c9quipe GERESO\"},\"url\":\"https:\/\/www.gereso.com\/actualites\/author\/gereso\/\"}]}<\/script>\n<!-- \/ Yoast SEO plugin. -->","yoast_head_json":{"title":"La cr\u00e9ation du compte personnel d\u2019activit\u00e9 (CPA) dans la fonction publique - Le Blog GERESO","robots":{"index":"index","follow":"follow","max-snippet":"max-snippet:-1","max-image-preview":"max-image-preview:large","max-video-preview":"max-video-preview:-1"},"canonical":"https:\/\/www.gereso.com\/actualites\/2016\/02\/29\/la-creation-du-compte-personnel-dactivite-cpa-dans-la-fonction-publique\/","og_locale":"fr_FR","og_type":"article","og_title":"La cr\u00e9ation du compte personnel d\u2019activit\u00e9 (CPA) dans la fonction publique - Le Blog GERESO","og_description":"Une r\u00e9union entre le minist\u00e8re de la fonction publique et les organisations syndicales de la fonction publique a eu lieu ce lundi 8 f\u00e9vrier 2016. Lors de ces rencontres, le minist\u00e8re a pr\u00e9sent\u00e9 des dispositions ayant pour objectif la cr\u00e9ation d\u2019un compte personnel d\u2019activit\u00e9 pour chacun des agents publics. Voulant agir rapidement, il projette introduire [&hellip;]","og_url":"https:\/\/www.gereso.com\/actualites\/2016\/02\/29\/la-creation-du-compte-personnel-dactivite-cpa-dans-la-fonction-publique\/","og_site_name":"Le Blog GERESO","article_published_time":"2016-02-29T09:48:37+00:00","article_modified_time":"2016-02-25T09:59:57+00:00","author":"\u00c9quipe GERESO","twitter_card":"summary_large_image","schema":{"@context":"https:\/\/schema.org","@graph":[{"@type":"WebPage","@id":"https:\/\/www.gereso.com\/actualites\/2016\/02\/29\/la-creation-du-compte-personnel-dactivite-cpa-dans-la-fonction-publique\/","url":"https:\/\/www.gereso.com\/actualites\/2016\/02\/29\/la-creation-du-compte-personnel-dactivite-cpa-dans-la-fonction-publique\/","name":"La cr\u00e9ation du compte personnel d\u2019activit\u00e9 (CPA) dans la fonction publique - Le Blog GERESO","isPartOf":{"@id":"https:\/\/www.gereso.com\/actualites\/#website"},"datePublished":"2016-02-29T09:48:37+00:00","dateModified":"2016-02-25T09:59:57+00:00","author":{"@id":"https:\/\/www.gereso.com\/actualites\/#\/schema\/person\/197d8aef40cb4ae3f6a0aa9e1d3df2a6"},"breadcrumb":{"@id":"https:\/\/www.gereso.com\/actualites\/2016\/02\/29\/la-creation-du-compte-personnel-dactivite-cpa-dans-la-fonction-publique\/#breadcrumb"},"inLanguage":"fr-FR","potentialAction":[{"@type":"ReadAction","target":["https:\/\/www.gereso.com\/actualites\/2016\/02\/29\/la-creation-du-compte-personnel-dactivite-cpa-dans-la-fonction-publique\/"]}]},{"@type":"BreadcrumbList","@id":"https:\/\/www.gereso.com\/actualites\/2016\/02\/29\/la-creation-du-compte-personnel-dactivite-cpa-dans-la-fonction-publique\/#breadcrumb","itemListElement":[{"@type":"ListItem","position":1,"name":"Home","item":"https:\/\/www.gereso.com\/actualites\/"},{"@type":"ListItem","position":2,"name":"La cr\u00e9ation du compte personnel d\u2019activit\u00e9 (CPA) dans la fonction publique"}]},{"@type":"WebSite","@id":"https:\/\/www.gereso.com\/actualites\/#website","url":"https:\/\/www.gereso.com\/actualites\/","name":"Le Blog GERESO","description":"Toute l&#039;actu RH, Finance, Fonction Publique, Management...","potentialAction":[{"@type":"SearchAction","target":{"@type":"EntryPoint","urlTemplate":"https:\/\/www.gereso.com\/actualites\/?s={search_term_string}"},"query-input":{"@type":"PropertyValueSpecification","valueRequired":true,"valueName":"search_term_string"}}],"inLanguage":"fr-FR"},{"@type":"Person","@id":"https:\/\/www.gereso.com\/actualites\/#\/schema\/person\/197d8aef40cb4ae3f6a0aa9e1d3df2a6","name":"\u00c9quipe GERESO","image":{"@type":"ImageObject","inLanguage":"fr-FR","@id":"https:\/\/www.gereso.com\/actualites\/#\/schema\/person\/image\/","url":"https:\/\/www.gereso.com\/actualites\/wp-content\/uploads\/2013\/12\/avatar-gereso-1.png","contentUrl":"https:\/\/www.gereso.com\/actualites\/wp-content\/uploads\/2013\/12\/avatar-gereso-1.png","caption":"\u00c9quipe GERESO"},"url":"https:\/\/www.gereso.com\/actualites\/author\/gereso\/"}]}},"_links":{"self":[{"href":"https:\/\/www.gereso.com\/actualites\/wp-json\/wp\/v2\/posts\/5088","targetHints":{"allow":["GET"]}}],"collection":[{"href":"https:\/\/www.gereso.com\/actualites\/wp-json\/wp\/v2\/posts"}],"about":[{"href":"https:\/\/www.gereso.com\/actualites\/wp-json\/wp\/v2\/types\/post"}],"author":[{"embeddable":true,"href":"https:\/\/www.gereso.com\/actualites\/wp-json\/wp\/v2\/users\/32"}],"replies":[{"embeddable":true,"href":"https:\/\/www.gereso.com\/actualites\/wp-json\/wp\/v2\/comments?post=5088"}],"version-history":[{"count":1,"href":"https:\/\/www.gereso.com\/actualites\/wp-json\/wp\/v2\/posts\/5088\/revisions"}],"predecessor-version":[{"id":5089,"href":"https:\/\/www.gereso.com\/actualites\/wp-json\/wp\/v2\/posts\/5088\/revisions\/5089"}],"wp:attachment":[{"href":"https:\/\/www.gereso.com\/actualites\/wp-json\/wp\/v2\/media?parent=5088"}],"wp:term":[{"taxonomy":"category","embeddable":true,"href":"https:\/\/www.gereso.com\/actualites\/wp-json\/wp\/v2\/categories?post=5088"},{"taxonomy":"post_tag","embeddable":true,"href":"https:\/\/www.gereso.com\/actualites\/wp-json\/wp\/v2\/tags?post=5088"}],"curies":[{"name":"wp","href":"https:\/\/api.w.org\/{rel}","templated":true}]}}