{"id":5161,"date":"2016-03-08T17:25:21","date_gmt":"2016-03-08T16:25:21","guid":{"rendered":"https:\/\/www.gereso.com\/actualites\/?p=5161"},"modified":"2016-03-07T09:09:01","modified_gmt":"2016-03-07T08:09:01","slug":"mise-en-place-du-comite-dactualisation-des-baremes-des-accidents-du-travail-et-des-maladies-professionnelles","status":"publish","type":"post","link":"https:\/\/www.gereso.com\/actualites\/2016\/03\/08\/mise-en-place-du-comite-dactualisation-des-baremes-des-accidents-du-travail-et-des-maladies-professionnelles\/","title":{"rendered":"Mise en place du \u00ab Comit\u00e9 d\u2019actualisation des bar\u00e8mes des accidents du travail et des maladies professionnelles \u00bb"},"content":{"rendered":"<p style=\"text-align: justify;\">Le 11 f\u00e9vrier 2016, le d\u00e9cret n\u00b0 2016-132 du 09 f\u00e9vrier 2016 portant cr\u00e9ation du \u00ab <strong>Comit\u00e9 d\u2019actualisation des bar\u00e8mes des accidents du travail et des maladies professionnelles<\/strong> \u00bb a \u00e9t\u00e9 publi\u00e9 au Journal Officiel (JO).<\/p>\n<p style=\"text-align: justify;\">La mise en place\u00a0de ce nouveau comit\u00e9 est institu\u00e9e aupr\u00e8s du ministre en charge de la s\u00e9curit\u00e9 sociale. [<em><a href=\"https:\/\/www.legifrance.gouv.fr\/affichTexte.do;jsessionid=408D8B9CA9D99F9FA7952DE910F6B524.tpdila08v_3?cidTexte=JORFTEXT000032005250&amp;dateTexte=&amp;oldAction=rechJO&amp;categorieLien=id&amp;idJO=JORFCONT000032003864\" target=\"_blank\" rel=\"nofollow\">Art. D. 434-4 du d\u00e9cret n\u00b0 2016-132<\/a><\/em>]. Le texte pr\u00e9cise sa composition. Dans son article Art. D. 434-6. \u2013I. le dispositif mentionne que \u00ab <em>le pr\u00e9sident du comit\u00e9 est un membre du corps m\u00e9dical sp\u00e9cialis\u00e9 dans le domaine des pathologies professionnelles ou de la r\u00e9paration des dommages corporels.<\/em>\u00ab\u00a0<\/p>\n<p style=\"text-align: justify;\">Cette nouvelle instance doit comprendre, outre le pr\u00e9sident :<\/p>\n<ul style=\"text-align: justify;\">\n<li>4 membres de droit<\/li>\n<li>5 personnalit\u00e9s qualifi\u00e9es<\/li>\n<\/ul>\n<p style=\"text-align: justify;\">Sont consid\u00e9r\u00e9s comme personnalit\u00e9s qualifi\u00e9es, les membres du corps m\u00e9dical qui sont reconnus pour leurs travaux ou leurs services rendus dans le secteur des pathologies professionnelles ou des dommages corporels ainsi qu\u2019une personnalit\u00e9 ayant les qualit\u00e9s requises dans le domaine de l\u2019\u00e9conomie de la sant\u00e9. [<em><a href=\"https:\/\/www.legifrance.gouv.fr\/affichTexte.do;jsessionid=408D8B9CA9D99F9FA7952DE910F6B524.tpdila08v_3?cidTexte=JORFTEXT000032005250&amp;dateTexte=&amp;oldAction=rechJO&amp;categorieLien=id&amp;idJO=JORFCONT000032003864\" target=\"_blank\" rel=\"nofollow\">Art. D. 434-6. \u2013 I- 2\u00b0 du d\u00e9cret n\u00b0 2016-132<\/a><\/em>]<\/p>\n<p style=\"text-align: justify;\">Dans son article Art. D. 434-5., ce d\u00e9cret du 09 f\u00e9vrier 2016 d\u00e9finit <strong>la mission du comit\u00e9 d\u2019actualisation des bar\u00e8mes des accidents du travail et des maladies professionnelles<\/strong>. Il est pr\u00e9cis\u00e9 que le comit\u00e9 mentionn\u00e9 est charg\u00e9, compte tenu de l&rsquo;\u00e9volution des connaissances m\u00e9dicales et des modalit\u00e9s d&rsquo;exercice professionnel, de d\u00e9finir une m\u00e9thodologie et de faire des propositions d&rsquo;actualisation des bar\u00e8mes. Les m\u00e9decins-conseils des r\u00e9gimes de s\u00e9curit\u00e9 sociale des travailleurs salari\u00e9s agricoles et non-agricoles seront r\u00e9f\u00e8rents pour \u00e9valuer l&rsquo;incapacit\u00e9 permanente des victimes d&rsquo;accidents du travail ou de maladies professionnelles.<\/p>\n<p style=\"text-align: justify;\">Pour voir le d\u00e9cret n\u00b02016-132 du 09 f\u00e9vrier 2016 : <a href=\"https:\/\/www.legifrance.gouv.fr\/affichTexte.do;jsessionid=408D8B9CA9D99F9FA7952DE910F6B524.tpdila08v_3?cidTexte=JORFTEXT000032005250&amp;dateTexte=&amp;oldAction=rechJO&amp;categorieLien=id&amp;idJO=JORFCONT000032003864\" target=\"_blank\" rel=\"nofollow\">https:\/\/www.legifrance.gouv.fr\/affichTexte.do;jsessionid=408D8B9CA9D99F9FA7952DE910F6B524.tpdila08v_3?cidTexte=JORFTEXT000032005250&amp;dateTexte=&amp;oldAction=rechJO&amp;categorieLien=id&amp;idJO=JORFCONT000032003864<\/a><\/p>\n<p style=\"text-align: justify;\">Source : <a href=\"https:\/\/www.legifrance.gouv.fr\/\" target=\"_blank\" rel=\"nofollow\">L\u00e9gifrance<\/a><\/p>\n","protected":false},"excerpt":{"rendered":"<p>Le 11 f\u00e9vrier 2016, le d\u00e9cret n\u00b0 2016-132 du 09 f\u00e9vrier 2016 portant cr\u00e9ation du \u00ab Comit\u00e9 d\u2019actualisation des bar\u00e8mes des accidents du travail et des maladies professionnelles \u00bb a \u00e9t\u00e9 publi\u00e9 au Journal Officiel (JO). La mise en place\u00a0de ce nouveau comit\u00e9 est institu\u00e9e aupr\u00e8s du ministre en charge de la s\u00e9curit\u00e9 sociale. [Art. [&hellip;]<\/p>\n","protected":false},"author":32,"featured_media":0,"comment_status":"open","ping_status":"open","sticky":false,"template":"","format":"quote","meta":{"_acf_changed":false,"_mi_skip_tracking":false,"footnotes":""},"categories":[13],"tags":[496,115,870],"class_list":["post-5161","post","type-post","status-publish","format-quote","hentry","category-sante-et-securite-au-travail","tag-accident","tag-accident-de-service","tag-accidents-du-travail","post_format-post-format-quote"],"acf":[],"yoast_head":"<!-- This site is optimized with the Yoast SEO plugin v23.4 - https:\/\/yoast.com\/wordpress\/plugins\/seo\/ -->\n<title>Mise en place du \u00ab Comit\u00e9 d\u2019actualisation des bar\u00e8mes des accidents du travail et des maladies professionnelles \u00bb - Le Blog GERESO<\/title>\n<meta name=\"robots\" content=\"index, follow, max-snippet:-1, max-image-preview:large, max-video-preview:-1\" \/>\n<link rel=\"canonical\" href=\"https:\/\/www.gereso.com\/actualites\/2016\/03\/08\/mise-en-place-du-comite-dactualisation-des-baremes-des-accidents-du-travail-et-des-maladies-professionnelles\/\" \/>\n<meta property=\"og:locale\" content=\"fr_FR\" \/>\n<meta property=\"og:type\" content=\"article\" \/>\n<meta property=\"og:title\" content=\"Mise en place du \u00ab Comit\u00e9 d\u2019actualisation des bar\u00e8mes des accidents du travail et des maladies professionnelles \u00bb - Le Blog GERESO\" \/>\n<meta property=\"og:description\" content=\"Le 11 f\u00e9vrier 2016, le d\u00e9cret n\u00b0 2016-132 du 09 f\u00e9vrier 2016 portant cr\u00e9ation du \u00ab Comit\u00e9 d\u2019actualisation des bar\u00e8mes des accidents du travail et des maladies professionnelles \u00bb a \u00e9t\u00e9 publi\u00e9 au Journal Officiel (JO). La mise en place\u00a0de ce nouveau comit\u00e9 est institu\u00e9e aupr\u00e8s du ministre en charge de la s\u00e9curit\u00e9 sociale. [Art. [&hellip;]\" \/>\n<meta property=\"og:url\" content=\"https:\/\/www.gereso.com\/actualites\/2016\/03\/08\/mise-en-place-du-comite-dactualisation-des-baremes-des-accidents-du-travail-et-des-maladies-professionnelles\/\" \/>\n<meta property=\"og:site_name\" content=\"Le Blog GERESO\" \/>\n<meta property=\"article:published_time\" content=\"2016-03-08T16:25:21+00:00\" \/>\n<meta property=\"article:modified_time\" content=\"2016-03-07T08:09:01+00:00\" \/>\n<meta name=\"author\" content=\"\u00c9quipe GERESO\" \/>\n<meta name=\"twitter:card\" content=\"summary_large_image\" \/>\n<script type=\"application\/ld+json\" class=\"yoast-schema-graph\">{\"@context\":\"https:\/\/schema.org\",\"@graph\":[{\"@type\":\"WebPage\",\"@id\":\"https:\/\/www.gereso.com\/actualites\/2016\/03\/08\/mise-en-place-du-comite-dactualisation-des-baremes-des-accidents-du-travail-et-des-maladies-professionnelles\/\",\"url\":\"https:\/\/www.gereso.com\/actualites\/2016\/03\/08\/mise-en-place-du-comite-dactualisation-des-baremes-des-accidents-du-travail-et-des-maladies-professionnelles\/\",\"name\":\"Mise en place du \u00ab Comit\u00e9 d\u2019actualisation des bar\u00e8mes des accidents du travail et des maladies professionnelles \u00bb - Le Blog GERESO\",\"isPartOf\":{\"@id\":\"https:\/\/www.gereso.com\/actualites\/#website\"},\"datePublished\":\"2016-03-08T16:25:21+00:00\",\"dateModified\":\"2016-03-07T08:09:01+00:00\",\"author\":{\"@id\":\"https:\/\/www.gereso.com\/actualites\/#\/schema\/person\/197d8aef40cb4ae3f6a0aa9e1d3df2a6\"},\"breadcrumb\":{\"@id\":\"https:\/\/www.gereso.com\/actualites\/2016\/03\/08\/mise-en-place-du-comite-dactualisation-des-baremes-des-accidents-du-travail-et-des-maladies-professionnelles\/#breadcrumb\"},\"inLanguage\":\"fr-FR\",\"potentialAction\":[{\"@type\":\"ReadAction\",\"target\":[\"https:\/\/www.gereso.com\/actualites\/2016\/03\/08\/mise-en-place-du-comite-dactualisation-des-baremes-des-accidents-du-travail-et-des-maladies-professionnelles\/\"]}]},{\"@type\":\"BreadcrumbList\",\"@id\":\"https:\/\/www.gereso.com\/actualites\/2016\/03\/08\/mise-en-place-du-comite-dactualisation-des-baremes-des-accidents-du-travail-et-des-maladies-professionnelles\/#breadcrumb\",\"itemListElement\":[{\"@type\":\"ListItem\",\"position\":1,\"name\":\"Home\",\"item\":\"https:\/\/www.gereso.com\/actualites\/\"},{\"@type\":\"ListItem\",\"position\":2,\"name\":\"Mise en place du \u00ab Comit\u00e9 d\u2019actualisation des bar\u00e8mes des accidents du travail et des maladies professionnelles \u00bb\"}]},{\"@type\":\"WebSite\",\"@id\":\"https:\/\/www.gereso.com\/actualites\/#website\",\"url\":\"https:\/\/www.gereso.com\/actualites\/\",\"name\":\"Le Blog GERESO\",\"description\":\"Toute l&#039;actu RH, Finance, Fonction Publique, Management...\",\"potentialAction\":[{\"@type\":\"SearchAction\",\"target\":{\"@type\":\"EntryPoint\",\"urlTemplate\":\"https:\/\/www.gereso.com\/actualites\/?s={search_term_string}\"},\"query-input\":{\"@type\":\"PropertyValueSpecification\",\"valueRequired\":true,\"valueName\":\"search_term_string\"}}],\"inLanguage\":\"fr-FR\"},{\"@type\":\"Person\",\"@id\":\"https:\/\/www.gereso.com\/actualites\/#\/schema\/person\/197d8aef40cb4ae3f6a0aa9e1d3df2a6\",\"name\":\"\u00c9quipe GERESO\",\"image\":{\"@type\":\"ImageObject\",\"inLanguage\":\"fr-FR\",\"@id\":\"https:\/\/www.gereso.com\/actualites\/#\/schema\/person\/image\/\",\"url\":\"https:\/\/www.gereso.com\/actualites\/wp-content\/uploads\/2013\/12\/avatar-gereso-1.png\",\"contentUrl\":\"https:\/\/www.gereso.com\/actualites\/wp-content\/uploads\/2013\/12\/avatar-gereso-1.png\",\"caption\":\"\u00c9quipe GERESO\"},\"url\":\"https:\/\/www.gereso.com\/actualites\/author\/gereso\/\"}]}<\/script>\n<!-- \/ Yoast SEO plugin. -->","yoast_head_json":{"title":"Mise en place du \u00ab Comit\u00e9 d\u2019actualisation des bar\u00e8mes des accidents du travail et des maladies professionnelles \u00bb - Le Blog GERESO","robots":{"index":"index","follow":"follow","max-snippet":"max-snippet:-1","max-image-preview":"max-image-preview:large","max-video-preview":"max-video-preview:-1"},"canonical":"https:\/\/www.gereso.com\/actualites\/2016\/03\/08\/mise-en-place-du-comite-dactualisation-des-baremes-des-accidents-du-travail-et-des-maladies-professionnelles\/","og_locale":"fr_FR","og_type":"article","og_title":"Mise en place du \u00ab Comit\u00e9 d\u2019actualisation des bar\u00e8mes des accidents du travail et des maladies professionnelles \u00bb - Le Blog GERESO","og_description":"Le 11 f\u00e9vrier 2016, le d\u00e9cret n\u00b0 2016-132 du 09 f\u00e9vrier 2016 portant cr\u00e9ation du \u00ab Comit\u00e9 d\u2019actualisation des bar\u00e8mes des accidents du travail et des maladies professionnelles \u00bb a \u00e9t\u00e9 publi\u00e9 au Journal Officiel (JO). La mise en place\u00a0de ce nouveau comit\u00e9 est institu\u00e9e aupr\u00e8s du ministre en charge de la s\u00e9curit\u00e9 sociale. [Art. [&hellip;]","og_url":"https:\/\/www.gereso.com\/actualites\/2016\/03\/08\/mise-en-place-du-comite-dactualisation-des-baremes-des-accidents-du-travail-et-des-maladies-professionnelles\/","og_site_name":"Le Blog GERESO","article_published_time":"2016-03-08T16:25:21+00:00","article_modified_time":"2016-03-07T08:09:01+00:00","author":"\u00c9quipe GERESO","twitter_card":"summary_large_image","schema":{"@context":"https:\/\/schema.org","@graph":[{"@type":"WebPage","@id":"https:\/\/www.gereso.com\/actualites\/2016\/03\/08\/mise-en-place-du-comite-dactualisation-des-baremes-des-accidents-du-travail-et-des-maladies-professionnelles\/","url":"https:\/\/www.gereso.com\/actualites\/2016\/03\/08\/mise-en-place-du-comite-dactualisation-des-baremes-des-accidents-du-travail-et-des-maladies-professionnelles\/","name":"Mise en place du \u00ab Comit\u00e9 d\u2019actualisation des bar\u00e8mes des accidents du travail et des maladies professionnelles \u00bb - Le Blog GERESO","isPartOf":{"@id":"https:\/\/www.gereso.com\/actualites\/#website"},"datePublished":"2016-03-08T16:25:21+00:00","dateModified":"2016-03-07T08:09:01+00:00","author":{"@id":"https:\/\/www.gereso.com\/actualites\/#\/schema\/person\/197d8aef40cb4ae3f6a0aa9e1d3df2a6"},"breadcrumb":{"@id":"https:\/\/www.gereso.com\/actualites\/2016\/03\/08\/mise-en-place-du-comite-dactualisation-des-baremes-des-accidents-du-travail-et-des-maladies-professionnelles\/#breadcrumb"},"inLanguage":"fr-FR","potentialAction":[{"@type":"ReadAction","target":["https:\/\/www.gereso.com\/actualites\/2016\/03\/08\/mise-en-place-du-comite-dactualisation-des-baremes-des-accidents-du-travail-et-des-maladies-professionnelles\/"]}]},{"@type":"BreadcrumbList","@id":"https:\/\/www.gereso.com\/actualites\/2016\/03\/08\/mise-en-place-du-comite-dactualisation-des-baremes-des-accidents-du-travail-et-des-maladies-professionnelles\/#breadcrumb","itemListElement":[{"@type":"ListItem","position":1,"name":"Home","item":"https:\/\/www.gereso.com\/actualites\/"},{"@type":"ListItem","position":2,"name":"Mise en place du \u00ab Comit\u00e9 d\u2019actualisation des bar\u00e8mes des accidents du travail et des maladies professionnelles \u00bb"}]},{"@type":"WebSite","@id":"https:\/\/www.gereso.com\/actualites\/#website","url":"https:\/\/www.gereso.com\/actualites\/","name":"Le Blog GERESO","description":"Toute l&#039;actu RH, Finance, Fonction Publique, Management...","potentialAction":[{"@type":"SearchAction","target":{"@type":"EntryPoint","urlTemplate":"https:\/\/www.gereso.com\/actualites\/?s={search_term_string}"},"query-input":{"@type":"PropertyValueSpecification","valueRequired":true,"valueName":"search_term_string"}}],"inLanguage":"fr-FR"},{"@type":"Person","@id":"https:\/\/www.gereso.com\/actualites\/#\/schema\/person\/197d8aef40cb4ae3f6a0aa9e1d3df2a6","name":"\u00c9quipe GERESO","image":{"@type":"ImageObject","inLanguage":"fr-FR","@id":"https:\/\/www.gereso.com\/actualites\/#\/schema\/person\/image\/","url":"https:\/\/www.gereso.com\/actualites\/wp-content\/uploads\/2013\/12\/avatar-gereso-1.png","contentUrl":"https:\/\/www.gereso.com\/actualites\/wp-content\/uploads\/2013\/12\/avatar-gereso-1.png","caption":"\u00c9quipe GERESO"},"url":"https:\/\/www.gereso.com\/actualites\/author\/gereso\/"}]}},"_links":{"self":[{"href":"https:\/\/www.gereso.com\/actualites\/wp-json\/wp\/v2\/posts\/5161","targetHints":{"allow":["GET"]}}],"collection":[{"href":"https:\/\/www.gereso.com\/actualites\/wp-json\/wp\/v2\/posts"}],"about":[{"href":"https:\/\/www.gereso.com\/actualites\/wp-json\/wp\/v2\/types\/post"}],"author":[{"embeddable":true,"href":"https:\/\/www.gereso.com\/actualites\/wp-json\/wp\/v2\/users\/32"}],"replies":[{"embeddable":true,"href":"https:\/\/www.gereso.com\/actualites\/wp-json\/wp\/v2\/comments?post=5161"}],"version-history":[{"count":4,"href":"https:\/\/www.gereso.com\/actualites\/wp-json\/wp\/v2\/posts\/5161\/revisions"}],"predecessor-version":[{"id":5267,"href":"https:\/\/www.gereso.com\/actualites\/wp-json\/wp\/v2\/posts\/5161\/revisions\/5267"}],"wp:attachment":[{"href":"https:\/\/www.gereso.com\/actualites\/wp-json\/wp\/v2\/media?parent=5161"}],"wp:term":[{"taxonomy":"category","embeddable":true,"href":"https:\/\/www.gereso.com\/actualites\/wp-json\/wp\/v2\/categories?post=5161"},{"taxonomy":"post_tag","embeddable":true,"href":"https:\/\/www.gereso.com\/actualites\/wp-json\/wp\/v2\/tags?post=5161"}],"curies":[{"name":"wp","href":"https:\/\/api.w.org\/{rel}","templated":true}]}}