{"id":5201,"date":"2016-03-28T11:36:17","date_gmt":"2016-03-28T10:36:17","guid":{"rendered":"https:\/\/www.gereso.com\/actualites\/?p=5201"},"modified":"2023-01-05T12:53:19","modified_gmt":"2023-01-05T10:53:19","slug":"le-travail-a-temps-partage-une-forme-de-travail-qui-tend-a-se-populariser","status":"publish","type":"post","link":"https:\/\/www.gereso.com\/actualites\/2016\/03\/28\/le-travail-a-temps-partage-une-forme-de-travail-qui-tend-a-se-populariser\/","title":{"rendered":"Le travail \u00e0 temps partag\u00e9 : une forme de travail qui tend \u00e0 se populariser"},"content":{"rendered":"<p style=\"text-align: justify;\">Existant depuis 30 ans, le <strong>travail \u00e0 temps partag\u00e9<\/strong> (\u00e0 ne pas confondre avec le travail \u00e0 temps partiel !) consiste pour un salari\u00e9 \u00e0 travailler pour un <strong>groupement d&#8217;employeurs, en multi-salariat ou sous forme de prestations<\/strong> de services.<\/p>\n<p style=\"text-align: justify;\">Pour les personnes concern\u00e9s, il est donc synonyme de <strong>pluriactivit\u00e9.<\/strong> Il ne s\u2019est r\u00e9pandu dans le monde professionnel qu&rsquo;assez r\u00e9cemment. Le Barom\u00e8tre 2015 du Portail du temps partag\u00e9 propose un \u00e9tat des lieux de cette pratique.<\/p>\n<p style=\"text-align: justify;\">Cette premi\u00e8re \u00e9dition vise \u00e0 mettre en lumi\u00e8re <strong>les tendances de ce\u00a0mode\u00a0de travail<\/strong>.<\/p>\n<p style=\"text-align: justify;\">Ce barom\u00e8tre r\u00e9v\u00e8le entre autres que :<\/p>\n<ul>\n<li style=\"text-align: justify;\"><strong>91%<\/strong> des professionnels <strong>souhaitent rester \u00e0 temps partag\u00e9,<\/strong><\/li>\n<li style=\"text-align: justify;\">Le travail \u00e0 temps partag\u00e9 concerne <strong>autant les femmes que les hommes<\/strong> et couvre l\u2019ensemble du territoire national et des secteurs d\u2019activit\u00e9,<\/li>\n<li style=\"text-align: justify;\"><strong>72%<\/strong> des r\u00e9pondants ont fait ce<strong> choix de carri\u00e8re<\/strong> ou l\u2019ont saisi comme une opportunit\u00e9,<\/li>\n<li style=\"text-align: justify;\">67% l\u2019optent pour la <strong>richesse des missions obtenues<\/strong> ou pour l\u2019\u00e9quilibre vie professionnelle \/ vie personnelle,<\/li>\n<li style=\"text-align: justify;\">Pour les entreprises, 59% choisissent un professionnel \u00e0 temps partag\u00e9 pour <strong>plus de flexibilit\u00e9 ou une meilleure ma\u00eetrise des co\u00fbts,<\/strong> et 31% pour une <strong>expertise plus pointue.<\/strong><\/li>\n<\/ul>\n<p style=\"text-align: justify;\">A consulter\u00a0: Barom\u00e8tre 2015 du Travail \u00e0 temps partag\u00e9<\/p>\n","protected":false},"excerpt":{"rendered":"<p>Existant depuis 30 ans, le travail \u00e0 temps partag\u00e9 (\u00e0 ne pas confondre avec le travail \u00e0 temps partiel !) consiste pour un salari\u00e9 \u00e0 travailler pour un groupement d&#8217;employeurs, en multi-salariat ou sous forme de prestations de services. Pour les personnes concern\u00e9s, il est donc synonyme de pluriactivit\u00e9. Il ne s\u2019est r\u00e9pandu dans le [&hellip;]<\/p>\n","protected":false},"author":32,"featured_media":0,"comment_status":"open","ping_status":"open","sticky":false,"template":"","format":"quote","meta":{"_acf_changed":false,"_mi_skip_tracking":false,"footnotes":""},"categories":[5],"tags":[267,425,337],"class_list":["post-5201","post","type-post","status-publish","format-quote","hentry","category-droit-du-travail","tag-organisation","tag-temps-de-travail","tag-travail","post_format-post-format-quote"],"acf":[],"yoast_head":"<!-- This site is optimized with the Yoast SEO plugin v23.4 - https:\/\/yoast.com\/wordpress\/plugins\/seo\/ -->\n<title>Le travail \u00e0 temps partag\u00e9 : une forme de travail qui tend \u00e0 se populariser - Le Blog GERESO<\/title>\n<meta name=\"robots\" content=\"index, follow, max-snippet:-1, max-image-preview:large, max-video-preview:-1\" \/>\n<link rel=\"canonical\" href=\"https:\/\/www.gereso.com\/actualites\/2016\/03\/28\/le-travail-a-temps-partage-une-forme-de-travail-qui-tend-a-se-populariser\/\" \/>\n<meta property=\"og:locale\" content=\"fr_FR\" \/>\n<meta property=\"og:type\" content=\"article\" \/>\n<meta property=\"og:title\" content=\"Le travail \u00e0 temps partag\u00e9 : une forme de travail qui tend \u00e0 se populariser - Le Blog GERESO\" \/>\n<meta property=\"og:description\" content=\"Existant depuis 30 ans, le travail \u00e0 temps partag\u00e9 (\u00e0 ne pas confondre avec le travail \u00e0 temps partiel !) consiste pour un salari\u00e9 \u00e0 travailler pour un groupement d&#8217;employeurs, en multi-salariat ou sous forme de prestations de services. Pour les personnes concern\u00e9s, il est donc synonyme de pluriactivit\u00e9. Il ne s\u2019est r\u00e9pandu dans le [&hellip;]\" \/>\n<meta property=\"og:url\" content=\"https:\/\/www.gereso.com\/actualites\/2016\/03\/28\/le-travail-a-temps-partage-une-forme-de-travail-qui-tend-a-se-populariser\/\" \/>\n<meta property=\"og:site_name\" content=\"Le Blog GERESO\" \/>\n<meta property=\"article:published_time\" content=\"2016-03-28T10:36:17+00:00\" \/>\n<meta property=\"article:modified_time\" content=\"2023-01-05T10:53:19+00:00\" \/>\n<meta name=\"author\" content=\"\u00c9quipe GERESO\" \/>\n<meta name=\"twitter:card\" content=\"summary_large_image\" \/>\n<script type=\"application\/ld+json\" class=\"yoast-schema-graph\">{\"@context\":\"https:\/\/schema.org\",\"@graph\":[{\"@type\":\"WebPage\",\"@id\":\"https:\/\/www.gereso.com\/actualites\/2016\/03\/28\/le-travail-a-temps-partage-une-forme-de-travail-qui-tend-a-se-populariser\/\",\"url\":\"https:\/\/www.gereso.com\/actualites\/2016\/03\/28\/le-travail-a-temps-partage-une-forme-de-travail-qui-tend-a-se-populariser\/\",\"name\":\"Le travail \u00e0 temps partag\u00e9 : une forme de travail qui tend \u00e0 se populariser - Le Blog GERESO\",\"isPartOf\":{\"@id\":\"https:\/\/www.gereso.com\/actualites\/#website\"},\"datePublished\":\"2016-03-28T10:36:17+00:00\",\"dateModified\":\"2023-01-05T10:53:19+00:00\",\"author\":{\"@id\":\"https:\/\/www.gereso.com\/actualites\/#\/schema\/person\/197d8aef40cb4ae3f6a0aa9e1d3df2a6\"},\"breadcrumb\":{\"@id\":\"https:\/\/www.gereso.com\/actualites\/2016\/03\/28\/le-travail-a-temps-partage-une-forme-de-travail-qui-tend-a-se-populariser\/#breadcrumb\"},\"inLanguage\":\"fr-FR\",\"potentialAction\":[{\"@type\":\"ReadAction\",\"target\":[\"https:\/\/www.gereso.com\/actualites\/2016\/03\/28\/le-travail-a-temps-partage-une-forme-de-travail-qui-tend-a-se-populariser\/\"]}]},{\"@type\":\"BreadcrumbList\",\"@id\":\"https:\/\/www.gereso.com\/actualites\/2016\/03\/28\/le-travail-a-temps-partage-une-forme-de-travail-qui-tend-a-se-populariser\/#breadcrumb\",\"itemListElement\":[{\"@type\":\"ListItem\",\"position\":1,\"name\":\"Home\",\"item\":\"https:\/\/www.gereso.com\/actualites\/\"},{\"@type\":\"ListItem\",\"position\":2,\"name\":\"Le travail \u00e0 temps partag\u00e9 : une forme de travail qui tend \u00e0 se populariser\"}]},{\"@type\":\"WebSite\",\"@id\":\"https:\/\/www.gereso.com\/actualites\/#website\",\"url\":\"https:\/\/www.gereso.com\/actualites\/\",\"name\":\"Le Blog GERESO\",\"description\":\"Toute l&#039;actu RH, Finance, Fonction Publique, Management...\",\"potentialAction\":[{\"@type\":\"SearchAction\",\"target\":{\"@type\":\"EntryPoint\",\"urlTemplate\":\"https:\/\/www.gereso.com\/actualites\/?s={search_term_string}\"},\"query-input\":{\"@type\":\"PropertyValueSpecification\",\"valueRequired\":true,\"valueName\":\"search_term_string\"}}],\"inLanguage\":\"fr-FR\"},{\"@type\":\"Person\",\"@id\":\"https:\/\/www.gereso.com\/actualites\/#\/schema\/person\/197d8aef40cb4ae3f6a0aa9e1d3df2a6\",\"name\":\"\u00c9quipe GERESO\",\"image\":{\"@type\":\"ImageObject\",\"inLanguage\":\"fr-FR\",\"@id\":\"https:\/\/www.gereso.com\/actualites\/#\/schema\/person\/image\/\",\"url\":\"https:\/\/www.gereso.com\/actualites\/wp-content\/uploads\/2013\/12\/avatar-gereso-1.png\",\"contentUrl\":\"https:\/\/www.gereso.com\/actualites\/wp-content\/uploads\/2013\/12\/avatar-gereso-1.png\",\"caption\":\"\u00c9quipe GERESO\"},\"url\":\"https:\/\/www.gereso.com\/actualites\/author\/gereso\/\"}]}<\/script>\n<!-- \/ Yoast SEO plugin. -->","yoast_head_json":{"title":"Le travail \u00e0 temps partag\u00e9 : une forme de travail qui tend \u00e0 se populariser - Le Blog GERESO","robots":{"index":"index","follow":"follow","max-snippet":"max-snippet:-1","max-image-preview":"max-image-preview:large","max-video-preview":"max-video-preview:-1"},"canonical":"https:\/\/www.gereso.com\/actualites\/2016\/03\/28\/le-travail-a-temps-partage-une-forme-de-travail-qui-tend-a-se-populariser\/","og_locale":"fr_FR","og_type":"article","og_title":"Le travail \u00e0 temps partag\u00e9 : une forme de travail qui tend \u00e0 se populariser - Le Blog GERESO","og_description":"Existant depuis 30 ans, le travail \u00e0 temps partag\u00e9 (\u00e0 ne pas confondre avec le travail \u00e0 temps partiel !) consiste pour un salari\u00e9 \u00e0 travailler pour un groupement d&#8217;employeurs, en multi-salariat ou sous forme de prestations de services. Pour les personnes concern\u00e9s, il est donc synonyme de pluriactivit\u00e9. Il ne s\u2019est r\u00e9pandu dans le [&hellip;]","og_url":"https:\/\/www.gereso.com\/actualites\/2016\/03\/28\/le-travail-a-temps-partage-une-forme-de-travail-qui-tend-a-se-populariser\/","og_site_name":"Le Blog GERESO","article_published_time":"2016-03-28T10:36:17+00:00","article_modified_time":"2023-01-05T10:53:19+00:00","author":"\u00c9quipe GERESO","twitter_card":"summary_large_image","schema":{"@context":"https:\/\/schema.org","@graph":[{"@type":"WebPage","@id":"https:\/\/www.gereso.com\/actualites\/2016\/03\/28\/le-travail-a-temps-partage-une-forme-de-travail-qui-tend-a-se-populariser\/","url":"https:\/\/www.gereso.com\/actualites\/2016\/03\/28\/le-travail-a-temps-partage-une-forme-de-travail-qui-tend-a-se-populariser\/","name":"Le travail \u00e0 temps partag\u00e9 : une forme de travail qui tend \u00e0 se populariser - Le Blog GERESO","isPartOf":{"@id":"https:\/\/www.gereso.com\/actualites\/#website"},"datePublished":"2016-03-28T10:36:17+00:00","dateModified":"2023-01-05T10:53:19+00:00","author":{"@id":"https:\/\/www.gereso.com\/actualites\/#\/schema\/person\/197d8aef40cb4ae3f6a0aa9e1d3df2a6"},"breadcrumb":{"@id":"https:\/\/www.gereso.com\/actualites\/2016\/03\/28\/le-travail-a-temps-partage-une-forme-de-travail-qui-tend-a-se-populariser\/#breadcrumb"},"inLanguage":"fr-FR","potentialAction":[{"@type":"ReadAction","target":["https:\/\/www.gereso.com\/actualites\/2016\/03\/28\/le-travail-a-temps-partage-une-forme-de-travail-qui-tend-a-se-populariser\/"]}]},{"@type":"BreadcrumbList","@id":"https:\/\/www.gereso.com\/actualites\/2016\/03\/28\/le-travail-a-temps-partage-une-forme-de-travail-qui-tend-a-se-populariser\/#breadcrumb","itemListElement":[{"@type":"ListItem","position":1,"name":"Home","item":"https:\/\/www.gereso.com\/actualites\/"},{"@type":"ListItem","position":2,"name":"Le travail \u00e0 temps partag\u00e9 : une forme de travail qui tend \u00e0 se populariser"}]},{"@type":"WebSite","@id":"https:\/\/www.gereso.com\/actualites\/#website","url":"https:\/\/www.gereso.com\/actualites\/","name":"Le Blog GERESO","description":"Toute l&#039;actu RH, Finance, Fonction Publique, Management...","potentialAction":[{"@type":"SearchAction","target":{"@type":"EntryPoint","urlTemplate":"https:\/\/www.gereso.com\/actualites\/?s={search_term_string}"},"query-input":{"@type":"PropertyValueSpecification","valueRequired":true,"valueName":"search_term_string"}}],"inLanguage":"fr-FR"},{"@type":"Person","@id":"https:\/\/www.gereso.com\/actualites\/#\/schema\/person\/197d8aef40cb4ae3f6a0aa9e1d3df2a6","name":"\u00c9quipe GERESO","image":{"@type":"ImageObject","inLanguage":"fr-FR","@id":"https:\/\/www.gereso.com\/actualites\/#\/schema\/person\/image\/","url":"https:\/\/www.gereso.com\/actualites\/wp-content\/uploads\/2013\/12\/avatar-gereso-1.png","contentUrl":"https:\/\/www.gereso.com\/actualites\/wp-content\/uploads\/2013\/12\/avatar-gereso-1.png","caption":"\u00c9quipe GERESO"},"url":"https:\/\/www.gereso.com\/actualites\/author\/gereso\/"}]}},"_links":{"self":[{"href":"https:\/\/www.gereso.com\/actualites\/wp-json\/wp\/v2\/posts\/5201","targetHints":{"allow":["GET"]}}],"collection":[{"href":"https:\/\/www.gereso.com\/actualites\/wp-json\/wp\/v2\/posts"}],"about":[{"href":"https:\/\/www.gereso.com\/actualites\/wp-json\/wp\/v2\/types\/post"}],"author":[{"embeddable":true,"href":"https:\/\/www.gereso.com\/actualites\/wp-json\/wp\/v2\/users\/32"}],"replies":[{"embeddable":true,"href":"https:\/\/www.gereso.com\/actualites\/wp-json\/wp\/v2\/comments?post=5201"}],"version-history":[{"count":3,"href":"https:\/\/www.gereso.com\/actualites\/wp-json\/wp\/v2\/posts\/5201\/revisions"}],"predecessor-version":[{"id":32532,"href":"https:\/\/www.gereso.com\/actualites\/wp-json\/wp\/v2\/posts\/5201\/revisions\/32532"}],"wp:attachment":[{"href":"https:\/\/www.gereso.com\/actualites\/wp-json\/wp\/v2\/media?parent=5201"}],"wp:term":[{"taxonomy":"category","embeddable":true,"href":"https:\/\/www.gereso.com\/actualites\/wp-json\/wp\/v2\/categories?post=5201"},{"taxonomy":"post_tag","embeddable":true,"href":"https:\/\/www.gereso.com\/actualites\/wp-json\/wp\/v2\/tags?post=5201"}],"curies":[{"name":"wp","href":"https:\/\/api.w.org\/{rel}","templated":true}]}}