{"id":5203,"date":"2016-03-28T14:16:19","date_gmt":"2016-03-28T13:16:19","guid":{"rendered":"https:\/\/www.gereso.com\/actualites\/?p=5203"},"modified":"2016-03-23T11:07:32","modified_gmt":"2016-03-23T10:07:32","slug":"licenciement-le-deuxieme-alinea-de-larticle-3141-26-du-code-du-travail-declare-inconstitutionnel","status":"publish","type":"post","link":"https:\/\/www.gereso.com\/actualites\/2016\/03\/28\/licenciement-le-deuxieme-alinea-de-larticle-3141-26-du-code-du-travail-declare-inconstitutionnel\/","title":{"rendered":"Licenciement : le deuxi\u00e8me alin\u00e9a de l\u2019article 3141-26 du Code du travail d\u00e9clar\u00e9 inconstitutionnel"},"content":{"rendered":"<p style=\"text-align: justify;\">L\u2019article L.3141-26 du code de travail, mentionnant dans son deuxi\u00e8me alin\u00e9a que \u00ab\u00a0d\u00e8s lors que la rupture du contrat de travail n\u2019a pas \u00e9t\u00e9 provoqu\u00e9e par la <strong>faute lourde du salari\u00e9&#8230;<\/strong> \u00bb est depuis le 2 mars 2016, <strong>d\u00e9clar\u00e9 inconstitutionnel<\/strong>.<\/p>\n<p style=\"text-align: justify;\">\u00c0 titre d\u2019information, la Cour de cassation avait saisi, le Conseil constitutionnel pour une <strong>Question prioritaire de Constitutionnalit\u00e9<\/strong> (QPC) portant sur la <strong>privation de l\u2019indemnit\u00e9 compensatrice de cong\u00e9<\/strong> d\u00e9termin\u00e9e dans le cadre d\u2019un licenciement d\u2019un employ\u00e9 pour faute lourde. (<a href=\"https:\/\/www.legifrance.gouv.fr\/affichCodeArticle.do?idArticle=LEGIARTI000006902663&amp;cidTexte=LEGITEXT000006072050\" target=\"_blank\" rel=\"nofollow\">C. trav. Art. L.3141-26, al. 2<\/a>)<\/p>\n<p style=\"text-align: justify;\">Le Conseil constitutionnel a tranch\u00e9 que cette mesure contest\u00e9e ne conna\u00eet pas le <strong>principe d\u2019\u00e9galit\u00e9 devant la loi<\/strong>.<\/p>\n<p style=\"text-align: justify;\">Cette d\u00e9claration d\u2019inconstitutionnalit\u00e9 prend effet \u00e0 partir de la publication de cette d\u00e9cision au Journal officiel (JO).\u00a0 Elle peut faire alors l\u2019objet d\u2019une invocation pour les instances introduites \u00e0 compter de cette date et celles n\u2019ayant pas fait l\u2019objet d\u2019un jugement d\u00e9finitif.<\/p>\n<p style=\"text-align: justify;\">Source\u00a0: <a href=\"http:\/\/www.conseil-constitutionnel.fr\/conseil-constitutionnel\/francais\/les-decisions\/acces-par-date\/decisions-depuis-1959\/2016\/2015-523-qpc\/decision-n-2015-523-qpc-du-2-mars-2016.147041.html\" target=\"_blank\" rel=\"nofollow\">D\u00e9cision 2015-523 question prioritaire de Constitutionnalit\u00e9 (QPC) du 2 mars 2016<\/a><\/p>\n","protected":false},"excerpt":{"rendered":"<p>L\u2019article L.3141-26 du code de travail, mentionnant dans son deuxi\u00e8me alin\u00e9a que \u00ab\u00a0d\u00e8s lors que la rupture du contrat de travail n\u2019a pas \u00e9t\u00e9 provoqu\u00e9e par la faute lourde du salari\u00e9&#8230; \u00bb est depuis le 2 mars 2016, d\u00e9clar\u00e9 inconstitutionnel. \u00c0 titre d\u2019information, la Cour de cassation avait saisi, le Conseil constitutionnel pour une Question [&hellip;]<\/p>\n","protected":false},"author":32,"featured_media":0,"comment_status":"open","ping_status":"open","sticky":false,"template":"","format":"quote","meta":{"_acf_changed":false,"_mi_skip_tracking":false,"footnotes":""},"categories":[5],"tags":[367,28,604],"class_list":["post-5203","post","type-post","status-publish","format-quote","hentry","category-droit-du-travail","tag-faute-grave","tag-licenciement","tag-rupture","post_format-post-format-quote"],"acf":[],"yoast_head":"<!-- This site is optimized with the Yoast SEO plugin v23.4 - https:\/\/yoast.com\/wordpress\/plugins\/seo\/ -->\n<title>Licenciement : le deuxi\u00e8me alin\u00e9a de l\u2019article 3141-26 du Code du travail d\u00e9clar\u00e9 inconstitutionnel - Le Blog GERESO<\/title>\n<meta name=\"robots\" content=\"index, follow, max-snippet:-1, max-image-preview:large, max-video-preview:-1\" \/>\n<link rel=\"canonical\" href=\"https:\/\/www.gereso.com\/actualites\/2016\/03\/28\/licenciement-le-deuxieme-alinea-de-larticle-3141-26-du-code-du-travail-declare-inconstitutionnel\/\" \/>\n<meta property=\"og:locale\" content=\"fr_FR\" \/>\n<meta property=\"og:type\" content=\"article\" \/>\n<meta property=\"og:title\" content=\"Licenciement : le deuxi\u00e8me alin\u00e9a de l\u2019article 3141-26 du Code du travail d\u00e9clar\u00e9 inconstitutionnel - Le Blog GERESO\" \/>\n<meta property=\"og:description\" content=\"L\u2019article L.3141-26 du code de travail, mentionnant dans son deuxi\u00e8me alin\u00e9a que \u00ab\u00a0d\u00e8s lors que la rupture du contrat de travail n\u2019a pas \u00e9t\u00e9 provoqu\u00e9e par la faute lourde du salari\u00e9&#8230; \u00bb est depuis le 2 mars 2016, d\u00e9clar\u00e9 inconstitutionnel. \u00c0 titre d\u2019information, la Cour de cassation avait saisi, le Conseil constitutionnel pour une Question [&hellip;]\" \/>\n<meta property=\"og:url\" content=\"https:\/\/www.gereso.com\/actualites\/2016\/03\/28\/licenciement-le-deuxieme-alinea-de-larticle-3141-26-du-code-du-travail-declare-inconstitutionnel\/\" \/>\n<meta property=\"og:site_name\" content=\"Le Blog GERESO\" \/>\n<meta property=\"article:published_time\" content=\"2016-03-28T13:16:19+00:00\" \/>\n<meta property=\"article:modified_time\" content=\"2016-03-23T10:07:32+00:00\" \/>\n<meta name=\"author\" content=\"\u00c9quipe GERESO\" \/>\n<meta name=\"twitter:card\" content=\"summary_large_image\" \/>\n<script type=\"application\/ld+json\" class=\"yoast-schema-graph\">{\"@context\":\"https:\/\/schema.org\",\"@graph\":[{\"@type\":\"WebPage\",\"@id\":\"https:\/\/www.gereso.com\/actualites\/2016\/03\/28\/licenciement-le-deuxieme-alinea-de-larticle-3141-26-du-code-du-travail-declare-inconstitutionnel\/\",\"url\":\"https:\/\/www.gereso.com\/actualites\/2016\/03\/28\/licenciement-le-deuxieme-alinea-de-larticle-3141-26-du-code-du-travail-declare-inconstitutionnel\/\",\"name\":\"Licenciement : le deuxi\u00e8me alin\u00e9a de l\u2019article 3141-26 du Code du travail d\u00e9clar\u00e9 inconstitutionnel - Le Blog GERESO\",\"isPartOf\":{\"@id\":\"https:\/\/www.gereso.com\/actualites\/#website\"},\"datePublished\":\"2016-03-28T13:16:19+00:00\",\"dateModified\":\"2016-03-23T10:07:32+00:00\",\"author\":{\"@id\":\"https:\/\/www.gereso.com\/actualites\/#\/schema\/person\/197d8aef40cb4ae3f6a0aa9e1d3df2a6\"},\"breadcrumb\":{\"@id\":\"https:\/\/www.gereso.com\/actualites\/2016\/03\/28\/licenciement-le-deuxieme-alinea-de-larticle-3141-26-du-code-du-travail-declare-inconstitutionnel\/#breadcrumb\"},\"inLanguage\":\"fr-FR\",\"potentialAction\":[{\"@type\":\"ReadAction\",\"target\":[\"https:\/\/www.gereso.com\/actualites\/2016\/03\/28\/licenciement-le-deuxieme-alinea-de-larticle-3141-26-du-code-du-travail-declare-inconstitutionnel\/\"]}]},{\"@type\":\"BreadcrumbList\",\"@id\":\"https:\/\/www.gereso.com\/actualites\/2016\/03\/28\/licenciement-le-deuxieme-alinea-de-larticle-3141-26-du-code-du-travail-declare-inconstitutionnel\/#breadcrumb\",\"itemListElement\":[{\"@type\":\"ListItem\",\"position\":1,\"name\":\"Home\",\"item\":\"https:\/\/www.gereso.com\/actualites\/\"},{\"@type\":\"ListItem\",\"position\":2,\"name\":\"Licenciement : le deuxi\u00e8me alin\u00e9a de l\u2019article 3141-26 du Code du travail d\u00e9clar\u00e9 inconstitutionnel\"}]},{\"@type\":\"WebSite\",\"@id\":\"https:\/\/www.gereso.com\/actualites\/#website\",\"url\":\"https:\/\/www.gereso.com\/actualites\/\",\"name\":\"Le Blog GERESO\",\"description\":\"Toute l&#039;actu RH, Finance, Fonction Publique, Management...\",\"potentialAction\":[{\"@type\":\"SearchAction\",\"target\":{\"@type\":\"EntryPoint\",\"urlTemplate\":\"https:\/\/www.gereso.com\/actualites\/?s={search_term_string}\"},\"query-input\":{\"@type\":\"PropertyValueSpecification\",\"valueRequired\":true,\"valueName\":\"search_term_string\"}}],\"inLanguage\":\"fr-FR\"},{\"@type\":\"Person\",\"@id\":\"https:\/\/www.gereso.com\/actualites\/#\/schema\/person\/197d8aef40cb4ae3f6a0aa9e1d3df2a6\",\"name\":\"\u00c9quipe GERESO\",\"image\":{\"@type\":\"ImageObject\",\"inLanguage\":\"fr-FR\",\"@id\":\"https:\/\/www.gereso.com\/actualites\/#\/schema\/person\/image\/\",\"url\":\"https:\/\/www.gereso.com\/actualites\/wp-content\/uploads\/2013\/12\/avatar-gereso-1.png\",\"contentUrl\":\"https:\/\/www.gereso.com\/actualites\/wp-content\/uploads\/2013\/12\/avatar-gereso-1.png\",\"caption\":\"\u00c9quipe GERESO\"},\"url\":\"https:\/\/www.gereso.com\/actualites\/author\/gereso\/\"}]}<\/script>\n<!-- \/ Yoast SEO plugin. -->","yoast_head_json":{"title":"Licenciement : le deuxi\u00e8me alin\u00e9a de l\u2019article 3141-26 du Code du travail d\u00e9clar\u00e9 inconstitutionnel - Le Blog GERESO","robots":{"index":"index","follow":"follow","max-snippet":"max-snippet:-1","max-image-preview":"max-image-preview:large","max-video-preview":"max-video-preview:-1"},"canonical":"https:\/\/www.gereso.com\/actualites\/2016\/03\/28\/licenciement-le-deuxieme-alinea-de-larticle-3141-26-du-code-du-travail-declare-inconstitutionnel\/","og_locale":"fr_FR","og_type":"article","og_title":"Licenciement : le deuxi\u00e8me alin\u00e9a de l\u2019article 3141-26 du Code du travail d\u00e9clar\u00e9 inconstitutionnel - Le Blog GERESO","og_description":"L\u2019article L.3141-26 du code de travail, mentionnant dans son deuxi\u00e8me alin\u00e9a que \u00ab\u00a0d\u00e8s lors que la rupture du contrat de travail n\u2019a pas \u00e9t\u00e9 provoqu\u00e9e par la faute lourde du salari\u00e9&#8230; \u00bb est depuis le 2 mars 2016, d\u00e9clar\u00e9 inconstitutionnel. \u00c0 titre d\u2019information, la Cour de cassation avait saisi, le Conseil constitutionnel pour une Question [&hellip;]","og_url":"https:\/\/www.gereso.com\/actualites\/2016\/03\/28\/licenciement-le-deuxieme-alinea-de-larticle-3141-26-du-code-du-travail-declare-inconstitutionnel\/","og_site_name":"Le Blog GERESO","article_published_time":"2016-03-28T13:16:19+00:00","article_modified_time":"2016-03-23T10:07:32+00:00","author":"\u00c9quipe GERESO","twitter_card":"summary_large_image","schema":{"@context":"https:\/\/schema.org","@graph":[{"@type":"WebPage","@id":"https:\/\/www.gereso.com\/actualites\/2016\/03\/28\/licenciement-le-deuxieme-alinea-de-larticle-3141-26-du-code-du-travail-declare-inconstitutionnel\/","url":"https:\/\/www.gereso.com\/actualites\/2016\/03\/28\/licenciement-le-deuxieme-alinea-de-larticle-3141-26-du-code-du-travail-declare-inconstitutionnel\/","name":"Licenciement : le deuxi\u00e8me alin\u00e9a de l\u2019article 3141-26 du Code du travail d\u00e9clar\u00e9 inconstitutionnel - Le Blog GERESO","isPartOf":{"@id":"https:\/\/www.gereso.com\/actualites\/#website"},"datePublished":"2016-03-28T13:16:19+00:00","dateModified":"2016-03-23T10:07:32+00:00","author":{"@id":"https:\/\/www.gereso.com\/actualites\/#\/schema\/person\/197d8aef40cb4ae3f6a0aa9e1d3df2a6"},"breadcrumb":{"@id":"https:\/\/www.gereso.com\/actualites\/2016\/03\/28\/licenciement-le-deuxieme-alinea-de-larticle-3141-26-du-code-du-travail-declare-inconstitutionnel\/#breadcrumb"},"inLanguage":"fr-FR","potentialAction":[{"@type":"ReadAction","target":["https:\/\/www.gereso.com\/actualites\/2016\/03\/28\/licenciement-le-deuxieme-alinea-de-larticle-3141-26-du-code-du-travail-declare-inconstitutionnel\/"]}]},{"@type":"BreadcrumbList","@id":"https:\/\/www.gereso.com\/actualites\/2016\/03\/28\/licenciement-le-deuxieme-alinea-de-larticle-3141-26-du-code-du-travail-declare-inconstitutionnel\/#breadcrumb","itemListElement":[{"@type":"ListItem","position":1,"name":"Home","item":"https:\/\/www.gereso.com\/actualites\/"},{"@type":"ListItem","position":2,"name":"Licenciement : le deuxi\u00e8me alin\u00e9a de l\u2019article 3141-26 du Code du travail d\u00e9clar\u00e9 inconstitutionnel"}]},{"@type":"WebSite","@id":"https:\/\/www.gereso.com\/actualites\/#website","url":"https:\/\/www.gereso.com\/actualites\/","name":"Le Blog GERESO","description":"Toute l&#039;actu RH, Finance, Fonction Publique, Management...","potentialAction":[{"@type":"SearchAction","target":{"@type":"EntryPoint","urlTemplate":"https:\/\/www.gereso.com\/actualites\/?s={search_term_string}"},"query-input":{"@type":"PropertyValueSpecification","valueRequired":true,"valueName":"search_term_string"}}],"inLanguage":"fr-FR"},{"@type":"Person","@id":"https:\/\/www.gereso.com\/actualites\/#\/schema\/person\/197d8aef40cb4ae3f6a0aa9e1d3df2a6","name":"\u00c9quipe GERESO","image":{"@type":"ImageObject","inLanguage":"fr-FR","@id":"https:\/\/www.gereso.com\/actualites\/#\/schema\/person\/image\/","url":"https:\/\/www.gereso.com\/actualites\/wp-content\/uploads\/2013\/12\/avatar-gereso-1.png","contentUrl":"https:\/\/www.gereso.com\/actualites\/wp-content\/uploads\/2013\/12\/avatar-gereso-1.png","caption":"\u00c9quipe GERESO"},"url":"https:\/\/www.gereso.com\/actualites\/author\/gereso\/"}]}},"_links":{"self":[{"href":"https:\/\/www.gereso.com\/actualites\/wp-json\/wp\/v2\/posts\/5203","targetHints":{"allow":["GET"]}}],"collection":[{"href":"https:\/\/www.gereso.com\/actualites\/wp-json\/wp\/v2\/posts"}],"about":[{"href":"https:\/\/www.gereso.com\/actualites\/wp-json\/wp\/v2\/types\/post"}],"author":[{"embeddable":true,"href":"https:\/\/www.gereso.com\/actualites\/wp-json\/wp\/v2\/users\/32"}],"replies":[{"embeddable":true,"href":"https:\/\/www.gereso.com\/actualites\/wp-json\/wp\/v2\/comments?post=5203"}],"version-history":[{"count":4,"href":"https:\/\/www.gereso.com\/actualites\/wp-json\/wp\/v2\/posts\/5203\/revisions"}],"predecessor-version":[{"id":5514,"href":"https:\/\/www.gereso.com\/actualites\/wp-json\/wp\/v2\/posts\/5203\/revisions\/5514"}],"wp:attachment":[{"href":"https:\/\/www.gereso.com\/actualites\/wp-json\/wp\/v2\/media?parent=5203"}],"wp:term":[{"taxonomy":"category","embeddable":true,"href":"https:\/\/www.gereso.com\/actualites\/wp-json\/wp\/v2\/categories?post=5203"},{"taxonomy":"post_tag","embeddable":true,"href":"https:\/\/www.gereso.com\/actualites\/wp-json\/wp\/v2\/tags?post=5203"}],"curies":[{"name":"wp","href":"https:\/\/api.w.org\/{rel}","templated":true}]}}