{"id":5375,"date":"2016-03-30T10:10:29","date_gmt":"2016-03-30T09:10:29","guid":{"rendered":"https:\/\/www.gereso.com\/actualites\/?p=5375"},"modified":"2016-03-23T11:10:06","modified_gmt":"2016-03-23T10:10:06","slug":"chomage-la-france-a-la-9e-place-en-europe","status":"publish","type":"post","link":"https:\/\/www.gereso.com\/actualites\/2016\/03\/30\/chomage-la-france-a-la-9e-place-en-europe\/","title":{"rendered":"Ch\u00f4mage : la france \u00e0 la 9e place en Europe"},"content":{"rendered":"<p>Pour augmenter la comp\u00e9titive des entreprises fran\u00e7aises, le gouvernement Hollande a lanc\u00e9 le 21 janvier 2014 <strong><em>\u00ab\u00a0le pacte de responsabilit\u00e9 et de solidarit\u00e9\u00a0\u00bb<\/em><\/strong>.<\/p>\n<p>Dans son discours du 8 avril 2014, lors de la d\u00e9claration de politique g\u00e9n\u00e9rale, le premier ministre Manuel Valls a pr\u00e9cis\u00e9 que cette mesure avait pour but de <strong>favoriser les conditions de cr\u00e9ation d\u2019emplois<\/strong>, selon trois points\u00a0:<\/p>\n<ul>\n<li>La r\u00e9duction du co\u00fbt de travail<\/li>\n<li>La baisse des imp\u00f4ts des entreprises<\/li>\n<li>La simplification de la vie des entreprises<\/li>\n<\/ul>\n<p>\u00c0 rappeler que ce pacte est associ\u00e9 le 1<sup>er<\/sup> janvier 2015 au <strong>Cr\u00e9dit d\u2019imp\u00f4t pour la comp\u00e9titivit\u00e9 et l\u2019emploi<\/strong> (CICE) mis en place le 1<sup>er<\/sup> janvier 2013. L\u2019objectif \u00e9tant de non seulement diminuer le co\u00fbt du travail, mais aussi de baisser la fiscalit\u00e9 des entreprises, ce qui permettrait de r\u00e9duire le taux de ch\u00f4mage dans le territoire fran\u00e7ais.<\/p>\n<p>Cependant, le pacte a \u00e0 peine chang\u00e9 la situation.<strong> 10,2% de la population active en France est encore sans-emploi<\/strong>, face \u00e0 un recul \u00e0 9% du taux de ch\u00f4mage en Union europ\u00e9enne (UE).<\/p>\n<p>En effet,\u00a0l\u2019office statistique de l\u2019Union europ\u00e9enne, Eurostat, a publi\u00e9 r\u00e9cemment dans son enqu\u00eate intitul\u00e9e\u00a0<em>\u00abLe taux de ch\u00f4mage dans l\u2019UE 2015\u00a0\u00bb<\/em> que <strong>la France est en 9<sup>e<\/sup> place des \u00c9tats les plus affect\u00e9s par le ch\u00f4mage.<\/strong> Les pays avec un taux nettement faible sont l\u2019Allemagne et le R\u00e9publique tch\u00e8que, avec seulement 4,5% de personnes sans emploi.<\/p>\n<p>Pour le cas du Royaume-Uni et l\u2019Allemagne, la m\u00e9thode consiste en :<\/p>\n<ul>\n<li>L\u2019assouplissement des conditions de licenciement<\/li>\n<li>Le renforcement des modalit\u00e9s d\u2019indemnisation des ch\u00f4meurs<\/li>\n<li>La conception de nouveaux contrats de travail plus flexibles<\/li>\n<li>L\u2019existence d\u2019une d\u00e9mographie avantageuse\u00a0(800\u00a0000 jeunes candidats remplacent 850\u00a0000 s\u00e9niors chaque ann\u00e9e sur le march\u00e9 de l\u2019emploi)<\/li>\n<\/ul>\n<p>D\u2019apr\u00e8s l\u2019analyse de l\u2019union nationale interprofessionnelle pour l\u2019emploi dans l\u2019industrie et le commerce (Un\u00e9dic), le taux du ch\u00f4mage en France n\u2019atteindra pas en dessous de 10% que d\u2019ici 2017.<\/p>\n<p>Texte de r\u00e9f\u00e9rence\u00a0: <a href=\"http:\/\/www.myrhline.com\/actualite-rh\/chomage-en-quoi-nos-voisins-europeens-s-en-sortent-mieux.html\" target=\"_blank\" rel=\"nofollow\">\u00ab\u00a0Ch\u00f4mage\u00a0: en quoi nos voisins europ\u00e9ens s\u2019en sortent mieux\u00a0!\u00a0\u00bb<\/a><\/p>\n","protected":false},"excerpt":{"rendered":"<p>Pour augmenter la comp\u00e9titive des entreprises fran\u00e7aises, le gouvernement Hollande a lanc\u00e9 le 21 janvier 2014 \u00ab\u00a0le pacte de responsabilit\u00e9 et de solidarit\u00e9\u00a0\u00bb. Dans son discours du 8 avril 2014, lors de la d\u00e9claration de politique g\u00e9n\u00e9rale, le premier ministre Manuel Valls a pr\u00e9cis\u00e9 que cette mesure avait pour but de favoriser les conditions de [&hellip;]<\/p>\n","protected":false},"author":32,"featured_media":0,"comment_status":"open","ping_status":"open","sticky":false,"template":"","format":"quote","meta":{"_acf_changed":false,"_mi_skip_tracking":false,"footnotes":""},"categories":[4],"tags":[477,379,553],"class_list":["post-5375","post","type-post","status-publish","format-quote","hentry","category-retraite-et-protection-sociale","tag-assurance-chomage","tag-chomage","tag-emploi","post_format-post-format-quote"],"acf":[],"yoast_head":"<!-- This site is optimized with the Yoast SEO plugin v23.4 - https:\/\/yoast.com\/wordpress\/plugins\/seo\/ -->\n<title>Ch\u00f4mage : la france \u00e0 la 9e place en Europe - Le Blog GERESO<\/title>\n<meta name=\"robots\" content=\"index, follow, max-snippet:-1, max-image-preview:large, max-video-preview:-1\" \/>\n<link rel=\"canonical\" href=\"https:\/\/www.gereso.com\/actualites\/2016\/03\/30\/chomage-la-france-a-la-9e-place-en-europe\/\" \/>\n<meta property=\"og:locale\" content=\"fr_FR\" \/>\n<meta property=\"og:type\" content=\"article\" \/>\n<meta property=\"og:title\" content=\"Ch\u00f4mage : la france \u00e0 la 9e place en Europe - Le Blog GERESO\" \/>\n<meta property=\"og:description\" content=\"Pour augmenter la comp\u00e9titive des entreprises fran\u00e7aises, le gouvernement Hollande a lanc\u00e9 le 21 janvier 2014 \u00ab\u00a0le pacte de responsabilit\u00e9 et de solidarit\u00e9\u00a0\u00bb. Dans son discours du 8 avril 2014, lors de la d\u00e9claration de politique g\u00e9n\u00e9rale, le premier ministre Manuel Valls a pr\u00e9cis\u00e9 que cette mesure avait pour but de favoriser les conditions de [&hellip;]\" \/>\n<meta property=\"og:url\" content=\"https:\/\/www.gereso.com\/actualites\/2016\/03\/30\/chomage-la-france-a-la-9e-place-en-europe\/\" \/>\n<meta property=\"og:site_name\" content=\"Le Blog GERESO\" \/>\n<meta property=\"article:published_time\" content=\"2016-03-30T09:10:29+00:00\" \/>\n<meta property=\"article:modified_time\" content=\"2016-03-23T10:10:06+00:00\" \/>\n<meta name=\"author\" content=\"\u00c9quipe GERESO\" \/>\n<meta name=\"twitter:card\" content=\"summary_large_image\" \/>\n<script type=\"application\/ld+json\" class=\"yoast-schema-graph\">{\"@context\":\"https:\/\/schema.org\",\"@graph\":[{\"@type\":\"WebPage\",\"@id\":\"https:\/\/www.gereso.com\/actualites\/2016\/03\/30\/chomage-la-france-a-la-9e-place-en-europe\/\",\"url\":\"https:\/\/www.gereso.com\/actualites\/2016\/03\/30\/chomage-la-france-a-la-9e-place-en-europe\/\",\"name\":\"Ch\u00f4mage : la france \u00e0 la 9e place en Europe - Le Blog GERESO\",\"isPartOf\":{\"@id\":\"https:\/\/www.gereso.com\/actualites\/#website\"},\"datePublished\":\"2016-03-30T09:10:29+00:00\",\"dateModified\":\"2016-03-23T10:10:06+00:00\",\"author\":{\"@id\":\"https:\/\/www.gereso.com\/actualites\/#\/schema\/person\/197d8aef40cb4ae3f6a0aa9e1d3df2a6\"},\"breadcrumb\":{\"@id\":\"https:\/\/www.gereso.com\/actualites\/2016\/03\/30\/chomage-la-france-a-la-9e-place-en-europe\/#breadcrumb\"},\"inLanguage\":\"fr-FR\",\"potentialAction\":[{\"@type\":\"ReadAction\",\"target\":[\"https:\/\/www.gereso.com\/actualites\/2016\/03\/30\/chomage-la-france-a-la-9e-place-en-europe\/\"]}]},{\"@type\":\"BreadcrumbList\",\"@id\":\"https:\/\/www.gereso.com\/actualites\/2016\/03\/30\/chomage-la-france-a-la-9e-place-en-europe\/#breadcrumb\",\"itemListElement\":[{\"@type\":\"ListItem\",\"position\":1,\"name\":\"Home\",\"item\":\"https:\/\/www.gereso.com\/actualites\/\"},{\"@type\":\"ListItem\",\"position\":2,\"name\":\"Ch\u00f4mage : la france \u00e0 la 9e place en Europe\"}]},{\"@type\":\"WebSite\",\"@id\":\"https:\/\/www.gereso.com\/actualites\/#website\",\"url\":\"https:\/\/www.gereso.com\/actualites\/\",\"name\":\"Le Blog GERESO\",\"description\":\"Toute l&#039;actu RH, Finance, Fonction Publique, Management...\",\"potentialAction\":[{\"@type\":\"SearchAction\",\"target\":{\"@type\":\"EntryPoint\",\"urlTemplate\":\"https:\/\/www.gereso.com\/actualites\/?s={search_term_string}\"},\"query-input\":{\"@type\":\"PropertyValueSpecification\",\"valueRequired\":true,\"valueName\":\"search_term_string\"}}],\"inLanguage\":\"fr-FR\"},{\"@type\":\"Person\",\"@id\":\"https:\/\/www.gereso.com\/actualites\/#\/schema\/person\/197d8aef40cb4ae3f6a0aa9e1d3df2a6\",\"name\":\"\u00c9quipe GERESO\",\"image\":{\"@type\":\"ImageObject\",\"inLanguage\":\"fr-FR\",\"@id\":\"https:\/\/www.gereso.com\/actualites\/#\/schema\/person\/image\/\",\"url\":\"https:\/\/www.gereso.com\/actualites\/wp-content\/uploads\/2013\/12\/avatar-gereso-1.png\",\"contentUrl\":\"https:\/\/www.gereso.com\/actualites\/wp-content\/uploads\/2013\/12\/avatar-gereso-1.png\",\"caption\":\"\u00c9quipe GERESO\"},\"url\":\"https:\/\/www.gereso.com\/actualites\/author\/gereso\/\"}]}<\/script>\n<!-- \/ Yoast SEO plugin. -->","yoast_head_json":{"title":"Ch\u00f4mage : la france \u00e0 la 9e place en Europe - Le Blog GERESO","robots":{"index":"index","follow":"follow","max-snippet":"max-snippet:-1","max-image-preview":"max-image-preview:large","max-video-preview":"max-video-preview:-1"},"canonical":"https:\/\/www.gereso.com\/actualites\/2016\/03\/30\/chomage-la-france-a-la-9e-place-en-europe\/","og_locale":"fr_FR","og_type":"article","og_title":"Ch\u00f4mage : la france \u00e0 la 9e place en Europe - Le Blog GERESO","og_description":"Pour augmenter la comp\u00e9titive des entreprises fran\u00e7aises, le gouvernement Hollande a lanc\u00e9 le 21 janvier 2014 \u00ab\u00a0le pacte de responsabilit\u00e9 et de solidarit\u00e9\u00a0\u00bb. Dans son discours du 8 avril 2014, lors de la d\u00e9claration de politique g\u00e9n\u00e9rale, le premier ministre Manuel Valls a pr\u00e9cis\u00e9 que cette mesure avait pour but de favoriser les conditions de [&hellip;]","og_url":"https:\/\/www.gereso.com\/actualites\/2016\/03\/30\/chomage-la-france-a-la-9e-place-en-europe\/","og_site_name":"Le Blog GERESO","article_published_time":"2016-03-30T09:10:29+00:00","article_modified_time":"2016-03-23T10:10:06+00:00","author":"\u00c9quipe GERESO","twitter_card":"summary_large_image","schema":{"@context":"https:\/\/schema.org","@graph":[{"@type":"WebPage","@id":"https:\/\/www.gereso.com\/actualites\/2016\/03\/30\/chomage-la-france-a-la-9e-place-en-europe\/","url":"https:\/\/www.gereso.com\/actualites\/2016\/03\/30\/chomage-la-france-a-la-9e-place-en-europe\/","name":"Ch\u00f4mage : la france \u00e0 la 9e place en Europe - Le Blog GERESO","isPartOf":{"@id":"https:\/\/www.gereso.com\/actualites\/#website"},"datePublished":"2016-03-30T09:10:29+00:00","dateModified":"2016-03-23T10:10:06+00:00","author":{"@id":"https:\/\/www.gereso.com\/actualites\/#\/schema\/person\/197d8aef40cb4ae3f6a0aa9e1d3df2a6"},"breadcrumb":{"@id":"https:\/\/www.gereso.com\/actualites\/2016\/03\/30\/chomage-la-france-a-la-9e-place-en-europe\/#breadcrumb"},"inLanguage":"fr-FR","potentialAction":[{"@type":"ReadAction","target":["https:\/\/www.gereso.com\/actualites\/2016\/03\/30\/chomage-la-france-a-la-9e-place-en-europe\/"]}]},{"@type":"BreadcrumbList","@id":"https:\/\/www.gereso.com\/actualites\/2016\/03\/30\/chomage-la-france-a-la-9e-place-en-europe\/#breadcrumb","itemListElement":[{"@type":"ListItem","position":1,"name":"Home","item":"https:\/\/www.gereso.com\/actualites\/"},{"@type":"ListItem","position":2,"name":"Ch\u00f4mage : la france \u00e0 la 9e place en Europe"}]},{"@type":"WebSite","@id":"https:\/\/www.gereso.com\/actualites\/#website","url":"https:\/\/www.gereso.com\/actualites\/","name":"Le Blog GERESO","description":"Toute l&#039;actu RH, Finance, Fonction Publique, Management...","potentialAction":[{"@type":"SearchAction","target":{"@type":"EntryPoint","urlTemplate":"https:\/\/www.gereso.com\/actualites\/?s={search_term_string}"},"query-input":{"@type":"PropertyValueSpecification","valueRequired":true,"valueName":"search_term_string"}}],"inLanguage":"fr-FR"},{"@type":"Person","@id":"https:\/\/www.gereso.com\/actualites\/#\/schema\/person\/197d8aef40cb4ae3f6a0aa9e1d3df2a6","name":"\u00c9quipe GERESO","image":{"@type":"ImageObject","inLanguage":"fr-FR","@id":"https:\/\/www.gereso.com\/actualites\/#\/schema\/person\/image\/","url":"https:\/\/www.gereso.com\/actualites\/wp-content\/uploads\/2013\/12\/avatar-gereso-1.png","contentUrl":"https:\/\/www.gereso.com\/actualites\/wp-content\/uploads\/2013\/12\/avatar-gereso-1.png","caption":"\u00c9quipe GERESO"},"url":"https:\/\/www.gereso.com\/actualites\/author\/gereso\/"}]}},"_links":{"self":[{"href":"https:\/\/www.gereso.com\/actualites\/wp-json\/wp\/v2\/posts\/5375","targetHints":{"allow":["GET"]}}],"collection":[{"href":"https:\/\/www.gereso.com\/actualites\/wp-json\/wp\/v2\/posts"}],"about":[{"href":"https:\/\/www.gereso.com\/actualites\/wp-json\/wp\/v2\/types\/post"}],"author":[{"embeddable":true,"href":"https:\/\/www.gereso.com\/actualites\/wp-json\/wp\/v2\/users\/32"}],"replies":[{"embeddable":true,"href":"https:\/\/www.gereso.com\/actualites\/wp-json\/wp\/v2\/comments?post=5375"}],"version-history":[{"count":6,"href":"https:\/\/www.gereso.com\/actualites\/wp-json\/wp\/v2\/posts\/5375\/revisions"}],"predecessor-version":[{"id":5603,"href":"https:\/\/www.gereso.com\/actualites\/wp-json\/wp\/v2\/posts\/5375\/revisions\/5603"}],"wp:attachment":[{"href":"https:\/\/www.gereso.com\/actualites\/wp-json\/wp\/v2\/media?parent=5375"}],"wp:term":[{"taxonomy":"category","embeddable":true,"href":"https:\/\/www.gereso.com\/actualites\/wp-json\/wp\/v2\/categories?post=5375"},{"taxonomy":"post_tag","embeddable":true,"href":"https:\/\/www.gereso.com\/actualites\/wp-json\/wp\/v2\/tags?post=5375"}],"curies":[{"name":"wp","href":"https:\/\/api.w.org\/{rel}","templated":true}]}}