{"id":5571,"date":"2016-03-22T08:00:10","date_gmt":"2016-03-22T07:00:10","guid":{"rendered":"https:\/\/www.gereso.com\/actualites\/?p=5571"},"modified":"2016-05-09T09:49:30","modified_gmt":"2016-05-09T07:49:30","slug":"plan-social-a-la-chambre-de-commerce-et-dindustrie-cci-de-paris-ile-de-france-les-syndicats-disent-non","status":"publish","type":"post","link":"https:\/\/www.gereso.com\/actualites\/2016\/03\/22\/plan-social-a-la-chambre-de-commerce-et-dindustrie-cci-de-paris-ile-de-france-les-syndicats-disent-non\/","title":{"rendered":"Plan social \u00e0 la Chambre de Commerce et d\u2019Industrie (CCI) de Paris \u00cele-de-France : les syndicats disent non."},"content":{"rendered":"<p>Le processus de mise en place d\u2019un nouveau <strong>plan social \u00e0 la CCI de Paris \u00cele-de-France<\/strong> poursuit sa route malgr\u00e9 la d\u00e9cision de plusieurs syndicats de montrer leur m\u00e9contentement.<\/p>\n<p>La Conf\u00e9d\u00e9ration Fran\u00e7aise de l\u2019Encadrement-Conf\u00e9d\u00e9ration G\u00e9n\u00e9rale des Cadres (CFE-CGC), la Conf\u00e9d\u00e9ration G\u00e9n\u00e9rale du Travail (CGT), la Force Ouvri\u00e8re (FO) et l\u2019Union Nationale des Syndicats Autonomes (UNSA) ont en effet quitt\u00e9 la commission paritaire le 7 mars 2016 apr\u00e8s l\u2019absence de plus amples discussion sur des mesures qu\u2019ils jugent comme \u00ab\u00a0des \u00e9conomies sur le dos des salari\u00e9s\u00a0\u00bb.<\/p>\n<p>Ce nouveau plan social sera act\u00e9 lors de <strong>l\u2019assembl\u00e9e des \u00e9lus de la CCI du 24 mars<\/strong> prochain. Ce qui d\u00e9pla\u00eet surtout aux syndicats et aux repr\u00e9sentants du personnel, c\u2019est que cette d\u00e9marche risque de <strong>supprimer entre 300 et 400 postes<\/strong> \u00e0 la CCI de Paris \u00cele-de-France. \u00a0En tout, ce seront 1000 personnes qui seront concern\u00e9es par ce nouveau plan social. Une p\u00e9tition en ligne a en outre \u00e9t\u00e9 lanc\u00e9e par les syndicats concern\u00e9s.<\/p>\n<p>Les <a href=\"http:\/\/cfecgc-cci.blogspot.fr\/2016\/03\/petition-stop-aux-licenciements-la-cci.html\" target=\"_blank\" rel=\"nofollow\">r\u00e9actions du CFE-CGC sur le prochain plan social \u00e0 la CCI Paris \u00cele-de-France<\/a><\/p>\n","protected":false},"excerpt":{"rendered":"<p>Le processus de mise en place d\u2019un nouveau plan social \u00e0 la CCI de Paris \u00cele-de-France poursuit sa route malgr\u00e9 la d\u00e9cision de plusieurs syndicats de montrer leur m\u00e9contentement. La Conf\u00e9d\u00e9ration Fran\u00e7aise de l\u2019Encadrement-Conf\u00e9d\u00e9ration G\u00e9n\u00e9rale des Cadres (CFE-CGC), la Conf\u00e9d\u00e9ration G\u00e9n\u00e9rale du Travail (CGT), la Force Ouvri\u00e8re (FO) et l\u2019Union Nationale des Syndicats Autonomes (UNSA) [&hellip;]<\/p>\n","protected":false},"author":32,"featured_media":0,"comment_status":"open","ping_status":"open","sticky":false,"template":"","format":"quote","meta":{"_acf_changed":false,"_mi_skip_tracking":false,"footnotes":""},"categories":[12,5,1],"tags":[433,43],"class_list":["post-5571","post","type-post","status-publish","format-quote","hentry","category-actualites","category-droit-du-travail","category-non-classe","tag-plan-social-dentreprise","tag-syndicat","post_format-post-format-quote"],"acf":[],"yoast_head":"<!-- This site is optimized with the Yoast SEO plugin v23.4 - https:\/\/yoast.com\/wordpress\/plugins\/seo\/ -->\n<title>Plan social \u00e0 la Chambre de Commerce et d\u2019Industrie (CCI) de Paris \u00cele-de-France : les syndicats disent non. - Le Blog GERESO<\/title>\n<meta name=\"robots\" content=\"index, follow, max-snippet:-1, max-image-preview:large, max-video-preview:-1\" \/>\n<link rel=\"canonical\" href=\"https:\/\/www.gereso.com\/actualites\/2016\/03\/22\/plan-social-a-la-chambre-de-commerce-et-dindustrie-cci-de-paris-ile-de-france-les-syndicats-disent-non\/\" \/>\n<meta property=\"og:locale\" content=\"fr_FR\" \/>\n<meta property=\"og:type\" content=\"article\" \/>\n<meta property=\"og:title\" content=\"Plan social \u00e0 la Chambre de Commerce et d\u2019Industrie (CCI) de Paris \u00cele-de-France : les syndicats disent non. - Le Blog GERESO\" \/>\n<meta property=\"og:description\" content=\"Le processus de mise en place d\u2019un nouveau plan social \u00e0 la CCI de Paris \u00cele-de-France poursuit sa route malgr\u00e9 la d\u00e9cision de plusieurs syndicats de montrer leur m\u00e9contentement. La Conf\u00e9d\u00e9ration Fran\u00e7aise de l\u2019Encadrement-Conf\u00e9d\u00e9ration G\u00e9n\u00e9rale des Cadres (CFE-CGC), la Conf\u00e9d\u00e9ration G\u00e9n\u00e9rale du Travail (CGT), la Force Ouvri\u00e8re (FO) et l\u2019Union Nationale des Syndicats Autonomes (UNSA) [&hellip;]\" \/>\n<meta property=\"og:url\" content=\"https:\/\/www.gereso.com\/actualites\/2016\/03\/22\/plan-social-a-la-chambre-de-commerce-et-dindustrie-cci-de-paris-ile-de-france-les-syndicats-disent-non\/\" \/>\n<meta property=\"og:site_name\" content=\"Le Blog GERESO\" \/>\n<meta property=\"article:published_time\" content=\"2016-03-22T07:00:10+00:00\" \/>\n<meta property=\"article:modified_time\" content=\"2016-05-09T07:49:30+00:00\" \/>\n<meta name=\"author\" content=\"\u00c9quipe GERESO\" \/>\n<meta name=\"twitter:card\" content=\"summary_large_image\" \/>\n<script type=\"application\/ld+json\" class=\"yoast-schema-graph\">{\"@context\":\"https:\/\/schema.org\",\"@graph\":[{\"@type\":\"WebPage\",\"@id\":\"https:\/\/www.gereso.com\/actualites\/2016\/03\/22\/plan-social-a-la-chambre-de-commerce-et-dindustrie-cci-de-paris-ile-de-france-les-syndicats-disent-non\/\",\"url\":\"https:\/\/www.gereso.com\/actualites\/2016\/03\/22\/plan-social-a-la-chambre-de-commerce-et-dindustrie-cci-de-paris-ile-de-france-les-syndicats-disent-non\/\",\"name\":\"Plan social \u00e0 la Chambre de Commerce et d\u2019Industrie (CCI) de Paris \u00cele-de-France : les syndicats disent non. - Le Blog GERESO\",\"isPartOf\":{\"@id\":\"https:\/\/www.gereso.com\/actualites\/#website\"},\"datePublished\":\"2016-03-22T07:00:10+00:00\",\"dateModified\":\"2016-05-09T07:49:30+00:00\",\"author\":{\"@id\":\"https:\/\/www.gereso.com\/actualites\/#\/schema\/person\/197d8aef40cb4ae3f6a0aa9e1d3df2a6\"},\"breadcrumb\":{\"@id\":\"https:\/\/www.gereso.com\/actualites\/2016\/03\/22\/plan-social-a-la-chambre-de-commerce-et-dindustrie-cci-de-paris-ile-de-france-les-syndicats-disent-non\/#breadcrumb\"},\"inLanguage\":\"fr-FR\",\"potentialAction\":[{\"@type\":\"ReadAction\",\"target\":[\"https:\/\/www.gereso.com\/actualites\/2016\/03\/22\/plan-social-a-la-chambre-de-commerce-et-dindustrie-cci-de-paris-ile-de-france-les-syndicats-disent-non\/\"]}]},{\"@type\":\"BreadcrumbList\",\"@id\":\"https:\/\/www.gereso.com\/actualites\/2016\/03\/22\/plan-social-a-la-chambre-de-commerce-et-dindustrie-cci-de-paris-ile-de-france-les-syndicats-disent-non\/#breadcrumb\",\"itemListElement\":[{\"@type\":\"ListItem\",\"position\":1,\"name\":\"Home\",\"item\":\"https:\/\/www.gereso.com\/actualites\/\"},{\"@type\":\"ListItem\",\"position\":2,\"name\":\"Plan social \u00e0 la Chambre de Commerce et d\u2019Industrie (CCI) de Paris \u00cele-de-France : les syndicats disent non.\"}]},{\"@type\":\"WebSite\",\"@id\":\"https:\/\/www.gereso.com\/actualites\/#website\",\"url\":\"https:\/\/www.gereso.com\/actualites\/\",\"name\":\"Le Blog GERESO\",\"description\":\"Toute l&#039;actu RH, Finance, Fonction Publique, Management...\",\"potentialAction\":[{\"@type\":\"SearchAction\",\"target\":{\"@type\":\"EntryPoint\",\"urlTemplate\":\"https:\/\/www.gereso.com\/actualites\/?s={search_term_string}\"},\"query-input\":{\"@type\":\"PropertyValueSpecification\",\"valueRequired\":true,\"valueName\":\"search_term_string\"}}],\"inLanguage\":\"fr-FR\"},{\"@type\":\"Person\",\"@id\":\"https:\/\/www.gereso.com\/actualites\/#\/schema\/person\/197d8aef40cb4ae3f6a0aa9e1d3df2a6\",\"name\":\"\u00c9quipe GERESO\",\"image\":{\"@type\":\"ImageObject\",\"inLanguage\":\"fr-FR\",\"@id\":\"https:\/\/www.gereso.com\/actualites\/#\/schema\/person\/image\/\",\"url\":\"https:\/\/www.gereso.com\/actualites\/wp-content\/uploads\/2013\/12\/avatar-gereso-1.png\",\"contentUrl\":\"https:\/\/www.gereso.com\/actualites\/wp-content\/uploads\/2013\/12\/avatar-gereso-1.png\",\"caption\":\"\u00c9quipe GERESO\"},\"url\":\"https:\/\/www.gereso.com\/actualites\/author\/gereso\/\"}]}<\/script>\n<!-- \/ Yoast SEO plugin. -->","yoast_head_json":{"title":"Plan social \u00e0 la Chambre de Commerce et d\u2019Industrie (CCI) de Paris \u00cele-de-France : les syndicats disent non. - Le Blog GERESO","robots":{"index":"index","follow":"follow","max-snippet":"max-snippet:-1","max-image-preview":"max-image-preview:large","max-video-preview":"max-video-preview:-1"},"canonical":"https:\/\/www.gereso.com\/actualites\/2016\/03\/22\/plan-social-a-la-chambre-de-commerce-et-dindustrie-cci-de-paris-ile-de-france-les-syndicats-disent-non\/","og_locale":"fr_FR","og_type":"article","og_title":"Plan social \u00e0 la Chambre de Commerce et d\u2019Industrie (CCI) de Paris \u00cele-de-France : les syndicats disent non. - Le Blog GERESO","og_description":"Le processus de mise en place d\u2019un nouveau plan social \u00e0 la CCI de Paris \u00cele-de-France poursuit sa route malgr\u00e9 la d\u00e9cision de plusieurs syndicats de montrer leur m\u00e9contentement. La Conf\u00e9d\u00e9ration Fran\u00e7aise de l\u2019Encadrement-Conf\u00e9d\u00e9ration G\u00e9n\u00e9rale des Cadres (CFE-CGC), la Conf\u00e9d\u00e9ration G\u00e9n\u00e9rale du Travail (CGT), la Force Ouvri\u00e8re (FO) et l\u2019Union Nationale des Syndicats Autonomes (UNSA) [&hellip;]","og_url":"https:\/\/www.gereso.com\/actualites\/2016\/03\/22\/plan-social-a-la-chambre-de-commerce-et-dindustrie-cci-de-paris-ile-de-france-les-syndicats-disent-non\/","og_site_name":"Le Blog GERESO","article_published_time":"2016-03-22T07:00:10+00:00","article_modified_time":"2016-05-09T07:49:30+00:00","author":"\u00c9quipe GERESO","twitter_card":"summary_large_image","schema":{"@context":"https:\/\/schema.org","@graph":[{"@type":"WebPage","@id":"https:\/\/www.gereso.com\/actualites\/2016\/03\/22\/plan-social-a-la-chambre-de-commerce-et-dindustrie-cci-de-paris-ile-de-france-les-syndicats-disent-non\/","url":"https:\/\/www.gereso.com\/actualites\/2016\/03\/22\/plan-social-a-la-chambre-de-commerce-et-dindustrie-cci-de-paris-ile-de-france-les-syndicats-disent-non\/","name":"Plan social \u00e0 la Chambre de Commerce et d\u2019Industrie (CCI) de Paris \u00cele-de-France : les syndicats disent non. - Le Blog GERESO","isPartOf":{"@id":"https:\/\/www.gereso.com\/actualites\/#website"},"datePublished":"2016-03-22T07:00:10+00:00","dateModified":"2016-05-09T07:49:30+00:00","author":{"@id":"https:\/\/www.gereso.com\/actualites\/#\/schema\/person\/197d8aef40cb4ae3f6a0aa9e1d3df2a6"},"breadcrumb":{"@id":"https:\/\/www.gereso.com\/actualites\/2016\/03\/22\/plan-social-a-la-chambre-de-commerce-et-dindustrie-cci-de-paris-ile-de-france-les-syndicats-disent-non\/#breadcrumb"},"inLanguage":"fr-FR","potentialAction":[{"@type":"ReadAction","target":["https:\/\/www.gereso.com\/actualites\/2016\/03\/22\/plan-social-a-la-chambre-de-commerce-et-dindustrie-cci-de-paris-ile-de-france-les-syndicats-disent-non\/"]}]},{"@type":"BreadcrumbList","@id":"https:\/\/www.gereso.com\/actualites\/2016\/03\/22\/plan-social-a-la-chambre-de-commerce-et-dindustrie-cci-de-paris-ile-de-france-les-syndicats-disent-non\/#breadcrumb","itemListElement":[{"@type":"ListItem","position":1,"name":"Home","item":"https:\/\/www.gereso.com\/actualites\/"},{"@type":"ListItem","position":2,"name":"Plan social \u00e0 la Chambre de Commerce et d\u2019Industrie (CCI) de Paris \u00cele-de-France : les syndicats disent non."}]},{"@type":"WebSite","@id":"https:\/\/www.gereso.com\/actualites\/#website","url":"https:\/\/www.gereso.com\/actualites\/","name":"Le Blog GERESO","description":"Toute l&#039;actu RH, Finance, Fonction Publique, Management...","potentialAction":[{"@type":"SearchAction","target":{"@type":"EntryPoint","urlTemplate":"https:\/\/www.gereso.com\/actualites\/?s={search_term_string}"},"query-input":{"@type":"PropertyValueSpecification","valueRequired":true,"valueName":"search_term_string"}}],"inLanguage":"fr-FR"},{"@type":"Person","@id":"https:\/\/www.gereso.com\/actualites\/#\/schema\/person\/197d8aef40cb4ae3f6a0aa9e1d3df2a6","name":"\u00c9quipe GERESO","image":{"@type":"ImageObject","inLanguage":"fr-FR","@id":"https:\/\/www.gereso.com\/actualites\/#\/schema\/person\/image\/","url":"https:\/\/www.gereso.com\/actualites\/wp-content\/uploads\/2013\/12\/avatar-gereso-1.png","contentUrl":"https:\/\/www.gereso.com\/actualites\/wp-content\/uploads\/2013\/12\/avatar-gereso-1.png","caption":"\u00c9quipe GERESO"},"url":"https:\/\/www.gereso.com\/actualites\/author\/gereso\/"}]}},"_links":{"self":[{"href":"https:\/\/www.gereso.com\/actualites\/wp-json\/wp\/v2\/posts\/5571","targetHints":{"allow":["GET"]}}],"collection":[{"href":"https:\/\/www.gereso.com\/actualites\/wp-json\/wp\/v2\/posts"}],"about":[{"href":"https:\/\/www.gereso.com\/actualites\/wp-json\/wp\/v2\/types\/post"}],"author":[{"embeddable":true,"href":"https:\/\/www.gereso.com\/actualites\/wp-json\/wp\/v2\/users\/32"}],"replies":[{"embeddable":true,"href":"https:\/\/www.gereso.com\/actualites\/wp-json\/wp\/v2\/comments?post=5571"}],"version-history":[{"count":5,"href":"https:\/\/www.gereso.com\/actualites\/wp-json\/wp\/v2\/posts\/5571\/revisions"}],"predecessor-version":[{"id":5999,"href":"https:\/\/www.gereso.com\/actualites\/wp-json\/wp\/v2\/posts\/5571\/revisions\/5999"}],"wp:attachment":[{"href":"https:\/\/www.gereso.com\/actualites\/wp-json\/wp\/v2\/media?parent=5571"}],"wp:term":[{"taxonomy":"category","embeddable":true,"href":"https:\/\/www.gereso.com\/actualites\/wp-json\/wp\/v2\/categories?post=5571"},{"taxonomy":"post_tag","embeddable":true,"href":"https:\/\/www.gereso.com\/actualites\/wp-json\/wp\/v2\/tags?post=5571"}],"curies":[{"name":"wp","href":"https:\/\/api.w.org\/{rel}","templated":true}]}}