{"id":5593,"date":"2016-05-30T09:00:09","date_gmt":"2016-05-30T07:00:09","guid":{"rendered":"https:\/\/www.gereso.com\/actualites\/?p=5593"},"modified":"2017-11-20T09:39:49","modified_gmt":"2017-11-20T07:39:49","slug":"mobilite-geographique-emploi","status":"publish","type":"post","link":"https:\/\/www.gereso.com\/actualites\/2016\/05\/30\/mobilite-geographique-emploi\/","title":{"rendered":"Mobilit\u00e9 g\u00e9ographique : une chance pour les demandeurs d&#8217;emploi ?"},"content":{"rendered":"<p>Les personnes en recherche d\u2019emploi se tournent souvent vers le d\u00e9m\u00e9nagement pour essayer de tenter leur chance dans d\u2019autres d\u00e9partements. Mais cette strat\u00e9gie est-elle payante\u00a0? Une \u00e9tude sur la <strong>relation entre mobilit\u00e9 g\u00e9ographique et emploi<\/strong> men\u00e9e par le Centre d\u2019\u00c9tudes de l\u2019Emploi (CEE) apporte des \u00e9l\u00e9ments de r\u00e9ponse \u00e0 cette question.<\/p>\n<p>D\u00e9nomm\u00e9e <em>\u00ab\u00a0La mobilit\u00e9 g\u00e9ographique : ressource ou fragilit\u00e9 pour l\u2019emploi ?\u00a0\u00bb,<\/em> cette \u00e9tude conclut que <strong>les chances de trouver un emploi en d\u00e9m\u00e9nageant sont r\u00e9elles, mais diminuent depuis 42 ans.<\/strong><\/p>\n<p>Les mobilit\u00e9s interd\u00e9partementales de plusieurs personnes en qu\u00eate d\u2019emploi ont en effet \u00e9t\u00e9 \u00e9tudi\u00e9es entre 1970 et 2012, il en r\u00e9sulte que <em>\u00ab\u00a0sur l\u2019ensemble de la p\u00e9riode, la mobilit\u00e9 r\u00e9sidentielle a bien un effet tr\u00e8s positif sur la probabilit\u00e9 pour les ch\u00f4meurs d\u2019entrer dans l\u2019emploi\u00a0\u00bb. <\/em>Cela est le constat global sur cette p\u00e9riode de 42 ans, mais les chances de trouver un emploi en \u00e9tant mobile diminuaient \u00e0 l\u2019approche de la fin de l\u2019\u00e9tude, \u00e0 savoir \u00e0 l\u2019approche de 2012.<\/p>\n<p>Selon le rapport de l\u2019\u00e9tude\u00a0:\u00a0<em>\u00ab\u00a0Depuis la crise de 2008-2009, le coefficient estim\u00e9 a de nouveau chut\u00e9 jusqu\u2019\u00e0 n\u2019\u00eatre qu\u2019\u00e0 peine positif en 2012 : <strong>la mobilit\u00e9 r\u00e9sidentielle n\u2019est donc plus aujourd\u2019hui la ressource qu\u2019elle a pu \u00eatre pour obtenir un emploi<\/strong>.\u00a0\u00bb<\/em><\/p>\n<p>L\u2019\u00e2ge des demandeurs d\u2019emploi, ainsi que leurs dipl\u00f4mes, sont aussi des facteurs qui ont leur incidence sur cette corr\u00e9lation. Ainsi, les jeunes (15-29 ans) avec un niveau bac+2 ou sup\u00e9rieurs ont plus de chance de trouver un emploi en d\u00e9m\u00e9nageant. Par contre, la mobilit\u00e9 a un effet plus n\u00e9faste pour les femmes \u00e2g\u00e9es de 40 ans ou plus.<\/p>\n<p>Source\u00a0: le compte-rendu de l\u2019\u00e9tude <em>\u00ab\u00a0La mobilit\u00e9 g\u00e9ographique : ressource ou fragilit\u00e9 pour l\u2019emploi ?\u00a0\u00bb <\/em>de la CEE.<\/p>\n","protected":false},"excerpt":{"rendered":"<p>Les personnes en recherche d\u2019emploi se tournent souvent vers le d\u00e9m\u00e9nagement pour essayer de tenter leur chance dans d\u2019autres d\u00e9partements. Mais cette strat\u00e9gie est-elle payante\u00a0? Une \u00e9tude sur la relation entre mobilit\u00e9 g\u00e9ographique et emploi men\u00e9e par le Centre d\u2019\u00c9tudes de l\u2019Emploi (CEE) apporte des \u00e9l\u00e9ments de r\u00e9ponse \u00e0 cette question. D\u00e9nomm\u00e9e \u00ab\u00a0La mobilit\u00e9 g\u00e9ographique [&hellip;]<\/p>\n","protected":false},"author":32,"featured_media":0,"comment_status":"open","ping_status":"open","sticky":false,"template":"","format":"quote","meta":{"_acf_changed":false,"_mi_skip_tracking":false,"footnotes":""},"categories":[12,1,13],"tags":[553,56],"class_list":["post-5593","post","type-post","status-publish","format-quote","hentry","category-actualites","category-non-classe","category-sante-et-securite-au-travail","tag-emploi","tag-mobilite","post_format-post-format-quote"],"acf":[],"yoast_head":"<!-- This site is optimized with the Yoast SEO plugin v23.4 - https:\/\/yoast.com\/wordpress\/plugins\/seo\/ -->\n<title>Mobilit\u00e9 g\u00e9ographique : une chance pour les demandeurs d&#039;emploi ? - Le Blog GERESO<\/title>\n<meta name=\"robots\" content=\"index, follow, max-snippet:-1, max-image-preview:large, max-video-preview:-1\" \/>\n<link rel=\"canonical\" href=\"https:\/\/www.gereso.com\/actualites\/2016\/05\/30\/mobilite-geographique-emploi\/\" \/>\n<meta property=\"og:locale\" content=\"fr_FR\" \/>\n<meta property=\"og:type\" content=\"article\" \/>\n<meta property=\"og:title\" content=\"Mobilit\u00e9 g\u00e9ographique : une chance pour les demandeurs d&#039;emploi ? - Le Blog GERESO\" \/>\n<meta property=\"og:description\" content=\"Les personnes en recherche d\u2019emploi se tournent souvent vers le d\u00e9m\u00e9nagement pour essayer de tenter leur chance dans d\u2019autres d\u00e9partements. Mais cette strat\u00e9gie est-elle payante\u00a0? Une \u00e9tude sur la relation entre mobilit\u00e9 g\u00e9ographique et emploi men\u00e9e par le Centre d\u2019\u00c9tudes de l\u2019Emploi (CEE) apporte des \u00e9l\u00e9ments de r\u00e9ponse \u00e0 cette question. D\u00e9nomm\u00e9e \u00ab\u00a0La mobilit\u00e9 g\u00e9ographique [&hellip;]\" \/>\n<meta property=\"og:url\" content=\"https:\/\/www.gereso.com\/actualites\/2016\/05\/30\/mobilite-geographique-emploi\/\" \/>\n<meta property=\"og:site_name\" content=\"Le Blog GERESO\" \/>\n<meta property=\"article:published_time\" content=\"2016-05-30T07:00:09+00:00\" \/>\n<meta property=\"article:modified_time\" content=\"2017-11-20T07:39:49+00:00\" \/>\n<meta name=\"author\" content=\"\u00c9quipe GERESO\" \/>\n<meta name=\"twitter:card\" content=\"summary_large_image\" \/>\n<script type=\"application\/ld+json\" class=\"yoast-schema-graph\">{\"@context\":\"https:\/\/schema.org\",\"@graph\":[{\"@type\":\"WebPage\",\"@id\":\"https:\/\/www.gereso.com\/actualites\/2016\/05\/30\/mobilite-geographique-emploi\/\",\"url\":\"https:\/\/www.gereso.com\/actualites\/2016\/05\/30\/mobilite-geographique-emploi\/\",\"name\":\"Mobilit\u00e9 g\u00e9ographique : une chance pour les demandeurs d'emploi ? - Le Blog GERESO\",\"isPartOf\":{\"@id\":\"https:\/\/www.gereso.com\/actualites\/#website\"},\"datePublished\":\"2016-05-30T07:00:09+00:00\",\"dateModified\":\"2017-11-20T07:39:49+00:00\",\"author\":{\"@id\":\"https:\/\/www.gereso.com\/actualites\/#\/schema\/person\/197d8aef40cb4ae3f6a0aa9e1d3df2a6\"},\"breadcrumb\":{\"@id\":\"https:\/\/www.gereso.com\/actualites\/2016\/05\/30\/mobilite-geographique-emploi\/#breadcrumb\"},\"inLanguage\":\"fr-FR\",\"potentialAction\":[{\"@type\":\"ReadAction\",\"target\":[\"https:\/\/www.gereso.com\/actualites\/2016\/05\/30\/mobilite-geographique-emploi\/\"]}]},{\"@type\":\"BreadcrumbList\",\"@id\":\"https:\/\/www.gereso.com\/actualites\/2016\/05\/30\/mobilite-geographique-emploi\/#breadcrumb\",\"itemListElement\":[{\"@type\":\"ListItem\",\"position\":1,\"name\":\"Home\",\"item\":\"https:\/\/www.gereso.com\/actualites\/\"},{\"@type\":\"ListItem\",\"position\":2,\"name\":\"Mobilit\u00e9 g\u00e9ographique : une chance pour les demandeurs d&#8217;emploi ?\"}]},{\"@type\":\"WebSite\",\"@id\":\"https:\/\/www.gereso.com\/actualites\/#website\",\"url\":\"https:\/\/www.gereso.com\/actualites\/\",\"name\":\"Le Blog GERESO\",\"description\":\"Toute l&#039;actu RH, Finance, Fonction Publique, Management...\",\"potentialAction\":[{\"@type\":\"SearchAction\",\"target\":{\"@type\":\"EntryPoint\",\"urlTemplate\":\"https:\/\/www.gereso.com\/actualites\/?s={search_term_string}\"},\"query-input\":{\"@type\":\"PropertyValueSpecification\",\"valueRequired\":true,\"valueName\":\"search_term_string\"}}],\"inLanguage\":\"fr-FR\"},{\"@type\":\"Person\",\"@id\":\"https:\/\/www.gereso.com\/actualites\/#\/schema\/person\/197d8aef40cb4ae3f6a0aa9e1d3df2a6\",\"name\":\"\u00c9quipe GERESO\",\"image\":{\"@type\":\"ImageObject\",\"inLanguage\":\"fr-FR\",\"@id\":\"https:\/\/www.gereso.com\/actualites\/#\/schema\/person\/image\/\",\"url\":\"https:\/\/www.gereso.com\/actualites\/wp-content\/uploads\/2013\/12\/avatar-gereso-1.png\",\"contentUrl\":\"https:\/\/www.gereso.com\/actualites\/wp-content\/uploads\/2013\/12\/avatar-gereso-1.png\",\"caption\":\"\u00c9quipe GERESO\"},\"url\":\"https:\/\/www.gereso.com\/actualites\/author\/gereso\/\"}]}<\/script>\n<!-- \/ Yoast SEO plugin. -->","yoast_head_json":{"title":"Mobilit\u00e9 g\u00e9ographique : une chance pour les demandeurs d'emploi ? - Le Blog GERESO","robots":{"index":"index","follow":"follow","max-snippet":"max-snippet:-1","max-image-preview":"max-image-preview:large","max-video-preview":"max-video-preview:-1"},"canonical":"https:\/\/www.gereso.com\/actualites\/2016\/05\/30\/mobilite-geographique-emploi\/","og_locale":"fr_FR","og_type":"article","og_title":"Mobilit\u00e9 g\u00e9ographique : une chance pour les demandeurs d'emploi ? - Le Blog GERESO","og_description":"Les personnes en recherche d\u2019emploi se tournent souvent vers le d\u00e9m\u00e9nagement pour essayer de tenter leur chance dans d\u2019autres d\u00e9partements. Mais cette strat\u00e9gie est-elle payante\u00a0? Une \u00e9tude sur la relation entre mobilit\u00e9 g\u00e9ographique et emploi men\u00e9e par le Centre d\u2019\u00c9tudes de l\u2019Emploi (CEE) apporte des \u00e9l\u00e9ments de r\u00e9ponse \u00e0 cette question. D\u00e9nomm\u00e9e \u00ab\u00a0La mobilit\u00e9 g\u00e9ographique [&hellip;]","og_url":"https:\/\/www.gereso.com\/actualites\/2016\/05\/30\/mobilite-geographique-emploi\/","og_site_name":"Le Blog GERESO","article_published_time":"2016-05-30T07:00:09+00:00","article_modified_time":"2017-11-20T07:39:49+00:00","author":"\u00c9quipe GERESO","twitter_card":"summary_large_image","schema":{"@context":"https:\/\/schema.org","@graph":[{"@type":"WebPage","@id":"https:\/\/www.gereso.com\/actualites\/2016\/05\/30\/mobilite-geographique-emploi\/","url":"https:\/\/www.gereso.com\/actualites\/2016\/05\/30\/mobilite-geographique-emploi\/","name":"Mobilit\u00e9 g\u00e9ographique : une chance pour les demandeurs d'emploi ? - Le Blog GERESO","isPartOf":{"@id":"https:\/\/www.gereso.com\/actualites\/#website"},"datePublished":"2016-05-30T07:00:09+00:00","dateModified":"2017-11-20T07:39:49+00:00","author":{"@id":"https:\/\/www.gereso.com\/actualites\/#\/schema\/person\/197d8aef40cb4ae3f6a0aa9e1d3df2a6"},"breadcrumb":{"@id":"https:\/\/www.gereso.com\/actualites\/2016\/05\/30\/mobilite-geographique-emploi\/#breadcrumb"},"inLanguage":"fr-FR","potentialAction":[{"@type":"ReadAction","target":["https:\/\/www.gereso.com\/actualites\/2016\/05\/30\/mobilite-geographique-emploi\/"]}]},{"@type":"BreadcrumbList","@id":"https:\/\/www.gereso.com\/actualites\/2016\/05\/30\/mobilite-geographique-emploi\/#breadcrumb","itemListElement":[{"@type":"ListItem","position":1,"name":"Home","item":"https:\/\/www.gereso.com\/actualites\/"},{"@type":"ListItem","position":2,"name":"Mobilit\u00e9 g\u00e9ographique : une chance pour les demandeurs d&#8217;emploi ?"}]},{"@type":"WebSite","@id":"https:\/\/www.gereso.com\/actualites\/#website","url":"https:\/\/www.gereso.com\/actualites\/","name":"Le Blog GERESO","description":"Toute l&#039;actu RH, Finance, Fonction Publique, Management...","potentialAction":[{"@type":"SearchAction","target":{"@type":"EntryPoint","urlTemplate":"https:\/\/www.gereso.com\/actualites\/?s={search_term_string}"},"query-input":{"@type":"PropertyValueSpecification","valueRequired":true,"valueName":"search_term_string"}}],"inLanguage":"fr-FR"},{"@type":"Person","@id":"https:\/\/www.gereso.com\/actualites\/#\/schema\/person\/197d8aef40cb4ae3f6a0aa9e1d3df2a6","name":"\u00c9quipe GERESO","image":{"@type":"ImageObject","inLanguage":"fr-FR","@id":"https:\/\/www.gereso.com\/actualites\/#\/schema\/person\/image\/","url":"https:\/\/www.gereso.com\/actualites\/wp-content\/uploads\/2013\/12\/avatar-gereso-1.png","contentUrl":"https:\/\/www.gereso.com\/actualites\/wp-content\/uploads\/2013\/12\/avatar-gereso-1.png","caption":"\u00c9quipe GERESO"},"url":"https:\/\/www.gereso.com\/actualites\/author\/gereso\/"}]}},"_links":{"self":[{"href":"https:\/\/www.gereso.com\/actualites\/wp-json\/wp\/v2\/posts\/5593","targetHints":{"allow":["GET"]}}],"collection":[{"href":"https:\/\/www.gereso.com\/actualites\/wp-json\/wp\/v2\/posts"}],"about":[{"href":"https:\/\/www.gereso.com\/actualites\/wp-json\/wp\/v2\/types\/post"}],"author":[{"embeddable":true,"href":"https:\/\/www.gereso.com\/actualites\/wp-json\/wp\/v2\/users\/32"}],"replies":[{"embeddable":true,"href":"https:\/\/www.gereso.com\/actualites\/wp-json\/wp\/v2\/comments?post=5593"}],"version-history":[{"count":4,"href":"https:\/\/www.gereso.com\/actualites\/wp-json\/wp\/v2\/posts\/5593\/revisions"}],"predecessor-version":[{"id":8644,"href":"https:\/\/www.gereso.com\/actualites\/wp-json\/wp\/v2\/posts\/5593\/revisions\/8644"}],"wp:attachment":[{"href":"https:\/\/www.gereso.com\/actualites\/wp-json\/wp\/v2\/media?parent=5593"}],"wp:term":[{"taxonomy":"category","embeddable":true,"href":"https:\/\/www.gereso.com\/actualites\/wp-json\/wp\/v2\/categories?post=5593"},{"taxonomy":"post_tag","embeddable":true,"href":"https:\/\/www.gereso.com\/actualites\/wp-json\/wp\/v2\/tags?post=5593"}],"curies":[{"name":"wp","href":"https:\/\/api.w.org\/{rel}","templated":true}]}}