{"id":5627,"date":"2016-05-19T14:16:31","date_gmt":"2016-05-19T12:16:31","guid":{"rendered":"https:\/\/www.gereso.com\/actualites\/?p=5627"},"modified":"2022-03-14T11:34:29","modified_gmt":"2022-03-14T09:34:29","slug":"reveiller-sa-creativite","status":"publish","type":"post","link":"https:\/\/www.gereso.com\/actualites\/2016\/05\/19\/reveiller-sa-creativite\/","title":{"rendered":"Lu pour vous : \u00ab\u00a0R\u00e9veiller sa cr\u00e9ativit\u00e9 !\u00a0\u00bb de Louise C\u00f4t\u00e9"},"content":{"rendered":"<h2 style=\"text-align: left;\"><img fetchpriority=\"high\" decoding=\"async\" class=\"size-full wp-image-5632 aligncenter\" src=\"https:\/\/www.gereso.com\/actualites\/wp-content\/uploads\/2016\/03\/couverture_reveiller_sa_creativite_louise_cote.jpg\" alt=\"couverture_reveiller_sa_creativite_louise_cote\" width=\"300\" height=\"450\" srcset=\"https:\/\/www.gereso.com\/actualites\/wp-content\/uploads\/2016\/03\/couverture_reveiller_sa_creativite_louise_cote.jpg 300w, https:\/\/www.gereso.com\/actualites\/wp-content\/uploads\/2016\/03\/couverture_reveiller_sa_creativite_louise_cote-200x300.jpg 200w\" sizes=\"(max-width: 300px) 100vw, 300px\" \/><strong><u>De quoi parle cet ouvrage\u00a0?<\/u><\/strong><\/h2>\n<p style=\"text-align: justify;\">Le livre <strong>\u00ab\u00a0R\u00e9veiller sa cr\u00e9ativit\u00e9\u00a0!\u00a0\u00bb<\/strong> montrera \u00e0 chacun de nous c<strong>omme \u00eatre plus cr\u00e9atif et quel est l\u2019impact de la cr\u00e9ativit\u00e9 dans notre quotidien.<\/strong> En effet, l\u2019auteure y explique de mani\u00e8re particuli\u00e8rement claire que d\u00e9velopper son sens de la cr\u00e9ativit\u00e9 peut aider significativement les processus de recherche de solutions \u00e0 des probl\u00e8mes.<\/p>\n<p style=\"text-align: justify;\">Au lieu de nous plonger dans une succession de longues explications, Louise C\u00f4t\u00e9 a choisi <strong>une d\u00e9marche assez ludique.<\/strong> L\u2019auteure transmet en effet ses le\u00e7ons via de <strong>courts r\u00e9cits m\u00e9taphoriques.<\/strong> Ces histoires amusantes renferment bien \u00e9videmment des \u00ab\u00a0messages cach\u00e9s\u00a0\u00bb, aussi bien dans leurs trames que via les symboliques qui y sont associ\u00e9es. De ce fait, la lecture de ce livre est d\u00e9j\u00e0 un exercice pour stimuler sa cr\u00e9ativit\u00e9, car avec ces r\u00e9cits, le lecteur fait appel \u00e0 son imaginaire plut\u00f4t qu\u2019\u00e0 son rationnel, ce qui est le principe m\u00eame sur lequel se base la cr\u00e9ativit\u00e9.<\/p>\n<p style=\"text-align: justify;\">Bien \u00e9videmment, des explications sont donn\u00e9es apr\u00e8s chaque histoire pour <strong>aider le lecteur \u00e0 d\u00e9celer les le\u00e7ons qui s\u2019y cachent<\/strong> pour avancer petit \u00e0 petit vers le r\u00e9veil et la pleine exploitation de son sens cr\u00e9atif.\u00a0 En fait, chaque chapitre du livre se divise ainsi\u00a0: Un <strong>r\u00e9cit<\/strong>, suivi de l\u2019<strong>explication<\/strong> qui constitue la le\u00e7on, puis d\u2019un <strong>exercice<\/strong> pour mettre directement \u00e0 profit ce que l\u2019on a appris.Un <strong>espace r\u00e9serv\u00e9 au lecteur<\/strong> vient cl\u00f4turer le chapitre. Sur cet espace, on est invit\u00e9 \u00e0 noter ce que l\u2019on a retenu du chapitre. C\u2019est une mani\u00e8re d\u2019impliquer un peu plus le lecteur au processus d\u2019apprentissage, car le livre est juste un outil, et le v\u00e9ritable garant de la r\u00e9ussite du r\u00e9veil de la cr\u00e9ativit\u00e9 est avant tout le lecteur.<\/p>\n<h2 style=\"text-align: justify;\"><strong><u>Comment cet ouvrage est-il construit\u00a0?<\/u><\/strong><\/h2>\n<p style=\"text-align: justify;\">Le livre <span style=\"color: #ff0000;\">\u00ab\u00a0R\u00e9veiller sa cr\u00e9ativit\u00e9 !\u00a0\u00bb<\/span> est organis\u00e9 de sorte que l\u2019approche du but final propos\u00e9 par l\u2019auteur se fasse le plus en douceur possible, favorisant une meilleure compr\u00e9hension du concept. Il se divise en 5 parties\u00a0:<\/p>\n<ul>\n<li style=\"text-align: justify;\">Partie 1\u00a0: Consacr\u00e9 \u00e0 la <strong>pr\u00e9paration de l\u2019\u00e9tat d\u2019esprit du lecteur,<\/strong> pour favoriser l\u2019assimilation des id\u00e9es et des le\u00e7ons sur la cr\u00e9ativit\u00e9 que l\u2019auteure va \u00e9noncer dans les prochaines parties.<\/li>\n<li style=\"text-align: justify;\">Partie 2\u00a0<strong>:<\/strong> Passage \u00e0 <strong>l\u2019identification des principaux blocages<\/strong> du r\u00e9veil et du d\u00e9veloppement de la cr\u00e9ativit\u00e9 que le lecteur pourra rencontrer durant le processus. L\u2019auteure y explique aussi comment contourner ces obstacles.<\/li>\n<li style=\"text-align: justify;\">Partie 3\u00a0: Entr\u00e9e dans le vif du sujet. Toujours via des r\u00e9cits suivis d\u2019explication, Louise C\u00f4t\u00e9 y explique <strong>les d\u00e9marches \u00e0 suivre pour r\u00e9veiller et stimuler la cr\u00e9ativit\u00e9<\/strong> du lecteur. Elle y explique aussi comment utiliser la cr\u00e9ativit\u00e9 pour en tirer parti dans la vie quotidienne et en milieu professionnel.<\/li>\n<li style=\"text-align: justify;\">Partie 4\u00a0: S\u00e9ance de <strong>d\u00e9veloppement personnel<\/strong> pour faire d\u00e9couvrir au lecteur ses talents cach\u00e9s. L\u2019auteure y explique comment utiliser notre personnalit\u00e9 et nos sp\u00e9cificit\u00e9s \u00e0 notre avantage et non \u00e0 la les renier.<\/li>\n<li style=\"text-align: justify;\">Partie 5\u00a0: Pr\u00e9sentation de <strong>diff\u00e9rentes techniques de cr\u00e9ativit\u00e9.<\/strong> Cette partie commence par une liste de techniques qui valent, selon elle, qu\u2019on s\u2019y attarde. Elle se termine par un zoom sur 2 techniques que Louise C\u00f4t\u00e9 trouve particuli\u00e8rement int\u00e9ressante\u00a0: <strong>la dissociation et la s\u00e9rendipit\u00e9.<\/strong><\/li>\n<\/ul>\n<h2><strong><u>Avis de lecteur<\/u><\/strong><\/h2>\n<p style=\"text-align: justify;\">\u00ab\u00a0R\u00e9veiller sa cr\u00e9ativit\u00e9 !\u00a0\u00bb est un livre plaisant \u00e0 cause de l\u2019orientation que l\u2019auteure \u00e0 choisie pour pr\u00e9senter ses le\u00e7ons. On sent vraiment \u00e0 travers les pages que l\u2019ouvrage est sign\u00e9 par une personne qui a pass\u00e9 plusieurs ann\u00e9es en tant que coach professionnelle\u00a0: Louise C\u00f4t\u00e9 sait <strong>comment enseigner tout en tenant la personne captiv\u00e9e jusqu\u2019au dernier chapitre.<\/strong><\/p>\n<p style=\"text-align: justify;\">Au-del\u00e0 des histoires qu\u2019on trouve dr\u00f4le, on se rend compte en lisant chaque explication que derri\u00e8re des choses toutes simples se cachent des le\u00e7ons de vie qui nous permettent de <strong>stimuler notre cr\u00e9ativit\u00e9.<\/strong> En fait, ce livre ne nous apprend pas seulement \u00e0 \u00eatre plus cr\u00e9atif, il nous apprend aussi <strong>comment et \u00e0 quel moment utiliser sa cr\u00e9ativit\u00e9.<\/strong><\/p>\n<p style=\"text-align: justify;\">La cr\u00e9ativit\u00e9 peut ainsi devenir un outil particuli\u00e8rement efficace pour <strong>\u00e9gayer notre quotidien<\/strong> et <strong>faire face aux diff\u00e9rents obstacles de la vie.<\/strong> Bien qu\u2019il aurait \u00e9t\u00e9 meilleur avec quelques touches d\u2019illustration (dessin des personnages des r\u00e9cits par exemple\u00a0: un livre aussi ludique rempli uniquement de mots en noir et blanc, c\u2019est assez dommage quand m\u00eame), \u00ab\u00a0R\u00e9veiller sa cr\u00e9ativit\u00e9 !\u00a0\u00bb reste quand m\u00eame un bon ouvrage qui se lit sans difficult\u00e9 aussi bien \u00e0 la maison que durant les d\u00e9placements.<\/p>\n<h2 style=\"text-align: justify;\"><strong><u>L\u2019auteure de ce livre sur la cr\u00e9ativit\u00e9<br \/>\n<\/u><\/strong><\/h2>\n<p>Louise C\u00f4t\u00e9, qu\u00e9b\u00e9coise, est coach professionnelle et enseignante certifi\u00e9e en Programmation Neuro Linguistique (PNL). En tant que coach professionnel, elle a d\u00e9velopp\u00e9 une expertise dans l\u2019accompagnement des personnes vivant une s\u00e9paration ou un divorce. Elle anime aussi des ateliers de croissance personnelle et intervient dans le milieu de la sant\u00e9, sp\u00e9cialement au niveau des comp\u00e9tences du \u00ab\u00a0savoir-\u00eatre\u00a0\u00bb. Louise C\u00f4t\u00e9 est aussi co-auteure du livre <em>\u00ab\u00a0Puisque le hasard n\u2019existe pas, merci \u00e0 toi d\u2019exister\u00a0\u00bb<\/em> et productrice du CD de m\u00e9ditation po\u00e9tique <em>\u00ab\u00a0Sagesse et Harmonies\u00a0\u00bb<\/em>. Louise C\u00f4t\u00e9 est membre des associations Soci\u00e9t\u00e9 Internationale des Coachs PNL (SICPNL) et Regroupement des Intervenants et Th\u00e9rapeutes en M\u00e9decine Alternative (RITMA)<\/p>\n<h2><strong><u>Fiche signal\u00e9tique du livre<\/u><\/strong><\/h2>\n<ul>\n<li><strong>Titre\u00a0: <\/strong><span style=\"color: #ff0000;\">R\u00e9veiller sa cr\u00e9ativit\u00e9\u00a0!<\/span><\/li>\n<li><strong>Auteur\u00a0: <\/strong>Louise C\u00d4T\u00c9, pr\u00e9fac\u00e9 par Olivier LOCKERT<\/li>\n<li><strong>\u00c9diteur\u00a0: <\/strong>GERESO Edition<\/li>\n<li><strong>Date de parution\u00a0:<\/strong> 3 mars 2016<\/li>\n<li><strong>Collection\u00a0: <\/strong>Hors collection<\/li>\n<li><strong>ISBN\u00a013 : <\/strong>978-2-35953-316-3<\/li>\n<li><strong>ISBN eBook : <\/strong>978-2-35953-317-0<\/li>\n<li><strong>EAN\u00a013 : <\/strong>9782359533460<\/li>\n<\/ul>\n","protected":false},"excerpt":{"rendered":"<p>De quoi parle cet ouvrage\u00a0? Le livre \u00ab\u00a0R\u00e9veiller sa cr\u00e9ativit\u00e9\u00a0!\u00a0\u00bb montrera \u00e0 chacun de nous comme \u00eatre plus cr\u00e9atif et quel est l\u2019impact de la cr\u00e9ativit\u00e9 dans notre quotidien. En effet, l\u2019auteure y explique de mani\u00e8re particuli\u00e8rement claire que d\u00e9velopper son sens de la cr\u00e9ativit\u00e9 peut aider significativement les processus de recherche de solutions \u00e0 [&hellip;]<\/p>\n","protected":false},"author":32,"featured_media":0,"comment_status":"open","ping_status":"open","sticky":false,"template":"","format":"standard","meta":{"_acf_changed":false,"_mi_skip_tracking":false,"footnotes":""},"categories":[9,10],"tags":[205,212,71],"class_list":["post-5627","post","type-post","status-publish","format-standard","hentry","category-developpement-personnel-et-efficacite-professionnelle","category-management-et-leadership","tag-creativite","tag-developpement-personnel","tag-livre"],"acf":[],"yoast_head":"<!-- This site is optimized with the Yoast SEO plugin v23.4 - https:\/\/yoast.com\/wordpress\/plugins\/seo\/ -->\n<title>Lu pour vous : &quot;R\u00e9veiller sa cr\u00e9ativit\u00e9 !&quot; de Louise C\u00f4t\u00e9 - Le Blog GERESO<\/title>\n<meta name=\"robots\" content=\"index, follow, max-snippet:-1, max-image-preview:large, max-video-preview:-1\" \/>\n<link rel=\"canonical\" href=\"https:\/\/www.gereso.com\/actualites\/2016\/05\/19\/reveiller-sa-creativite\/\" \/>\n<meta property=\"og:locale\" content=\"fr_FR\" \/>\n<meta property=\"og:type\" content=\"article\" \/>\n<meta property=\"og:title\" content=\"Lu pour vous : &quot;R\u00e9veiller sa cr\u00e9ativit\u00e9 !&quot; de Louise C\u00f4t\u00e9 - Le Blog GERESO\" \/>\n<meta property=\"og:description\" content=\"De quoi parle cet ouvrage\u00a0? Le livre \u00ab\u00a0R\u00e9veiller sa cr\u00e9ativit\u00e9\u00a0!\u00a0\u00bb montrera \u00e0 chacun de nous comme \u00eatre plus cr\u00e9atif et quel est l\u2019impact de la cr\u00e9ativit\u00e9 dans notre quotidien. En effet, l\u2019auteure y explique de mani\u00e8re particuli\u00e8rement claire que d\u00e9velopper son sens de la cr\u00e9ativit\u00e9 peut aider significativement les processus de recherche de solutions \u00e0 [&hellip;]\" \/>\n<meta property=\"og:url\" content=\"https:\/\/www.gereso.com\/actualites\/2016\/05\/19\/reveiller-sa-creativite\/\" \/>\n<meta property=\"og:site_name\" content=\"Le Blog GERESO\" \/>\n<meta property=\"article:published_time\" content=\"2016-05-19T12:16:31+00:00\" \/>\n<meta property=\"article:modified_time\" content=\"2022-03-14T09:34:29+00:00\" \/>\n<meta property=\"og:image\" content=\"https:\/\/www.gereso.com\/actualites\/wp-content\/uploads\/2016\/03\/couverture_reveiller_sa_creativite_louise_cote.jpg\" \/>\n<meta name=\"author\" content=\"\u00c9quipe GERESO\" \/>\n<meta name=\"twitter:card\" content=\"summary_large_image\" \/>\n<script type=\"application\/ld+json\" class=\"yoast-schema-graph\">{\"@context\":\"https:\/\/schema.org\",\"@graph\":[{\"@type\":\"WebPage\",\"@id\":\"https:\/\/www.gereso.com\/actualites\/2016\/05\/19\/reveiller-sa-creativite\/\",\"url\":\"https:\/\/www.gereso.com\/actualites\/2016\/05\/19\/reveiller-sa-creativite\/\",\"name\":\"Lu pour vous : \\\"R\u00e9veiller sa cr\u00e9ativit\u00e9 !\\\" de Louise C\u00f4t\u00e9 - Le Blog GERESO\",\"isPartOf\":{\"@id\":\"https:\/\/www.gereso.com\/actualites\/#website\"},\"primaryImageOfPage\":{\"@id\":\"https:\/\/www.gereso.com\/actualites\/2016\/05\/19\/reveiller-sa-creativite\/#primaryimage\"},\"image\":{\"@id\":\"https:\/\/www.gereso.com\/actualites\/2016\/05\/19\/reveiller-sa-creativite\/#primaryimage\"},\"thumbnailUrl\":\"https:\/\/www.gereso.com\/actualites\/wp-content\/uploads\/2016\/03\/couverture_reveiller_sa_creativite_louise_cote.jpg\",\"datePublished\":\"2016-05-19T12:16:31+00:00\",\"dateModified\":\"2022-03-14T09:34:29+00:00\",\"author\":{\"@id\":\"https:\/\/www.gereso.com\/actualites\/#\/schema\/person\/197d8aef40cb4ae3f6a0aa9e1d3df2a6\"},\"breadcrumb\":{\"@id\":\"https:\/\/www.gereso.com\/actualites\/2016\/05\/19\/reveiller-sa-creativite\/#breadcrumb\"},\"inLanguage\":\"fr-FR\",\"potentialAction\":[{\"@type\":\"ReadAction\",\"target\":[\"https:\/\/www.gereso.com\/actualites\/2016\/05\/19\/reveiller-sa-creativite\/\"]}]},{\"@type\":\"ImageObject\",\"inLanguage\":\"fr-FR\",\"@id\":\"https:\/\/www.gereso.com\/actualites\/2016\/05\/19\/reveiller-sa-creativite\/#primaryimage\",\"url\":\"https:\/\/www.gereso.com\/actualites\/wp-content\/uploads\/2016\/03\/couverture_reveiller_sa_creativite_louise_cote.jpg\",\"contentUrl\":\"https:\/\/www.gereso.com\/actualites\/wp-content\/uploads\/2016\/03\/couverture_reveiller_sa_creativite_louise_cote.jpg\",\"width\":300,\"height\":450},{\"@type\":\"BreadcrumbList\",\"@id\":\"https:\/\/www.gereso.com\/actualites\/2016\/05\/19\/reveiller-sa-creativite\/#breadcrumb\",\"itemListElement\":[{\"@type\":\"ListItem\",\"position\":1,\"name\":\"Home\",\"item\":\"https:\/\/www.gereso.com\/actualites\/\"},{\"@type\":\"ListItem\",\"position\":2,\"name\":\"Lu pour vous : \u00ab\u00a0R\u00e9veiller sa cr\u00e9ativit\u00e9 !\u00a0\u00bb de Louise C\u00f4t\u00e9\"}]},{\"@type\":\"WebSite\",\"@id\":\"https:\/\/www.gereso.com\/actualites\/#website\",\"url\":\"https:\/\/www.gereso.com\/actualites\/\",\"name\":\"Le Blog GERESO\",\"description\":\"Toute l&#039;actu RH, Finance, Fonction Publique, Management...\",\"potentialAction\":[{\"@type\":\"SearchAction\",\"target\":{\"@type\":\"EntryPoint\",\"urlTemplate\":\"https:\/\/www.gereso.com\/actualites\/?s={search_term_string}\"},\"query-input\":{\"@type\":\"PropertyValueSpecification\",\"valueRequired\":true,\"valueName\":\"search_term_string\"}}],\"inLanguage\":\"fr-FR\"},{\"@type\":\"Person\",\"@id\":\"https:\/\/www.gereso.com\/actualites\/#\/schema\/person\/197d8aef40cb4ae3f6a0aa9e1d3df2a6\",\"name\":\"\u00c9quipe GERESO\",\"image\":{\"@type\":\"ImageObject\",\"inLanguage\":\"fr-FR\",\"@id\":\"https:\/\/www.gereso.com\/actualites\/#\/schema\/person\/image\/\",\"url\":\"https:\/\/www.gereso.com\/actualites\/wp-content\/uploads\/2013\/12\/avatar-gereso-1.png\",\"contentUrl\":\"https:\/\/www.gereso.com\/actualites\/wp-content\/uploads\/2013\/12\/avatar-gereso-1.png\",\"caption\":\"\u00c9quipe GERESO\"},\"url\":\"https:\/\/www.gereso.com\/actualites\/author\/gereso\/\"}]}<\/script>\n<!-- \/ Yoast SEO plugin. -->","yoast_head_json":{"title":"Lu pour vous : \"R\u00e9veiller sa cr\u00e9ativit\u00e9 !\" de Louise C\u00f4t\u00e9 - Le Blog GERESO","robots":{"index":"index","follow":"follow","max-snippet":"max-snippet:-1","max-image-preview":"max-image-preview:large","max-video-preview":"max-video-preview:-1"},"canonical":"https:\/\/www.gereso.com\/actualites\/2016\/05\/19\/reveiller-sa-creativite\/","og_locale":"fr_FR","og_type":"article","og_title":"Lu pour vous : \"R\u00e9veiller sa cr\u00e9ativit\u00e9 !\" de Louise C\u00f4t\u00e9 - Le Blog GERESO","og_description":"De quoi parle cet ouvrage\u00a0? Le livre \u00ab\u00a0R\u00e9veiller sa cr\u00e9ativit\u00e9\u00a0!\u00a0\u00bb montrera \u00e0 chacun de nous comme \u00eatre plus cr\u00e9atif et quel est l\u2019impact de la cr\u00e9ativit\u00e9 dans notre quotidien. En effet, l\u2019auteure y explique de mani\u00e8re particuli\u00e8rement claire que d\u00e9velopper son sens de la cr\u00e9ativit\u00e9 peut aider significativement les processus de recherche de solutions \u00e0 [&hellip;]","og_url":"https:\/\/www.gereso.com\/actualites\/2016\/05\/19\/reveiller-sa-creativite\/","og_site_name":"Le Blog GERESO","article_published_time":"2016-05-19T12:16:31+00:00","article_modified_time":"2022-03-14T09:34:29+00:00","og_image":[{"url":"https:\/\/www.gereso.com\/actualites\/wp-content\/uploads\/2016\/03\/couverture_reveiller_sa_creativite_louise_cote.jpg"}],"author":"\u00c9quipe GERESO","twitter_card":"summary_large_image","schema":{"@context":"https:\/\/schema.org","@graph":[{"@type":"WebPage","@id":"https:\/\/www.gereso.com\/actualites\/2016\/05\/19\/reveiller-sa-creativite\/","url":"https:\/\/www.gereso.com\/actualites\/2016\/05\/19\/reveiller-sa-creativite\/","name":"Lu pour vous : \"R\u00e9veiller sa cr\u00e9ativit\u00e9 !\" de Louise C\u00f4t\u00e9 - Le Blog GERESO","isPartOf":{"@id":"https:\/\/www.gereso.com\/actualites\/#website"},"primaryImageOfPage":{"@id":"https:\/\/www.gereso.com\/actualites\/2016\/05\/19\/reveiller-sa-creativite\/#primaryimage"},"image":{"@id":"https:\/\/www.gereso.com\/actualites\/2016\/05\/19\/reveiller-sa-creativite\/#primaryimage"},"thumbnailUrl":"https:\/\/www.gereso.com\/actualites\/wp-content\/uploads\/2016\/03\/couverture_reveiller_sa_creativite_louise_cote.jpg","datePublished":"2016-05-19T12:16:31+00:00","dateModified":"2022-03-14T09:34:29+00:00","author":{"@id":"https:\/\/www.gereso.com\/actualites\/#\/schema\/person\/197d8aef40cb4ae3f6a0aa9e1d3df2a6"},"breadcrumb":{"@id":"https:\/\/www.gereso.com\/actualites\/2016\/05\/19\/reveiller-sa-creativite\/#breadcrumb"},"inLanguage":"fr-FR","potentialAction":[{"@type":"ReadAction","target":["https:\/\/www.gereso.com\/actualites\/2016\/05\/19\/reveiller-sa-creativite\/"]}]},{"@type":"ImageObject","inLanguage":"fr-FR","@id":"https:\/\/www.gereso.com\/actualites\/2016\/05\/19\/reveiller-sa-creativite\/#primaryimage","url":"https:\/\/www.gereso.com\/actualites\/wp-content\/uploads\/2016\/03\/couverture_reveiller_sa_creativite_louise_cote.jpg","contentUrl":"https:\/\/www.gereso.com\/actualites\/wp-content\/uploads\/2016\/03\/couverture_reveiller_sa_creativite_louise_cote.jpg","width":300,"height":450},{"@type":"BreadcrumbList","@id":"https:\/\/www.gereso.com\/actualites\/2016\/05\/19\/reveiller-sa-creativite\/#breadcrumb","itemListElement":[{"@type":"ListItem","position":1,"name":"Home","item":"https:\/\/www.gereso.com\/actualites\/"},{"@type":"ListItem","position":2,"name":"Lu pour vous : \u00ab\u00a0R\u00e9veiller sa cr\u00e9ativit\u00e9 !\u00a0\u00bb de Louise C\u00f4t\u00e9"}]},{"@type":"WebSite","@id":"https:\/\/www.gereso.com\/actualites\/#website","url":"https:\/\/www.gereso.com\/actualites\/","name":"Le Blog GERESO","description":"Toute l&#039;actu RH, Finance, Fonction Publique, Management...","potentialAction":[{"@type":"SearchAction","target":{"@type":"EntryPoint","urlTemplate":"https:\/\/www.gereso.com\/actualites\/?s={search_term_string}"},"query-input":{"@type":"PropertyValueSpecification","valueRequired":true,"valueName":"search_term_string"}}],"inLanguage":"fr-FR"},{"@type":"Person","@id":"https:\/\/www.gereso.com\/actualites\/#\/schema\/person\/197d8aef40cb4ae3f6a0aa9e1d3df2a6","name":"\u00c9quipe GERESO","image":{"@type":"ImageObject","inLanguage":"fr-FR","@id":"https:\/\/www.gereso.com\/actualites\/#\/schema\/person\/image\/","url":"https:\/\/www.gereso.com\/actualites\/wp-content\/uploads\/2013\/12\/avatar-gereso-1.png","contentUrl":"https:\/\/www.gereso.com\/actualites\/wp-content\/uploads\/2013\/12\/avatar-gereso-1.png","caption":"\u00c9quipe GERESO"},"url":"https:\/\/www.gereso.com\/actualites\/author\/gereso\/"}]}},"_links":{"self":[{"href":"https:\/\/www.gereso.com\/actualites\/wp-json\/wp\/v2\/posts\/5627","targetHints":{"allow":["GET"]}}],"collection":[{"href":"https:\/\/www.gereso.com\/actualites\/wp-json\/wp\/v2\/posts"}],"about":[{"href":"https:\/\/www.gereso.com\/actualites\/wp-json\/wp\/v2\/types\/post"}],"author":[{"embeddable":true,"href":"https:\/\/www.gereso.com\/actualites\/wp-json\/wp\/v2\/users\/32"}],"replies":[{"embeddable":true,"href":"https:\/\/www.gereso.com\/actualites\/wp-json\/wp\/v2\/comments?post=5627"}],"version-history":[{"count":11,"href":"https:\/\/www.gereso.com\/actualites\/wp-json\/wp\/v2\/posts\/5627\/revisions"}],"predecessor-version":[{"id":26280,"href":"https:\/\/www.gereso.com\/actualites\/wp-json\/wp\/v2\/posts\/5627\/revisions\/26280"}],"wp:attachment":[{"href":"https:\/\/www.gereso.com\/actualites\/wp-json\/wp\/v2\/media?parent=5627"}],"wp:term":[{"taxonomy":"category","embeddable":true,"href":"https:\/\/www.gereso.com\/actualites\/wp-json\/wp\/v2\/categories?post=5627"},{"taxonomy":"post_tag","embeddable":true,"href":"https:\/\/www.gereso.com\/actualites\/wp-json\/wp\/v2\/tags?post=5627"}],"curies":[{"name":"wp","href":"https:\/\/api.w.org\/{rel}","templated":true}]}}