{"id":5723,"date":"2016-05-25T09:55:11","date_gmt":"2016-05-25T07:55:11","guid":{"rendered":"https:\/\/www.gereso.com\/actualites\/?p=5723"},"modified":"2022-03-14T11:34:38","modified_gmt":"2022-03-14T09:34:38","slug":"regime-forfaitaire-micro-entreprise","status":"publish","type":"post","link":"https:\/\/www.gereso.com\/actualites\/2016\/05\/25\/regime-forfaitaire-micro-entreprise\/","title":{"rendered":"R\u00e9gime forfaitaire des micro-entrepreneurs : le projet de loi Sapin pr\u00e9voit une rallonge de 2 ans."},"content":{"rendered":"<p>Bien que ce soit les mesures de transparence anti-corruption qui retiennent plus l\u2019attention sur le projet\u00a0 de loi Sapin II, ce texte comporte aussi des <strong>mesures de modernisation de la vie \u00e9conomique<\/strong> qui changeront la donne pour les micro-entrepreneurs.<\/p>\n<p>Pr\u00e9sent\u00e9 en conseil des ministres le mercredi 30 mars 2016, ce projet de loi propose d\u2019<strong>\u00e9tendre l\u2019\u00e9ligibilit\u00e9 des micro-entrepreneurs au r\u00e9gime forfaitaire micro 2 ans apr\u00e8s le d\u00e9passement du seuil de CA (chiffre d\u2019affaires) autoris\u00e9 pour ce statut<\/strong>.<\/p>\n<p>Cela repr\u00e9sente en quelque sorte une bouff\u00e9e d\u2019air pour les micro-entrepreneurs, dans la mesure o\u00f9 bon nombre d\u2019entre eux ont peur de voir leur CA se d\u00e9velopper, car cela signifie quitter le r\u00e9gime forfaitaire de la micro-entreprise. Ce dernier permettant de payer les charges de mani\u00e8re progressive et proportionnellement aux revenus du micro-entrepreneur.<\/p>\n<p>L\u2019autre mesure pens\u00e9e pour assouplir le r\u00e9gime des micro-entrepreneurs est la <strong>suppression de l\u2019obligation d\u2019ouvrir un compte bancaire d\u00e9di\u00e9 \u00e0 leurs activit\u00e9s<\/strong>. Cela leur permettra d\u2019\u00e9conomiser en termes de frais de tenue de compte.<\/p>\n<p><strong>Source\u00a0: projet de loi Sapin II\u00a0<\/strong><\/p>\n","protected":false},"excerpt":{"rendered":"<p>Bien que ce soit les mesures de transparence anti-corruption qui retiennent plus l\u2019attention sur le projet\u00a0 de loi Sapin II, ce texte comporte aussi des mesures de modernisation de la vie \u00e9conomique qui changeront la donne pour les micro-entrepreneurs. Pr\u00e9sent\u00e9 en conseil des ministres le mercredi 30 mars 2016, ce projet de loi propose d\u2019\u00e9tendre [&hellip;]<\/p>\n","protected":false},"author":32,"featured_media":0,"comment_status":"open","ping_status":"open","sticky":false,"template":"","format":"quote","meta":{"_acf_changed":false,"_mi_skip_tracking":false,"footnotes":""},"categories":[3,1],"tags":[229,142,163,887],"class_list":["post-5723","post","type-post","status-publish","format-quote","hentry","category-comptabilite-fiscalite-et-gestion-financiere","category-non-classe","tag-actualites-fiscales","tag-fiscalite","tag-imposition","tag-micro-entreprise","post_format-post-format-quote"],"acf":[],"yoast_head":"<!-- This site is optimized with the Yoast SEO plugin v23.4 - https:\/\/yoast.com\/wordpress\/plugins\/seo\/ -->\n<title>R\u00e9gime forfaitaire des micro-entrepreneurs : le projet de loi Sapin pr\u00e9voit une rallonge de 2 ans. - Le Blog GERESO<\/title>\n<meta name=\"robots\" content=\"index, follow, max-snippet:-1, max-image-preview:large, max-video-preview:-1\" \/>\n<link rel=\"canonical\" href=\"https:\/\/www.gereso.com\/actualites\/2016\/05\/25\/regime-forfaitaire-micro-entreprise\/\" \/>\n<meta property=\"og:locale\" content=\"fr_FR\" \/>\n<meta property=\"og:type\" content=\"article\" \/>\n<meta property=\"og:title\" content=\"R\u00e9gime forfaitaire des micro-entrepreneurs : le projet de loi Sapin pr\u00e9voit une rallonge de 2 ans. - Le Blog GERESO\" \/>\n<meta property=\"og:description\" content=\"Bien que ce soit les mesures de transparence anti-corruption qui retiennent plus l\u2019attention sur le projet\u00a0 de loi Sapin II, ce texte comporte aussi des mesures de modernisation de la vie \u00e9conomique qui changeront la donne pour les micro-entrepreneurs. Pr\u00e9sent\u00e9 en conseil des ministres le mercredi 30 mars 2016, ce projet de loi propose d\u2019\u00e9tendre [&hellip;]\" \/>\n<meta property=\"og:url\" content=\"https:\/\/www.gereso.com\/actualites\/2016\/05\/25\/regime-forfaitaire-micro-entreprise\/\" \/>\n<meta property=\"og:site_name\" content=\"Le Blog GERESO\" \/>\n<meta property=\"article:published_time\" content=\"2016-05-25T07:55:11+00:00\" \/>\n<meta property=\"article:modified_time\" content=\"2022-03-14T09:34:38+00:00\" \/>\n<meta name=\"author\" content=\"\u00c9quipe GERESO\" \/>\n<meta name=\"twitter:card\" content=\"summary_large_image\" \/>\n<script type=\"application\/ld+json\" class=\"yoast-schema-graph\">{\"@context\":\"https:\/\/schema.org\",\"@graph\":[{\"@type\":\"WebPage\",\"@id\":\"https:\/\/www.gereso.com\/actualites\/2016\/05\/25\/regime-forfaitaire-micro-entreprise\/\",\"url\":\"https:\/\/www.gereso.com\/actualites\/2016\/05\/25\/regime-forfaitaire-micro-entreprise\/\",\"name\":\"R\u00e9gime forfaitaire des micro-entrepreneurs : le projet de loi Sapin pr\u00e9voit une rallonge de 2 ans. - Le Blog GERESO\",\"isPartOf\":{\"@id\":\"https:\/\/www.gereso.com\/actualites\/#website\"},\"datePublished\":\"2016-05-25T07:55:11+00:00\",\"dateModified\":\"2022-03-14T09:34:38+00:00\",\"author\":{\"@id\":\"https:\/\/www.gereso.com\/actualites\/#\/schema\/person\/197d8aef40cb4ae3f6a0aa9e1d3df2a6\"},\"breadcrumb\":{\"@id\":\"https:\/\/www.gereso.com\/actualites\/2016\/05\/25\/regime-forfaitaire-micro-entreprise\/#breadcrumb\"},\"inLanguage\":\"fr-FR\",\"potentialAction\":[{\"@type\":\"ReadAction\",\"target\":[\"https:\/\/www.gereso.com\/actualites\/2016\/05\/25\/regime-forfaitaire-micro-entreprise\/\"]}]},{\"@type\":\"BreadcrumbList\",\"@id\":\"https:\/\/www.gereso.com\/actualites\/2016\/05\/25\/regime-forfaitaire-micro-entreprise\/#breadcrumb\",\"itemListElement\":[{\"@type\":\"ListItem\",\"position\":1,\"name\":\"Home\",\"item\":\"https:\/\/www.gereso.com\/actualites\/\"},{\"@type\":\"ListItem\",\"position\":2,\"name\":\"R\u00e9gime forfaitaire des micro-entrepreneurs : le projet de loi Sapin pr\u00e9voit une rallonge de 2 ans.\"}]},{\"@type\":\"WebSite\",\"@id\":\"https:\/\/www.gereso.com\/actualites\/#website\",\"url\":\"https:\/\/www.gereso.com\/actualites\/\",\"name\":\"Le Blog GERESO\",\"description\":\"Toute l&#039;actu RH, Finance, Fonction Publique, Management...\",\"potentialAction\":[{\"@type\":\"SearchAction\",\"target\":{\"@type\":\"EntryPoint\",\"urlTemplate\":\"https:\/\/www.gereso.com\/actualites\/?s={search_term_string}\"},\"query-input\":{\"@type\":\"PropertyValueSpecification\",\"valueRequired\":true,\"valueName\":\"search_term_string\"}}],\"inLanguage\":\"fr-FR\"},{\"@type\":\"Person\",\"@id\":\"https:\/\/www.gereso.com\/actualites\/#\/schema\/person\/197d8aef40cb4ae3f6a0aa9e1d3df2a6\",\"name\":\"\u00c9quipe GERESO\",\"image\":{\"@type\":\"ImageObject\",\"inLanguage\":\"fr-FR\",\"@id\":\"https:\/\/www.gereso.com\/actualites\/#\/schema\/person\/image\/\",\"url\":\"https:\/\/www.gereso.com\/actualites\/wp-content\/uploads\/2013\/12\/avatar-gereso-1.png\",\"contentUrl\":\"https:\/\/www.gereso.com\/actualites\/wp-content\/uploads\/2013\/12\/avatar-gereso-1.png\",\"caption\":\"\u00c9quipe GERESO\"},\"url\":\"https:\/\/www.gereso.com\/actualites\/author\/gereso\/\"}]}<\/script>\n<!-- \/ Yoast SEO plugin. -->","yoast_head_json":{"title":"R\u00e9gime forfaitaire des micro-entrepreneurs : le projet de loi Sapin pr\u00e9voit une rallonge de 2 ans. - Le Blog GERESO","robots":{"index":"index","follow":"follow","max-snippet":"max-snippet:-1","max-image-preview":"max-image-preview:large","max-video-preview":"max-video-preview:-1"},"canonical":"https:\/\/www.gereso.com\/actualites\/2016\/05\/25\/regime-forfaitaire-micro-entreprise\/","og_locale":"fr_FR","og_type":"article","og_title":"R\u00e9gime forfaitaire des micro-entrepreneurs : le projet de loi Sapin pr\u00e9voit une rallonge de 2 ans. - Le Blog GERESO","og_description":"Bien que ce soit les mesures de transparence anti-corruption qui retiennent plus l\u2019attention sur le projet\u00a0 de loi Sapin II, ce texte comporte aussi des mesures de modernisation de la vie \u00e9conomique qui changeront la donne pour les micro-entrepreneurs. Pr\u00e9sent\u00e9 en conseil des ministres le mercredi 30 mars 2016, ce projet de loi propose d\u2019\u00e9tendre [&hellip;]","og_url":"https:\/\/www.gereso.com\/actualites\/2016\/05\/25\/regime-forfaitaire-micro-entreprise\/","og_site_name":"Le Blog GERESO","article_published_time":"2016-05-25T07:55:11+00:00","article_modified_time":"2022-03-14T09:34:38+00:00","author":"\u00c9quipe GERESO","twitter_card":"summary_large_image","schema":{"@context":"https:\/\/schema.org","@graph":[{"@type":"WebPage","@id":"https:\/\/www.gereso.com\/actualites\/2016\/05\/25\/regime-forfaitaire-micro-entreprise\/","url":"https:\/\/www.gereso.com\/actualites\/2016\/05\/25\/regime-forfaitaire-micro-entreprise\/","name":"R\u00e9gime forfaitaire des micro-entrepreneurs : le projet de loi Sapin pr\u00e9voit une rallonge de 2 ans. - Le Blog GERESO","isPartOf":{"@id":"https:\/\/www.gereso.com\/actualites\/#website"},"datePublished":"2016-05-25T07:55:11+00:00","dateModified":"2022-03-14T09:34:38+00:00","author":{"@id":"https:\/\/www.gereso.com\/actualites\/#\/schema\/person\/197d8aef40cb4ae3f6a0aa9e1d3df2a6"},"breadcrumb":{"@id":"https:\/\/www.gereso.com\/actualites\/2016\/05\/25\/regime-forfaitaire-micro-entreprise\/#breadcrumb"},"inLanguage":"fr-FR","potentialAction":[{"@type":"ReadAction","target":["https:\/\/www.gereso.com\/actualites\/2016\/05\/25\/regime-forfaitaire-micro-entreprise\/"]}]},{"@type":"BreadcrumbList","@id":"https:\/\/www.gereso.com\/actualites\/2016\/05\/25\/regime-forfaitaire-micro-entreprise\/#breadcrumb","itemListElement":[{"@type":"ListItem","position":1,"name":"Home","item":"https:\/\/www.gereso.com\/actualites\/"},{"@type":"ListItem","position":2,"name":"R\u00e9gime forfaitaire des micro-entrepreneurs : le projet de loi Sapin pr\u00e9voit une rallonge de 2 ans."}]},{"@type":"WebSite","@id":"https:\/\/www.gereso.com\/actualites\/#website","url":"https:\/\/www.gereso.com\/actualites\/","name":"Le Blog GERESO","description":"Toute l&#039;actu RH, Finance, Fonction Publique, Management...","potentialAction":[{"@type":"SearchAction","target":{"@type":"EntryPoint","urlTemplate":"https:\/\/www.gereso.com\/actualites\/?s={search_term_string}"},"query-input":{"@type":"PropertyValueSpecification","valueRequired":true,"valueName":"search_term_string"}}],"inLanguage":"fr-FR"},{"@type":"Person","@id":"https:\/\/www.gereso.com\/actualites\/#\/schema\/person\/197d8aef40cb4ae3f6a0aa9e1d3df2a6","name":"\u00c9quipe GERESO","image":{"@type":"ImageObject","inLanguage":"fr-FR","@id":"https:\/\/www.gereso.com\/actualites\/#\/schema\/person\/image\/","url":"https:\/\/www.gereso.com\/actualites\/wp-content\/uploads\/2013\/12\/avatar-gereso-1.png","contentUrl":"https:\/\/www.gereso.com\/actualites\/wp-content\/uploads\/2013\/12\/avatar-gereso-1.png","caption":"\u00c9quipe GERESO"},"url":"https:\/\/www.gereso.com\/actualites\/author\/gereso\/"}]}},"_links":{"self":[{"href":"https:\/\/www.gereso.com\/actualites\/wp-json\/wp\/v2\/posts\/5723","targetHints":{"allow":["GET"]}}],"collection":[{"href":"https:\/\/www.gereso.com\/actualites\/wp-json\/wp\/v2\/posts"}],"about":[{"href":"https:\/\/www.gereso.com\/actualites\/wp-json\/wp\/v2\/types\/post"}],"author":[{"embeddable":true,"href":"https:\/\/www.gereso.com\/actualites\/wp-json\/wp\/v2\/users\/32"}],"replies":[{"embeddable":true,"href":"https:\/\/www.gereso.com\/actualites\/wp-json\/wp\/v2\/comments?post=5723"}],"version-history":[{"count":6,"href":"https:\/\/www.gereso.com\/actualites\/wp-json\/wp\/v2\/posts\/5723\/revisions"}],"predecessor-version":[{"id":26290,"href":"https:\/\/www.gereso.com\/actualites\/wp-json\/wp\/v2\/posts\/5723\/revisions\/26290"}],"wp:attachment":[{"href":"https:\/\/www.gereso.com\/actualites\/wp-json\/wp\/v2\/media?parent=5723"}],"wp:term":[{"taxonomy":"category","embeddable":true,"href":"https:\/\/www.gereso.com\/actualites\/wp-json\/wp\/v2\/categories?post=5723"},{"taxonomy":"post_tag","embeddable":true,"href":"https:\/\/www.gereso.com\/actualites\/wp-json\/wp\/v2\/tags?post=5723"}],"curies":[{"name":"wp","href":"https:\/\/api.w.org\/{rel}","templated":true}]}}