{"id":5760,"date":"2016-05-18T11:22:01","date_gmt":"2016-05-18T09:22:01","guid":{"rendered":"https:\/\/www.gereso.com\/actualites\/?p=5760"},"modified":"2016-05-19T15:18:35","modified_gmt":"2016-05-19T13:18:35","slug":"reunions-inutiles","status":"publish","type":"post","link":"https:\/\/www.gereso.com\/actualites\/2016\/05\/18\/reunions-inutiles\/","title":{"rendered":"R\u00e9unions inutiles : elles repr\u00e9senteraient 10 jours de l\u2019ann\u00e9e d\u2019un cadre !"},"content":{"rendered":"<p><strong>10 jours : <\/strong>c\u2019est le temps que passerait en moyenne un cadre dans des <strong>r\u00e9unions jug\u00e9es inefficaces<\/strong> chaque ann\u00e9e. Ce chiffre ressort d\u2019une \u00e9tude effectu\u00e9e par Wisembly en partenariat avec l\u2019Institut Fran\u00e7ais d\u2019Opinion Publique (IFOP).<\/p>\n<p>Ce sondage fut men\u00e9 en ligne durant la p\u00e9riode du 9 au 14 mars 2016 aupr\u00e8s d\u2019un \u00e9chantillon de 1.001 personnes repr\u00e9sentatif de la population-cadre fran\u00e7aise. L&rsquo;\u00e9tude montre que les cadres passent en moyenne <strong>24 jours par ann\u00e9e dans des r\u00e9unions<\/strong>, dont 10 jours en r\u00e9unions dont les r\u00e9sultats sont qualifi\u00e9s d\u2019infructueux.<\/p>\n<p>35% des personnes interrog\u00e9es ont m\u00eame avou\u00e9 que la moiti\u00e9 des r\u00e9unions auxquelles ils assistent sont g\u00e9n\u00e9ralement sans int\u00e9r\u00eat. Pourtant, les entreprises continuent d\u2019organiser ce genre de rencontres \u00a0trop fr\u00e9quemment. Le barom\u00e8tre montre en effet que 24% des cadres enqu\u00eat\u00e9s participent au moins \u00e0 <strong>5 r\u00e9unions par semaine.<\/strong><\/p>\n<p>Source\u00a0: la <a href=\"http:\/\/fr.slideshare.net\/Wisembly\/les-cadres-perdent-en-moyenne-10-jours-par-an-en-runion-inefficaces-sondage-ifop-et-wisembly\" target=\"_blank\" rel=\"nofollow\">pr\u00e9sentation des r\u00e9sultats du barom\u00e8tre Wisembly\/iFOP \u2013 mars 2016<\/a><\/p>\n","protected":false},"excerpt":{"rendered":"<p>10 jours : c\u2019est le temps que passerait en moyenne un cadre dans des r\u00e9unions jug\u00e9es inefficaces chaque ann\u00e9e. Ce chiffre ressort d\u2019une \u00e9tude effectu\u00e9e par Wisembly en partenariat avec l\u2019Institut Fran\u00e7ais d\u2019Opinion Publique (IFOP). Ce sondage fut men\u00e9 en ligne durant la p\u00e9riode du 9 au 14 mars 2016 aupr\u00e8s d\u2019un \u00e9chantillon de 1.001 [&hellip;]<\/p>\n","protected":false},"author":32,"featured_media":0,"comment_status":"open","ping_status":"open","sticky":false,"template":"","format":"quote","meta":{"_acf_changed":false,"_mi_skip_tracking":false,"footnotes":""},"categories":[9,10],"tags":[559,267,959,425],"class_list":["post-5760","post","type-post","status-publish","format-quote","hentry","category-developpement-personnel-et-efficacite-professionnelle","category-management-et-leadership","tag-formation-efficacite-professionnelle","tag-organisation","tag-reunion","tag-temps-de-travail","post_format-post-format-quote"],"acf":[],"yoast_head":"<!-- This site is optimized with the Yoast SEO plugin v23.4 - https:\/\/yoast.com\/wordpress\/plugins\/seo\/ -->\n<title>R\u00e9unions inutiles : elles repr\u00e9senteraient 10 jours de l\u2019ann\u00e9e d\u2019un cadre ! - Le Blog GERESO<\/title>\n<meta name=\"robots\" content=\"index, follow, max-snippet:-1, max-image-preview:large, max-video-preview:-1\" \/>\n<link rel=\"canonical\" href=\"https:\/\/www.gereso.com\/actualites\/2016\/05\/18\/reunions-inutiles\/\" \/>\n<meta property=\"og:locale\" content=\"fr_FR\" \/>\n<meta property=\"og:type\" content=\"article\" \/>\n<meta property=\"og:title\" content=\"R\u00e9unions inutiles : elles repr\u00e9senteraient 10 jours de l\u2019ann\u00e9e d\u2019un cadre ! - Le Blog GERESO\" \/>\n<meta property=\"og:description\" content=\"10 jours : c\u2019est le temps que passerait en moyenne un cadre dans des r\u00e9unions jug\u00e9es inefficaces chaque ann\u00e9e. Ce chiffre ressort d\u2019une \u00e9tude effectu\u00e9e par Wisembly en partenariat avec l\u2019Institut Fran\u00e7ais d\u2019Opinion Publique (IFOP). Ce sondage fut men\u00e9 en ligne durant la p\u00e9riode du 9 au 14 mars 2016 aupr\u00e8s d\u2019un \u00e9chantillon de 1.001 [&hellip;]\" \/>\n<meta property=\"og:url\" content=\"https:\/\/www.gereso.com\/actualites\/2016\/05\/18\/reunions-inutiles\/\" \/>\n<meta property=\"og:site_name\" content=\"Le Blog GERESO\" \/>\n<meta property=\"article:published_time\" content=\"2016-05-18T09:22:01+00:00\" \/>\n<meta property=\"article:modified_time\" content=\"2016-05-19T13:18:35+00:00\" \/>\n<meta name=\"author\" content=\"\u00c9quipe GERESO\" \/>\n<meta name=\"twitter:card\" content=\"summary_large_image\" \/>\n<script type=\"application\/ld+json\" class=\"yoast-schema-graph\">{\"@context\":\"https:\/\/schema.org\",\"@graph\":[{\"@type\":\"WebPage\",\"@id\":\"https:\/\/www.gereso.com\/actualites\/2016\/05\/18\/reunions-inutiles\/\",\"url\":\"https:\/\/www.gereso.com\/actualites\/2016\/05\/18\/reunions-inutiles\/\",\"name\":\"R\u00e9unions inutiles : elles repr\u00e9senteraient 10 jours de l\u2019ann\u00e9e d\u2019un cadre ! - Le Blog GERESO\",\"isPartOf\":{\"@id\":\"https:\/\/www.gereso.com\/actualites\/#website\"},\"datePublished\":\"2016-05-18T09:22:01+00:00\",\"dateModified\":\"2016-05-19T13:18:35+00:00\",\"author\":{\"@id\":\"https:\/\/www.gereso.com\/actualites\/#\/schema\/person\/197d8aef40cb4ae3f6a0aa9e1d3df2a6\"},\"breadcrumb\":{\"@id\":\"https:\/\/www.gereso.com\/actualites\/2016\/05\/18\/reunions-inutiles\/#breadcrumb\"},\"inLanguage\":\"fr-FR\",\"potentialAction\":[{\"@type\":\"ReadAction\",\"target\":[\"https:\/\/www.gereso.com\/actualites\/2016\/05\/18\/reunions-inutiles\/\"]}]},{\"@type\":\"BreadcrumbList\",\"@id\":\"https:\/\/www.gereso.com\/actualites\/2016\/05\/18\/reunions-inutiles\/#breadcrumb\",\"itemListElement\":[{\"@type\":\"ListItem\",\"position\":1,\"name\":\"Home\",\"item\":\"https:\/\/www.gereso.com\/actualites\/\"},{\"@type\":\"ListItem\",\"position\":2,\"name\":\"R\u00e9unions inutiles : elles repr\u00e9senteraient 10 jours de l\u2019ann\u00e9e d\u2019un cadre !\"}]},{\"@type\":\"WebSite\",\"@id\":\"https:\/\/www.gereso.com\/actualites\/#website\",\"url\":\"https:\/\/www.gereso.com\/actualites\/\",\"name\":\"Le Blog GERESO\",\"description\":\"Toute l&#039;actu RH, Finance, Fonction Publique, Management...\",\"potentialAction\":[{\"@type\":\"SearchAction\",\"target\":{\"@type\":\"EntryPoint\",\"urlTemplate\":\"https:\/\/www.gereso.com\/actualites\/?s={search_term_string}\"},\"query-input\":{\"@type\":\"PropertyValueSpecification\",\"valueRequired\":true,\"valueName\":\"search_term_string\"}}],\"inLanguage\":\"fr-FR\"},{\"@type\":\"Person\",\"@id\":\"https:\/\/www.gereso.com\/actualites\/#\/schema\/person\/197d8aef40cb4ae3f6a0aa9e1d3df2a6\",\"name\":\"\u00c9quipe GERESO\",\"image\":{\"@type\":\"ImageObject\",\"inLanguage\":\"fr-FR\",\"@id\":\"https:\/\/www.gereso.com\/actualites\/#\/schema\/person\/image\/\",\"url\":\"https:\/\/www.gereso.com\/actualites\/wp-content\/uploads\/2013\/12\/avatar-gereso-1.png\",\"contentUrl\":\"https:\/\/www.gereso.com\/actualites\/wp-content\/uploads\/2013\/12\/avatar-gereso-1.png\",\"caption\":\"\u00c9quipe GERESO\"},\"url\":\"https:\/\/www.gereso.com\/actualites\/author\/gereso\/\"}]}<\/script>\n<!-- \/ Yoast SEO plugin. -->","yoast_head_json":{"title":"R\u00e9unions inutiles : elles repr\u00e9senteraient 10 jours de l\u2019ann\u00e9e d\u2019un cadre ! - Le Blog GERESO","robots":{"index":"index","follow":"follow","max-snippet":"max-snippet:-1","max-image-preview":"max-image-preview:large","max-video-preview":"max-video-preview:-1"},"canonical":"https:\/\/www.gereso.com\/actualites\/2016\/05\/18\/reunions-inutiles\/","og_locale":"fr_FR","og_type":"article","og_title":"R\u00e9unions inutiles : elles repr\u00e9senteraient 10 jours de l\u2019ann\u00e9e d\u2019un cadre ! - Le Blog GERESO","og_description":"10 jours : c\u2019est le temps que passerait en moyenne un cadre dans des r\u00e9unions jug\u00e9es inefficaces chaque ann\u00e9e. Ce chiffre ressort d\u2019une \u00e9tude effectu\u00e9e par Wisembly en partenariat avec l\u2019Institut Fran\u00e7ais d\u2019Opinion Publique (IFOP). Ce sondage fut men\u00e9 en ligne durant la p\u00e9riode du 9 au 14 mars 2016 aupr\u00e8s d\u2019un \u00e9chantillon de 1.001 [&hellip;]","og_url":"https:\/\/www.gereso.com\/actualites\/2016\/05\/18\/reunions-inutiles\/","og_site_name":"Le Blog GERESO","article_published_time":"2016-05-18T09:22:01+00:00","article_modified_time":"2016-05-19T13:18:35+00:00","author":"\u00c9quipe GERESO","twitter_card":"summary_large_image","schema":{"@context":"https:\/\/schema.org","@graph":[{"@type":"WebPage","@id":"https:\/\/www.gereso.com\/actualites\/2016\/05\/18\/reunions-inutiles\/","url":"https:\/\/www.gereso.com\/actualites\/2016\/05\/18\/reunions-inutiles\/","name":"R\u00e9unions inutiles : elles repr\u00e9senteraient 10 jours de l\u2019ann\u00e9e d\u2019un cadre ! - Le Blog GERESO","isPartOf":{"@id":"https:\/\/www.gereso.com\/actualites\/#website"},"datePublished":"2016-05-18T09:22:01+00:00","dateModified":"2016-05-19T13:18:35+00:00","author":{"@id":"https:\/\/www.gereso.com\/actualites\/#\/schema\/person\/197d8aef40cb4ae3f6a0aa9e1d3df2a6"},"breadcrumb":{"@id":"https:\/\/www.gereso.com\/actualites\/2016\/05\/18\/reunions-inutiles\/#breadcrumb"},"inLanguage":"fr-FR","potentialAction":[{"@type":"ReadAction","target":["https:\/\/www.gereso.com\/actualites\/2016\/05\/18\/reunions-inutiles\/"]}]},{"@type":"BreadcrumbList","@id":"https:\/\/www.gereso.com\/actualites\/2016\/05\/18\/reunions-inutiles\/#breadcrumb","itemListElement":[{"@type":"ListItem","position":1,"name":"Home","item":"https:\/\/www.gereso.com\/actualites\/"},{"@type":"ListItem","position":2,"name":"R\u00e9unions inutiles : elles repr\u00e9senteraient 10 jours de l\u2019ann\u00e9e d\u2019un cadre !"}]},{"@type":"WebSite","@id":"https:\/\/www.gereso.com\/actualites\/#website","url":"https:\/\/www.gereso.com\/actualites\/","name":"Le Blog GERESO","description":"Toute l&#039;actu RH, Finance, Fonction Publique, Management...","potentialAction":[{"@type":"SearchAction","target":{"@type":"EntryPoint","urlTemplate":"https:\/\/www.gereso.com\/actualites\/?s={search_term_string}"},"query-input":{"@type":"PropertyValueSpecification","valueRequired":true,"valueName":"search_term_string"}}],"inLanguage":"fr-FR"},{"@type":"Person","@id":"https:\/\/www.gereso.com\/actualites\/#\/schema\/person\/197d8aef40cb4ae3f6a0aa9e1d3df2a6","name":"\u00c9quipe GERESO","image":{"@type":"ImageObject","inLanguage":"fr-FR","@id":"https:\/\/www.gereso.com\/actualites\/#\/schema\/person\/image\/","url":"https:\/\/www.gereso.com\/actualites\/wp-content\/uploads\/2013\/12\/avatar-gereso-1.png","contentUrl":"https:\/\/www.gereso.com\/actualites\/wp-content\/uploads\/2013\/12\/avatar-gereso-1.png","caption":"\u00c9quipe GERESO"},"url":"https:\/\/www.gereso.com\/actualites\/author\/gereso\/"}]}},"_links":{"self":[{"href":"https:\/\/www.gereso.com\/actualites\/wp-json\/wp\/v2\/posts\/5760","targetHints":{"allow":["GET"]}}],"collection":[{"href":"https:\/\/www.gereso.com\/actualites\/wp-json\/wp\/v2\/posts"}],"about":[{"href":"https:\/\/www.gereso.com\/actualites\/wp-json\/wp\/v2\/types\/post"}],"author":[{"embeddable":true,"href":"https:\/\/www.gereso.com\/actualites\/wp-json\/wp\/v2\/users\/32"}],"replies":[{"embeddable":true,"href":"https:\/\/www.gereso.com\/actualites\/wp-json\/wp\/v2\/comments?post=5760"}],"version-history":[{"count":6,"href":"https:\/\/www.gereso.com\/actualites\/wp-json\/wp\/v2\/posts\/5760\/revisions"}],"predecessor-version":[{"id":6192,"href":"https:\/\/www.gereso.com\/actualites\/wp-json\/wp\/v2\/posts\/5760\/revisions\/6192"}],"wp:attachment":[{"href":"https:\/\/www.gereso.com\/actualites\/wp-json\/wp\/v2\/media?parent=5760"}],"wp:term":[{"taxonomy":"category","embeddable":true,"href":"https:\/\/www.gereso.com\/actualites\/wp-json\/wp\/v2\/categories?post=5760"},{"taxonomy":"post_tag","embeddable":true,"href":"https:\/\/www.gereso.com\/actualites\/wp-json\/wp\/v2\/tags?post=5760"}],"curies":[{"name":"wp","href":"https:\/\/api.w.org\/{rel}","templated":true}]}}