{"id":5838,"date":"2016-05-25T09:29:49","date_gmt":"2016-05-25T07:29:49","guid":{"rendered":"https:\/\/www.gereso.com\/actualites\/?p=5838"},"modified":"2016-05-25T09:29:49","modified_gmt":"2016-05-25T07:29:49","slug":"creation-dentreprise-une-legere-hausse-de-02-en-mars-2016","status":"publish","type":"post","link":"https:\/\/www.gereso.com\/actualites\/2016\/05\/25\/creation-dentreprise-une-legere-hausse-de-02-en-mars-2016\/","title":{"rendered":"Cr\u00e9ation d\u2019entreprise : Une l\u00e9g\u00e8re hausse de +0,2% en mars 2016"},"content":{"rendered":"<p>D\u2019apr\u00e8s les statistiques de l\u2019INSEE publi\u00e9es le 12 avril 2016, le nombre de <strong>cr\u00e9ations d\u2019entreprises<\/strong> est en <strong>l\u00e9g\u00e8re augmentation<\/strong> au mois de mars\u00a0: +0,2% contre -0,7% au mois de f\u00e9vrier 2016.<\/p>\n<p>L\u2019accroissement de la cr\u00e9ation d\u2019entreprises classiques compense la <strong>diminution des immatriculations des micro-entrepreneurs<\/strong>, tandis que c\u2019est le <strong>secteur du transport<\/strong> qui contribue le plus \u00e0 la hausse g\u00e9n\u00e9rale.<\/p>\n<p>Le taux cumul\u00e9 de cr\u00e9ation de nouvelles entreprises lors du premier trimestre de cette ann\u00e9e pr\u00e9sente une am\u00e9lioration, avec une augmentation de 5,7%, compar\u00e9 aux chiffres du premier trimestre de l\u2019ann\u00e9e 2015.<\/p>\n<p>Sur les 12 derniers mois, en donn\u00e9es brutes, le nombre cumul\u00e9 d\u2019entreprises cr\u00e9\u00e9es diminue de 1,9%, une baisse imputable au recul des immatriculations des micro-entrepreneurs qui est de -18,4%.<\/p>\n<p>Sur l\u2019ann\u00e9e <strong>2016<\/strong>, la <strong>tendance<\/strong> serait donc \u00e0 <strong>une tr\u00e8s l\u00e9g\u00e8re hausse<\/strong>, voire une stagnation au niveau de la cr\u00e9ation d\u2019entreprise en France.<\/p>\n<p><em>Source\u00a0: <a href=\"http:\/\/www.insee.fr\/fr\/themes\/info-rapide.asp?id=41&amp;date=20160412\" target=\"_blank\" rel=\"nofollow\">www.insee.fr\/fr\/themes\/info-rapide.asp?id=41&amp;date=20160412<\/a><\/em><\/p>\n","protected":false},"excerpt":{"rendered":"<p>D\u2019apr\u00e8s les statistiques de l\u2019INSEE publi\u00e9es le 12 avril 2016, le nombre de cr\u00e9ations d\u2019entreprises est en l\u00e9g\u00e8re augmentation au mois de mars\u00a0: +0,2% contre -0,7% au mois de f\u00e9vrier 2016. L\u2019accroissement de la cr\u00e9ation d\u2019entreprises classiques compense la diminution des immatriculations des micro-entrepreneurs, tandis que c\u2019est le secteur du transport qui contribue le plus [&hellip;]<\/p>\n","protected":false},"author":32,"featured_media":0,"comment_status":"open","ping_status":"open","sticky":false,"template":"","format":"quote","meta":{"_acf_changed":false,"_mi_skip_tracking":false,"footnotes":""},"categories":[12,11],"tags":[596,553],"class_list":["post-5838","post","type-post","status-publish","format-quote","hentry","category-actualites","category-management-de-projet-strategie-et-organisation","tag-creation-dentreprise","tag-emploi","post_format-post-format-quote"],"acf":[],"yoast_head":"<!-- This site is optimized with the Yoast SEO plugin v23.4 - https:\/\/yoast.com\/wordpress\/plugins\/seo\/ -->\n<title>Cr\u00e9ation d\u2019entreprise : Une l\u00e9g\u00e8re hausse de +0,2% en mars 2016 - Le Blog GERESO<\/title>\n<meta name=\"robots\" content=\"index, follow, max-snippet:-1, max-image-preview:large, max-video-preview:-1\" \/>\n<link rel=\"canonical\" href=\"https:\/\/www.gereso.com\/actualites\/2016\/05\/25\/creation-dentreprise-une-legere-hausse-de-02-en-mars-2016\/\" \/>\n<meta property=\"og:locale\" content=\"fr_FR\" \/>\n<meta property=\"og:type\" content=\"article\" \/>\n<meta property=\"og:title\" content=\"Cr\u00e9ation d\u2019entreprise : Une l\u00e9g\u00e8re hausse de +0,2% en mars 2016 - Le Blog GERESO\" \/>\n<meta property=\"og:description\" content=\"D\u2019apr\u00e8s les statistiques de l\u2019INSEE publi\u00e9es le 12 avril 2016, le nombre de cr\u00e9ations d\u2019entreprises est en l\u00e9g\u00e8re augmentation au mois de mars\u00a0: +0,2% contre -0,7% au mois de f\u00e9vrier 2016. L\u2019accroissement de la cr\u00e9ation d\u2019entreprises classiques compense la diminution des immatriculations des micro-entrepreneurs, tandis que c\u2019est le secteur du transport qui contribue le plus [&hellip;]\" \/>\n<meta property=\"og:url\" content=\"https:\/\/www.gereso.com\/actualites\/2016\/05\/25\/creation-dentreprise-une-legere-hausse-de-02-en-mars-2016\/\" \/>\n<meta property=\"og:site_name\" content=\"Le Blog GERESO\" \/>\n<meta property=\"article:published_time\" content=\"2016-05-25T07:29:49+00:00\" \/>\n<meta name=\"author\" content=\"\u00c9quipe GERESO\" \/>\n<meta name=\"twitter:card\" content=\"summary_large_image\" \/>\n<script type=\"application\/ld+json\" class=\"yoast-schema-graph\">{\"@context\":\"https:\/\/schema.org\",\"@graph\":[{\"@type\":\"WebPage\",\"@id\":\"https:\/\/www.gereso.com\/actualites\/2016\/05\/25\/creation-dentreprise-une-legere-hausse-de-02-en-mars-2016\/\",\"url\":\"https:\/\/www.gereso.com\/actualites\/2016\/05\/25\/creation-dentreprise-une-legere-hausse-de-02-en-mars-2016\/\",\"name\":\"Cr\u00e9ation d\u2019entreprise : Une l\u00e9g\u00e8re hausse de +0,2% en mars 2016 - Le Blog GERESO\",\"isPartOf\":{\"@id\":\"https:\/\/www.gereso.com\/actualites\/#website\"},\"datePublished\":\"2016-05-25T07:29:49+00:00\",\"dateModified\":\"2016-05-25T07:29:49+00:00\",\"author\":{\"@id\":\"https:\/\/www.gereso.com\/actualites\/#\/schema\/person\/197d8aef40cb4ae3f6a0aa9e1d3df2a6\"},\"breadcrumb\":{\"@id\":\"https:\/\/www.gereso.com\/actualites\/2016\/05\/25\/creation-dentreprise-une-legere-hausse-de-02-en-mars-2016\/#breadcrumb\"},\"inLanguage\":\"fr-FR\",\"potentialAction\":[{\"@type\":\"ReadAction\",\"target\":[\"https:\/\/www.gereso.com\/actualites\/2016\/05\/25\/creation-dentreprise-une-legere-hausse-de-02-en-mars-2016\/\"]}]},{\"@type\":\"BreadcrumbList\",\"@id\":\"https:\/\/www.gereso.com\/actualites\/2016\/05\/25\/creation-dentreprise-une-legere-hausse-de-02-en-mars-2016\/#breadcrumb\",\"itemListElement\":[{\"@type\":\"ListItem\",\"position\":1,\"name\":\"Home\",\"item\":\"https:\/\/www.gereso.com\/actualites\/\"},{\"@type\":\"ListItem\",\"position\":2,\"name\":\"Cr\u00e9ation d\u2019entreprise : Une l\u00e9g\u00e8re hausse de +0,2% en mars 2016\"}]},{\"@type\":\"WebSite\",\"@id\":\"https:\/\/www.gereso.com\/actualites\/#website\",\"url\":\"https:\/\/www.gereso.com\/actualites\/\",\"name\":\"Le Blog GERESO\",\"description\":\"Toute l&#039;actu RH, Finance, Fonction Publique, Management...\",\"potentialAction\":[{\"@type\":\"SearchAction\",\"target\":{\"@type\":\"EntryPoint\",\"urlTemplate\":\"https:\/\/www.gereso.com\/actualites\/?s={search_term_string}\"},\"query-input\":{\"@type\":\"PropertyValueSpecification\",\"valueRequired\":true,\"valueName\":\"search_term_string\"}}],\"inLanguage\":\"fr-FR\"},{\"@type\":\"Person\",\"@id\":\"https:\/\/www.gereso.com\/actualites\/#\/schema\/person\/197d8aef40cb4ae3f6a0aa9e1d3df2a6\",\"name\":\"\u00c9quipe GERESO\",\"image\":{\"@type\":\"ImageObject\",\"inLanguage\":\"fr-FR\",\"@id\":\"https:\/\/www.gereso.com\/actualites\/#\/schema\/person\/image\/\",\"url\":\"https:\/\/www.gereso.com\/actualites\/wp-content\/uploads\/2013\/12\/avatar-gereso-1.png\",\"contentUrl\":\"https:\/\/www.gereso.com\/actualites\/wp-content\/uploads\/2013\/12\/avatar-gereso-1.png\",\"caption\":\"\u00c9quipe GERESO\"},\"url\":\"https:\/\/www.gereso.com\/actualites\/author\/gereso\/\"}]}<\/script>\n<!-- \/ Yoast SEO plugin. -->","yoast_head_json":{"title":"Cr\u00e9ation d\u2019entreprise : Une l\u00e9g\u00e8re hausse de +0,2% en mars 2016 - Le Blog GERESO","robots":{"index":"index","follow":"follow","max-snippet":"max-snippet:-1","max-image-preview":"max-image-preview:large","max-video-preview":"max-video-preview:-1"},"canonical":"https:\/\/www.gereso.com\/actualites\/2016\/05\/25\/creation-dentreprise-une-legere-hausse-de-02-en-mars-2016\/","og_locale":"fr_FR","og_type":"article","og_title":"Cr\u00e9ation d\u2019entreprise : Une l\u00e9g\u00e8re hausse de +0,2% en mars 2016 - Le Blog GERESO","og_description":"D\u2019apr\u00e8s les statistiques de l\u2019INSEE publi\u00e9es le 12 avril 2016, le nombre de cr\u00e9ations d\u2019entreprises est en l\u00e9g\u00e8re augmentation au mois de mars\u00a0: +0,2% contre -0,7% au mois de f\u00e9vrier 2016. L\u2019accroissement de la cr\u00e9ation d\u2019entreprises classiques compense la diminution des immatriculations des micro-entrepreneurs, tandis que c\u2019est le secteur du transport qui contribue le plus [&hellip;]","og_url":"https:\/\/www.gereso.com\/actualites\/2016\/05\/25\/creation-dentreprise-une-legere-hausse-de-02-en-mars-2016\/","og_site_name":"Le Blog GERESO","article_published_time":"2016-05-25T07:29:49+00:00","author":"\u00c9quipe GERESO","twitter_card":"summary_large_image","schema":{"@context":"https:\/\/schema.org","@graph":[{"@type":"WebPage","@id":"https:\/\/www.gereso.com\/actualites\/2016\/05\/25\/creation-dentreprise-une-legere-hausse-de-02-en-mars-2016\/","url":"https:\/\/www.gereso.com\/actualites\/2016\/05\/25\/creation-dentreprise-une-legere-hausse-de-02-en-mars-2016\/","name":"Cr\u00e9ation d\u2019entreprise : Une l\u00e9g\u00e8re hausse de +0,2% en mars 2016 - Le Blog GERESO","isPartOf":{"@id":"https:\/\/www.gereso.com\/actualites\/#website"},"datePublished":"2016-05-25T07:29:49+00:00","dateModified":"2016-05-25T07:29:49+00:00","author":{"@id":"https:\/\/www.gereso.com\/actualites\/#\/schema\/person\/197d8aef40cb4ae3f6a0aa9e1d3df2a6"},"breadcrumb":{"@id":"https:\/\/www.gereso.com\/actualites\/2016\/05\/25\/creation-dentreprise-une-legere-hausse-de-02-en-mars-2016\/#breadcrumb"},"inLanguage":"fr-FR","potentialAction":[{"@type":"ReadAction","target":["https:\/\/www.gereso.com\/actualites\/2016\/05\/25\/creation-dentreprise-une-legere-hausse-de-02-en-mars-2016\/"]}]},{"@type":"BreadcrumbList","@id":"https:\/\/www.gereso.com\/actualites\/2016\/05\/25\/creation-dentreprise-une-legere-hausse-de-02-en-mars-2016\/#breadcrumb","itemListElement":[{"@type":"ListItem","position":1,"name":"Home","item":"https:\/\/www.gereso.com\/actualites\/"},{"@type":"ListItem","position":2,"name":"Cr\u00e9ation d\u2019entreprise : Une l\u00e9g\u00e8re hausse de +0,2% en mars 2016"}]},{"@type":"WebSite","@id":"https:\/\/www.gereso.com\/actualites\/#website","url":"https:\/\/www.gereso.com\/actualites\/","name":"Le Blog GERESO","description":"Toute l&#039;actu RH, Finance, Fonction Publique, Management...","potentialAction":[{"@type":"SearchAction","target":{"@type":"EntryPoint","urlTemplate":"https:\/\/www.gereso.com\/actualites\/?s={search_term_string}"},"query-input":{"@type":"PropertyValueSpecification","valueRequired":true,"valueName":"search_term_string"}}],"inLanguage":"fr-FR"},{"@type":"Person","@id":"https:\/\/www.gereso.com\/actualites\/#\/schema\/person\/197d8aef40cb4ae3f6a0aa9e1d3df2a6","name":"\u00c9quipe GERESO","image":{"@type":"ImageObject","inLanguage":"fr-FR","@id":"https:\/\/www.gereso.com\/actualites\/#\/schema\/person\/image\/","url":"https:\/\/www.gereso.com\/actualites\/wp-content\/uploads\/2013\/12\/avatar-gereso-1.png","contentUrl":"https:\/\/www.gereso.com\/actualites\/wp-content\/uploads\/2013\/12\/avatar-gereso-1.png","caption":"\u00c9quipe GERESO"},"url":"https:\/\/www.gereso.com\/actualites\/author\/gereso\/"}]}},"_links":{"self":[{"href":"https:\/\/www.gereso.com\/actualites\/wp-json\/wp\/v2\/posts\/5838","targetHints":{"allow":["GET"]}}],"collection":[{"href":"https:\/\/www.gereso.com\/actualites\/wp-json\/wp\/v2\/posts"}],"about":[{"href":"https:\/\/www.gereso.com\/actualites\/wp-json\/wp\/v2\/types\/post"}],"author":[{"embeddable":true,"href":"https:\/\/www.gereso.com\/actualites\/wp-json\/wp\/v2\/users\/32"}],"replies":[{"embeddable":true,"href":"https:\/\/www.gereso.com\/actualites\/wp-json\/wp\/v2\/comments?post=5838"}],"version-history":[{"count":6,"href":"https:\/\/www.gereso.com\/actualites\/wp-json\/wp\/v2\/posts\/5838\/revisions"}],"predecessor-version":[{"id":6043,"href":"https:\/\/www.gereso.com\/actualites\/wp-json\/wp\/v2\/posts\/5838\/revisions\/6043"}],"wp:attachment":[{"href":"https:\/\/www.gereso.com\/actualites\/wp-json\/wp\/v2\/media?parent=5838"}],"wp:term":[{"taxonomy":"category","embeddable":true,"href":"https:\/\/www.gereso.com\/actualites\/wp-json\/wp\/v2\/categories?post=5838"},{"taxonomy":"post_tag","embeddable":true,"href":"https:\/\/www.gereso.com\/actualites\/wp-json\/wp\/v2\/tags?post=5838"}],"curies":[{"name":"wp","href":"https:\/\/api.w.org\/{rel}","templated":true}]}}