{"id":5928,"date":"2016-05-25T17:15:16","date_gmt":"2016-05-25T15:15:16","guid":{"rendered":"https:\/\/www.gereso.com\/actualites\/?p=5928"},"modified":"2017-01-23T10:19:14","modified_gmt":"2017-01-23T08:19:14","slug":"sante-au-travail-quebec-afnor","status":"publish","type":"post","link":"https:\/\/www.gereso.com\/actualites\/2016\/05\/25\/sante-au-travail-quebec-afnor\/","title":{"rendered":"Sant\u00e9 au travail : les recommandations qu\u00e9becquoises mises en pratique par le groupe AFNOR"},"content":{"rendered":"<p style=\"text-align: justify\">Laurence Breton-Kueny, Pr\u00e9sidente de l\u2019ANDRH, DRH du groupe AFNOR et co-auteur du livre-guide \u00ab\u00a0<strong>Hygi\u00e8ne de vie et bien-\u00eatre au travail\u00a0&#8211; 100 questions pour comprendre et agir<\/strong> \u00bb, publi\u00e9 le 16 mars 2016 aux \u00e9ditions AFNOR, nous livre ses retours d\u2019exp\u00e9riences en rapport avec l\u2019exp\u00e9rimentation du mod\u00e8le qu\u00e9b\u00e9cquois dans son entreprise depuis 6 ans en mati\u00e8re de <strong>qualit\u00e9 de vie au travail<\/strong>.<\/p>\n<p style=\"text-align: justify\">La d\u00e9marche de mise en place de la norme qu\u00e9becquoise \u00ab\u00a0<em>Pr\u00e9vention, promotion et pratiques organisationnelles favorables \u00e0 la sant\u00e9 en milieu de travail\u00a0<\/em>\u00bb est partie du constat que les jeunes arrivent sur le march\u00e9 de l\u2019emploi en moins bonne sant\u00e9, que les pathologies de longue dur\u00e9e surviennent plus t\u00f4t\u2026 c\u2019est dire que l\u2019esp\u00e9rance de vie en bonne sant\u00e9 r\u00e9gresse alors que l\u2019allongement de la dur\u00e9e d\u2019activit\u00e9 progresse.<\/p>\n<p style=\"text-align: justify\">Quand la direction prend conscience de <strong>l\u2019importance humain<\/strong> et qu\u2019elle se soucie de ses salari\u00e9s, ceux-ci sont plus fid\u00e8les, se sentent impliqu\u00e9s et motiv\u00e9s. Et cela se traduit sur la <strong>performance \u00e9conomique<\/strong>\u00a0: \u00e0 l\u2019exemple, le retour sur investissement des actions mises en place au Qu\u00e9bec atteint 1.50$ \u00e0 3.80$ par dollar investi.<\/p>\n<p><em>Sources\u00a0:<\/em><\/p>\n<p>http:\/\/www.focusrh.com\/protection-sociale\/prevoyance-sante\/a-la-une\/sante-au-travail-le-groupe-afnor-a-teste-le-modele-quebecois.html<\/p>\n<p><a href=\"http:\/\/www.afnor.org\/liste-des-actualites\/actualites\/2016\/mars-2016\/nouveau-livre-hygiene-de-vie-et-bien-etre-au-travail-100-questions-pour-comprendre-et-agir\" target=\"_blank\" rel=\"nofollow\">http:\/\/www.afnor.org\/liste-des-actualites\/actualites\/2016\/mars-2016\/nouveau-livre-hygiene-de-vie-et-bien-etre-au-travail-100-questions-pour-comprendre-et-agir<\/a><\/p>\n","protected":false},"excerpt":{"rendered":"<p>Laurence Breton-Kueny, Pr\u00e9sidente de l\u2019ANDRH, DRH du groupe AFNOR et co-auteur du livre-guide \u00ab\u00a0Hygi\u00e8ne de vie et bien-\u00eatre au travail\u00a0&#8211; 100 questions pour comprendre et agir \u00bb, publi\u00e9 le 16 mars 2016 aux \u00e9ditions AFNOR, nous livre ses retours d\u2019exp\u00e9riences en rapport avec l\u2019exp\u00e9rimentation du mod\u00e8le qu\u00e9b\u00e9cquois dans son entreprise depuis 6 ans en mati\u00e8re [&hellip;]<\/p>\n","protected":false},"author":32,"featured_media":0,"comment_status":"open","ping_status":"open","sticky":false,"template":"","format":"quote","meta":{"_acf_changed":false,"_mi_skip_tracking":false,"footnotes":""},"categories":[13],"tags":[19,439],"class_list":["post-5928","post","type-post","status-publish","format-quote","hentry","category-sante-et-securite-au-travail","tag-bien-etre","tag-sante-au-travail","post_format-post-format-quote"],"acf":[],"yoast_head":"<!-- This site is optimized with the Yoast SEO plugin v23.4 - https:\/\/yoast.com\/wordpress\/plugins\/seo\/ -->\n<title>Sant\u00e9 au travail : les recommandations qu\u00e9becquoises mises en pratique par le groupe AFNOR - Le Blog GERESO<\/title>\n<meta name=\"robots\" content=\"index, follow, max-snippet:-1, max-image-preview:large, max-video-preview:-1\" \/>\n<link rel=\"canonical\" href=\"https:\/\/www.gereso.com\/actualites\/2016\/05\/25\/sante-au-travail-quebec-afnor\/\" \/>\n<meta property=\"og:locale\" content=\"fr_FR\" \/>\n<meta property=\"og:type\" content=\"article\" \/>\n<meta property=\"og:title\" content=\"Sant\u00e9 au travail : les recommandations qu\u00e9becquoises mises en pratique par le groupe AFNOR - Le Blog GERESO\" \/>\n<meta property=\"og:description\" content=\"Laurence Breton-Kueny, Pr\u00e9sidente de l\u2019ANDRH, DRH du groupe AFNOR et co-auteur du livre-guide \u00ab\u00a0Hygi\u00e8ne de vie et bien-\u00eatre au travail\u00a0&#8211; 100 questions pour comprendre et agir \u00bb, publi\u00e9 le 16 mars 2016 aux \u00e9ditions AFNOR, nous livre ses retours d\u2019exp\u00e9riences en rapport avec l\u2019exp\u00e9rimentation du mod\u00e8le qu\u00e9b\u00e9cquois dans son entreprise depuis 6 ans en mati\u00e8re [&hellip;]\" \/>\n<meta property=\"og:url\" content=\"https:\/\/www.gereso.com\/actualites\/2016\/05\/25\/sante-au-travail-quebec-afnor\/\" \/>\n<meta property=\"og:site_name\" content=\"Le Blog GERESO\" \/>\n<meta property=\"article:published_time\" content=\"2016-05-25T15:15:16+00:00\" \/>\n<meta property=\"article:modified_time\" content=\"2017-01-23T08:19:14+00:00\" \/>\n<meta name=\"author\" content=\"\u00c9quipe GERESO\" \/>\n<meta name=\"twitter:card\" content=\"summary_large_image\" \/>\n<script type=\"application\/ld+json\" class=\"yoast-schema-graph\">{\"@context\":\"https:\/\/schema.org\",\"@graph\":[{\"@type\":\"WebPage\",\"@id\":\"https:\/\/www.gereso.com\/actualites\/2016\/05\/25\/sante-au-travail-quebec-afnor\/\",\"url\":\"https:\/\/www.gereso.com\/actualites\/2016\/05\/25\/sante-au-travail-quebec-afnor\/\",\"name\":\"Sant\u00e9 au travail : les recommandations qu\u00e9becquoises mises en pratique par le groupe AFNOR - Le Blog GERESO\",\"isPartOf\":{\"@id\":\"https:\/\/www.gereso.com\/actualites\/#website\"},\"datePublished\":\"2016-05-25T15:15:16+00:00\",\"dateModified\":\"2017-01-23T08:19:14+00:00\",\"author\":{\"@id\":\"https:\/\/www.gereso.com\/actualites\/#\/schema\/person\/197d8aef40cb4ae3f6a0aa9e1d3df2a6\"},\"breadcrumb\":{\"@id\":\"https:\/\/www.gereso.com\/actualites\/2016\/05\/25\/sante-au-travail-quebec-afnor\/#breadcrumb\"},\"inLanguage\":\"fr-FR\",\"potentialAction\":[{\"@type\":\"ReadAction\",\"target\":[\"https:\/\/www.gereso.com\/actualites\/2016\/05\/25\/sante-au-travail-quebec-afnor\/\"]}]},{\"@type\":\"BreadcrumbList\",\"@id\":\"https:\/\/www.gereso.com\/actualites\/2016\/05\/25\/sante-au-travail-quebec-afnor\/#breadcrumb\",\"itemListElement\":[{\"@type\":\"ListItem\",\"position\":1,\"name\":\"Home\",\"item\":\"https:\/\/www.gereso.com\/actualites\/\"},{\"@type\":\"ListItem\",\"position\":2,\"name\":\"Sant\u00e9 au travail : les recommandations qu\u00e9becquoises mises en pratique par le groupe AFNOR\"}]},{\"@type\":\"WebSite\",\"@id\":\"https:\/\/www.gereso.com\/actualites\/#website\",\"url\":\"https:\/\/www.gereso.com\/actualites\/\",\"name\":\"Le Blog GERESO\",\"description\":\"Toute l&#039;actu RH, Finance, Fonction Publique, Management...\",\"potentialAction\":[{\"@type\":\"SearchAction\",\"target\":{\"@type\":\"EntryPoint\",\"urlTemplate\":\"https:\/\/www.gereso.com\/actualites\/?s={search_term_string}\"},\"query-input\":{\"@type\":\"PropertyValueSpecification\",\"valueRequired\":true,\"valueName\":\"search_term_string\"}}],\"inLanguage\":\"fr-FR\"},{\"@type\":\"Person\",\"@id\":\"https:\/\/www.gereso.com\/actualites\/#\/schema\/person\/197d8aef40cb4ae3f6a0aa9e1d3df2a6\",\"name\":\"\u00c9quipe GERESO\",\"image\":{\"@type\":\"ImageObject\",\"inLanguage\":\"fr-FR\",\"@id\":\"https:\/\/www.gereso.com\/actualites\/#\/schema\/person\/image\/\",\"url\":\"https:\/\/www.gereso.com\/actualites\/wp-content\/uploads\/2013\/12\/avatar-gereso-1.png\",\"contentUrl\":\"https:\/\/www.gereso.com\/actualites\/wp-content\/uploads\/2013\/12\/avatar-gereso-1.png\",\"caption\":\"\u00c9quipe GERESO\"},\"url\":\"https:\/\/www.gereso.com\/actualites\/author\/gereso\/\"}]}<\/script>\n<!-- \/ Yoast SEO plugin. -->","yoast_head_json":{"title":"Sant\u00e9 au travail : les recommandations qu\u00e9becquoises mises en pratique par le groupe AFNOR - Le Blog GERESO","robots":{"index":"index","follow":"follow","max-snippet":"max-snippet:-1","max-image-preview":"max-image-preview:large","max-video-preview":"max-video-preview:-1"},"canonical":"https:\/\/www.gereso.com\/actualites\/2016\/05\/25\/sante-au-travail-quebec-afnor\/","og_locale":"fr_FR","og_type":"article","og_title":"Sant\u00e9 au travail : les recommandations qu\u00e9becquoises mises en pratique par le groupe AFNOR - Le Blog GERESO","og_description":"Laurence Breton-Kueny, Pr\u00e9sidente de l\u2019ANDRH, DRH du groupe AFNOR et co-auteur du livre-guide \u00ab\u00a0Hygi\u00e8ne de vie et bien-\u00eatre au travail\u00a0&#8211; 100 questions pour comprendre et agir \u00bb, publi\u00e9 le 16 mars 2016 aux \u00e9ditions AFNOR, nous livre ses retours d\u2019exp\u00e9riences en rapport avec l\u2019exp\u00e9rimentation du mod\u00e8le qu\u00e9b\u00e9cquois dans son entreprise depuis 6 ans en mati\u00e8re [&hellip;]","og_url":"https:\/\/www.gereso.com\/actualites\/2016\/05\/25\/sante-au-travail-quebec-afnor\/","og_site_name":"Le Blog GERESO","article_published_time":"2016-05-25T15:15:16+00:00","article_modified_time":"2017-01-23T08:19:14+00:00","author":"\u00c9quipe GERESO","twitter_card":"summary_large_image","schema":{"@context":"https:\/\/schema.org","@graph":[{"@type":"WebPage","@id":"https:\/\/www.gereso.com\/actualites\/2016\/05\/25\/sante-au-travail-quebec-afnor\/","url":"https:\/\/www.gereso.com\/actualites\/2016\/05\/25\/sante-au-travail-quebec-afnor\/","name":"Sant\u00e9 au travail : les recommandations qu\u00e9becquoises mises en pratique par le groupe AFNOR - Le Blog GERESO","isPartOf":{"@id":"https:\/\/www.gereso.com\/actualites\/#website"},"datePublished":"2016-05-25T15:15:16+00:00","dateModified":"2017-01-23T08:19:14+00:00","author":{"@id":"https:\/\/www.gereso.com\/actualites\/#\/schema\/person\/197d8aef40cb4ae3f6a0aa9e1d3df2a6"},"breadcrumb":{"@id":"https:\/\/www.gereso.com\/actualites\/2016\/05\/25\/sante-au-travail-quebec-afnor\/#breadcrumb"},"inLanguage":"fr-FR","potentialAction":[{"@type":"ReadAction","target":["https:\/\/www.gereso.com\/actualites\/2016\/05\/25\/sante-au-travail-quebec-afnor\/"]}]},{"@type":"BreadcrumbList","@id":"https:\/\/www.gereso.com\/actualites\/2016\/05\/25\/sante-au-travail-quebec-afnor\/#breadcrumb","itemListElement":[{"@type":"ListItem","position":1,"name":"Home","item":"https:\/\/www.gereso.com\/actualites\/"},{"@type":"ListItem","position":2,"name":"Sant\u00e9 au travail : les recommandations qu\u00e9becquoises mises en pratique par le groupe AFNOR"}]},{"@type":"WebSite","@id":"https:\/\/www.gereso.com\/actualites\/#website","url":"https:\/\/www.gereso.com\/actualites\/","name":"Le Blog GERESO","description":"Toute l&#039;actu RH, Finance, Fonction Publique, Management...","potentialAction":[{"@type":"SearchAction","target":{"@type":"EntryPoint","urlTemplate":"https:\/\/www.gereso.com\/actualites\/?s={search_term_string}"},"query-input":{"@type":"PropertyValueSpecification","valueRequired":true,"valueName":"search_term_string"}}],"inLanguage":"fr-FR"},{"@type":"Person","@id":"https:\/\/www.gereso.com\/actualites\/#\/schema\/person\/197d8aef40cb4ae3f6a0aa9e1d3df2a6","name":"\u00c9quipe GERESO","image":{"@type":"ImageObject","inLanguage":"fr-FR","@id":"https:\/\/www.gereso.com\/actualites\/#\/schema\/person\/image\/","url":"https:\/\/www.gereso.com\/actualites\/wp-content\/uploads\/2013\/12\/avatar-gereso-1.png","contentUrl":"https:\/\/www.gereso.com\/actualites\/wp-content\/uploads\/2013\/12\/avatar-gereso-1.png","caption":"\u00c9quipe GERESO"},"url":"https:\/\/www.gereso.com\/actualites\/author\/gereso\/"}]}},"_links":{"self":[{"href":"https:\/\/www.gereso.com\/actualites\/wp-json\/wp\/v2\/posts\/5928","targetHints":{"allow":["GET"]}}],"collection":[{"href":"https:\/\/www.gereso.com\/actualites\/wp-json\/wp\/v2\/posts"}],"about":[{"href":"https:\/\/www.gereso.com\/actualites\/wp-json\/wp\/v2\/types\/post"}],"author":[{"embeddable":true,"href":"https:\/\/www.gereso.com\/actualites\/wp-json\/wp\/v2\/users\/32"}],"replies":[{"embeddable":true,"href":"https:\/\/www.gereso.com\/actualites\/wp-json\/wp\/v2\/comments?post=5928"}],"version-history":[{"count":5,"href":"https:\/\/www.gereso.com\/actualites\/wp-json\/wp\/v2\/posts\/5928\/revisions"}],"predecessor-version":[{"id":7601,"href":"https:\/\/www.gereso.com\/actualites\/wp-json\/wp\/v2\/posts\/5928\/revisions\/7601"}],"wp:attachment":[{"href":"https:\/\/www.gereso.com\/actualites\/wp-json\/wp\/v2\/media?parent=5928"}],"wp:term":[{"taxonomy":"category","embeddable":true,"href":"https:\/\/www.gereso.com\/actualites\/wp-json\/wp\/v2\/categories?post=5928"},{"taxonomy":"post_tag","embeddable":true,"href":"https:\/\/www.gereso.com\/actualites\/wp-json\/wp\/v2\/tags?post=5928"}],"curies":[{"name":"wp","href":"https:\/\/api.w.org\/{rel}","templated":true}]}}