{"id":5989,"date":"2016-05-26T10:10:21","date_gmt":"2016-05-26T08:10:21","guid":{"rendered":"https:\/\/www.gereso.com\/actualites\/?p=5989"},"modified":"2016-05-25T09:33:15","modified_gmt":"2016-05-25T07:33:15","slug":"discrimination-testing","status":"publish","type":"post","link":"https:\/\/www.gereso.com\/actualites\/2016\/05\/26\/discrimination-testing\/","title":{"rendered":"Discrimination \u00e0 l&#8217;embauche : mise en oeuvre d&rsquo;une campagne gouvernementale de \u00ab\u00a0testing\u00a0\u00bb"},"content":{"rendered":"<p style=\"text-align: justify;\">Selon une information parue le 21 mars sur le site de France info, le gouvernement a lanc\u00e9 depuis le mois d\u2019avril une campagne visant \u00e0 savoir si les candidats qui portent un nom \u00e0 consonance arabe sont victimes d\u2019une <strong>discrimination \u00e0 l\u2019embauche<\/strong>. La campagne va durer 3 mois et se pr\u00e9sentera sous la forme d\u2019une <strong>campagne de testing.<\/strong> A cet effet, pour un m\u00eame profil, deux CV seront envoy\u00e9s aux entreprises, dont l\u2019un portera un patronyme d\u2019origine arabe. La soci\u00e9t\u00e9 ISM Corum, habitu\u00e9e \u00e0 ces d\u00e9marches, a \u00e9t\u00e9 charg\u00e9e de sa mise en \u0153uvre.<\/p>\n<p style=\"text-align: justify;\">D\u2019apr\u00e8s Jean-Christophe Sciberras, qui est le Pr\u00e9sident du Groupe de Travail \u00ab\u00a0<em> lutte contre les discriminations dans l\u2019acc\u00e8s \u00e0 l\u2019emploi et au travail<\/em> \u00ab\u00a0, \u00a0a annonc\u00e9 que cette op\u00e9ration va <strong>mettre \u00e0 l\u2019\u00e9preuve entre 20 et 50 entreprises de plus de 1000 salari\u00e9s<\/strong> pour d\u00e9terminer si des candidats sont \u00e9cart\u00e9s en fonction de leur origine. En effet, les hommes suppos\u00e9s \u00eatre de culture musulmane ont une chance quatre fois inf\u00e9rieure pour d\u00e9crocher un entretien d&#8217;embauche compar\u00e9 \u00e0 ceux dont la culture est suppos\u00e9e \u00eatre catholique.<\/p>\n<p style=\"text-align: left;\"><em>Source :\u00a0<\/em><a href=\"http:\/\/www.franceinfo.fr\/fil-info\/article\/info-france-info-discrimination-l-embauche-le-gouvernement-lance-une-campagne-de-testing-avec-vrais-775951\" target=\"_blank\" rel=\"nofollow\">http:\/\/www.franceinfo.fr\/fil-info\/article\/info-france-info-discrimination-l-embauche-le-gouvernement-lance-une-campagne-de-testing-avec-vrais-775951<\/a><\/p>\n<p>&nbsp;<\/p>\n","protected":false},"excerpt":{"rendered":"<p>Selon une information parue le 21 mars sur le site de France info, le gouvernement a lanc\u00e9 depuis le mois d\u2019avril une campagne visant \u00e0 savoir si les candidats qui portent un nom \u00e0 consonance arabe sont victimes d\u2019une discrimination \u00e0 l\u2019embauche. La campagne va durer 3 mois et se pr\u00e9sentera sous la forme d\u2019une [&hellip;]<\/p>\n","protected":false},"author":32,"featured_media":0,"comment_status":"open","ping_status":"open","sticky":false,"template":"","format":"quote","meta":{"_acf_changed":false,"_mi_skip_tracking":false,"footnotes":""},"categories":[12,2],"tags":[713,845,353,123],"class_list":["post-5989","post","type-post","status-publish","format-quote","hentry","category-actualites","category-ressources-humaines","tag-discrimination","tag-embauche","tag-lutte-contre-les-discriminations","tag-recrutement","post_format-post-format-quote"],"acf":[],"yoast_head":"<!-- This site is optimized with the Yoast SEO plugin v23.4 - https:\/\/yoast.com\/wordpress\/plugins\/seo\/ -->\n<title>Discrimination \u00e0 l&#039;embauche : mise en oeuvre d&#039;une campagne gouvernementale de &quot;testing&quot; - Le Blog GERESO<\/title>\n<meta name=\"robots\" content=\"index, follow, max-snippet:-1, max-image-preview:large, max-video-preview:-1\" \/>\n<link rel=\"canonical\" href=\"https:\/\/www.gereso.com\/actualites\/2016\/05\/26\/discrimination-testing\/\" \/>\n<meta property=\"og:locale\" content=\"fr_FR\" \/>\n<meta property=\"og:type\" content=\"article\" \/>\n<meta property=\"og:title\" content=\"Discrimination \u00e0 l&#039;embauche : mise en oeuvre d&#039;une campagne gouvernementale de &quot;testing&quot; - Le Blog GERESO\" \/>\n<meta property=\"og:description\" content=\"Selon une information parue le 21 mars sur le site de France info, le gouvernement a lanc\u00e9 depuis le mois d\u2019avril une campagne visant \u00e0 savoir si les candidats qui portent un nom \u00e0 consonance arabe sont victimes d\u2019une discrimination \u00e0 l\u2019embauche. La campagne va durer 3 mois et se pr\u00e9sentera sous la forme d\u2019une [&hellip;]\" \/>\n<meta property=\"og:url\" content=\"https:\/\/www.gereso.com\/actualites\/2016\/05\/26\/discrimination-testing\/\" \/>\n<meta property=\"og:site_name\" content=\"Le Blog GERESO\" \/>\n<meta property=\"article:published_time\" content=\"2016-05-26T08:10:21+00:00\" \/>\n<meta property=\"article:modified_time\" content=\"2016-05-25T07:33:15+00:00\" \/>\n<meta name=\"author\" content=\"\u00c9quipe GERESO\" \/>\n<meta name=\"twitter:card\" content=\"summary_large_image\" \/>\n<script type=\"application\/ld+json\" class=\"yoast-schema-graph\">{\"@context\":\"https:\/\/schema.org\",\"@graph\":[{\"@type\":\"WebPage\",\"@id\":\"https:\/\/www.gereso.com\/actualites\/2016\/05\/26\/discrimination-testing\/\",\"url\":\"https:\/\/www.gereso.com\/actualites\/2016\/05\/26\/discrimination-testing\/\",\"name\":\"Discrimination \u00e0 l'embauche : mise en oeuvre d'une campagne gouvernementale de \\\"testing\\\" - Le Blog GERESO\",\"isPartOf\":{\"@id\":\"https:\/\/www.gereso.com\/actualites\/#website\"},\"datePublished\":\"2016-05-26T08:10:21+00:00\",\"dateModified\":\"2016-05-25T07:33:15+00:00\",\"author\":{\"@id\":\"https:\/\/www.gereso.com\/actualites\/#\/schema\/person\/197d8aef40cb4ae3f6a0aa9e1d3df2a6\"},\"breadcrumb\":{\"@id\":\"https:\/\/www.gereso.com\/actualites\/2016\/05\/26\/discrimination-testing\/#breadcrumb\"},\"inLanguage\":\"fr-FR\",\"potentialAction\":[{\"@type\":\"ReadAction\",\"target\":[\"https:\/\/www.gereso.com\/actualites\/2016\/05\/26\/discrimination-testing\/\"]}]},{\"@type\":\"BreadcrumbList\",\"@id\":\"https:\/\/www.gereso.com\/actualites\/2016\/05\/26\/discrimination-testing\/#breadcrumb\",\"itemListElement\":[{\"@type\":\"ListItem\",\"position\":1,\"name\":\"Home\",\"item\":\"https:\/\/www.gereso.com\/actualites\/\"},{\"@type\":\"ListItem\",\"position\":2,\"name\":\"Discrimination \u00e0 l&#8217;embauche : mise en oeuvre d&rsquo;une campagne gouvernementale de \u00ab\u00a0testing\u00a0\u00bb\"}]},{\"@type\":\"WebSite\",\"@id\":\"https:\/\/www.gereso.com\/actualites\/#website\",\"url\":\"https:\/\/www.gereso.com\/actualites\/\",\"name\":\"Le Blog GERESO\",\"description\":\"Toute l&#039;actu RH, Finance, Fonction Publique, Management...\",\"potentialAction\":[{\"@type\":\"SearchAction\",\"target\":{\"@type\":\"EntryPoint\",\"urlTemplate\":\"https:\/\/www.gereso.com\/actualites\/?s={search_term_string}\"},\"query-input\":{\"@type\":\"PropertyValueSpecification\",\"valueRequired\":true,\"valueName\":\"search_term_string\"}}],\"inLanguage\":\"fr-FR\"},{\"@type\":\"Person\",\"@id\":\"https:\/\/www.gereso.com\/actualites\/#\/schema\/person\/197d8aef40cb4ae3f6a0aa9e1d3df2a6\",\"name\":\"\u00c9quipe GERESO\",\"image\":{\"@type\":\"ImageObject\",\"inLanguage\":\"fr-FR\",\"@id\":\"https:\/\/www.gereso.com\/actualites\/#\/schema\/person\/image\/\",\"url\":\"https:\/\/www.gereso.com\/actualites\/wp-content\/uploads\/2013\/12\/avatar-gereso-1.png\",\"contentUrl\":\"https:\/\/www.gereso.com\/actualites\/wp-content\/uploads\/2013\/12\/avatar-gereso-1.png\",\"caption\":\"\u00c9quipe GERESO\"},\"url\":\"https:\/\/www.gereso.com\/actualites\/author\/gereso\/\"}]}<\/script>\n<!-- \/ Yoast SEO plugin. -->","yoast_head_json":{"title":"Discrimination \u00e0 l'embauche : mise en oeuvre d'une campagne gouvernementale de \"testing\" - Le Blog GERESO","robots":{"index":"index","follow":"follow","max-snippet":"max-snippet:-1","max-image-preview":"max-image-preview:large","max-video-preview":"max-video-preview:-1"},"canonical":"https:\/\/www.gereso.com\/actualites\/2016\/05\/26\/discrimination-testing\/","og_locale":"fr_FR","og_type":"article","og_title":"Discrimination \u00e0 l'embauche : mise en oeuvre d'une campagne gouvernementale de \"testing\" - Le Blog GERESO","og_description":"Selon une information parue le 21 mars sur le site de France info, le gouvernement a lanc\u00e9 depuis le mois d\u2019avril une campagne visant \u00e0 savoir si les candidats qui portent un nom \u00e0 consonance arabe sont victimes d\u2019une discrimination \u00e0 l\u2019embauche. La campagne va durer 3 mois et se pr\u00e9sentera sous la forme d\u2019une [&hellip;]","og_url":"https:\/\/www.gereso.com\/actualites\/2016\/05\/26\/discrimination-testing\/","og_site_name":"Le Blog GERESO","article_published_time":"2016-05-26T08:10:21+00:00","article_modified_time":"2016-05-25T07:33:15+00:00","author":"\u00c9quipe GERESO","twitter_card":"summary_large_image","schema":{"@context":"https:\/\/schema.org","@graph":[{"@type":"WebPage","@id":"https:\/\/www.gereso.com\/actualites\/2016\/05\/26\/discrimination-testing\/","url":"https:\/\/www.gereso.com\/actualites\/2016\/05\/26\/discrimination-testing\/","name":"Discrimination \u00e0 l'embauche : mise en oeuvre d'une campagne gouvernementale de \"testing\" - Le Blog GERESO","isPartOf":{"@id":"https:\/\/www.gereso.com\/actualites\/#website"},"datePublished":"2016-05-26T08:10:21+00:00","dateModified":"2016-05-25T07:33:15+00:00","author":{"@id":"https:\/\/www.gereso.com\/actualites\/#\/schema\/person\/197d8aef40cb4ae3f6a0aa9e1d3df2a6"},"breadcrumb":{"@id":"https:\/\/www.gereso.com\/actualites\/2016\/05\/26\/discrimination-testing\/#breadcrumb"},"inLanguage":"fr-FR","potentialAction":[{"@type":"ReadAction","target":["https:\/\/www.gereso.com\/actualites\/2016\/05\/26\/discrimination-testing\/"]}]},{"@type":"BreadcrumbList","@id":"https:\/\/www.gereso.com\/actualites\/2016\/05\/26\/discrimination-testing\/#breadcrumb","itemListElement":[{"@type":"ListItem","position":1,"name":"Home","item":"https:\/\/www.gereso.com\/actualites\/"},{"@type":"ListItem","position":2,"name":"Discrimination \u00e0 l&#8217;embauche : mise en oeuvre d&rsquo;une campagne gouvernementale de \u00ab\u00a0testing\u00a0\u00bb"}]},{"@type":"WebSite","@id":"https:\/\/www.gereso.com\/actualites\/#website","url":"https:\/\/www.gereso.com\/actualites\/","name":"Le Blog GERESO","description":"Toute l&#039;actu RH, Finance, Fonction Publique, Management...","potentialAction":[{"@type":"SearchAction","target":{"@type":"EntryPoint","urlTemplate":"https:\/\/www.gereso.com\/actualites\/?s={search_term_string}"},"query-input":{"@type":"PropertyValueSpecification","valueRequired":true,"valueName":"search_term_string"}}],"inLanguage":"fr-FR"},{"@type":"Person","@id":"https:\/\/www.gereso.com\/actualites\/#\/schema\/person\/197d8aef40cb4ae3f6a0aa9e1d3df2a6","name":"\u00c9quipe GERESO","image":{"@type":"ImageObject","inLanguage":"fr-FR","@id":"https:\/\/www.gereso.com\/actualites\/#\/schema\/person\/image\/","url":"https:\/\/www.gereso.com\/actualites\/wp-content\/uploads\/2013\/12\/avatar-gereso-1.png","contentUrl":"https:\/\/www.gereso.com\/actualites\/wp-content\/uploads\/2013\/12\/avatar-gereso-1.png","caption":"\u00c9quipe GERESO"},"url":"https:\/\/www.gereso.com\/actualites\/author\/gereso\/"}]}},"_links":{"self":[{"href":"https:\/\/www.gereso.com\/actualites\/wp-json\/wp\/v2\/posts\/5989","targetHints":{"allow":["GET"]}}],"collection":[{"href":"https:\/\/www.gereso.com\/actualites\/wp-json\/wp\/v2\/posts"}],"about":[{"href":"https:\/\/www.gereso.com\/actualites\/wp-json\/wp\/v2\/types\/post"}],"author":[{"embeddable":true,"href":"https:\/\/www.gereso.com\/actualites\/wp-json\/wp\/v2\/users\/32"}],"replies":[{"embeddable":true,"href":"https:\/\/www.gereso.com\/actualites\/wp-json\/wp\/v2\/comments?post=5989"}],"version-history":[{"count":6,"href":"https:\/\/www.gereso.com\/actualites\/wp-json\/wp\/v2\/posts\/5989\/revisions"}],"predecessor-version":[{"id":6251,"href":"https:\/\/www.gereso.com\/actualites\/wp-json\/wp\/v2\/posts\/5989\/revisions\/6251"}],"wp:attachment":[{"href":"https:\/\/www.gereso.com\/actualites\/wp-json\/wp\/v2\/media?parent=5989"}],"wp:term":[{"taxonomy":"category","embeddable":true,"href":"https:\/\/www.gereso.com\/actualites\/wp-json\/wp\/v2\/categories?post=5989"},{"taxonomy":"post_tag","embeddable":true,"href":"https:\/\/www.gereso.com\/actualites\/wp-json\/wp\/v2\/tags?post=5989"}],"curies":[{"name":"wp","href":"https:\/\/api.w.org\/{rel}","templated":true}]}}