{"id":6067,"date":"2016-05-25T09:34:05","date_gmt":"2016-05-25T07:34:05","guid":{"rendered":"https:\/\/www.gereso.com\/actualites\/?p=6067"},"modified":"2022-03-14T11:34:38","modified_gmt":"2022-03-14T09:34:38","slug":"lu-pour-vous-aider-son-ado-a-sepanouir","status":"publish","type":"post","link":"https:\/\/www.gereso.com\/actualites\/2016\/05\/25\/lu-pour-vous-aider-son-ado-a-sepanouir\/","title":{"rendered":"Lu pour vous : \u00ab Aider son ado \u00e0 s\u2019\u00e9panouir \u00bb"},"content":{"rendered":"<h2><strong><u>De quoi parle cet ouvrage\u00a0?<\/u><\/strong><\/h2>\n<p style=\"text-align: justify;\">Le livre \u00ab\u00a0<u>Aider son ado \u00e0 s\u2019\u00e9panouir<\/u>\u00a0\u00bb traite des questions fondamentales de la <strong>communication entre les parents et leurs enfants.\u00a0<\/strong>En effet, les parents, en leur qualit\u00e9 de \u00ab\u00a0responsable\u00a0\u00bb sont souvent confront\u00e9s \u00e0 des situations conflictuelles avec leurs enfants, et ce sp\u00e9cialement durant la phase de l\u2019adolescence.\u00a0Ils sont l\u2019objet de <strong>questions et de demandes d\u2019attention\u00a0<\/strong>de leur prog\u00e9niture.<\/p>\n<p style=\"text-align: justify;\">Parall\u00e8lement, les enfants sont sujets \u00e0 des <strong>pressions ou des contraintes<\/strong> face \u00e0 leur environnement, principalement dans les contextes scolaire et familial. Ils ont donc une <strong>soif de compr\u00e9hension et d\u2019\u00e9coute<\/strong> de la part de leurs parents.<\/p>\n<p style=\"text-align: justify;\">Le livre pr\u00e9sente alors des <strong>strat\u00e9gies de communication<\/strong> \u00e0 mettre en \u0153uvre afin de g\u00e9rer au mieux les situations qui se pr\u00e9sentent. La d\u00e9marche de l\u2019auteure a pour ambition de donner un \u00e9clairage psychosociologique sur des cas typiques, en vue de les comprendre et de les \u00e9claircir. Elle vise \u00e9galement \u00e0 donner une explication en ad\u00e9quation avec des cas et ainsi d\u00e9velopper les capacit\u00e9s \u00e0 communiquer. Tout cela dans le sens d\u2019une harmonisation de la relation entre les parents et leurs enfants, afin d\u2019avoir un rapport et un dialogue enrichissants.<\/p>\n<h2><strong><u>Comment cet ouvrage est-il construit\u00a0?<\/u><\/strong><\/h2>\n<p style=\"text-align: justify;\">L\u2019ouvrage \u00ab\u00a0<u>Aider son ado \u00e0 s\u2019\u00e9panouir<\/u>\u00a0\u00bb est bas\u00e9 sur l\u2019exp\u00e9rience de l\u2019auteure dans la r\u00e9solution des relations conflictuelles parents-enfants. A travers les <strong>4 chapitres<\/strong> du livre, l\u2019accompagnement des enfants est trait\u00e9 selon des angles diff\u00e9rents pour les aider \u00e0 se d\u00e9velopper et \u00e0 s\u2019\u00e9panouir.<\/p>\n<p style=\"text-align: justify;\">Chaque chapitre se pr\u00e9sente sous la forme d\u2019un ensemble de situations donn\u00e9es, issues des probl\u00e9matiques des parents rencontr\u00e9s et accompagn\u00e9s par la sp\u00e9cialiste. Chaque situation est ensuite d\u00e9cortiqu\u00e9e de mani\u00e8re \u00e0 ressortir les <strong>aspects communicationnels<\/strong> mis en cause, selon une <strong>approche constructiviste et syst\u00e9mique.<\/strong> Une fois la situation \u00e9claircie, de nouvelles fa\u00e7ons d\u2019agir et de s\u2019y prendre avec ses enfants sont propos\u00e9es au niveau de chaque paragraphe.<\/p>\n<p><strong>Chapitre 1\u00a0: Examiner ses pens\u00e9es de parents\u00a0: modifier son \u00e9tat d\u2019esprit<\/strong><\/p>\n<p style=\"text-align: justify;\">Dans cette premi\u00e8re partie les pens\u00e9es et attitudes des parents sont mises en examen afin de clarifier les blocages et de les d\u00e9nouer.<\/p>\n<p><strong>Chapitre 2\u00a0: Transmettre la confiance \u00e0 ses enfants<\/strong><\/p>\n<p style=\"text-align: justify;\">Cette seconde partie approfondit les fa\u00e7ons de donner une image de soi positive \u00e0 ses enfants pour qu\u2019ils adoptent \u00e9galement cette attitude, \u00e0 travers une meilleure opinion de soi en tant que parent.<\/p>\n<p><strong>Chapitre 3\u00a0: L\u2019aider \u00e0 apprendre<\/strong><\/p>\n<p style=\"text-align: justify;\">La troisi\u00e8me partie aborde les aspects organisationnels et fonctionnels n\u00e9cessaires pour aboutir \u00e0 une bonne m\u00e9thodologie d\u2019apprentissage efficace.<\/p>\n<p><strong>Chapitre 4\u00a0: L\u2019aider \u00e0 communiquer avec aisance\u00a0: la communication consciente<\/strong><\/p>\n<p style=\"text-align: justify;\">Le dernier chapitre r\u00e9capitule les bases d\u2019une v\u00e9ritable communication entre les parents et leurs enfants, indispensable et essentielle \u00e0 l\u2019harmonie relationnelle entre les jeunes et les adultes.<\/p>\n<p>&nbsp;<\/p>\n<h2><strong><u>Avis de lecteur<\/u><\/strong><\/h2>\n<p style=\"text-align: justify;\">Cet ouvrage traite de questions tr\u00e8s pertinentes sur la relation parents-enfants. La structure bas\u00e9e sur les t\u00e9moignages de situations v\u00e9cues par des parents le rend <strong>extr\u00eamement contextualis\u00e9 et tr\u00e8s pratique.<\/strong><\/p>\n<p style=\"text-align: justify;\">L\u2019auteure a su tirer parti de son exp\u00e9rience dans le domaine de la psychosociologie et de la communication afin de nous proposer une vision globale, mais tr\u00e8s affin\u00e9e des <strong>strat\u00e9gies relationnelles \u00e0 adopter.<\/strong> Les analyses qui sont expos\u00e9es permettent de suite la mise en \u0153uvre\u00a0effective et adapt\u00e9e des \u00ab\u00a0recettes\u00a0\u00bb. Ce qui rend l\u2019apprentissage pertinent et pratique.<\/p>\n<p style=\"text-align: justify;\">Le livre est un excellent guide pour tous ceux qui veulent transmettre une attitude et une confiance bas\u00e9e sur la qualit\u00e9 de la relation et de la communication. Il est <strong>destin\u00e9 autant aux parents qu\u2019aux \u00e9ducateurs\u00a0<\/strong>pour comprendre ce qu\u2019il faut faire face \u00e0 une g\u00e9n\u00e9ration \u00e0 la recherche de ses fondements.<\/p>\n<h2><strong><u>A propos de l\u2019auteur<\/u><\/strong><\/h2>\n<p style=\"text-align: justify;\">Anne-Marie BARREIRO\u00a0est psychosociologue, praticienne en communication et coach professionnelle. Elle a \u00e9tudi\u00e9 la communication dans les relations humaines depuis plus de vingt ans. Elle fait de la compr\u00e9hension le moteur principal de ses recherches et de sa motivation, selon l\u2019approche communicationnelle constructiviste et syst\u00e9mique de l\u2019\u00e9cole de Palo Alto.<\/p>\n<p style=\"text-align: justify;\">Apr\u00e8s son DEA en 2004, elle fonde son propre cabinet de coaching (AMBCOACHING) dont elle est la dirigeante. Son cabinet intervient sur des missions d\u2019am\u00e9lioration du climat relationnelle,\u00a0 de coaching et de formation. Elle facilite la coh\u00e9sion des groupes en entreprise et s\u2019est \u00e9galement sp\u00e9cialis\u00e9e dans le leadership des femmes. Elle a d\u00e9velopp\u00e9 pour ses clients, qui sont aussi des parents, la m\u00e9thode \u00ab Aider Ses Enfants \u00e0 R\u00e9ussir \u00bb, avec une vision\u00a0: r\u00e9former les pens\u00e9es et les attitudes familiales, apprendre \u00e0 apprendre, transmettre la confiance aupr\u00e8s des jeunes pour une humanit\u00e9 r\u00e9g\u00e9n\u00e9r\u00e9e.<\/p>\n<h2><strong><u>Fiche signal\u00e9tique du livre<\/u><\/strong><\/h2>\n<p><strong>Titre\u00a0: <u><\/u><\/strong><span style=\"text-decoration: underline;\">Aider son ado \u00e0 s\u2019\u00e9panouir<br \/>\n<\/span><strong>Auteur\u00a0:\u00a0<\/strong><a href=\"https:\/\/www.la-librairie-rh.com\/auteurs\/barreiro.html\" target=\"_blank\" rel=\"nofollow noopener\"><u>Anne-Marie BARREIRO<br \/>\n<\/u><\/a><strong>\u00c9diteur\u00a0:\u00a0<\/strong>GERESO Edition<br \/>\n<strong>Date de parution\u00a0:<\/strong>19 Mai 2016<br \/>\n<strong>Collection\u00a0:\u00a0<\/strong>Hors collection<br \/>\n<strong>ISBN\u00a013 :<\/strong>978-2-35953-383-5<br \/>\n<strong>ISBN eBook :\u00a0<\/strong>978-2-35953-384-2<br \/>\n<strong>EAN\u00a013 :\u00a0<\/strong>9782359533835<\/p>\n","protected":false},"excerpt":{"rendered":"<p>De quoi parle cet ouvrage\u00a0? Le livre \u00ab\u00a0Aider son ado \u00e0 s\u2019\u00e9panouir\u00a0\u00bb traite des questions fondamentales de la communication entre les parents et leurs enfants.\u00a0En effet, les parents, en leur qualit\u00e9 de \u00ab\u00a0responsable\u00a0\u00bb sont souvent confront\u00e9s \u00e0 des situations conflictuelles avec leurs enfants, et ce sp\u00e9cialement durant la phase de l\u2019adolescence.\u00a0Ils sont l\u2019objet de questions [&hellip;]<\/p>\n","protected":false},"author":32,"featured_media":0,"comment_status":"open","ping_status":"open","sticky":false,"template":"","format":"quote","meta":{"_acf_changed":false,"_mi_skip_tracking":false,"footnotes":""},"categories":[9],"tags":[212],"class_list":["post-6067","post","type-post","status-publish","format-quote","hentry","category-developpement-personnel-et-efficacite-professionnelle","tag-developpement-personnel","post_format-post-format-quote"],"acf":[],"yoast_head":"<!-- This site is optimized with the Yoast SEO plugin v23.4 - https:\/\/yoast.com\/wordpress\/plugins\/seo\/ -->\n<title>Lu pour vous : \u00ab Aider son ado \u00e0 s\u2019\u00e9panouir \u00bb - Le Blog GERESO<\/title>\n<meta name=\"robots\" content=\"index, follow, max-snippet:-1, max-image-preview:large, max-video-preview:-1\" \/>\n<link rel=\"canonical\" href=\"https:\/\/www.gereso.com\/actualites\/2016\/05\/25\/lu-pour-vous-aider-son-ado-a-sepanouir\/\" \/>\n<meta property=\"og:locale\" content=\"fr_FR\" \/>\n<meta property=\"og:type\" content=\"article\" \/>\n<meta property=\"og:title\" content=\"Lu pour vous : \u00ab Aider son ado \u00e0 s\u2019\u00e9panouir \u00bb - Le Blog GERESO\" \/>\n<meta property=\"og:description\" content=\"De quoi parle cet ouvrage\u00a0? Le livre \u00ab\u00a0Aider son ado \u00e0 s\u2019\u00e9panouir\u00a0\u00bb traite des questions fondamentales de la communication entre les parents et leurs enfants.\u00a0En effet, les parents, en leur qualit\u00e9 de \u00ab\u00a0responsable\u00a0\u00bb sont souvent confront\u00e9s \u00e0 des situations conflictuelles avec leurs enfants, et ce sp\u00e9cialement durant la phase de l\u2019adolescence.\u00a0Ils sont l\u2019objet de questions [&hellip;]\" \/>\n<meta property=\"og:url\" content=\"https:\/\/www.gereso.com\/actualites\/2016\/05\/25\/lu-pour-vous-aider-son-ado-a-sepanouir\/\" \/>\n<meta property=\"og:site_name\" content=\"Le Blog GERESO\" \/>\n<meta property=\"article:published_time\" content=\"2016-05-25T07:34:05+00:00\" \/>\n<meta property=\"article:modified_time\" content=\"2022-03-14T09:34:38+00:00\" \/>\n<meta name=\"author\" content=\"\u00c9quipe GERESO\" \/>\n<meta name=\"twitter:card\" content=\"summary_large_image\" \/>\n<script type=\"application\/ld+json\" class=\"yoast-schema-graph\">{\"@context\":\"https:\/\/schema.org\",\"@graph\":[{\"@type\":\"WebPage\",\"@id\":\"https:\/\/www.gereso.com\/actualites\/2016\/05\/25\/lu-pour-vous-aider-son-ado-a-sepanouir\/\",\"url\":\"https:\/\/www.gereso.com\/actualites\/2016\/05\/25\/lu-pour-vous-aider-son-ado-a-sepanouir\/\",\"name\":\"Lu pour vous : \u00ab Aider son ado \u00e0 s\u2019\u00e9panouir \u00bb - Le Blog GERESO\",\"isPartOf\":{\"@id\":\"https:\/\/www.gereso.com\/actualites\/#website\"},\"datePublished\":\"2016-05-25T07:34:05+00:00\",\"dateModified\":\"2022-03-14T09:34:38+00:00\",\"author\":{\"@id\":\"https:\/\/www.gereso.com\/actualites\/#\/schema\/person\/197d8aef40cb4ae3f6a0aa9e1d3df2a6\"},\"breadcrumb\":{\"@id\":\"https:\/\/www.gereso.com\/actualites\/2016\/05\/25\/lu-pour-vous-aider-son-ado-a-sepanouir\/#breadcrumb\"},\"inLanguage\":\"fr-FR\",\"potentialAction\":[{\"@type\":\"ReadAction\",\"target\":[\"https:\/\/www.gereso.com\/actualites\/2016\/05\/25\/lu-pour-vous-aider-son-ado-a-sepanouir\/\"]}]},{\"@type\":\"BreadcrumbList\",\"@id\":\"https:\/\/www.gereso.com\/actualites\/2016\/05\/25\/lu-pour-vous-aider-son-ado-a-sepanouir\/#breadcrumb\",\"itemListElement\":[{\"@type\":\"ListItem\",\"position\":1,\"name\":\"Home\",\"item\":\"https:\/\/www.gereso.com\/actualites\/\"},{\"@type\":\"ListItem\",\"position\":2,\"name\":\"Lu pour vous : \u00ab Aider son ado \u00e0 s\u2019\u00e9panouir \u00bb\"}]},{\"@type\":\"WebSite\",\"@id\":\"https:\/\/www.gereso.com\/actualites\/#website\",\"url\":\"https:\/\/www.gereso.com\/actualites\/\",\"name\":\"Le Blog GERESO\",\"description\":\"Toute l&#039;actu RH, Finance, Fonction Publique, Management...\",\"potentialAction\":[{\"@type\":\"SearchAction\",\"target\":{\"@type\":\"EntryPoint\",\"urlTemplate\":\"https:\/\/www.gereso.com\/actualites\/?s={search_term_string}\"},\"query-input\":{\"@type\":\"PropertyValueSpecification\",\"valueRequired\":true,\"valueName\":\"search_term_string\"}}],\"inLanguage\":\"fr-FR\"},{\"@type\":\"Person\",\"@id\":\"https:\/\/www.gereso.com\/actualites\/#\/schema\/person\/197d8aef40cb4ae3f6a0aa9e1d3df2a6\",\"name\":\"\u00c9quipe GERESO\",\"image\":{\"@type\":\"ImageObject\",\"inLanguage\":\"fr-FR\",\"@id\":\"https:\/\/www.gereso.com\/actualites\/#\/schema\/person\/image\/\",\"url\":\"https:\/\/www.gereso.com\/actualites\/wp-content\/uploads\/2013\/12\/avatar-gereso-1.png\",\"contentUrl\":\"https:\/\/www.gereso.com\/actualites\/wp-content\/uploads\/2013\/12\/avatar-gereso-1.png\",\"caption\":\"\u00c9quipe GERESO\"},\"url\":\"https:\/\/www.gereso.com\/actualites\/author\/gereso\/\"}]}<\/script>\n<!-- \/ Yoast SEO plugin. -->","yoast_head_json":{"title":"Lu pour vous : \u00ab Aider son ado \u00e0 s\u2019\u00e9panouir \u00bb - Le Blog GERESO","robots":{"index":"index","follow":"follow","max-snippet":"max-snippet:-1","max-image-preview":"max-image-preview:large","max-video-preview":"max-video-preview:-1"},"canonical":"https:\/\/www.gereso.com\/actualites\/2016\/05\/25\/lu-pour-vous-aider-son-ado-a-sepanouir\/","og_locale":"fr_FR","og_type":"article","og_title":"Lu pour vous : \u00ab Aider son ado \u00e0 s\u2019\u00e9panouir \u00bb - Le Blog GERESO","og_description":"De quoi parle cet ouvrage\u00a0? Le livre \u00ab\u00a0Aider son ado \u00e0 s\u2019\u00e9panouir\u00a0\u00bb traite des questions fondamentales de la communication entre les parents et leurs enfants.\u00a0En effet, les parents, en leur qualit\u00e9 de \u00ab\u00a0responsable\u00a0\u00bb sont souvent confront\u00e9s \u00e0 des situations conflictuelles avec leurs enfants, et ce sp\u00e9cialement durant la phase de l\u2019adolescence.\u00a0Ils sont l\u2019objet de questions [&hellip;]","og_url":"https:\/\/www.gereso.com\/actualites\/2016\/05\/25\/lu-pour-vous-aider-son-ado-a-sepanouir\/","og_site_name":"Le Blog GERESO","article_published_time":"2016-05-25T07:34:05+00:00","article_modified_time":"2022-03-14T09:34:38+00:00","author":"\u00c9quipe GERESO","twitter_card":"summary_large_image","schema":{"@context":"https:\/\/schema.org","@graph":[{"@type":"WebPage","@id":"https:\/\/www.gereso.com\/actualites\/2016\/05\/25\/lu-pour-vous-aider-son-ado-a-sepanouir\/","url":"https:\/\/www.gereso.com\/actualites\/2016\/05\/25\/lu-pour-vous-aider-son-ado-a-sepanouir\/","name":"Lu pour vous : \u00ab Aider son ado \u00e0 s\u2019\u00e9panouir \u00bb - Le Blog GERESO","isPartOf":{"@id":"https:\/\/www.gereso.com\/actualites\/#website"},"datePublished":"2016-05-25T07:34:05+00:00","dateModified":"2022-03-14T09:34:38+00:00","author":{"@id":"https:\/\/www.gereso.com\/actualites\/#\/schema\/person\/197d8aef40cb4ae3f6a0aa9e1d3df2a6"},"breadcrumb":{"@id":"https:\/\/www.gereso.com\/actualites\/2016\/05\/25\/lu-pour-vous-aider-son-ado-a-sepanouir\/#breadcrumb"},"inLanguage":"fr-FR","potentialAction":[{"@type":"ReadAction","target":["https:\/\/www.gereso.com\/actualites\/2016\/05\/25\/lu-pour-vous-aider-son-ado-a-sepanouir\/"]}]},{"@type":"BreadcrumbList","@id":"https:\/\/www.gereso.com\/actualites\/2016\/05\/25\/lu-pour-vous-aider-son-ado-a-sepanouir\/#breadcrumb","itemListElement":[{"@type":"ListItem","position":1,"name":"Home","item":"https:\/\/www.gereso.com\/actualites\/"},{"@type":"ListItem","position":2,"name":"Lu pour vous : \u00ab Aider son ado \u00e0 s\u2019\u00e9panouir \u00bb"}]},{"@type":"WebSite","@id":"https:\/\/www.gereso.com\/actualites\/#website","url":"https:\/\/www.gereso.com\/actualites\/","name":"Le Blog GERESO","description":"Toute l&#039;actu RH, Finance, Fonction Publique, Management...","potentialAction":[{"@type":"SearchAction","target":{"@type":"EntryPoint","urlTemplate":"https:\/\/www.gereso.com\/actualites\/?s={search_term_string}"},"query-input":{"@type":"PropertyValueSpecification","valueRequired":true,"valueName":"search_term_string"}}],"inLanguage":"fr-FR"},{"@type":"Person","@id":"https:\/\/www.gereso.com\/actualites\/#\/schema\/person\/197d8aef40cb4ae3f6a0aa9e1d3df2a6","name":"\u00c9quipe GERESO","image":{"@type":"ImageObject","inLanguage":"fr-FR","@id":"https:\/\/www.gereso.com\/actualites\/#\/schema\/person\/image\/","url":"https:\/\/www.gereso.com\/actualites\/wp-content\/uploads\/2013\/12\/avatar-gereso-1.png","contentUrl":"https:\/\/www.gereso.com\/actualites\/wp-content\/uploads\/2013\/12\/avatar-gereso-1.png","caption":"\u00c9quipe GERESO"},"url":"https:\/\/www.gereso.com\/actualites\/author\/gereso\/"}]}},"_links":{"self":[{"href":"https:\/\/www.gereso.com\/actualites\/wp-json\/wp\/v2\/posts\/6067","targetHints":{"allow":["GET"]}}],"collection":[{"href":"https:\/\/www.gereso.com\/actualites\/wp-json\/wp\/v2\/posts"}],"about":[{"href":"https:\/\/www.gereso.com\/actualites\/wp-json\/wp\/v2\/types\/post"}],"author":[{"embeddable":true,"href":"https:\/\/www.gereso.com\/actualites\/wp-json\/wp\/v2\/users\/32"}],"replies":[{"embeddable":true,"href":"https:\/\/www.gereso.com\/actualites\/wp-json\/wp\/v2\/comments?post=6067"}],"version-history":[{"count":10,"href":"https:\/\/www.gereso.com\/actualites\/wp-json\/wp\/v2\/posts\/6067\/revisions"}],"predecessor-version":[{"id":26289,"href":"https:\/\/www.gereso.com\/actualites\/wp-json\/wp\/v2\/posts\/6067\/revisions\/26289"}],"wp:attachment":[{"href":"https:\/\/www.gereso.com\/actualites\/wp-json\/wp\/v2\/media?parent=6067"}],"wp:term":[{"taxonomy":"category","embeddable":true,"href":"https:\/\/www.gereso.com\/actualites\/wp-json\/wp\/v2\/categories?post=6067"},{"taxonomy":"post_tag","embeddable":true,"href":"https:\/\/www.gereso.com\/actualites\/wp-json\/wp\/v2\/tags?post=6067"}],"curies":[{"name":"wp","href":"https:\/\/api.w.org\/{rel}","templated":true}]}}