{"id":6210,"date":"2016-05-27T16:08:29","date_gmt":"2016-05-27T14:08:29","guid":{"rendered":"https:\/\/www.gereso.com\/actualites\/?p=6210"},"modified":"2016-05-25T09:44:34","modified_gmt":"2016-05-25T07:44:34","slug":"remuneration-collectivites-territoriales","status":"publish","type":"post","link":"https:\/\/www.gereso.com\/actualites\/2016\/05\/27\/remuneration-collectivites-territoriales\/","title":{"rendered":"R\u00e9mun\u00e9ration des agents non titulaires des collectivit\u00e9s territoriales : une jurisprudence significative"},"content":{"rendered":"<p><strong>La jurisprudence r\u00e9cente a jug\u00e9 ill\u00e9gal le fait\u00a0de d\u00e9terminer\u00a0la r\u00e9mun\u00e9ration des agents non titulaires des collectivit\u00e9s territoriales occupant un emploi permanent sur la base d\u2019un taux horaire (CE n\u00b0 380616, 380678 du 30 mars 2016).<\/strong><\/p>\n<p>D&rsquo;apr\u00e8s l\u2019article 136 de la loi n\u00b0 84-53 du 26 janvier 1984 et l\u2019article 20 de la loi n\u00b0 83-634 du 13 juillet 1983, les <strong>agents contractuels occupant un emploi permanent<\/strong> ont droit \u00e0 un traitement fix\u00e9 en fonction de cet emploi, \u00e0 une indemnit\u00e9 de r\u00e9sidence, le cas \u00e9ch\u00e9ant au suppl\u00e9ment familial de traitement ainsi qu\u2019aux indemnit\u00e9s institu\u00e9es par un texte l\u00e9gislatif ou r\u00e9glementaire.<\/p>\n<p>Ainsi le Conseil d\u2019Etat a consid\u00e9r\u00e9 dans un arr\u00eat du 30 mars 2016 (n\u00b0 380616, 380678) qu\u2019un contrat qui fixe la r\u00e9mun\u00e9ration sur la base d\u2019un taux horaire appliqu\u00e9 au nombre d\u2019heures de travail effectu\u00e9es, et qui exclut le versement de tout <strong>compl\u00e9ment de r\u00e9mun\u00e9ration<\/strong>, est ill\u00e9gal car il m\u00e9conna\u00eet les dispositions des articles pr\u00e9cit\u00e9s.<\/p>\n<p>Par cons\u00e9quent, la r\u00e9mun\u00e9ration des agents non titulaires des collectivit\u00e9s territoriales occupant un emploi permanent sur la base d&rsquo;un taux horaire est<strong> ill\u00e9gale<\/strong>.<\/p>\n<p>D&rsquo;autre part, le Conseil d\u2019Etat pr\u00e9cise (point 8 de l\u2019arr\u00eat) que dans le cas o\u00f9 l\u2019agent fait valoir, \u00e0 bon droit, que son contrat m\u00e9conna\u00eet des dispositions l\u00e9gislatives ou r\u00e9glementaires qui lui \u00e9taient applicables et est, par suite, entach\u00e9 d\u2019irr\u00e9gularit\u00e9, le juge est tenu, pour \u00e9tablir l\u2019\u00e9tendue de ses droits, d\u2019\u00e9carter les clauses de son contrat qui sont affect\u00e9es d\u2019irr\u00e9gularit\u00e9.<\/p>\n","protected":false},"excerpt":{"rendered":"<p>La jurisprudence r\u00e9cente a jug\u00e9 ill\u00e9gal le fait\u00a0de d\u00e9terminer\u00a0la r\u00e9mun\u00e9ration des agents non titulaires des collectivit\u00e9s territoriales occupant un emploi permanent sur la base d\u2019un taux horaire (CE n\u00b0 380616, 380678 du 30 mars 2016). D&rsquo;apr\u00e8s l\u2019article 136 de la loi n\u00b0 84-53 du 26 janvier 1984 et l\u2019article 20 de la loi n\u00b0 83-634 [&hellip;]<\/p>\n","protected":false},"author":32,"featured_media":0,"comment_status":"open","ping_status":"open","sticky":false,"template":"","format":"quote","meta":{"_acf_changed":false,"_mi_skip_tracking":false,"footnotes":""},"categories":[6],"tags":[633],"class_list":["post-6210","post","type-post","status-publish","format-quote","hentry","category-fonction-publique","tag-agents-contractuels","post_format-post-format-quote"],"acf":[],"yoast_head":"<!-- This site is optimized with the Yoast SEO plugin v23.4 - https:\/\/yoast.com\/wordpress\/plugins\/seo\/ -->\n<title>R\u00e9mun\u00e9ration des agents non titulaires des collectivit\u00e9s territoriales : une jurisprudence significative - Le Blog GERESO<\/title>\n<meta name=\"robots\" content=\"index, follow, max-snippet:-1, max-image-preview:large, max-video-preview:-1\" \/>\n<link rel=\"canonical\" href=\"https:\/\/www.gereso.com\/actualites\/2016\/05\/27\/remuneration-collectivites-territoriales\/\" \/>\n<meta property=\"og:locale\" content=\"fr_FR\" \/>\n<meta property=\"og:type\" content=\"article\" \/>\n<meta property=\"og:title\" content=\"R\u00e9mun\u00e9ration des agents non titulaires des collectivit\u00e9s territoriales : une jurisprudence significative - Le Blog GERESO\" \/>\n<meta property=\"og:description\" content=\"La jurisprudence r\u00e9cente a jug\u00e9 ill\u00e9gal le fait\u00a0de d\u00e9terminer\u00a0la r\u00e9mun\u00e9ration des agents non titulaires des collectivit\u00e9s territoriales occupant un emploi permanent sur la base d\u2019un taux horaire (CE n\u00b0 380616, 380678 du 30 mars 2016). D&rsquo;apr\u00e8s l\u2019article 136 de la loi n\u00b0 84-53 du 26 janvier 1984 et l\u2019article 20 de la loi n\u00b0 83-634 [&hellip;]\" \/>\n<meta property=\"og:url\" content=\"https:\/\/www.gereso.com\/actualites\/2016\/05\/27\/remuneration-collectivites-territoriales\/\" \/>\n<meta property=\"og:site_name\" content=\"Le Blog GERESO\" \/>\n<meta property=\"article:published_time\" content=\"2016-05-27T14:08:29+00:00\" \/>\n<meta property=\"article:modified_time\" content=\"2016-05-25T07:44:34+00:00\" \/>\n<meta name=\"author\" content=\"\u00c9quipe GERESO\" \/>\n<meta name=\"twitter:card\" content=\"summary_large_image\" \/>\n<script type=\"application\/ld+json\" class=\"yoast-schema-graph\">{\"@context\":\"https:\/\/schema.org\",\"@graph\":[{\"@type\":\"WebPage\",\"@id\":\"https:\/\/www.gereso.com\/actualites\/2016\/05\/27\/remuneration-collectivites-territoriales\/\",\"url\":\"https:\/\/www.gereso.com\/actualites\/2016\/05\/27\/remuneration-collectivites-territoriales\/\",\"name\":\"R\u00e9mun\u00e9ration des agents non titulaires des collectivit\u00e9s territoriales : une jurisprudence significative - Le Blog GERESO\",\"isPartOf\":{\"@id\":\"https:\/\/www.gereso.com\/actualites\/#website\"},\"datePublished\":\"2016-05-27T14:08:29+00:00\",\"dateModified\":\"2016-05-25T07:44:34+00:00\",\"author\":{\"@id\":\"https:\/\/www.gereso.com\/actualites\/#\/schema\/person\/197d8aef40cb4ae3f6a0aa9e1d3df2a6\"},\"breadcrumb\":{\"@id\":\"https:\/\/www.gereso.com\/actualites\/2016\/05\/27\/remuneration-collectivites-territoriales\/#breadcrumb\"},\"inLanguage\":\"fr-FR\",\"potentialAction\":[{\"@type\":\"ReadAction\",\"target\":[\"https:\/\/www.gereso.com\/actualites\/2016\/05\/27\/remuneration-collectivites-territoriales\/\"]}]},{\"@type\":\"BreadcrumbList\",\"@id\":\"https:\/\/www.gereso.com\/actualites\/2016\/05\/27\/remuneration-collectivites-territoriales\/#breadcrumb\",\"itemListElement\":[{\"@type\":\"ListItem\",\"position\":1,\"name\":\"Home\",\"item\":\"https:\/\/www.gereso.com\/actualites\/\"},{\"@type\":\"ListItem\",\"position\":2,\"name\":\"R\u00e9mun\u00e9ration des agents non titulaires des collectivit\u00e9s territoriales : une jurisprudence significative\"}]},{\"@type\":\"WebSite\",\"@id\":\"https:\/\/www.gereso.com\/actualites\/#website\",\"url\":\"https:\/\/www.gereso.com\/actualites\/\",\"name\":\"Le Blog GERESO\",\"description\":\"Toute l&#039;actu RH, Finance, Fonction Publique, Management...\",\"potentialAction\":[{\"@type\":\"SearchAction\",\"target\":{\"@type\":\"EntryPoint\",\"urlTemplate\":\"https:\/\/www.gereso.com\/actualites\/?s={search_term_string}\"},\"query-input\":{\"@type\":\"PropertyValueSpecification\",\"valueRequired\":true,\"valueName\":\"search_term_string\"}}],\"inLanguage\":\"fr-FR\"},{\"@type\":\"Person\",\"@id\":\"https:\/\/www.gereso.com\/actualites\/#\/schema\/person\/197d8aef40cb4ae3f6a0aa9e1d3df2a6\",\"name\":\"\u00c9quipe GERESO\",\"image\":{\"@type\":\"ImageObject\",\"inLanguage\":\"fr-FR\",\"@id\":\"https:\/\/www.gereso.com\/actualites\/#\/schema\/person\/image\/\",\"url\":\"https:\/\/www.gereso.com\/actualites\/wp-content\/uploads\/2013\/12\/avatar-gereso-1.png\",\"contentUrl\":\"https:\/\/www.gereso.com\/actualites\/wp-content\/uploads\/2013\/12\/avatar-gereso-1.png\",\"caption\":\"\u00c9quipe GERESO\"},\"url\":\"https:\/\/www.gereso.com\/actualites\/author\/gereso\/\"}]}<\/script>\n<!-- \/ Yoast SEO plugin. -->","yoast_head_json":{"title":"R\u00e9mun\u00e9ration des agents non titulaires des collectivit\u00e9s territoriales : une jurisprudence significative - Le Blog GERESO","robots":{"index":"index","follow":"follow","max-snippet":"max-snippet:-1","max-image-preview":"max-image-preview:large","max-video-preview":"max-video-preview:-1"},"canonical":"https:\/\/www.gereso.com\/actualites\/2016\/05\/27\/remuneration-collectivites-territoriales\/","og_locale":"fr_FR","og_type":"article","og_title":"R\u00e9mun\u00e9ration des agents non titulaires des collectivit\u00e9s territoriales : une jurisprudence significative - Le Blog GERESO","og_description":"La jurisprudence r\u00e9cente a jug\u00e9 ill\u00e9gal le fait\u00a0de d\u00e9terminer\u00a0la r\u00e9mun\u00e9ration des agents non titulaires des collectivit\u00e9s territoriales occupant un emploi permanent sur la base d\u2019un taux horaire (CE n\u00b0 380616, 380678 du 30 mars 2016). D&rsquo;apr\u00e8s l\u2019article 136 de la loi n\u00b0 84-53 du 26 janvier 1984 et l\u2019article 20 de la loi n\u00b0 83-634 [&hellip;]","og_url":"https:\/\/www.gereso.com\/actualites\/2016\/05\/27\/remuneration-collectivites-territoriales\/","og_site_name":"Le Blog GERESO","article_published_time":"2016-05-27T14:08:29+00:00","article_modified_time":"2016-05-25T07:44:34+00:00","author":"\u00c9quipe GERESO","twitter_card":"summary_large_image","schema":{"@context":"https:\/\/schema.org","@graph":[{"@type":"WebPage","@id":"https:\/\/www.gereso.com\/actualites\/2016\/05\/27\/remuneration-collectivites-territoriales\/","url":"https:\/\/www.gereso.com\/actualites\/2016\/05\/27\/remuneration-collectivites-territoriales\/","name":"R\u00e9mun\u00e9ration des agents non titulaires des collectivit\u00e9s territoriales : une jurisprudence significative - Le Blog GERESO","isPartOf":{"@id":"https:\/\/www.gereso.com\/actualites\/#website"},"datePublished":"2016-05-27T14:08:29+00:00","dateModified":"2016-05-25T07:44:34+00:00","author":{"@id":"https:\/\/www.gereso.com\/actualites\/#\/schema\/person\/197d8aef40cb4ae3f6a0aa9e1d3df2a6"},"breadcrumb":{"@id":"https:\/\/www.gereso.com\/actualites\/2016\/05\/27\/remuneration-collectivites-territoriales\/#breadcrumb"},"inLanguage":"fr-FR","potentialAction":[{"@type":"ReadAction","target":["https:\/\/www.gereso.com\/actualites\/2016\/05\/27\/remuneration-collectivites-territoriales\/"]}]},{"@type":"BreadcrumbList","@id":"https:\/\/www.gereso.com\/actualites\/2016\/05\/27\/remuneration-collectivites-territoriales\/#breadcrumb","itemListElement":[{"@type":"ListItem","position":1,"name":"Home","item":"https:\/\/www.gereso.com\/actualites\/"},{"@type":"ListItem","position":2,"name":"R\u00e9mun\u00e9ration des agents non titulaires des collectivit\u00e9s territoriales : une jurisprudence significative"}]},{"@type":"WebSite","@id":"https:\/\/www.gereso.com\/actualites\/#website","url":"https:\/\/www.gereso.com\/actualites\/","name":"Le Blog GERESO","description":"Toute l&#039;actu RH, Finance, Fonction Publique, Management...","potentialAction":[{"@type":"SearchAction","target":{"@type":"EntryPoint","urlTemplate":"https:\/\/www.gereso.com\/actualites\/?s={search_term_string}"},"query-input":{"@type":"PropertyValueSpecification","valueRequired":true,"valueName":"search_term_string"}}],"inLanguage":"fr-FR"},{"@type":"Person","@id":"https:\/\/www.gereso.com\/actualites\/#\/schema\/person\/197d8aef40cb4ae3f6a0aa9e1d3df2a6","name":"\u00c9quipe GERESO","image":{"@type":"ImageObject","inLanguage":"fr-FR","@id":"https:\/\/www.gereso.com\/actualites\/#\/schema\/person\/image\/","url":"https:\/\/www.gereso.com\/actualites\/wp-content\/uploads\/2013\/12\/avatar-gereso-1.png","contentUrl":"https:\/\/www.gereso.com\/actualites\/wp-content\/uploads\/2013\/12\/avatar-gereso-1.png","caption":"\u00c9quipe GERESO"},"url":"https:\/\/www.gereso.com\/actualites\/author\/gereso\/"}]}},"_links":{"self":[{"href":"https:\/\/www.gereso.com\/actualites\/wp-json\/wp\/v2\/posts\/6210","targetHints":{"allow":["GET"]}}],"collection":[{"href":"https:\/\/www.gereso.com\/actualites\/wp-json\/wp\/v2\/posts"}],"about":[{"href":"https:\/\/www.gereso.com\/actualites\/wp-json\/wp\/v2\/types\/post"}],"author":[{"embeddable":true,"href":"https:\/\/www.gereso.com\/actualites\/wp-json\/wp\/v2\/users\/32"}],"replies":[{"embeddable":true,"href":"https:\/\/www.gereso.com\/actualites\/wp-json\/wp\/v2\/comments?post=6210"}],"version-history":[{"count":2,"href":"https:\/\/www.gereso.com\/actualites\/wp-json\/wp\/v2\/posts\/6210\/revisions"}],"predecessor-version":[{"id":6212,"href":"https:\/\/www.gereso.com\/actualites\/wp-json\/wp\/v2\/posts\/6210\/revisions\/6212"}],"wp:attachment":[{"href":"https:\/\/www.gereso.com\/actualites\/wp-json\/wp\/v2\/media?parent=6210"}],"wp:term":[{"taxonomy":"category","embeddable":true,"href":"https:\/\/www.gereso.com\/actualites\/wp-json\/wp\/v2\/categories?post=6210"},{"taxonomy":"post_tag","embeddable":true,"href":"https:\/\/www.gereso.com\/actualites\/wp-json\/wp\/v2\/tags?post=6210"}],"curies":[{"name":"wp","href":"https:\/\/api.w.org\/{rel}","templated":true}]}}