{"id":6338,"date":"2016-06-13T11:14:45","date_gmt":"2016-06-13T09:14:45","guid":{"rendered":"https:\/\/www.gereso.com\/actualites\/?p=6338"},"modified":"2017-06-09T09:31:10","modified_gmt":"2017-06-09T07:31:10","slug":"intelligence-relationnelle","status":"publish","type":"post","link":"https:\/\/www.gereso.com\/actualites\/2016\/06\/13\/intelligence-relationnelle\/","title":{"rendered":"Intelligence relationnelle : une vraie comp\u00e9tence pour g\u00e9rer les conflits"},"content":{"rendered":"<p style=\"text-align: justify;\">C\u00e9cile Gilbert-Kawano, coach en Intelligence \u00e9motionnelle et relationnelle, s&rsquo;exprime dans un interview sur les fondements de l&rsquo;<strong>intelligence relationnelle<\/strong> pour se <strong>construire des relations harmonieuses et durables<\/strong>.\u00a0Selon cette sp\u00e9cialiste, l&rsquo;intelligence relationnelle se base sur <strong>l&rsquo;intelligence \u00e9motionnelle<\/strong> et est li\u00e9e \u00e0 <strong>l&rsquo;intelligence sociale.<\/strong><\/p>\n<p style=\"text-align: justify;\">L&rsquo;intelligence \u00e9motionnelle est la capacit\u00e9 qui permet \u00e0 notre cerveau d&rsquo;utiliser <strong>nos \u00e9motions comme sources d&rsquo;informations utiles<\/strong>, plut\u00f4t que de les sentir comme des freins ou des r\u00e9actions encombrantes. Elle nous permet \u00e9galement de mieux appr\u00e9hender notre vie en r\u00e9pondant \u00e0 nos besoins profonds.<\/p>\n<p style=\"text-align: justify;\">L&rsquo;intelligence sociale est cette facult\u00e9 qui nous permet de \u00a0consid\u00e9rer les besoins des personnes qui nous entourent, et \u00e9galement celles qui sont au-del\u00e0 de notre cercle proche. Elle se traduit par le <strong>d\u00e9veloppement d&rsquo;un sens du contact<\/strong>, utile pour interagir avec notre entourage, respectant \u00e0 la fois leurs besoins et les n\u00f4tres.<\/p>\n<p style=\"text-align: justify;\">Le d\u00e9veloppement de l&rsquo;intelligence relationnelle en entreprise r\u00e9pond \u00e0 deux objectifs : am\u00e9liorer la relation collaborative avec les autre membres de l&rsquo;\u00e9quipe en \u00e9tant capable de s&rsquo;adapter \u00e0 la fa\u00e7on qu&rsquo;on les autres pour fonctionner, et d\u00e9velopper le sens du contact afin de cr\u00e9er et de maintenir des relations plus agr\u00e9ables et plus productives.<\/p>\n<p style=\"text-align: justify;\">L&rsquo;intelligence relationnelle est donc un <strong>ensemble de comp\u00e9tences qui s&rsquo;acqui\u00e8rent et que l&rsquo;on doit d\u00e9velopper<\/strong>. Elle se cultive \u00e0 travers des <strong>auto-questionnements<\/strong> sur les fa\u00e7ons de faire qui fonctionnent, et celles qui sont moins efficaces, sur les relations qu&rsquo;on a avec soi-m\u00eame, celles qu&rsquo;on a avec les autres, sur comment se respecter soi-m\u00eame, et comment respecter les autres.<\/p>\n<p style=\"text-align: justify;\">Dans un conflit, deux parties se remettent en cause et s&rsquo;incriminent\u00a0mutuellement car elles n&rsquo;arrivent pas \u00e0 satisfaire leurs besoins respectifs. Le r\u00f4le de l&rsquo;intelligence relationnelle dans ce cas de figure est de nous <strong>inviter \u00e0 r\u00e9fl\u00e9chir pour r\u00e9pondre \u00e0 la fois \u00e0 nos propres besoins et aux besoins de ceux avec qui nous sommes en confrontation<\/strong>.<\/p>\n<p style=\"text-align: justify;\">Les comp\u00e9tences en intelligence relationnelle que nous d\u00e9veloppons <strong>nous aide \u00e0 communiquer et \u00e0 agir<\/strong> en tenant compte de ces besoins. Des aptitudes particuli\u00e8res sont alors n\u00e9cessaires : pers\u00e9v\u00e9rance et adaptation, fermet\u00e9 et souplesse, prise de recul et focalisation.<\/p>\n<p style=\"text-align: justify;\">\u00catre \u00ab\u00a0<strong>\u00e9motionnellement intelligent<\/strong>\u00a0\u00bb nous permet alors de nous orienter vers une \u00ab\u00a0confrontation constructive\u00a0\u00bb pour ne pas basculer dans une relation conflictuelle. Dans le cas o\u00f9 un conflit est d\u00e9j\u00e0 en cours, l&rsquo;intelligence relationnelle nous aidera \u00e0 le reconna\u00eetre et trouver les pistes pour y rem\u00e9dier.<\/p>\n<p style=\"text-align: justify;\">Source :<\/p>\n<p><a href=\"http:\/\/management.efe.fr\/2016\/05\/23\/intelligence-relationnelle-importance-entreprise\/\" target=\"_blank\" rel=\"nofollow\">Intelligence relationnelle en entreprise<\/a><\/p>\n<p>&nbsp;<\/p>\n<p>&nbsp;<\/p>\n<p>&nbsp;<\/p>\n<p>&nbsp;<\/p>\n","protected":false},"excerpt":{"rendered":"<p>C\u00e9cile Gilbert-Kawano, coach en Intelligence \u00e9motionnelle et relationnelle, s&rsquo;exprime dans un interview sur les fondements de l&rsquo;intelligence relationnelle pour se construire des relations harmonieuses et durables.\u00a0Selon cette sp\u00e9cialiste, l&rsquo;intelligence relationnelle se base sur l&rsquo;intelligence \u00e9motionnelle et est li\u00e9e \u00e0 l&rsquo;intelligence sociale. L&rsquo;intelligence \u00e9motionnelle est la capacit\u00e9 qui permet \u00e0 notre cerveau d&rsquo;utiliser nos \u00e9motions comme [&hellip;]<\/p>\n","protected":false},"author":32,"featured_media":0,"comment_status":"open","ping_status":"open","sticky":false,"template":"","format":"quote","meta":{"_acf_changed":false,"_mi_skip_tracking":false,"footnotes":""},"categories":[9,10,13],"tags":[212,839,450],"class_list":["post-6338","post","type-post","status-publish","format-quote","hentry","category-developpement-personnel-et-efficacite-professionnelle","category-management-et-leadership","category-sante-et-securite-au-travail","tag-developpement-personnel","tag-emotions","tag-intelligence-relationnelle","post_format-post-format-quote"],"acf":[],"yoast_head":"<!-- This site is optimized with the Yoast SEO plugin v23.4 - https:\/\/yoast.com\/wordpress\/plugins\/seo\/ -->\n<title>Intelligence relationnelle : une vraie comp\u00e9tence pour g\u00e9rer les conflits - Le Blog GERESO<\/title>\n<meta name=\"robots\" content=\"index, follow, max-snippet:-1, max-image-preview:large, max-video-preview:-1\" \/>\n<link rel=\"canonical\" href=\"https:\/\/www.gereso.com\/actualites\/2016\/06\/13\/intelligence-relationnelle\/\" \/>\n<meta property=\"og:locale\" content=\"fr_FR\" \/>\n<meta property=\"og:type\" content=\"article\" \/>\n<meta property=\"og:title\" content=\"Intelligence relationnelle : une vraie comp\u00e9tence pour g\u00e9rer les conflits - Le Blog GERESO\" \/>\n<meta property=\"og:description\" content=\"C\u00e9cile Gilbert-Kawano, coach en Intelligence \u00e9motionnelle et relationnelle, s&rsquo;exprime dans un interview sur les fondements de l&rsquo;intelligence relationnelle pour se construire des relations harmonieuses et durables.\u00a0Selon cette sp\u00e9cialiste, l&rsquo;intelligence relationnelle se base sur l&rsquo;intelligence \u00e9motionnelle et est li\u00e9e \u00e0 l&rsquo;intelligence sociale. L&rsquo;intelligence \u00e9motionnelle est la capacit\u00e9 qui permet \u00e0 notre cerveau d&rsquo;utiliser nos \u00e9motions comme [&hellip;]\" \/>\n<meta property=\"og:url\" content=\"https:\/\/www.gereso.com\/actualites\/2016\/06\/13\/intelligence-relationnelle\/\" \/>\n<meta property=\"og:site_name\" content=\"Le Blog GERESO\" \/>\n<meta property=\"article:published_time\" content=\"2016-06-13T09:14:45+00:00\" \/>\n<meta property=\"article:modified_time\" content=\"2017-06-09T07:31:10+00:00\" \/>\n<meta name=\"author\" content=\"\u00c9quipe GERESO\" \/>\n<meta name=\"twitter:card\" content=\"summary_large_image\" \/>\n<script type=\"application\/ld+json\" class=\"yoast-schema-graph\">{\"@context\":\"https:\/\/schema.org\",\"@graph\":[{\"@type\":\"WebPage\",\"@id\":\"https:\/\/www.gereso.com\/actualites\/2016\/06\/13\/intelligence-relationnelle\/\",\"url\":\"https:\/\/www.gereso.com\/actualites\/2016\/06\/13\/intelligence-relationnelle\/\",\"name\":\"Intelligence relationnelle : une vraie comp\u00e9tence pour g\u00e9rer les conflits - Le Blog GERESO\",\"isPartOf\":{\"@id\":\"https:\/\/www.gereso.com\/actualites\/#website\"},\"datePublished\":\"2016-06-13T09:14:45+00:00\",\"dateModified\":\"2017-06-09T07:31:10+00:00\",\"author\":{\"@id\":\"https:\/\/www.gereso.com\/actualites\/#\/schema\/person\/197d8aef40cb4ae3f6a0aa9e1d3df2a6\"},\"breadcrumb\":{\"@id\":\"https:\/\/www.gereso.com\/actualites\/2016\/06\/13\/intelligence-relationnelle\/#breadcrumb\"},\"inLanguage\":\"fr-FR\",\"potentialAction\":[{\"@type\":\"ReadAction\",\"target\":[\"https:\/\/www.gereso.com\/actualites\/2016\/06\/13\/intelligence-relationnelle\/\"]}]},{\"@type\":\"BreadcrumbList\",\"@id\":\"https:\/\/www.gereso.com\/actualites\/2016\/06\/13\/intelligence-relationnelle\/#breadcrumb\",\"itemListElement\":[{\"@type\":\"ListItem\",\"position\":1,\"name\":\"Home\",\"item\":\"https:\/\/www.gereso.com\/actualites\/\"},{\"@type\":\"ListItem\",\"position\":2,\"name\":\"Intelligence relationnelle : une vraie comp\u00e9tence pour g\u00e9rer les conflits\"}]},{\"@type\":\"WebSite\",\"@id\":\"https:\/\/www.gereso.com\/actualites\/#website\",\"url\":\"https:\/\/www.gereso.com\/actualites\/\",\"name\":\"Le Blog GERESO\",\"description\":\"Toute l&#039;actu RH, Finance, Fonction Publique, Management...\",\"potentialAction\":[{\"@type\":\"SearchAction\",\"target\":{\"@type\":\"EntryPoint\",\"urlTemplate\":\"https:\/\/www.gereso.com\/actualites\/?s={search_term_string}\"},\"query-input\":{\"@type\":\"PropertyValueSpecification\",\"valueRequired\":true,\"valueName\":\"search_term_string\"}}],\"inLanguage\":\"fr-FR\"},{\"@type\":\"Person\",\"@id\":\"https:\/\/www.gereso.com\/actualites\/#\/schema\/person\/197d8aef40cb4ae3f6a0aa9e1d3df2a6\",\"name\":\"\u00c9quipe GERESO\",\"image\":{\"@type\":\"ImageObject\",\"inLanguage\":\"fr-FR\",\"@id\":\"https:\/\/www.gereso.com\/actualites\/#\/schema\/person\/image\/\",\"url\":\"https:\/\/www.gereso.com\/actualites\/wp-content\/uploads\/2013\/12\/avatar-gereso-1.png\",\"contentUrl\":\"https:\/\/www.gereso.com\/actualites\/wp-content\/uploads\/2013\/12\/avatar-gereso-1.png\",\"caption\":\"\u00c9quipe GERESO\"},\"url\":\"https:\/\/www.gereso.com\/actualites\/author\/gereso\/\"}]}<\/script>\n<!-- \/ Yoast SEO plugin. -->","yoast_head_json":{"title":"Intelligence relationnelle : une vraie comp\u00e9tence pour g\u00e9rer les conflits - Le Blog GERESO","robots":{"index":"index","follow":"follow","max-snippet":"max-snippet:-1","max-image-preview":"max-image-preview:large","max-video-preview":"max-video-preview:-1"},"canonical":"https:\/\/www.gereso.com\/actualites\/2016\/06\/13\/intelligence-relationnelle\/","og_locale":"fr_FR","og_type":"article","og_title":"Intelligence relationnelle : une vraie comp\u00e9tence pour g\u00e9rer les conflits - Le Blog GERESO","og_description":"C\u00e9cile Gilbert-Kawano, coach en Intelligence \u00e9motionnelle et relationnelle, s&rsquo;exprime dans un interview sur les fondements de l&rsquo;intelligence relationnelle pour se construire des relations harmonieuses et durables.\u00a0Selon cette sp\u00e9cialiste, l&rsquo;intelligence relationnelle se base sur l&rsquo;intelligence \u00e9motionnelle et est li\u00e9e \u00e0 l&rsquo;intelligence sociale. L&rsquo;intelligence \u00e9motionnelle est la capacit\u00e9 qui permet \u00e0 notre cerveau d&rsquo;utiliser nos \u00e9motions comme [&hellip;]","og_url":"https:\/\/www.gereso.com\/actualites\/2016\/06\/13\/intelligence-relationnelle\/","og_site_name":"Le Blog GERESO","article_published_time":"2016-06-13T09:14:45+00:00","article_modified_time":"2017-06-09T07:31:10+00:00","author":"\u00c9quipe GERESO","twitter_card":"summary_large_image","schema":{"@context":"https:\/\/schema.org","@graph":[{"@type":"WebPage","@id":"https:\/\/www.gereso.com\/actualites\/2016\/06\/13\/intelligence-relationnelle\/","url":"https:\/\/www.gereso.com\/actualites\/2016\/06\/13\/intelligence-relationnelle\/","name":"Intelligence relationnelle : une vraie comp\u00e9tence pour g\u00e9rer les conflits - Le Blog GERESO","isPartOf":{"@id":"https:\/\/www.gereso.com\/actualites\/#website"},"datePublished":"2016-06-13T09:14:45+00:00","dateModified":"2017-06-09T07:31:10+00:00","author":{"@id":"https:\/\/www.gereso.com\/actualites\/#\/schema\/person\/197d8aef40cb4ae3f6a0aa9e1d3df2a6"},"breadcrumb":{"@id":"https:\/\/www.gereso.com\/actualites\/2016\/06\/13\/intelligence-relationnelle\/#breadcrumb"},"inLanguage":"fr-FR","potentialAction":[{"@type":"ReadAction","target":["https:\/\/www.gereso.com\/actualites\/2016\/06\/13\/intelligence-relationnelle\/"]}]},{"@type":"BreadcrumbList","@id":"https:\/\/www.gereso.com\/actualites\/2016\/06\/13\/intelligence-relationnelle\/#breadcrumb","itemListElement":[{"@type":"ListItem","position":1,"name":"Home","item":"https:\/\/www.gereso.com\/actualites\/"},{"@type":"ListItem","position":2,"name":"Intelligence relationnelle : une vraie comp\u00e9tence pour g\u00e9rer les conflits"}]},{"@type":"WebSite","@id":"https:\/\/www.gereso.com\/actualites\/#website","url":"https:\/\/www.gereso.com\/actualites\/","name":"Le Blog GERESO","description":"Toute l&#039;actu RH, Finance, Fonction Publique, Management...","potentialAction":[{"@type":"SearchAction","target":{"@type":"EntryPoint","urlTemplate":"https:\/\/www.gereso.com\/actualites\/?s={search_term_string}"},"query-input":{"@type":"PropertyValueSpecification","valueRequired":true,"valueName":"search_term_string"}}],"inLanguage":"fr-FR"},{"@type":"Person","@id":"https:\/\/www.gereso.com\/actualites\/#\/schema\/person\/197d8aef40cb4ae3f6a0aa9e1d3df2a6","name":"\u00c9quipe GERESO","image":{"@type":"ImageObject","inLanguage":"fr-FR","@id":"https:\/\/www.gereso.com\/actualites\/#\/schema\/person\/image\/","url":"https:\/\/www.gereso.com\/actualites\/wp-content\/uploads\/2013\/12\/avatar-gereso-1.png","contentUrl":"https:\/\/www.gereso.com\/actualites\/wp-content\/uploads\/2013\/12\/avatar-gereso-1.png","caption":"\u00c9quipe GERESO"},"url":"https:\/\/www.gereso.com\/actualites\/author\/gereso\/"}]}},"_links":{"self":[{"href":"https:\/\/www.gereso.com\/actualites\/wp-json\/wp\/v2\/posts\/6338","targetHints":{"allow":["GET"]}}],"collection":[{"href":"https:\/\/www.gereso.com\/actualites\/wp-json\/wp\/v2\/posts"}],"about":[{"href":"https:\/\/www.gereso.com\/actualites\/wp-json\/wp\/v2\/types\/post"}],"author":[{"embeddable":true,"href":"https:\/\/www.gereso.com\/actualites\/wp-json\/wp\/v2\/users\/32"}],"replies":[{"embeddable":true,"href":"https:\/\/www.gereso.com\/actualites\/wp-json\/wp\/v2\/comments?post=6338"}],"version-history":[{"count":4,"href":"https:\/\/www.gereso.com\/actualites\/wp-json\/wp\/v2\/posts\/6338\/revisions"}],"predecessor-version":[{"id":6360,"href":"https:\/\/www.gereso.com\/actualites\/wp-json\/wp\/v2\/posts\/6338\/revisions\/6360"}],"wp:attachment":[{"href":"https:\/\/www.gereso.com\/actualites\/wp-json\/wp\/v2\/media?parent=6338"}],"wp:term":[{"taxonomy":"category","embeddable":true,"href":"https:\/\/www.gereso.com\/actualites\/wp-json\/wp\/v2\/categories?post=6338"},{"taxonomy":"post_tag","embeddable":true,"href":"https:\/\/www.gereso.com\/actualites\/wp-json\/wp\/v2\/tags?post=6338"}],"curies":[{"name":"wp","href":"https:\/\/api.w.org\/{rel}","templated":true}]}}