{"id":6366,"date":"2016-06-19T06:00:08","date_gmt":"2016-06-19T04:00:08","guid":{"rendered":"https:\/\/www.gereso.com\/actualites\/?p=6366"},"modified":"2017-06-09T09:30:29","modified_gmt":"2017-06-09T07:30:29","slug":"droits-retard-absence-salarie","status":"publish","type":"post","link":"https:\/\/www.gereso.com\/actualites\/2016\/06\/19\/droits-retard-absence-salarie\/","title":{"rendered":"Intemp\u00e9ries, gr\u00e8ve, catastrophe naturelle&#8230; Quels droits pour le salari\u00e9 absent ou retard\u00e9 ?"},"content":{"rendered":"<p style=\"text-align: justify;\"><strong>L&rsquo;absence ou le retard du salari\u00e9 en raison d&rsquo;intemp\u00e9rie<\/strong> (temp\u00eates, fortes chutes de neige, etc), de <strong>catastrophe naturelle<\/strong> (crues, inondations, etc), ou d&rsquo;une <strong>gr\u00e8ve des transports en commun ou de manifestations<\/strong>, ne constitue pas une faute si le salari\u00e9 est dans l&rsquo;impossibilit\u00e9 de se rendre \u00e0 son travail.<\/p>\n<p style=\"text-align: justify;\">Cependant, cette absence ou ce retard peut avoir des <strong>r\u00e9percussions sur sa r\u00e9mun\u00e9ration ou son temps de travail<\/strong>.<\/p>\n<p style=\"text-align: justify;\">Si un salari\u00e9 est donc dans l&rsquo;impossibilit\u00e9 de se rendre au travail ou d&rsquo;arriver \u00e0 l&rsquo;heure en raison d&rsquo;une intemp\u00e9rie, d&rsquo;une gr\u00e8ve, l&#8217;employeur ne peut le sanctionner pour l&rsquo;un ou l&rsquo;autre motif.<\/p>\n<h2 style=\"text-align: justify;\">Retard ou absence : la notion de force majeure<\/h2>\n<p style=\"text-align: justify;\">On parle alors d&rsquo;un cas de <strong>force majeure<\/strong>,<strong>\u00a0<\/strong>et le salari\u00e9 peut l&rsquo;invoquer sous r\u00e9serve de la pr\u00e9sentation d&rsquo;un <strong>justificatif<\/strong> de son retard ou de son absence, par exemple de la compagnie de transport.<\/p>\n<p style=\"text-align: justify;\">Le l\u00e9gislateur d\u00e9finit la <strong>force majeure<\/strong> comme \u00e9tant \u00ab\u00a0<em>un \u00e9v\u00e8nement exceptionnel, impr\u00e9visible et irr\u00e9sistible justifiant de s&rsquo;exon\u00e9rer d&rsquo;une obligation, d&rsquo;un engagement ou d&rsquo;une responsabilit\u00e9<\/em>\u00a0\u00bb (Code civil,\u00a0art. 1148). Pour l&rsquo;exemple, le cas de l&rsquo;impraticabilit\u00e9 des routes suite \u00e0 des inondations. Constituent \u00e9galement des cas de force majeure : la guerre, le d\u00e9c\u00e8s du salari\u00e9, une catastrophe naturelle entra\u00eenant une cessation totale de l&rsquo;activit\u00e9 de l&rsquo;entreprise, etc.<\/p>\n<p style=\"text-align: justify;\">Par contre, dans ces circonstances, l&rsquo;<strong>employeur n&rsquo;est pas dans l&rsquo;obligation de r\u00e9mun\u00e9rer le temps d&rsquo;absence du salari\u00e9<\/strong>, sauf dans le cadre d&rsquo;une convention ou d&rsquo;un accord collectif plus favorable mis en place. Le montant \u00e0 retenir sur la paye du salari\u00e9 doit-\u00eatre strictement proportionnel \u00e0 la dur\u00e9e de l&rsquo;absence.<\/p>\n<p style=\"text-align: justify;\">Sous conditions particuli\u00e8res, dans le secteur du b\u00e2timent et des travaux publics (BTP), les salari\u00e9s en arr\u00eat de travail pour cause d&rsquo;intemp\u00e9ries sont indemnis\u00e9s (Code du travail, L. 5424-6 \u00e0 L. 5424-19).<\/p>\n<p style=\"text-align: justify;\"><strong>Pour \u00e9viter une retenue sur salaire<\/strong>, sur proposition de l&#8217;employeur, le salari\u00e9 peut :<\/p>\n<ul>\n<li style=\"text-align: justify;\">r\u00e9cup\u00e9rer ses heures d&rsquo;absence<\/li>\n<li style=\"text-align: justify;\">imputer ses heures d&rsquo;absence sur ses cong\u00e9s pay\u00e9s<\/li>\n<li style=\"text-align: justify;\">imputer ses heures d&rsquo;absence sur ses jours de r\u00e9duction du temps de travail (RTT) s&rsquo;il en b\u00e9n\u00e9ficie<\/li>\n<li style=\"text-align: justify;\">avoir recours au t\u00e9l\u00e9travail<\/li>\n<\/ul>\n<h2 style=\"text-align: justify;\">Retard ou absence en cas de catastrophe naturelle<\/h2>\n<p style=\"text-align: justify;\">Dans le cas d&rsquo;une <strong>catastrophe naturelle<\/strong>, le salari\u00e9 habitant ou exer\u00e7ant habituellement dans une zone touch\u00e9e peut demander \u00e0 b\u00e9n\u00e9ficier d&rsquo;un <strong>cong\u00e9 sp\u00e9cifique<\/strong> pour participer aux activit\u00e9s d&rsquo;organismes d&rsquo;aide aux victimes (Code du travail, L. 3142-41 et L. 3142-42). Aucune condition d&rsquo;\u00e2ge ou d&rsquo;anciennet\u00e9 n&rsquo;est requise pour y pr\u00e9tendre.<\/p>\n<p style=\"text-align: justify;\">D&rsquo;une dur\u00e9e de 20 jours maximum, \u00e0 la demande du salari\u00e9, il peut \u00eatre utilis\u00e9 en une fois ou fragment\u00e9 en parties, et peut \u00eatre pris sous 24h en cas d&rsquo;urgence. <strong>Ce cong\u00e9 n&rsquo;est pas r\u00e9mun\u00e9r\u00e9,<\/strong> sauf usage d&rsquo;entreprise, accord collectif, ou d\u00e9cision contraire de l&#8217;employeur.<\/p>\n<p style=\"text-align: justify;\">L&#8217;employeur peut toutefois<strong> refuser d&rsquo;accorder le cong\u00e9<\/strong> pour catastrophe naturelle s&rsquo;il l&rsquo;estime pr\u00e9judiciable \u00e0 la bonne marche de l&rsquo;entreprise. Dans ce cas, le refus doit \u00eatre motiv\u00e9 et pr\u00e9c\u00e9d\u00e9 d&rsquo;une consultation du comit\u00e9 d&rsquo;entreprise ou, des d\u00e9l\u00e9gu\u00e9s du personnel, \u00e0 d\u00e9faut.<\/p>\n<p style=\"text-align: justify;\">Source :<\/p>\n<p><a href=\"https:\/\/www.service-public.fr\/particuliers\/vosdroits\/F17047\" target=\"_blank\" rel=\"nofollow\">https:\/\/www.service-public.fr\/particuliers\/vosdroits\/F17047<\/a><\/p>\n<p><a href=\"https:\/\/www.service-public.fr\/particuliers\/vosdroits\/F21019\" target=\"_blank\" rel=\"nofollow\">https:\/\/www.service-public.fr\/particuliers\/vosdroits\/F21019<\/a><\/p>\n","protected":false},"excerpt":{"rendered":"<p>L&rsquo;absence ou le retard du salari\u00e9 en raison d&rsquo;intemp\u00e9rie (temp\u00eates, fortes chutes de neige, etc), de catastrophe naturelle (crues, inondations, etc), ou d&rsquo;une gr\u00e8ve des transports en commun ou de manifestations, ne constitue pas une faute si le salari\u00e9 est dans l&rsquo;impossibilit\u00e9 de se rendre \u00e0 son travail. Cependant, cette absence ou ce retard peut [&hellip;]<\/p>\n","protected":false},"author":32,"featured_media":0,"comment_status":"open","ping_status":"open","sticky":false,"template":"","format":"quote","meta":{"_acf_changed":false,"_mi_skip_tracking":false,"footnotes":""},"categories":[12,8,13],"tags":[742,144,907,980],"class_list":["post-6366","post","type-post","status-publish","format-quote","hentry","category-actualites","category-paie-et-administration-du-personnel","category-sante-et-securite-au-travail","tag-absence-au-travail","tag-conges","tag-force-majeure","tag-retard","post_format-post-format-quote"],"acf":[],"yoast_head":"<!-- This site is optimized with the Yoast SEO plugin v23.4 - https:\/\/yoast.com\/wordpress\/plugins\/seo\/ -->\n<title>Intemp\u00e9ries, gr\u00e8ve, catastrophe naturelle... Quels droits pour le salari\u00e9 absent ou retard\u00e9 ? - Le Blog GERESO<\/title>\n<meta name=\"robots\" content=\"index, follow, max-snippet:-1, max-image-preview:large, max-video-preview:-1\" \/>\n<link rel=\"canonical\" href=\"https:\/\/www.gereso.com\/actualites\/2016\/06\/19\/droits-retard-absence-salarie\/\" \/>\n<meta property=\"og:locale\" content=\"fr_FR\" \/>\n<meta property=\"og:type\" content=\"article\" \/>\n<meta property=\"og:title\" content=\"Intemp\u00e9ries, gr\u00e8ve, catastrophe naturelle... Quels droits pour le salari\u00e9 absent ou retard\u00e9 ? - Le Blog GERESO\" \/>\n<meta property=\"og:description\" content=\"L&rsquo;absence ou le retard du salari\u00e9 en raison d&rsquo;intemp\u00e9rie (temp\u00eates, fortes chutes de neige, etc), de catastrophe naturelle (crues, inondations, etc), ou d&rsquo;une gr\u00e8ve des transports en commun ou de manifestations, ne constitue pas une faute si le salari\u00e9 est dans l&rsquo;impossibilit\u00e9 de se rendre \u00e0 son travail. Cependant, cette absence ou ce retard peut [&hellip;]\" \/>\n<meta property=\"og:url\" content=\"https:\/\/www.gereso.com\/actualites\/2016\/06\/19\/droits-retard-absence-salarie\/\" \/>\n<meta property=\"og:site_name\" content=\"Le Blog GERESO\" \/>\n<meta property=\"article:published_time\" content=\"2016-06-19T04:00:08+00:00\" \/>\n<meta property=\"article:modified_time\" content=\"2017-06-09T07:30:29+00:00\" \/>\n<meta name=\"author\" content=\"\u00c9quipe GERESO\" \/>\n<meta name=\"twitter:card\" content=\"summary_large_image\" \/>\n<script type=\"application\/ld+json\" class=\"yoast-schema-graph\">{\"@context\":\"https:\/\/schema.org\",\"@graph\":[{\"@type\":\"WebPage\",\"@id\":\"https:\/\/www.gereso.com\/actualites\/2016\/06\/19\/droits-retard-absence-salarie\/\",\"url\":\"https:\/\/www.gereso.com\/actualites\/2016\/06\/19\/droits-retard-absence-salarie\/\",\"name\":\"Intemp\u00e9ries, gr\u00e8ve, catastrophe naturelle... Quels droits pour le salari\u00e9 absent ou retard\u00e9 ? - Le Blog GERESO\",\"isPartOf\":{\"@id\":\"https:\/\/www.gereso.com\/actualites\/#website\"},\"datePublished\":\"2016-06-19T04:00:08+00:00\",\"dateModified\":\"2017-06-09T07:30:29+00:00\",\"author\":{\"@id\":\"https:\/\/www.gereso.com\/actualites\/#\/schema\/person\/197d8aef40cb4ae3f6a0aa9e1d3df2a6\"},\"breadcrumb\":{\"@id\":\"https:\/\/www.gereso.com\/actualites\/2016\/06\/19\/droits-retard-absence-salarie\/#breadcrumb\"},\"inLanguage\":\"fr-FR\",\"potentialAction\":[{\"@type\":\"ReadAction\",\"target\":[\"https:\/\/www.gereso.com\/actualites\/2016\/06\/19\/droits-retard-absence-salarie\/\"]}]},{\"@type\":\"BreadcrumbList\",\"@id\":\"https:\/\/www.gereso.com\/actualites\/2016\/06\/19\/droits-retard-absence-salarie\/#breadcrumb\",\"itemListElement\":[{\"@type\":\"ListItem\",\"position\":1,\"name\":\"Home\",\"item\":\"https:\/\/www.gereso.com\/actualites\/\"},{\"@type\":\"ListItem\",\"position\":2,\"name\":\"Intemp\u00e9ries, gr\u00e8ve, catastrophe naturelle&#8230; Quels droits pour le salari\u00e9 absent ou retard\u00e9 ?\"}]},{\"@type\":\"WebSite\",\"@id\":\"https:\/\/www.gereso.com\/actualites\/#website\",\"url\":\"https:\/\/www.gereso.com\/actualites\/\",\"name\":\"Le Blog GERESO\",\"description\":\"Toute l&#039;actu RH, Finance, Fonction Publique, Management...\",\"potentialAction\":[{\"@type\":\"SearchAction\",\"target\":{\"@type\":\"EntryPoint\",\"urlTemplate\":\"https:\/\/www.gereso.com\/actualites\/?s={search_term_string}\"},\"query-input\":{\"@type\":\"PropertyValueSpecification\",\"valueRequired\":true,\"valueName\":\"search_term_string\"}}],\"inLanguage\":\"fr-FR\"},{\"@type\":\"Person\",\"@id\":\"https:\/\/www.gereso.com\/actualites\/#\/schema\/person\/197d8aef40cb4ae3f6a0aa9e1d3df2a6\",\"name\":\"\u00c9quipe GERESO\",\"image\":{\"@type\":\"ImageObject\",\"inLanguage\":\"fr-FR\",\"@id\":\"https:\/\/www.gereso.com\/actualites\/#\/schema\/person\/image\/\",\"url\":\"https:\/\/www.gereso.com\/actualites\/wp-content\/uploads\/2013\/12\/avatar-gereso-1.png\",\"contentUrl\":\"https:\/\/www.gereso.com\/actualites\/wp-content\/uploads\/2013\/12\/avatar-gereso-1.png\",\"caption\":\"\u00c9quipe GERESO\"},\"url\":\"https:\/\/www.gereso.com\/actualites\/author\/gereso\/\"}]}<\/script>\n<!-- \/ Yoast SEO plugin. -->","yoast_head_json":{"title":"Intemp\u00e9ries, gr\u00e8ve, catastrophe naturelle... Quels droits pour le salari\u00e9 absent ou retard\u00e9 ? - Le Blog GERESO","robots":{"index":"index","follow":"follow","max-snippet":"max-snippet:-1","max-image-preview":"max-image-preview:large","max-video-preview":"max-video-preview:-1"},"canonical":"https:\/\/www.gereso.com\/actualites\/2016\/06\/19\/droits-retard-absence-salarie\/","og_locale":"fr_FR","og_type":"article","og_title":"Intemp\u00e9ries, gr\u00e8ve, catastrophe naturelle... Quels droits pour le salari\u00e9 absent ou retard\u00e9 ? - Le Blog GERESO","og_description":"L&rsquo;absence ou le retard du salari\u00e9 en raison d&rsquo;intemp\u00e9rie (temp\u00eates, fortes chutes de neige, etc), de catastrophe naturelle (crues, inondations, etc), ou d&rsquo;une gr\u00e8ve des transports en commun ou de manifestations, ne constitue pas une faute si le salari\u00e9 est dans l&rsquo;impossibilit\u00e9 de se rendre \u00e0 son travail. Cependant, cette absence ou ce retard peut [&hellip;]","og_url":"https:\/\/www.gereso.com\/actualites\/2016\/06\/19\/droits-retard-absence-salarie\/","og_site_name":"Le Blog GERESO","article_published_time":"2016-06-19T04:00:08+00:00","article_modified_time":"2017-06-09T07:30:29+00:00","author":"\u00c9quipe GERESO","twitter_card":"summary_large_image","schema":{"@context":"https:\/\/schema.org","@graph":[{"@type":"WebPage","@id":"https:\/\/www.gereso.com\/actualites\/2016\/06\/19\/droits-retard-absence-salarie\/","url":"https:\/\/www.gereso.com\/actualites\/2016\/06\/19\/droits-retard-absence-salarie\/","name":"Intemp\u00e9ries, gr\u00e8ve, catastrophe naturelle... Quels droits pour le salari\u00e9 absent ou retard\u00e9 ? - Le Blog GERESO","isPartOf":{"@id":"https:\/\/www.gereso.com\/actualites\/#website"},"datePublished":"2016-06-19T04:00:08+00:00","dateModified":"2017-06-09T07:30:29+00:00","author":{"@id":"https:\/\/www.gereso.com\/actualites\/#\/schema\/person\/197d8aef40cb4ae3f6a0aa9e1d3df2a6"},"breadcrumb":{"@id":"https:\/\/www.gereso.com\/actualites\/2016\/06\/19\/droits-retard-absence-salarie\/#breadcrumb"},"inLanguage":"fr-FR","potentialAction":[{"@type":"ReadAction","target":["https:\/\/www.gereso.com\/actualites\/2016\/06\/19\/droits-retard-absence-salarie\/"]}]},{"@type":"BreadcrumbList","@id":"https:\/\/www.gereso.com\/actualites\/2016\/06\/19\/droits-retard-absence-salarie\/#breadcrumb","itemListElement":[{"@type":"ListItem","position":1,"name":"Home","item":"https:\/\/www.gereso.com\/actualites\/"},{"@type":"ListItem","position":2,"name":"Intemp\u00e9ries, gr\u00e8ve, catastrophe naturelle&#8230; Quels droits pour le salari\u00e9 absent ou retard\u00e9 ?"}]},{"@type":"WebSite","@id":"https:\/\/www.gereso.com\/actualites\/#website","url":"https:\/\/www.gereso.com\/actualites\/","name":"Le Blog GERESO","description":"Toute l&#039;actu RH, Finance, Fonction Publique, Management...","potentialAction":[{"@type":"SearchAction","target":{"@type":"EntryPoint","urlTemplate":"https:\/\/www.gereso.com\/actualites\/?s={search_term_string}"},"query-input":{"@type":"PropertyValueSpecification","valueRequired":true,"valueName":"search_term_string"}}],"inLanguage":"fr-FR"},{"@type":"Person","@id":"https:\/\/www.gereso.com\/actualites\/#\/schema\/person\/197d8aef40cb4ae3f6a0aa9e1d3df2a6","name":"\u00c9quipe GERESO","image":{"@type":"ImageObject","inLanguage":"fr-FR","@id":"https:\/\/www.gereso.com\/actualites\/#\/schema\/person\/image\/","url":"https:\/\/www.gereso.com\/actualites\/wp-content\/uploads\/2013\/12\/avatar-gereso-1.png","contentUrl":"https:\/\/www.gereso.com\/actualites\/wp-content\/uploads\/2013\/12\/avatar-gereso-1.png","caption":"\u00c9quipe GERESO"},"url":"https:\/\/www.gereso.com\/actualites\/author\/gereso\/"}]}},"_links":{"self":[{"href":"https:\/\/www.gereso.com\/actualites\/wp-json\/wp\/v2\/posts\/6366","targetHints":{"allow":["GET"]}}],"collection":[{"href":"https:\/\/www.gereso.com\/actualites\/wp-json\/wp\/v2\/posts"}],"about":[{"href":"https:\/\/www.gereso.com\/actualites\/wp-json\/wp\/v2\/types\/post"}],"author":[{"embeddable":true,"href":"https:\/\/www.gereso.com\/actualites\/wp-json\/wp\/v2\/users\/32"}],"replies":[{"embeddable":true,"href":"https:\/\/www.gereso.com\/actualites\/wp-json\/wp\/v2\/comments?post=6366"}],"version-history":[{"count":6,"href":"https:\/\/www.gereso.com\/actualites\/wp-json\/wp\/v2\/posts\/6366\/revisions"}],"predecessor-version":[{"id":6420,"href":"https:\/\/www.gereso.com\/actualites\/wp-json\/wp\/v2\/posts\/6366\/revisions\/6420"}],"wp:attachment":[{"href":"https:\/\/www.gereso.com\/actualites\/wp-json\/wp\/v2\/media?parent=6366"}],"wp:term":[{"taxonomy":"category","embeddable":true,"href":"https:\/\/www.gereso.com\/actualites\/wp-json\/wp\/v2\/categories?post=6366"},{"taxonomy":"post_tag","embeddable":true,"href":"https:\/\/www.gereso.com\/actualites\/wp-json\/wp\/v2\/tags?post=6366"}],"curies":[{"name":"wp","href":"https:\/\/api.w.org\/{rel}","templated":true}]}}