{"id":6383,"date":"2016-06-13T11:40:46","date_gmt":"2016-06-13T09:40:46","guid":{"rendered":"https:\/\/www.gereso.com\/actualites\/?p=6383"},"modified":"2016-06-13T11:35:28","modified_gmt":"2016-06-13T09:35:28","slug":"limites-retenue-sur-salaire","status":"publish","type":"post","link":"https:\/\/www.gereso.com\/actualites\/2016\/06\/13\/limites-retenue-sur-salaire\/","title":{"rendered":"Les limites de la retenue sur salaire"},"content":{"rendered":"<p>En cas de proc\u00e9dure de saisie arr\u00eat sur salaire, l\u2019entreprise doit <strong>laisser \u00e0 la disposition du salari\u00e9 une fraction de sa r\u00e9mun\u00e9ration<\/strong> \u00e9gale \u00e0 la partie forfaitaire du revenu de solidarit\u00e9 active (RSA) pour un foyer compos\u00e9 d\u2019une seule personne.<\/p>\n<p><em>Source &#8211; Art R 3252-5 du Code du travail<\/em><\/p>\n<p>Le montant du RSA ayant \u00e9t\u00e9 revaloris\u00e9 au 1<sup>er<\/sup>\u00a0avril 2016, <strong>ce montant s\u2019\u00e9l\u00e8ve \u00e0 524,68\u00a0\u20ac par mois<\/strong>, contre 524,16\u00a0\u20ac pr\u00e9c\u00e9demment.<\/p>\n<p><em>Source &#8211; D\u00e9cret 2016-538 du 27 avril 2016, JO 3 mai.<\/em><\/p>\n","protected":false},"excerpt":{"rendered":"<p>En cas de proc\u00e9dure de saisie arr\u00eat sur salaire, l\u2019entreprise doit laisser \u00e0 la disposition du salari\u00e9 une fraction de sa r\u00e9mun\u00e9ration \u00e9gale \u00e0 la partie forfaitaire du revenu de solidarit\u00e9 active (RSA) pour un foyer compos\u00e9 d\u2019une seule personne. Source &#8211; Art R 3252-5 du Code du travail Le montant du RSA ayant \u00e9t\u00e9 [&hellip;]<\/p>\n","protected":false},"author":32,"featured_media":0,"comment_status":"open","ping_status":"open","sticky":false,"template":"","format":"quote","meta":{"_acf_changed":false,"_mi_skip_tracking":false,"footnotes":""},"categories":[8],"tags":[394],"class_list":["post-6383","post","type-post","status-publish","format-quote","hentry","category-paie-et-administration-du-personnel","tag-salaire","post_format-post-format-quote"],"acf":[],"yoast_head":"<!-- This site is optimized with the Yoast SEO plugin v23.4 - https:\/\/yoast.com\/wordpress\/plugins\/seo\/ -->\n<title>Les limites de la retenue sur salaire - Le Blog GERESO<\/title>\n<meta name=\"robots\" content=\"index, follow, max-snippet:-1, max-image-preview:large, max-video-preview:-1\" \/>\n<link rel=\"canonical\" href=\"https:\/\/www.gereso.com\/actualites\/2016\/06\/13\/limites-retenue-sur-salaire\/\" \/>\n<meta property=\"og:locale\" content=\"fr_FR\" \/>\n<meta property=\"og:type\" content=\"article\" \/>\n<meta property=\"og:title\" content=\"Les limites de la retenue sur salaire - Le Blog GERESO\" \/>\n<meta property=\"og:description\" content=\"En cas de proc\u00e9dure de saisie arr\u00eat sur salaire, l\u2019entreprise doit laisser \u00e0 la disposition du salari\u00e9 une fraction de sa r\u00e9mun\u00e9ration \u00e9gale \u00e0 la partie forfaitaire du revenu de solidarit\u00e9 active (RSA) pour un foyer compos\u00e9 d\u2019une seule personne. Source &#8211; Art R 3252-5 du Code du travail Le montant du RSA ayant \u00e9t\u00e9 [&hellip;]\" \/>\n<meta property=\"og:url\" content=\"https:\/\/www.gereso.com\/actualites\/2016\/06\/13\/limites-retenue-sur-salaire\/\" \/>\n<meta property=\"og:site_name\" content=\"Le Blog GERESO\" \/>\n<meta property=\"article:published_time\" content=\"2016-06-13T09:40:46+00:00\" \/>\n<meta property=\"article:modified_time\" content=\"2016-06-13T09:35:28+00:00\" \/>\n<meta name=\"author\" content=\"\u00c9quipe GERESO\" \/>\n<meta name=\"twitter:card\" content=\"summary_large_image\" \/>\n<script type=\"application\/ld+json\" class=\"yoast-schema-graph\">{\"@context\":\"https:\/\/schema.org\",\"@graph\":[{\"@type\":\"WebPage\",\"@id\":\"https:\/\/www.gereso.com\/actualites\/2016\/06\/13\/limites-retenue-sur-salaire\/\",\"url\":\"https:\/\/www.gereso.com\/actualites\/2016\/06\/13\/limites-retenue-sur-salaire\/\",\"name\":\"Les limites de la retenue sur salaire - Le Blog GERESO\",\"isPartOf\":{\"@id\":\"https:\/\/www.gereso.com\/actualites\/#website\"},\"datePublished\":\"2016-06-13T09:40:46+00:00\",\"dateModified\":\"2016-06-13T09:35:28+00:00\",\"author\":{\"@id\":\"https:\/\/www.gereso.com\/actualites\/#\/schema\/person\/197d8aef40cb4ae3f6a0aa9e1d3df2a6\"},\"breadcrumb\":{\"@id\":\"https:\/\/www.gereso.com\/actualites\/2016\/06\/13\/limites-retenue-sur-salaire\/#breadcrumb\"},\"inLanguage\":\"fr-FR\",\"potentialAction\":[{\"@type\":\"ReadAction\",\"target\":[\"https:\/\/www.gereso.com\/actualites\/2016\/06\/13\/limites-retenue-sur-salaire\/\"]}]},{\"@type\":\"BreadcrumbList\",\"@id\":\"https:\/\/www.gereso.com\/actualites\/2016\/06\/13\/limites-retenue-sur-salaire\/#breadcrumb\",\"itemListElement\":[{\"@type\":\"ListItem\",\"position\":1,\"name\":\"Home\",\"item\":\"https:\/\/www.gereso.com\/actualites\/\"},{\"@type\":\"ListItem\",\"position\":2,\"name\":\"Les limites de la retenue sur salaire\"}]},{\"@type\":\"WebSite\",\"@id\":\"https:\/\/www.gereso.com\/actualites\/#website\",\"url\":\"https:\/\/www.gereso.com\/actualites\/\",\"name\":\"Le Blog GERESO\",\"description\":\"Toute l&#039;actu RH, Finance, Fonction Publique, Management...\",\"potentialAction\":[{\"@type\":\"SearchAction\",\"target\":{\"@type\":\"EntryPoint\",\"urlTemplate\":\"https:\/\/www.gereso.com\/actualites\/?s={search_term_string}\"},\"query-input\":{\"@type\":\"PropertyValueSpecification\",\"valueRequired\":true,\"valueName\":\"search_term_string\"}}],\"inLanguage\":\"fr-FR\"},{\"@type\":\"Person\",\"@id\":\"https:\/\/www.gereso.com\/actualites\/#\/schema\/person\/197d8aef40cb4ae3f6a0aa9e1d3df2a6\",\"name\":\"\u00c9quipe GERESO\",\"image\":{\"@type\":\"ImageObject\",\"inLanguage\":\"fr-FR\",\"@id\":\"https:\/\/www.gereso.com\/actualites\/#\/schema\/person\/image\/\",\"url\":\"https:\/\/www.gereso.com\/actualites\/wp-content\/uploads\/2013\/12\/avatar-gereso-1.png\",\"contentUrl\":\"https:\/\/www.gereso.com\/actualites\/wp-content\/uploads\/2013\/12\/avatar-gereso-1.png\",\"caption\":\"\u00c9quipe GERESO\"},\"url\":\"https:\/\/www.gereso.com\/actualites\/author\/gereso\/\"}]}<\/script>\n<!-- \/ Yoast SEO plugin. -->","yoast_head_json":{"title":"Les limites de la retenue sur salaire - Le Blog GERESO","robots":{"index":"index","follow":"follow","max-snippet":"max-snippet:-1","max-image-preview":"max-image-preview:large","max-video-preview":"max-video-preview:-1"},"canonical":"https:\/\/www.gereso.com\/actualites\/2016\/06\/13\/limites-retenue-sur-salaire\/","og_locale":"fr_FR","og_type":"article","og_title":"Les limites de la retenue sur salaire - Le Blog GERESO","og_description":"En cas de proc\u00e9dure de saisie arr\u00eat sur salaire, l\u2019entreprise doit laisser \u00e0 la disposition du salari\u00e9 une fraction de sa r\u00e9mun\u00e9ration \u00e9gale \u00e0 la partie forfaitaire du revenu de solidarit\u00e9 active (RSA) pour un foyer compos\u00e9 d\u2019une seule personne. Source &#8211; Art R 3252-5 du Code du travail Le montant du RSA ayant \u00e9t\u00e9 [&hellip;]","og_url":"https:\/\/www.gereso.com\/actualites\/2016\/06\/13\/limites-retenue-sur-salaire\/","og_site_name":"Le Blog GERESO","article_published_time":"2016-06-13T09:40:46+00:00","article_modified_time":"2016-06-13T09:35:28+00:00","author":"\u00c9quipe GERESO","twitter_card":"summary_large_image","schema":{"@context":"https:\/\/schema.org","@graph":[{"@type":"WebPage","@id":"https:\/\/www.gereso.com\/actualites\/2016\/06\/13\/limites-retenue-sur-salaire\/","url":"https:\/\/www.gereso.com\/actualites\/2016\/06\/13\/limites-retenue-sur-salaire\/","name":"Les limites de la retenue sur salaire - Le Blog GERESO","isPartOf":{"@id":"https:\/\/www.gereso.com\/actualites\/#website"},"datePublished":"2016-06-13T09:40:46+00:00","dateModified":"2016-06-13T09:35:28+00:00","author":{"@id":"https:\/\/www.gereso.com\/actualites\/#\/schema\/person\/197d8aef40cb4ae3f6a0aa9e1d3df2a6"},"breadcrumb":{"@id":"https:\/\/www.gereso.com\/actualites\/2016\/06\/13\/limites-retenue-sur-salaire\/#breadcrumb"},"inLanguage":"fr-FR","potentialAction":[{"@type":"ReadAction","target":["https:\/\/www.gereso.com\/actualites\/2016\/06\/13\/limites-retenue-sur-salaire\/"]}]},{"@type":"BreadcrumbList","@id":"https:\/\/www.gereso.com\/actualites\/2016\/06\/13\/limites-retenue-sur-salaire\/#breadcrumb","itemListElement":[{"@type":"ListItem","position":1,"name":"Home","item":"https:\/\/www.gereso.com\/actualites\/"},{"@type":"ListItem","position":2,"name":"Les limites de la retenue sur salaire"}]},{"@type":"WebSite","@id":"https:\/\/www.gereso.com\/actualites\/#website","url":"https:\/\/www.gereso.com\/actualites\/","name":"Le Blog GERESO","description":"Toute l&#039;actu RH, Finance, Fonction Publique, Management...","potentialAction":[{"@type":"SearchAction","target":{"@type":"EntryPoint","urlTemplate":"https:\/\/www.gereso.com\/actualites\/?s={search_term_string}"},"query-input":{"@type":"PropertyValueSpecification","valueRequired":true,"valueName":"search_term_string"}}],"inLanguage":"fr-FR"},{"@type":"Person","@id":"https:\/\/www.gereso.com\/actualites\/#\/schema\/person\/197d8aef40cb4ae3f6a0aa9e1d3df2a6","name":"\u00c9quipe GERESO","image":{"@type":"ImageObject","inLanguage":"fr-FR","@id":"https:\/\/www.gereso.com\/actualites\/#\/schema\/person\/image\/","url":"https:\/\/www.gereso.com\/actualites\/wp-content\/uploads\/2013\/12\/avatar-gereso-1.png","contentUrl":"https:\/\/www.gereso.com\/actualites\/wp-content\/uploads\/2013\/12\/avatar-gereso-1.png","caption":"\u00c9quipe GERESO"},"url":"https:\/\/www.gereso.com\/actualites\/author\/gereso\/"}]}},"_links":{"self":[{"href":"https:\/\/www.gereso.com\/actualites\/wp-json\/wp\/v2\/posts\/6383","targetHints":{"allow":["GET"]}}],"collection":[{"href":"https:\/\/www.gereso.com\/actualites\/wp-json\/wp\/v2\/posts"}],"about":[{"href":"https:\/\/www.gereso.com\/actualites\/wp-json\/wp\/v2\/types\/post"}],"author":[{"embeddable":true,"href":"https:\/\/www.gereso.com\/actualites\/wp-json\/wp\/v2\/users\/32"}],"replies":[{"embeddable":true,"href":"https:\/\/www.gereso.com\/actualites\/wp-json\/wp\/v2\/comments?post=6383"}],"version-history":[{"count":1,"href":"https:\/\/www.gereso.com\/actualites\/wp-json\/wp\/v2\/posts\/6383\/revisions"}],"predecessor-version":[{"id":6385,"href":"https:\/\/www.gereso.com\/actualites\/wp-json\/wp\/v2\/posts\/6383\/revisions\/6385"}],"wp:attachment":[{"href":"https:\/\/www.gereso.com\/actualites\/wp-json\/wp\/v2\/media?parent=6383"}],"wp:term":[{"taxonomy":"category","embeddable":true,"href":"https:\/\/www.gereso.com\/actualites\/wp-json\/wp\/v2\/categories?post=6383"},{"taxonomy":"post_tag","embeddable":true,"href":"https:\/\/www.gereso.com\/actualites\/wp-json\/wp\/v2\/tags?post=6383"}],"curies":[{"name":"wp","href":"https:\/\/api.w.org\/{rel}","templated":true}]}}