{"id":6396,"date":"2016-06-16T14:20:59","date_gmt":"2016-06-16T12:20:59","guid":{"rendered":"https:\/\/www.gereso.com\/actualites\/?p=6396"},"modified":"2016-06-13T11:35:46","modified_gmt":"2016-06-13T09:35:46","slug":"transmission-dsn-calendrier","status":"publish","type":"post","link":"https:\/\/www.gereso.com\/actualites\/2016\/06\/16\/transmission-dsn-calendrier\/","title":{"rendered":"Transmission de la DSN : dates limites \u00e0 respecter"},"content":{"rendered":"<p>Le d\u00e9cret n\u00b0 2016-611 du 18 mai 2016 fixe les <strong>dates limites pour la transmission obligatoire de la d\u00e9claration sociale nominative<\/strong>.<\/p>\n<p>Le d\u00e9cret a pour objet de fixer les dates limites auxquelles les employeurs ainsi que les tiers mandat\u00e9s sont tenus de transmettre pour la premi\u00e8re fois une d\u00e9claration sociale nominative (DSN).<\/p>\n<p>Cette obligation d\u00e9clarative<strong> ne s&rsquo;applique pas aux employeurs qui ont recours au titre emploi service entreprise et au titre emploi simplifi\u00e9 agricole<\/strong>.<\/p>\n<p>Les employeurs ainsi que les tiers mandat\u00e9s pour effectuer les d\u00e9clarations sociales de ceux-ci effectuent au plus tard la d\u00e9claration pr\u00e9vue au m\u00eame article \u00e0 compter des dates mentionn\u00e9es dans les tableaux annex\u00e9s au d\u00e9cret.<\/p>\n<h2>Calendrier DSN pour le r\u00e9gime g\u00e9n\u00e9ral<\/h2>\n<figure id=\"attachment_6397\" aria-describedby=\"caption-attachment-6397\" style=\"width: 523px\" class=\"wp-caption aligncenter\"><img fetchpriority=\"high\" decoding=\"async\" class=\"wp-image-6397 size-full\" src=\"https:\/\/www.gereso.com\/actualites\/wp-content\/uploads\/2016\/06\/calendrier-dsn-regime-general.jpg\" alt=\"Calendrier de transmission de la DSN pour le r\u00e9gime g\u00e9n\u00e9ral\" width=\"523\" height=\"476\" srcset=\"https:\/\/www.gereso.com\/actualites\/wp-content\/uploads\/2016\/06\/calendrier-dsn-regime-general.jpg 523w, https:\/\/www.gereso.com\/actualites\/wp-content\/uploads\/2016\/06\/calendrier-dsn-regime-general-300x273.jpg 300w\" sizes=\"(max-width: 523px) 100vw, 523px\" \/><figcaption id=\"caption-attachment-6397\" class=\"wp-caption-text\">Calendrier de transmission de la DSN pour le r\u00e9gime g\u00e9n\u00e9ral<\/figcaption><\/figure>\n<h2>Calendrier DSN pour la protection sociale agricole<\/h2>\n<figure id=\"attachment_6398\" aria-describedby=\"caption-attachment-6398\" style=\"width: 523px\" class=\"wp-caption aligncenter\"><img decoding=\"async\" class=\"size-full wp-image-6398\" src=\"https:\/\/www.gereso.com\/actualites\/wp-content\/uploads\/2016\/06\/calendrier-dsn-protection-sociale-agricole.jpg\" alt=\"Calendrier de transmission de la DSN pour la protection sociale agricole\" width=\"523\" height=\"459\" srcset=\"https:\/\/www.gereso.com\/actualites\/wp-content\/uploads\/2016\/06\/calendrier-dsn-protection-sociale-agricole.jpg 523w, https:\/\/www.gereso.com\/actualites\/wp-content\/uploads\/2016\/06\/calendrier-dsn-protection-sociale-agricole-300x263.jpg 300w\" sizes=\"(max-width: 523px) 100vw, 523px\" \/><figcaption id=\"caption-attachment-6398\" class=\"wp-caption-text\">Calendrier de transmission de la DSN pour la protection sociale agricole<\/figcaption><\/figure>\n<h2>Sanctions en cas de non respect de la proc\u00e9dure<\/h2>\n<p>Lorsque les d\u00e9clarations ont \u00e9t\u00e9 effectu\u00e9es par un autre moyen que la d\u00e9claration sociale nominative en m\u00e9connaissance de l&rsquo;obligation pr\u00e9vue \u00e0 l&rsquo;article 1er du pr\u00e9sent d\u00e9cret, la p\u00e9nalit\u00e9 prononc\u00e9e ne peut \u00eatre sup\u00e9rieure \u00e0 <strong>750 euros par entreprise et par mois<\/strong>.<\/p>\n<p><em>Source &#8211; Art 3 du d\u00e9cret.<\/em><\/p>\n<p>&nbsp;<\/p>\n","protected":false},"excerpt":{"rendered":"<p>Le d\u00e9cret n\u00b0 2016-611 du 18 mai 2016 fixe les dates limites pour la transmission obligatoire de la d\u00e9claration sociale nominative. Le d\u00e9cret a pour objet de fixer les dates limites auxquelles les employeurs ainsi que les tiers mandat\u00e9s sont tenus de transmettre pour la premi\u00e8re fois une d\u00e9claration sociale nominative (DSN). Cette obligation d\u00e9clarative [&hellip;]<\/p>\n","protected":false},"author":32,"featured_media":0,"comment_status":"open","ping_status":"open","sticky":false,"template":"","format":"quote","meta":{"_acf_changed":false,"_mi_skip_tracking":false,"footnotes":""},"categories":[8],"tags":[540,129],"class_list":["post-6396","post","type-post","status-publish","format-quote","hentry","category-paie-et-administration-du-personnel","tag-dsn","tag-protection-sociale","post_format-post-format-quote"],"acf":[],"yoast_head":"<!-- This site is optimized with the Yoast SEO plugin v23.4 - https:\/\/yoast.com\/wordpress\/plugins\/seo\/ -->\n<title>Transmission de la DSN : dates limites \u00e0 respecter - Le Blog GERESO<\/title>\n<meta name=\"robots\" content=\"index, follow, max-snippet:-1, max-image-preview:large, max-video-preview:-1\" \/>\n<link rel=\"canonical\" href=\"https:\/\/www.gereso.com\/actualites\/2016\/06\/16\/transmission-dsn-calendrier\/\" \/>\n<meta property=\"og:locale\" content=\"fr_FR\" \/>\n<meta property=\"og:type\" content=\"article\" \/>\n<meta property=\"og:title\" content=\"Transmission de la DSN : dates limites \u00e0 respecter - Le Blog GERESO\" \/>\n<meta property=\"og:description\" content=\"Le d\u00e9cret n\u00b0 2016-611 du 18 mai 2016 fixe les dates limites pour la transmission obligatoire de la d\u00e9claration sociale nominative. Le d\u00e9cret a pour objet de fixer les dates limites auxquelles les employeurs ainsi que les tiers mandat\u00e9s sont tenus de transmettre pour la premi\u00e8re fois une d\u00e9claration sociale nominative (DSN). Cette obligation d\u00e9clarative [&hellip;]\" \/>\n<meta property=\"og:url\" content=\"https:\/\/www.gereso.com\/actualites\/2016\/06\/16\/transmission-dsn-calendrier\/\" \/>\n<meta property=\"og:site_name\" content=\"Le Blog GERESO\" \/>\n<meta property=\"article:published_time\" content=\"2016-06-16T12:20:59+00:00\" \/>\n<meta property=\"article:modified_time\" content=\"2016-06-13T09:35:46+00:00\" \/>\n<meta property=\"og:image\" content=\"https:\/\/www.gereso.com\/actualites\/wp-content\/uploads\/2016\/06\/calendrier-dsn-regime-general.jpg\" \/>\n<meta name=\"author\" content=\"\u00c9quipe GERESO\" \/>\n<meta name=\"twitter:card\" content=\"summary_large_image\" \/>\n<script type=\"application\/ld+json\" class=\"yoast-schema-graph\">{\"@context\":\"https:\/\/schema.org\",\"@graph\":[{\"@type\":\"WebPage\",\"@id\":\"https:\/\/www.gereso.com\/actualites\/2016\/06\/16\/transmission-dsn-calendrier\/\",\"url\":\"https:\/\/www.gereso.com\/actualites\/2016\/06\/16\/transmission-dsn-calendrier\/\",\"name\":\"Transmission de la DSN : dates limites \u00e0 respecter - Le Blog GERESO\",\"isPartOf\":{\"@id\":\"https:\/\/www.gereso.com\/actualites\/#website\"},\"primaryImageOfPage\":{\"@id\":\"https:\/\/www.gereso.com\/actualites\/2016\/06\/16\/transmission-dsn-calendrier\/#primaryimage\"},\"image\":{\"@id\":\"https:\/\/www.gereso.com\/actualites\/2016\/06\/16\/transmission-dsn-calendrier\/#primaryimage\"},\"thumbnailUrl\":\"https:\/\/www.gereso.com\/actualites\/wp-content\/uploads\/2016\/06\/calendrier-dsn-regime-general.jpg\",\"datePublished\":\"2016-06-16T12:20:59+00:00\",\"dateModified\":\"2016-06-13T09:35:46+00:00\",\"author\":{\"@id\":\"https:\/\/www.gereso.com\/actualites\/#\/schema\/person\/197d8aef40cb4ae3f6a0aa9e1d3df2a6\"},\"breadcrumb\":{\"@id\":\"https:\/\/www.gereso.com\/actualites\/2016\/06\/16\/transmission-dsn-calendrier\/#breadcrumb\"},\"inLanguage\":\"fr-FR\",\"potentialAction\":[{\"@type\":\"ReadAction\",\"target\":[\"https:\/\/www.gereso.com\/actualites\/2016\/06\/16\/transmission-dsn-calendrier\/\"]}]},{\"@type\":\"ImageObject\",\"inLanguage\":\"fr-FR\",\"@id\":\"https:\/\/www.gereso.com\/actualites\/2016\/06\/16\/transmission-dsn-calendrier\/#primaryimage\",\"url\":\"https:\/\/www.gereso.com\/actualites\/wp-content\/uploads\/2016\/06\/calendrier-dsn-regime-general.jpg\",\"contentUrl\":\"https:\/\/www.gereso.com\/actualites\/wp-content\/uploads\/2016\/06\/calendrier-dsn-regime-general.jpg\",\"width\":523,\"height\":476,\"caption\":\"Calendrier de transmission de la DSN pour le r\u00e9gime g\u00e9n\u00e9ral\"},{\"@type\":\"BreadcrumbList\",\"@id\":\"https:\/\/www.gereso.com\/actualites\/2016\/06\/16\/transmission-dsn-calendrier\/#breadcrumb\",\"itemListElement\":[{\"@type\":\"ListItem\",\"position\":1,\"name\":\"Home\",\"item\":\"https:\/\/www.gereso.com\/actualites\/\"},{\"@type\":\"ListItem\",\"position\":2,\"name\":\"Transmission de la DSN : dates limites \u00e0 respecter\"}]},{\"@type\":\"WebSite\",\"@id\":\"https:\/\/www.gereso.com\/actualites\/#website\",\"url\":\"https:\/\/www.gereso.com\/actualites\/\",\"name\":\"Le Blog GERESO\",\"description\":\"Toute l&#039;actu RH, Finance, Fonction Publique, Management...\",\"potentialAction\":[{\"@type\":\"SearchAction\",\"target\":{\"@type\":\"EntryPoint\",\"urlTemplate\":\"https:\/\/www.gereso.com\/actualites\/?s={search_term_string}\"},\"query-input\":{\"@type\":\"PropertyValueSpecification\",\"valueRequired\":true,\"valueName\":\"search_term_string\"}}],\"inLanguage\":\"fr-FR\"},{\"@type\":\"Person\",\"@id\":\"https:\/\/www.gereso.com\/actualites\/#\/schema\/person\/197d8aef40cb4ae3f6a0aa9e1d3df2a6\",\"name\":\"\u00c9quipe GERESO\",\"image\":{\"@type\":\"ImageObject\",\"inLanguage\":\"fr-FR\",\"@id\":\"https:\/\/www.gereso.com\/actualites\/#\/schema\/person\/image\/\",\"url\":\"https:\/\/www.gereso.com\/actualites\/wp-content\/uploads\/2013\/12\/avatar-gereso-1.png\",\"contentUrl\":\"https:\/\/www.gereso.com\/actualites\/wp-content\/uploads\/2013\/12\/avatar-gereso-1.png\",\"caption\":\"\u00c9quipe GERESO\"},\"url\":\"https:\/\/www.gereso.com\/actualites\/author\/gereso\/\"}]}<\/script>\n<!-- \/ Yoast SEO plugin. -->","yoast_head_json":{"title":"Transmission de la DSN : dates limites \u00e0 respecter - Le Blog GERESO","robots":{"index":"index","follow":"follow","max-snippet":"max-snippet:-1","max-image-preview":"max-image-preview:large","max-video-preview":"max-video-preview:-1"},"canonical":"https:\/\/www.gereso.com\/actualites\/2016\/06\/16\/transmission-dsn-calendrier\/","og_locale":"fr_FR","og_type":"article","og_title":"Transmission de la DSN : dates limites \u00e0 respecter - Le Blog GERESO","og_description":"Le d\u00e9cret n\u00b0 2016-611 du 18 mai 2016 fixe les dates limites pour la transmission obligatoire de la d\u00e9claration sociale nominative. Le d\u00e9cret a pour objet de fixer les dates limites auxquelles les employeurs ainsi que les tiers mandat\u00e9s sont tenus de transmettre pour la premi\u00e8re fois une d\u00e9claration sociale nominative (DSN). Cette obligation d\u00e9clarative [&hellip;]","og_url":"https:\/\/www.gereso.com\/actualites\/2016\/06\/16\/transmission-dsn-calendrier\/","og_site_name":"Le Blog GERESO","article_published_time":"2016-06-16T12:20:59+00:00","article_modified_time":"2016-06-13T09:35:46+00:00","og_image":[{"url":"https:\/\/www.gereso.com\/actualites\/wp-content\/uploads\/2016\/06\/calendrier-dsn-regime-general.jpg"}],"author":"\u00c9quipe GERESO","twitter_card":"summary_large_image","schema":{"@context":"https:\/\/schema.org","@graph":[{"@type":"WebPage","@id":"https:\/\/www.gereso.com\/actualites\/2016\/06\/16\/transmission-dsn-calendrier\/","url":"https:\/\/www.gereso.com\/actualites\/2016\/06\/16\/transmission-dsn-calendrier\/","name":"Transmission de la DSN : dates limites \u00e0 respecter - Le Blog GERESO","isPartOf":{"@id":"https:\/\/www.gereso.com\/actualites\/#website"},"primaryImageOfPage":{"@id":"https:\/\/www.gereso.com\/actualites\/2016\/06\/16\/transmission-dsn-calendrier\/#primaryimage"},"image":{"@id":"https:\/\/www.gereso.com\/actualites\/2016\/06\/16\/transmission-dsn-calendrier\/#primaryimage"},"thumbnailUrl":"https:\/\/www.gereso.com\/actualites\/wp-content\/uploads\/2016\/06\/calendrier-dsn-regime-general.jpg","datePublished":"2016-06-16T12:20:59+00:00","dateModified":"2016-06-13T09:35:46+00:00","author":{"@id":"https:\/\/www.gereso.com\/actualites\/#\/schema\/person\/197d8aef40cb4ae3f6a0aa9e1d3df2a6"},"breadcrumb":{"@id":"https:\/\/www.gereso.com\/actualites\/2016\/06\/16\/transmission-dsn-calendrier\/#breadcrumb"},"inLanguage":"fr-FR","potentialAction":[{"@type":"ReadAction","target":["https:\/\/www.gereso.com\/actualites\/2016\/06\/16\/transmission-dsn-calendrier\/"]}]},{"@type":"ImageObject","inLanguage":"fr-FR","@id":"https:\/\/www.gereso.com\/actualites\/2016\/06\/16\/transmission-dsn-calendrier\/#primaryimage","url":"https:\/\/www.gereso.com\/actualites\/wp-content\/uploads\/2016\/06\/calendrier-dsn-regime-general.jpg","contentUrl":"https:\/\/www.gereso.com\/actualites\/wp-content\/uploads\/2016\/06\/calendrier-dsn-regime-general.jpg","width":523,"height":476,"caption":"Calendrier de transmission de la DSN pour le r\u00e9gime g\u00e9n\u00e9ral"},{"@type":"BreadcrumbList","@id":"https:\/\/www.gereso.com\/actualites\/2016\/06\/16\/transmission-dsn-calendrier\/#breadcrumb","itemListElement":[{"@type":"ListItem","position":1,"name":"Home","item":"https:\/\/www.gereso.com\/actualites\/"},{"@type":"ListItem","position":2,"name":"Transmission de la DSN : dates limites \u00e0 respecter"}]},{"@type":"WebSite","@id":"https:\/\/www.gereso.com\/actualites\/#website","url":"https:\/\/www.gereso.com\/actualites\/","name":"Le Blog GERESO","description":"Toute l&#039;actu RH, Finance, Fonction Publique, Management...","potentialAction":[{"@type":"SearchAction","target":{"@type":"EntryPoint","urlTemplate":"https:\/\/www.gereso.com\/actualites\/?s={search_term_string}"},"query-input":{"@type":"PropertyValueSpecification","valueRequired":true,"valueName":"search_term_string"}}],"inLanguage":"fr-FR"},{"@type":"Person","@id":"https:\/\/www.gereso.com\/actualites\/#\/schema\/person\/197d8aef40cb4ae3f6a0aa9e1d3df2a6","name":"\u00c9quipe GERESO","image":{"@type":"ImageObject","inLanguage":"fr-FR","@id":"https:\/\/www.gereso.com\/actualites\/#\/schema\/person\/image\/","url":"https:\/\/www.gereso.com\/actualites\/wp-content\/uploads\/2013\/12\/avatar-gereso-1.png","contentUrl":"https:\/\/www.gereso.com\/actualites\/wp-content\/uploads\/2013\/12\/avatar-gereso-1.png","caption":"\u00c9quipe GERESO"},"url":"https:\/\/www.gereso.com\/actualites\/author\/gereso\/"}]}},"_links":{"self":[{"href":"https:\/\/www.gereso.com\/actualites\/wp-json\/wp\/v2\/posts\/6396","targetHints":{"allow":["GET"]}}],"collection":[{"href":"https:\/\/www.gereso.com\/actualites\/wp-json\/wp\/v2\/posts"}],"about":[{"href":"https:\/\/www.gereso.com\/actualites\/wp-json\/wp\/v2\/types\/post"}],"author":[{"embeddable":true,"href":"https:\/\/www.gereso.com\/actualites\/wp-json\/wp\/v2\/users\/32"}],"replies":[{"embeddable":true,"href":"https:\/\/www.gereso.com\/actualites\/wp-json\/wp\/v2\/comments?post=6396"}],"version-history":[{"count":1,"href":"https:\/\/www.gereso.com\/actualites\/wp-json\/wp\/v2\/posts\/6396\/revisions"}],"predecessor-version":[{"id":6399,"href":"https:\/\/www.gereso.com\/actualites\/wp-json\/wp\/v2\/posts\/6396\/revisions\/6399"}],"wp:attachment":[{"href":"https:\/\/www.gereso.com\/actualites\/wp-json\/wp\/v2\/media?parent=6396"}],"wp:term":[{"taxonomy":"category","embeddable":true,"href":"https:\/\/www.gereso.com\/actualites\/wp-json\/wp\/v2\/categories?post=6396"},{"taxonomy":"post_tag","embeddable":true,"href":"https:\/\/www.gereso.com\/actualites\/wp-json\/wp\/v2\/tags?post=6396"}],"curies":[{"name":"wp","href":"https:\/\/api.w.org\/{rel}","templated":true}]}}