{"id":6404,"date":"2016-06-20T10:30:03","date_gmt":"2016-06-20T08:30:03","guid":{"rendered":"https:\/\/www.gereso.com\/actualites\/?p=6404"},"modified":"2016-06-13T11:36:47","modified_gmt":"2016-06-13T09:36:47","slug":"paie-temps-travail","status":"publish","type":"post","link":"https:\/\/www.gereso.com\/actualites\/2016\/06\/20\/paie-temps-travail\/","title":{"rendered":"Paie et temps de travail : des \u00e9volutions en mai 2016"},"content":{"rendered":"<h2>Annualisation du temps de travail et calcul des heures suppl\u00e9mentaires<\/h2>\n<p>En cas d\u2019annualisation du temps de travail, les heures effectu\u00e9es au-del\u00e0 de 1\u2009607 heures par an ou de la limite annuelle inf\u00e9rieure fix\u00e9e par accord collectif sont <strong>consid\u00e9r\u00e9es comme des heures suppl\u00e9mentaires<\/strong>.<\/p>\n<p>Sont d\u00e9duites, le cas \u00e9ch\u00e9ant, les heures d\u00e9j\u00e0 comptabilis\u00e9es, effectu\u00e9es au-del\u00e0 de la limite haute hebdomadaire \u00e9ventuellement fix\u00e9e par l\u2019accord.<\/p>\n<p><em>Source &#8211; Art L 3122-4 du Code du travail<\/em><\/p>\n<p><strong>La limite de 1\u2009607 heures est un seuil fix\u00e9 par le Code du travail<\/strong>, qui correspond, \u00e0 la dur\u00e9e l\u00e9gale annuelle (soit travail 35 heures par semaine, compte tenu des week-ends, des jours f\u00e9ri\u00e9s ch\u00f4m\u00e9s qui se situent en semaine et d\u2019une dur\u00e9e de cong\u00e9s pay\u00e9s de 5 semaines).<\/p>\n<p>Ce seuil de 1607 heures peut-il \u00eatre modifi\u00e9 lorsque le salari\u00e9 entre en cours d\u2019ann\u00e9e et ne peut prendre tout ou partie de ses cong\u00e9s pay\u00e9s? En d\u2019autres termes, l\u2019entreprise peut-elle augmenter le seuil de 1607 heures \u00e0 concurrence des cong\u00e9s pay\u00e9s l\u00e9gaux non pris\u00a0?<\/p>\n<p>Dans une pr\u00e9c\u00e9dente affaire, la Cour de cassation avait jug\u00e9e, que le seuil de d\u00e9clenchement des heures suppl\u00e9mentaires ne pouvait \u00eatre sup\u00e9rieur au plafond de 1\u2009607 heures de travail par an, <strong>m\u00eame si le salari\u00e9 n\u2019a pas acquis l\u2019int\u00e9gralit\u00e9 de ses droits \u00e0 cong\u00e9s pay\u00e9s<\/strong> (cass. soc. 14 novembre 2013, n\u00b011-17644 BC V n\u00b0 270). Cette position avait \u00e9t\u00e9 confirm\u00e9e dans un second arr\u00eat. (cass. soc. 15 mai 2014, n\u00b013-10468).<\/p>\n<p>Une nouvelle d\u00e9cision de cette m\u00eame juridiction rappelle ce principe, et ce dans le cadre du dispositif d\u2019am\u00e9nagement du temps de travail fix\u00e9 depuis 2008 (loi n\u00b0 2008-789 du 20 ao\u00fbt 2008, art. 20, JO du 21).<\/p>\n<p><em>Source &#8211; Cassation. soc. 11 mai 2016, n\u00b0 14-29512<\/em><\/p>\n<h2><strong>R\u00e9partition pluri-hebdomadaire du temps de travail<\/strong><\/h2>\n<p>En l&rsquo;absence d&rsquo;accord collectif, la dur\u00e9e du travail de l&rsquo;entreprise ou de l&rsquo;\u00e9tablissement peut \u00eatre organis\u00e9e sous forme de <strong>p\u00e9riodes de travail, chacune d&rsquo;une dur\u00e9e de quatre semaines au plus<\/strong>.<\/p>\n<p>L&#8217;employeur \u00e9tablit le programme indicatif de la variation de la dur\u00e9e du travail. Ce programme est soumis pour avis, avant sa premi\u00e8re mise en \u0153uvre, au comit\u00e9 d&rsquo;entreprise ou, \u00e0 d\u00e9faut, aux d\u00e9l\u00e9gu\u00e9s du personnel, s&rsquo;ils existent.<\/p>\n<p><em>Source &#8211; Article D 3122-7-1 du Code du travail<\/em><\/p>\n<p>La mise en \u0153uvre de cette d\u00e9cision unilat\u00e9rale n\u2019est, par contre, selon la\u00a0Cour de Cassation, <strong>pas subordonn\u00e9e \u00e0 l\u2019accord individuel pr\u00e9alable des salari\u00e9s<\/strong>.<\/p>\n<p>En cons\u00e9quence, l\u2019employeur a la possibilit\u00e9 d\u2019am\u00e9nager unilat\u00e9ralement la r\u00e9partition du\u00a0temps de travail, sous forme de p\u00e9riodes de travail d\u2019une dur\u00e9e de quatre semaines au plus chacune (notons que dans le projet de loi \u00ab\u00a0El Khomri\u00a0\u00bb, une telle possibilit\u00e9 d\u2019am\u00e9nagement du temps de travail serait ouverte sur une p\u00e9riode de 9 semaines).<\/p>\n<p>La r\u00e9partition choisie unilat\u00e9ralement par l\u2019employeur <strong>s\u2019impose aux contrats en cours<\/strong> sans que le salari\u00e9 puisse s\u2019y opposer.<\/p>\n<p><em>Source &#8211; Cassation sociale 11 mai 2016 n\u00b0 15-10.025<\/em><\/p>\n<h2>R\u00e9mun\u00e9ration de l\u2019astreinte<\/h2>\n<p>Selon l\u2019art L 3121-5 du code du travail, la p\u00e9riode d&rsquo;astreinte s&rsquo;entend comme une p\u00e9riode pendant laquelle le salari\u00e9, sans \u00eatre \u00e0 la disposition permanente et imm\u00e9diate de l&#8217;employeur, a l&rsquo;obligation de demeurer \u00e0 son domicile ou \u00e0 proximit\u00e9 afin d&rsquo;<strong>\u00eatre en mesure d&rsquo;intervenir pour accomplir un travail au service de l&rsquo;entreprise<\/strong>.<\/p>\n<p>Les astreintes sont mises en place par convention ou accord collectif de travail \u00e9tendu ou par accord d&rsquo;entreprise ou d&rsquo;\u00e9tablissement, qui en fixe le mode d&rsquo;organisation ainsi que la compensation financi\u00e8re ou sous forme de repos \u00e0 laquelle elles donnent lieu.<\/p>\n<p>Selon la Cour de Cassation, <strong>l&rsquo;attribution d&rsquo;un logement de fonction \u00e0 titre gratuit ne peut constituer une modalit\u00e9 de r\u00e9mun\u00e9ration de l&rsquo;astreinte<\/strong> qu&rsquo;\u00e0 la condition qu&rsquo;une stipulation du contrat de travail ou de la convention collective le pr\u00e9voie express\u00e9ment.<\/p>\n<p><em>Source &#8211; Cassation. soc. 13-4-2016 n\u00b0 14-23.306<\/em><\/p>\n<p>&nbsp;<\/p>\n<p>&nbsp;<\/p>\n","protected":false},"excerpt":{"rendered":"<p>Annualisation du temps de travail et calcul des heures suppl\u00e9mentaires En cas d\u2019annualisation du temps de travail, les heures effectu\u00e9es au-del\u00e0 de 1\u2009607 heures par an ou de la limite annuelle inf\u00e9rieure fix\u00e9e par accord collectif sont consid\u00e9r\u00e9es comme des heures suppl\u00e9mentaires. Sont d\u00e9duites, le cas \u00e9ch\u00e9ant, les heures d\u00e9j\u00e0 comptabilis\u00e9es, effectu\u00e9es au-del\u00e0 de la [&hellip;]<\/p>\n","protected":false},"author":32,"featured_media":6408,"comment_status":"open","ping_status":"open","sticky":false,"template":"","format":"standard","meta":{"_acf_changed":false,"_mi_skip_tracking":false,"footnotes":""},"categories":[8],"tags":[425],"class_list":["post-6404","post","type-post","status-publish","format-standard","has-post-thumbnail","hentry","category-paie-et-administration-du-personnel","tag-temps-de-travail"],"acf":[],"yoast_head":"<!-- This site is optimized with the Yoast SEO plugin v23.4 - https:\/\/yoast.com\/wordpress\/plugins\/seo\/ -->\n<title>Paie et temps de travail : des \u00e9volutions en mai 2016 - Le Blog GERESO<\/title>\n<meta name=\"robots\" content=\"index, follow, max-snippet:-1, max-image-preview:large, max-video-preview:-1\" \/>\n<link rel=\"canonical\" href=\"https:\/\/www.gereso.com\/actualites\/2016\/06\/20\/paie-temps-travail\/\" \/>\n<meta property=\"og:locale\" content=\"fr_FR\" \/>\n<meta property=\"og:type\" content=\"article\" \/>\n<meta property=\"og:title\" content=\"Paie et temps de travail : des \u00e9volutions en mai 2016 - Le Blog GERESO\" \/>\n<meta property=\"og:description\" content=\"Annualisation du temps de travail et calcul des heures suppl\u00e9mentaires En cas d\u2019annualisation du temps de travail, les heures effectu\u00e9es au-del\u00e0 de 1\u2009607 heures par an ou de la limite annuelle inf\u00e9rieure fix\u00e9e par accord collectif sont consid\u00e9r\u00e9es comme des heures suppl\u00e9mentaires. Sont d\u00e9duites, le cas \u00e9ch\u00e9ant, les heures d\u00e9j\u00e0 comptabilis\u00e9es, effectu\u00e9es au-del\u00e0 de la [&hellip;]\" \/>\n<meta property=\"og:url\" content=\"https:\/\/www.gereso.com\/actualites\/2016\/06\/20\/paie-temps-travail\/\" \/>\n<meta property=\"og:site_name\" content=\"Le Blog GERESO\" \/>\n<meta property=\"article:published_time\" content=\"2016-06-20T08:30:03+00:00\" \/>\n<meta property=\"article:modified_time\" content=\"2016-06-13T09:36:47+00:00\" \/>\n<meta property=\"og:image\" content=\"https:\/\/www.gereso.com\/actualites\/wp-content\/uploads\/2016\/06\/gestion-paie-temps-travail.jpg\" \/>\n\t<meta property=\"og:image:width\" content=\"700\" \/>\n\t<meta property=\"og:image:height\" content=\"466\" \/>\n\t<meta property=\"og:image:type\" content=\"image\/jpeg\" \/>\n<meta name=\"author\" content=\"\u00c9quipe GERESO\" \/>\n<meta name=\"twitter:card\" content=\"summary_large_image\" \/>\n<script type=\"application\/ld+json\" class=\"yoast-schema-graph\">{\"@context\":\"https:\/\/schema.org\",\"@graph\":[{\"@type\":\"WebPage\",\"@id\":\"https:\/\/www.gereso.com\/actualites\/2016\/06\/20\/paie-temps-travail\/\",\"url\":\"https:\/\/www.gereso.com\/actualites\/2016\/06\/20\/paie-temps-travail\/\",\"name\":\"Paie et temps de travail : des \u00e9volutions en mai 2016 - Le Blog GERESO\",\"isPartOf\":{\"@id\":\"https:\/\/www.gereso.com\/actualites\/#website\"},\"primaryImageOfPage\":{\"@id\":\"https:\/\/www.gereso.com\/actualites\/2016\/06\/20\/paie-temps-travail\/#primaryimage\"},\"image\":{\"@id\":\"https:\/\/www.gereso.com\/actualites\/2016\/06\/20\/paie-temps-travail\/#primaryimage\"},\"thumbnailUrl\":\"https:\/\/www.gereso.com\/actualites\/wp-content\/uploads\/2016\/06\/gestion-paie-temps-travail.jpg\",\"datePublished\":\"2016-06-20T08:30:03+00:00\",\"dateModified\":\"2016-06-13T09:36:47+00:00\",\"author\":{\"@id\":\"https:\/\/www.gereso.com\/actualites\/#\/schema\/person\/197d8aef40cb4ae3f6a0aa9e1d3df2a6\"},\"breadcrumb\":{\"@id\":\"https:\/\/www.gereso.com\/actualites\/2016\/06\/20\/paie-temps-travail\/#breadcrumb\"},\"inLanguage\":\"fr-FR\",\"potentialAction\":[{\"@type\":\"ReadAction\",\"target\":[\"https:\/\/www.gereso.com\/actualites\/2016\/06\/20\/paie-temps-travail\/\"]}]},{\"@type\":\"ImageObject\",\"inLanguage\":\"fr-FR\",\"@id\":\"https:\/\/www.gereso.com\/actualites\/2016\/06\/20\/paie-temps-travail\/#primaryimage\",\"url\":\"https:\/\/www.gereso.com\/actualites\/wp-content\/uploads\/2016\/06\/gestion-paie-temps-travail.jpg\",\"contentUrl\":\"https:\/\/www.gereso.com\/actualites\/wp-content\/uploads\/2016\/06\/gestion-paie-temps-travail.jpg\",\"width\":700,\"height\":466,\"caption\":\"Paie et temps de travail : toute l'actualit\u00e9 de mai 2016\"},{\"@type\":\"BreadcrumbList\",\"@id\":\"https:\/\/www.gereso.com\/actualites\/2016\/06\/20\/paie-temps-travail\/#breadcrumb\",\"itemListElement\":[{\"@type\":\"ListItem\",\"position\":1,\"name\":\"Home\",\"item\":\"https:\/\/www.gereso.com\/actualites\/\"},{\"@type\":\"ListItem\",\"position\":2,\"name\":\"Paie et temps de travail : des \u00e9volutions en mai 2016\"}]},{\"@type\":\"WebSite\",\"@id\":\"https:\/\/www.gereso.com\/actualites\/#website\",\"url\":\"https:\/\/www.gereso.com\/actualites\/\",\"name\":\"Le Blog GERESO\",\"description\":\"Toute l&#039;actu RH, Finance, Fonction Publique, Management...\",\"potentialAction\":[{\"@type\":\"SearchAction\",\"target\":{\"@type\":\"EntryPoint\",\"urlTemplate\":\"https:\/\/www.gereso.com\/actualites\/?s={search_term_string}\"},\"query-input\":{\"@type\":\"PropertyValueSpecification\",\"valueRequired\":true,\"valueName\":\"search_term_string\"}}],\"inLanguage\":\"fr-FR\"},{\"@type\":\"Person\",\"@id\":\"https:\/\/www.gereso.com\/actualites\/#\/schema\/person\/197d8aef40cb4ae3f6a0aa9e1d3df2a6\",\"name\":\"\u00c9quipe GERESO\",\"image\":{\"@type\":\"ImageObject\",\"inLanguage\":\"fr-FR\",\"@id\":\"https:\/\/www.gereso.com\/actualites\/#\/schema\/person\/image\/\",\"url\":\"https:\/\/www.gereso.com\/actualites\/wp-content\/uploads\/2013\/12\/avatar-gereso-1.png\",\"contentUrl\":\"https:\/\/www.gereso.com\/actualites\/wp-content\/uploads\/2013\/12\/avatar-gereso-1.png\",\"caption\":\"\u00c9quipe GERESO\"},\"url\":\"https:\/\/www.gereso.com\/actualites\/author\/gereso\/\"}]}<\/script>\n<!-- \/ Yoast SEO plugin. -->","yoast_head_json":{"title":"Paie et temps de travail : des \u00e9volutions en mai 2016 - Le Blog GERESO","robots":{"index":"index","follow":"follow","max-snippet":"max-snippet:-1","max-image-preview":"max-image-preview:large","max-video-preview":"max-video-preview:-1"},"canonical":"https:\/\/www.gereso.com\/actualites\/2016\/06\/20\/paie-temps-travail\/","og_locale":"fr_FR","og_type":"article","og_title":"Paie et temps de travail : des \u00e9volutions en mai 2016 - Le Blog GERESO","og_description":"Annualisation du temps de travail et calcul des heures suppl\u00e9mentaires En cas d\u2019annualisation du temps de travail, les heures effectu\u00e9es au-del\u00e0 de 1\u2009607 heures par an ou de la limite annuelle inf\u00e9rieure fix\u00e9e par accord collectif sont consid\u00e9r\u00e9es comme des heures suppl\u00e9mentaires. Sont d\u00e9duites, le cas \u00e9ch\u00e9ant, les heures d\u00e9j\u00e0 comptabilis\u00e9es, effectu\u00e9es au-del\u00e0 de la [&hellip;]","og_url":"https:\/\/www.gereso.com\/actualites\/2016\/06\/20\/paie-temps-travail\/","og_site_name":"Le Blog GERESO","article_published_time":"2016-06-20T08:30:03+00:00","article_modified_time":"2016-06-13T09:36:47+00:00","og_image":[{"width":700,"height":466,"url":"https:\/\/www.gereso.com\/actualites\/wp-content\/uploads\/2016\/06\/gestion-paie-temps-travail.jpg","type":"image\/jpeg"}],"author":"\u00c9quipe GERESO","twitter_card":"summary_large_image","schema":{"@context":"https:\/\/schema.org","@graph":[{"@type":"WebPage","@id":"https:\/\/www.gereso.com\/actualites\/2016\/06\/20\/paie-temps-travail\/","url":"https:\/\/www.gereso.com\/actualites\/2016\/06\/20\/paie-temps-travail\/","name":"Paie et temps de travail : des \u00e9volutions en mai 2016 - Le Blog GERESO","isPartOf":{"@id":"https:\/\/www.gereso.com\/actualites\/#website"},"primaryImageOfPage":{"@id":"https:\/\/www.gereso.com\/actualites\/2016\/06\/20\/paie-temps-travail\/#primaryimage"},"image":{"@id":"https:\/\/www.gereso.com\/actualites\/2016\/06\/20\/paie-temps-travail\/#primaryimage"},"thumbnailUrl":"https:\/\/www.gereso.com\/actualites\/wp-content\/uploads\/2016\/06\/gestion-paie-temps-travail.jpg","datePublished":"2016-06-20T08:30:03+00:00","dateModified":"2016-06-13T09:36:47+00:00","author":{"@id":"https:\/\/www.gereso.com\/actualites\/#\/schema\/person\/197d8aef40cb4ae3f6a0aa9e1d3df2a6"},"breadcrumb":{"@id":"https:\/\/www.gereso.com\/actualites\/2016\/06\/20\/paie-temps-travail\/#breadcrumb"},"inLanguage":"fr-FR","potentialAction":[{"@type":"ReadAction","target":["https:\/\/www.gereso.com\/actualites\/2016\/06\/20\/paie-temps-travail\/"]}]},{"@type":"ImageObject","inLanguage":"fr-FR","@id":"https:\/\/www.gereso.com\/actualites\/2016\/06\/20\/paie-temps-travail\/#primaryimage","url":"https:\/\/www.gereso.com\/actualites\/wp-content\/uploads\/2016\/06\/gestion-paie-temps-travail.jpg","contentUrl":"https:\/\/www.gereso.com\/actualites\/wp-content\/uploads\/2016\/06\/gestion-paie-temps-travail.jpg","width":700,"height":466,"caption":"Paie et temps de travail : toute l'actualit\u00e9 de mai 2016"},{"@type":"BreadcrumbList","@id":"https:\/\/www.gereso.com\/actualites\/2016\/06\/20\/paie-temps-travail\/#breadcrumb","itemListElement":[{"@type":"ListItem","position":1,"name":"Home","item":"https:\/\/www.gereso.com\/actualites\/"},{"@type":"ListItem","position":2,"name":"Paie et temps de travail : des \u00e9volutions en mai 2016"}]},{"@type":"WebSite","@id":"https:\/\/www.gereso.com\/actualites\/#website","url":"https:\/\/www.gereso.com\/actualites\/","name":"Le Blog GERESO","description":"Toute l&#039;actu RH, Finance, Fonction Publique, Management...","potentialAction":[{"@type":"SearchAction","target":{"@type":"EntryPoint","urlTemplate":"https:\/\/www.gereso.com\/actualites\/?s={search_term_string}"},"query-input":{"@type":"PropertyValueSpecification","valueRequired":true,"valueName":"search_term_string"}}],"inLanguage":"fr-FR"},{"@type":"Person","@id":"https:\/\/www.gereso.com\/actualites\/#\/schema\/person\/197d8aef40cb4ae3f6a0aa9e1d3df2a6","name":"\u00c9quipe GERESO","image":{"@type":"ImageObject","inLanguage":"fr-FR","@id":"https:\/\/www.gereso.com\/actualites\/#\/schema\/person\/image\/","url":"https:\/\/www.gereso.com\/actualites\/wp-content\/uploads\/2013\/12\/avatar-gereso-1.png","contentUrl":"https:\/\/www.gereso.com\/actualites\/wp-content\/uploads\/2013\/12\/avatar-gereso-1.png","caption":"\u00c9quipe GERESO"},"url":"https:\/\/www.gereso.com\/actualites\/author\/gereso\/"}]}},"_links":{"self":[{"href":"https:\/\/www.gereso.com\/actualites\/wp-json\/wp\/v2\/posts\/6404","targetHints":{"allow":["GET"]}}],"collection":[{"href":"https:\/\/www.gereso.com\/actualites\/wp-json\/wp\/v2\/posts"}],"about":[{"href":"https:\/\/www.gereso.com\/actualites\/wp-json\/wp\/v2\/types\/post"}],"author":[{"embeddable":true,"href":"https:\/\/www.gereso.com\/actualites\/wp-json\/wp\/v2\/users\/32"}],"replies":[{"embeddable":true,"href":"https:\/\/www.gereso.com\/actualites\/wp-json\/wp\/v2\/comments?post=6404"}],"version-history":[{"count":4,"href":"https:\/\/www.gereso.com\/actualites\/wp-json\/wp\/v2\/posts\/6404\/revisions"}],"predecessor-version":[{"id":6410,"href":"https:\/\/www.gereso.com\/actualites\/wp-json\/wp\/v2\/posts\/6404\/revisions\/6410"}],"wp:featuredmedia":[{"embeddable":true,"href":"https:\/\/www.gereso.com\/actualites\/wp-json\/wp\/v2\/media\/6408"}],"wp:attachment":[{"href":"https:\/\/www.gereso.com\/actualites\/wp-json\/wp\/v2\/media?parent=6404"}],"wp:term":[{"taxonomy":"category","embeddable":true,"href":"https:\/\/www.gereso.com\/actualites\/wp-json\/wp\/v2\/categories?post=6404"},{"taxonomy":"post_tag","embeddable":true,"href":"https:\/\/www.gereso.com\/actualites\/wp-json\/wp\/v2\/tags?post=6404"}],"curies":[{"name":"wp","href":"https:\/\/api.w.org\/{rel}","templated":true}]}}