{"id":6552,"date":"2016-06-28T07:41:59","date_gmt":"2016-06-28T05:41:59","guid":{"rendered":"https:\/\/www.gereso.com\/actualites\/?p=6552"},"modified":"2016-07-04T09:07:27","modified_gmt":"2016-07-04T07:07:27","slug":"mettre-en-place-une-delegation-unique-du-personnel","status":"publish","type":"post","link":"https:\/\/www.gereso.com\/actualites\/2016\/06\/28\/mettre-en-place-une-delegation-unique-du-personnel\/","title":{"rendered":"Mettre en place une D\u00e9l\u00e9gation Unique du Personnel"},"content":{"rendered":"<p>Cette d\u00e9l\u00e9gation unique du personnel, qui s\u2019est impos\u00e9e dans de nombreuses PME, a fait l\u2019objet de<strong> diff\u00e9rentes modifications d<\/strong><strong>epuis la loi Rebsamen<\/strong> relative au dialogue social et \u00e0 l&#8217;emploi. En effet, depuis le 19 ao\u00fbt 2015, la d\u00e9l\u00e9gation unique du personnel, dont l\u2019abr\u00e9viation est DUP, rassemble comme auparavant les <strong>d\u00e9l\u00e9gu\u00e9s du personnel (<\/strong><strong>DP<\/strong><strong>) <\/strong>et le <strong>comit\u00e9 d&rsquo;entreprise (<\/strong><strong>CE<\/strong><strong>)<\/strong> mais int\u00e8gre \u00e9galement le <strong>Comit\u00e9 d\u2019Hygi\u00e8ne, S\u00e9curit\u00e9, et des Conditions de Travail (CHSCT).<\/strong> Par ailleurs, cette institution repr\u00e9sentative du personnel peut d\u00e9sormais \u00eatre mise en place dans les entreprises de <strong>moins de 300 salari\u00e9s<\/strong> alors qu\u2019elle \u00e9tait limit\u00e9e aux entreprises de 200 salari\u00e9s auparavant. Tr\u00e8s r\u00e9cemment, <strong>un d\u00e9cret<\/strong><strong> du 23 mars 2016<\/strong> est venu fixer la composition et le fonctionnement de la DUP.<\/p>\n<h2>Que faire avec les DUP mises en place avant le 19 ao\u00fbt 2015\u00a0?<\/h2>\n<p>Si une d\u00e9l\u00e9gation unique du personnel a \u00e9t\u00e9 mise en place avant le 19 ao\u00fbt 2015, elle peut \u00eatre maintenue mais pour une dur\u00e9e limit\u00e9e. En effet, la DUP ne peut pas \u00eatre maintenue apr\u00e8s <strong>2 cycles \u00e9lectoraux<\/strong> suivant la fin des mandats en cours au 19 ao\u00fbt 2015.<\/p>\n<p>Ainsi, par exemple, si une DUP a \u00e9t\u00e9 mise en place le 12 mai 2015 pour une dur\u00e9e de 4 ans, l&#8217;employeur peut maintenir cette <strong>DUP \u00ab\u00a0ancienne formule\u00a0\u00bb <\/strong>jusqu\u2019en 2027\u00a0! En effet, le premier mandat se termine en mai 2019, le premier renouvellement en 2023 et le deuxi\u00e8me et dernier renouvellement possible selon la DUP ancienne formule se termine donc en 2027.<\/p>\n<p>Toutefois, aucune disposition l\u00e9gale n\u2019oblige l\u2019employeur \u00e0 maintenir cette DUP \u00ab\u00a0ancienne formule\u00a0\u00bb. D\u00e8s lors, l&#8217;employeur peut aussi pr\u00e9f\u00e9rer modifier la DUP au premier renouvellement sans attendre le d\u00e9lai maximal.<\/p>\n<h2>Qui d\u00e9cide de mettre en place une DUP ?<\/h2>\n<p>Depuis le 19 ao\u00fbt 2015, l\u2019employeur peut d\u00e9cider de mettre en place une d\u00e9l\u00e9gation unique du personnel dans l\u2019entreprise si son <strong>effectif est compris entre 50 salari\u00e9s et 299 salari\u00e9s<\/strong> (C. trav. art. L. 2326-1, al. 1er).<\/p>\n<p>Le choix de cette mise en place est <strong>totalement facultatif.<\/strong> Aucune disposition n\u2019oblige l\u2019employeur \u00e0 mettre en place une DUP. Toutefois, s\u2019il d\u00e9cide cette mise en place, l\u2019employeur doit au pr\u00e9alable <strong>consulter les d\u00e9l\u00e9gu\u00e9s du personnel (DP),<\/strong> le <strong>comit\u00e9 d&rsquo;entreprise (CE)<\/strong> mais aussi, le <strong>comit\u00e9 d&rsquo;hygi\u00e8ne, de s\u00e9curit\u00e9 et des conditions de travail (CHSCT) <\/strong>(C. trav. art. L. 2326-1).<\/p>\n<p><u>A noter\u00a0:<\/u> <em>si l&#8217;employeur met en place une DUP au niveau d&rsquo;une entreprise comportant plusieurs \u00e9tablissements, une DUP doit \u00eatre mise en place au sein de chaque \u00e9tablissement distinct.<\/em><\/p>\n<h2>\u00c0 quel moment organiser l\u2019\u00e9lection de la DUP\u00a0?<\/h2>\n<p>La mise en place de la d\u00e9l\u00e9gation unique du personnel peut se d\u00e9rouler au moment de la <strong>constitution<\/strong> de l&rsquo;une des trois institutions repr\u00e9sentatives du personnel (DP, CE ou CHSCT) ou au moment de leur <strong>renouvellement.<\/strong><\/p>\n<p>En pratique, la dur\u00e9e du mandat des DP, des membres du CE ou des membres du CHSCT peut \u00eatre r\u00e9duite ou au contraire, prorog\u00e9e de deux ans au maximum pour faire co\u00efncider la date de fin de mandat avec la date de mise en place de la DUP.<\/p>\n<h2>Quelles sont les r\u00e8gles applicables \u00e0 l\u2019\u00e9lection des membres de la DUP\u00a0?<\/h2>\n<p>L&rsquo;\u00e9lection des membres de la DUP s\u2019effectue selon les <strong>r\u00e8gles applicables \u00e0 l&rsquo;\u00e9lection des membres du comit\u00e9 d\u2019entreprise<\/strong> (C. trav. art. L. 2326-2). Il s\u2019agit ici d\u2019une disposition nouvelle issue de la loi Rebsamen car dans l\u2019ancienne version de la DUP, l\u2019\u00e9lection des membres avait lieu selon les r\u00e8gles applicables \u00e0 l\u2019\u00e9lection des d\u00e9l\u00e9gu\u00e9s du personnel.<\/p>\n<p>L\u2019une des principales diff\u00e9rences est donc <strong>l\u2019obligation de cr\u00e9er un troisi\u00e8me coll\u00e8ge regroupant les ing\u00e9nieurs et les cadres<\/strong> si leur nombre est au moins \u00e9gal \u00e0 25 (C. trav. L. 2324-11, al. 3). Concernant les autres formalit\u00e9s, on retrouve, comme pour les autres \u00e9lections de repr\u00e9sentants du personnel, les \u00e9tapes suivantes\u00a0:<\/p>\n<ul>\n<li>l\u2019information du personnel,<\/li>\n<li>la convocation des organisations syndicales,<\/li>\n<li>la n\u00e9gociation d&rsquo;un protocole d\u2019accord pr\u00e9\u00e9lectoral,<\/li>\n<li>l\u2019organisation d&rsquo;un premier tour et si n\u00e9cessaire, d\u2019un second tour, etc.<\/li>\n<\/ul>\n<h2>Quel est le nombre de repr\u00e9sentants \u00e9lus \u00e0 la DUP\u00a0?<\/h2>\n<p>Le nombre de repr\u00e9sentants \u00e9lus \u00e0 la DUP, titulaires et suppl\u00e9ants, varie selon l&rsquo;effectif de l&rsquo;entreprise ou de chaque \u00e9tablissement distinct, dans les conditions suivantes\u00a0:<\/p>\n<ul>\n<li><strong>de 50 \u00e0 74 salari\u00e9s<\/strong>: 5 titulaires et 5 suppl\u00e9ants\u00a0;<\/li>\n<li><strong>de 75 \u00e0 99 salari\u00e9s<\/strong>: 6 titulaires et 6 suppl\u00e9ants\u00a0;<\/li>\n<li><strong>de 100 \u00e0 124 salari\u00e9s<\/strong>: 7 titulaires et 7 suppl\u00e9ants\u00a0;<\/li>\n<li><strong>de 125 \u00e0 149 salari\u00e9s<\/strong>: 8 titulaires et 8 suppl\u00e9ants\u00a0;<\/li>\n<li><strong>de 150 \u00e0 174 salari\u00e9s<\/strong>: 9 titulaires et 9 suppl\u00e9ants\u00a0;<\/li>\n<li><strong>de 175 \u00e0 199 salari\u00e9s<\/strong>: 10 titulaires et 10 suppl\u00e9ants\u00a0;<\/li>\n<li><strong>de 200 \u00e0 249 salari\u00e9s<\/strong>: 11 titulaires et 11 suppl\u00e9ants\u00a0;<\/li>\n<li><strong>de 250 \u00e0 299 salari\u00e9s<\/strong>: 12 titulaires et 12 suppl\u00e9ants.<\/li>\n<\/ul>\n<p>Un accord conclu entre l&#8217;employeur et les organisations syndicales peut augmenter le nombre d&rsquo;\u00e9lus \u00e0 la DUP (C. trav. art. L. 2326-2-1).<\/p>\n<h2>Quel est le mode de fonctionnement de la DUP\u00a0?<\/h2>\n<p>M\u00eame organis\u00e9s sous la forme d\u2019une DUP, les d\u00e9l\u00e9gu\u00e9s du personnel, les membres du CE et les membres du CHSCT <strong>conservent l&rsquo;ensemble de leurs attributions<\/strong> (C. trav. art. L. 2326-3).<\/p>\n<p>Les membres de la DUP doivent d\u00e9signer <strong>un secr\u00e9taire et un secr\u00e9taire adjoint<\/strong> qui exercent les fonctions d\u00e9volues au secr\u00e9taire du CE et au secr\u00e9taire du CHSCT.<\/p>\n<p>Par ailleurs, depuis la loi Rebsamen, <strong>le fonctionnement de la nouvelle DUP est simplifi\u00e9<\/strong> (C. trav. art. L. 2326-5). Ainsi, les r\u00e9unions de la DUP ne sont plus mensuelles mais bimestrielles, c\u2019est-\u00e0-dire que les r\u00e9unions doivent avoir lieu <strong>une fois tous les deux mois. <\/strong>Un ordre du jour commun \u00e0 chaque r\u00e9union est \u00e9tabli par l&#8217;employeur et le secr\u00e9taire de la DUP. Les consultations obligatoires sont inscrites de plein droit \u00e0 l\u2019ordre du jour de la r\u00e9union. Les membres de la DUP doit recevoir l&rsquo;ordre du jour au moins 8 jours avant la s\u00e9ance.<\/p>\n<p><u>A noter<\/u>\u00a0: <em>pour pr\u00e9server le <strong>rythme trimestriel des r\u00e9unions du CHSCT<\/strong>, au moins quatre des six r\u00e9unions obligatoires de la DUP doivent porter en tout ou partie sur des sujets relevant des attributions du CHSCT.<\/em><\/p>\n<p>Si une question relevant \u00e0 la fois des attributions du CE et du CHSCT est inscrite \u00e0 l\u2019ordre du jour de la r\u00e9union de la DUP, un avis unique de cette derni\u00e8re est recueilli \u00e0 condition que le m\u00e9decin du travail, l&rsquo;inspecteur du travail et l\u2019ing\u00e9nieur de la Carsat aient \u00e9t\u00e9 invit\u00e9s \u00e0 la r\u00e9union.<\/p>\n<p>Si une expertise porte \u00e0 la fois sur des sujets relevant des attributions du CE et du CHSCT, la DUP a recours \u00e0 une <strong>expertise commune.<\/strong><\/p>\n<h2>Quel est le cr\u00e9dit d&rsquo;heures accord\u00e9 aux membres de la DUP\u00a0?<\/h2>\n<p>Les membres titulaires de la DUP disposent d\u2019un cr\u00e9dit d\u2019heures de d\u00e9l\u00e9gation, n\u00e9cessaire \u00e0 l&rsquo;exercice des missions attribu\u00e9es aux DP, au CE et au CHSCT (C. trav. art. L2326-6).<\/p>\n<p>Ce temps ne peut d\u00e9passer, sauf circonstances exceptionnelles, la dur\u00e9e suivante :<\/p>\n<ul>\n<li><strong>de 50 \u00e0 74 salari\u00e9s<\/strong>: 18 heures par mois\u00a0;<\/li>\n<li><strong>de 75 \u00e0 99 salari\u00e9s<\/strong>: 19 heures par mois\u00a0;<\/li>\n<li><strong>de 100 \u00e0 299 salari\u00e9s<\/strong>: 21 heures par mois.<\/li>\n<\/ul>\n<p>Un accord de branche ou d\u2019entreprise peut pr\u00e9voir des <strong>dur\u00e9es plus importantes.<\/strong><\/p>\n<p>Chaque mois, les membres titulaires de la DUP peuvent r\u00e9partir entre eux et avec les membres suppl\u00e9ants le <strong>cr\u00e9dit d&rsquo;heures de d\u00e9l\u00e9gation<\/strong> dont ils disposent. La seule condition est d\u2019en informer l&#8217;employeur au moins huit jours \u00e0 l&rsquo;avance et via un document \u00e9crit.<\/p>\n<p>Toutefois, cette r\u00e9partition ne peut conduire un membre de la DUP \u00e0 disposer, dans le mois, de plus d&rsquo;une fois et demi le cr\u00e9dit d&rsquo;heures de d\u00e9l\u00e9gation dont b\u00e9n\u00e9ficie un membre titulaire.<\/p>\n<h2>Quid des entreprises de plus de 300 salari\u00e9s\u00a0?<\/h2>\n<p>La loi Rebsamen n\u2019a pas oubli\u00e9 les entreprises d\u2019au moins 300 salari\u00e9s. En effet, m\u00eame si le terme de \u00ab\u00a0d\u00e9l\u00e9gation unique du personnel\u00a0\u00bb ne peut pas \u00eatre employ\u00e9, <strong>cette loi permet \u00e9galement aux entreprises d\u2019au moins 300 salari\u00e9s de regrouper les d\u00e9l\u00e9gu\u00e9s du personnel, le CE et le CHSCT dans une seule et m\u00eame instance.<\/strong> Ces nouvelles dispositions sont issues du d\u00e9cret du 23 mars 2016 qui a cr\u00e9\u00e9 de nouveaux articles R2391-1 \u00e0 R2391-4 dans le Code du travail.<\/p>\n<p>L\u2019employeur ne peut pas d\u00e9cider seul de regrouper ces diff\u00e9rentes instances repr\u00e9sentatives. Il s&rsquo;agit d&rsquo;une <strong>d\u00e9cision commune entre l&#8217;employeur et les syndicats repr\u00e9sentatifs. <\/strong>En effet, seul un accord sign\u00e9 par une ou plusieurs organisations syndicales de salari\u00e9s repr\u00e9sentatives ayant recueilli au moins 50% des suffrages exprim\u00e9s en faveur d&rsquo;organisations repr\u00e9sentatives au premier tour des \u00e9lections professionnelles peut pr\u00e9voir le regroupement des d\u00e9l\u00e9gu\u00e9s du personnel, du CE et du CHSCT ou seulement de deux de ces instances au sein d&rsquo;une seule et m\u00eame instance.<\/p>\n<p><strong>Le choix du regroupement d&rsquo;instance est libre.<\/strong> Ainsi, l\u2019accord peut pr\u00e9voir les regroupements suivants\u00a0:<\/p>\n<ul>\n<li>CE + DP,<\/li>\n<li>CE + CHSCT,<\/li>\n<li>DP + CHSCT<\/li>\n<li>CE + DP + CHCST<\/li>\n<\/ul>\n","protected":false},"excerpt":{"rendered":"<p>Cette d\u00e9l\u00e9gation unique du personnel, qui s\u2019est impos\u00e9e dans de nombreuses PME, a fait l\u2019objet de diff\u00e9rentes modifications depuis la loi Rebsamen relative au dialogue social et \u00e0 l&#8217;emploi. En effet, depuis le 19 ao\u00fbt 2015, la d\u00e9l\u00e9gation unique du personnel, dont l\u2019abr\u00e9viation est DUP, rassemble comme auparavant les d\u00e9l\u00e9gu\u00e9s du personnel (DP) et le [&hellip;]<\/p>\n","protected":false},"author":44,"featured_media":6554,"comment_status":"open","ping_status":"open","sticky":false,"template":"","format":"standard","meta":{"_acf_changed":false,"_mi_skip_tracking":false,"footnotes":""},"categories":[5],"tags":[1001,1000,999,502,1002],"class_list":["post-6552","post","type-post","status-publish","format-standard","has-post-thumbnail","hentry","category-droit-du-travail","tag-delegation-personnel","tag-delegues-personnel","tag-dup","tag-irp","tag-representation-personnel"],"acf":[],"yoast_head":"<!-- This site is optimized with the Yoast SEO plugin v23.4 - https:\/\/yoast.com\/wordpress\/plugins\/seo\/ -->\n<title>Mettre en place une D\u00e9l\u00e9gation Unique du Personnel - Le Blog GERESO<\/title>\n<meta name=\"robots\" content=\"index, follow, max-snippet:-1, max-image-preview:large, max-video-preview:-1\" \/>\n<link rel=\"canonical\" href=\"https:\/\/www.gereso.com\/actualites\/2016\/06\/28\/mettre-en-place-une-delegation-unique-du-personnel\/\" \/>\n<meta property=\"og:locale\" content=\"fr_FR\" \/>\n<meta property=\"og:type\" content=\"article\" \/>\n<meta property=\"og:title\" content=\"Mettre en place une D\u00e9l\u00e9gation Unique du Personnel - Le Blog GERESO\" \/>\n<meta property=\"og:description\" content=\"Cette d\u00e9l\u00e9gation unique du personnel, qui s\u2019est impos\u00e9e dans de nombreuses PME, a fait l\u2019objet de diff\u00e9rentes modifications depuis la loi Rebsamen relative au dialogue social et \u00e0 l&#8217;emploi. En effet, depuis le 19 ao\u00fbt 2015, la d\u00e9l\u00e9gation unique du personnel, dont l\u2019abr\u00e9viation est DUP, rassemble comme auparavant les d\u00e9l\u00e9gu\u00e9s du personnel (DP) et le [&hellip;]\" \/>\n<meta property=\"og:url\" content=\"https:\/\/www.gereso.com\/actualites\/2016\/06\/28\/mettre-en-place-une-delegation-unique-du-personnel\/\" \/>\n<meta property=\"og:site_name\" content=\"Le Blog GERESO\" \/>\n<meta property=\"article:published_time\" content=\"2016-06-28T05:41:59+00:00\" \/>\n<meta property=\"article:modified_time\" content=\"2016-07-04T07:07:27+00:00\" \/>\n<meta property=\"og:image\" content=\"https:\/\/www.gereso.com\/actualites\/wp-content\/uploads\/2016\/06\/mettre-en-place-une-dup.jpg\" \/>\n\t<meta property=\"og:image:width\" content=\"600\" \/>\n\t<meta property=\"og:image:height\" content=\"400\" \/>\n\t<meta property=\"og:image:type\" content=\"image\/jpeg\" \/>\n<meta name=\"author\" content=\"Gwendoline Aubourg\" \/>\n<meta name=\"twitter:card\" content=\"summary_large_image\" \/>\n<script type=\"application\/ld+json\" class=\"yoast-schema-graph\">{\"@context\":\"https:\/\/schema.org\",\"@graph\":[{\"@type\":\"WebPage\",\"@id\":\"https:\/\/www.gereso.com\/actualites\/2016\/06\/28\/mettre-en-place-une-delegation-unique-du-personnel\/\",\"url\":\"https:\/\/www.gereso.com\/actualites\/2016\/06\/28\/mettre-en-place-une-delegation-unique-du-personnel\/\",\"name\":\"Mettre en place une D\u00e9l\u00e9gation Unique du Personnel - Le Blog GERESO\",\"isPartOf\":{\"@id\":\"https:\/\/www.gereso.com\/actualites\/#website\"},\"primaryImageOfPage\":{\"@id\":\"https:\/\/www.gereso.com\/actualites\/2016\/06\/28\/mettre-en-place-une-delegation-unique-du-personnel\/#primaryimage\"},\"image\":{\"@id\":\"https:\/\/www.gereso.com\/actualites\/2016\/06\/28\/mettre-en-place-une-delegation-unique-du-personnel\/#primaryimage\"},\"thumbnailUrl\":\"https:\/\/www.gereso.com\/actualites\/wp-content\/uploads\/2016\/06\/mettre-en-place-une-dup.jpg\",\"datePublished\":\"2016-06-28T05:41:59+00:00\",\"dateModified\":\"2016-07-04T07:07:27+00:00\",\"author\":{\"@id\":\"https:\/\/www.gereso.com\/actualites\/#\/schema\/person\/74853d141382f3563939c9e96dcdc2ce\"},\"breadcrumb\":{\"@id\":\"https:\/\/www.gereso.com\/actualites\/2016\/06\/28\/mettre-en-place-une-delegation-unique-du-personnel\/#breadcrumb\"},\"inLanguage\":\"fr-FR\",\"potentialAction\":[{\"@type\":\"ReadAction\",\"target\":[\"https:\/\/www.gereso.com\/actualites\/2016\/06\/28\/mettre-en-place-une-delegation-unique-du-personnel\/\"]}]},{\"@type\":\"ImageObject\",\"inLanguage\":\"fr-FR\",\"@id\":\"https:\/\/www.gereso.com\/actualites\/2016\/06\/28\/mettre-en-place-une-delegation-unique-du-personnel\/#primaryimage\",\"url\":\"https:\/\/www.gereso.com\/actualites\/wp-content\/uploads\/2016\/06\/mettre-en-place-une-dup.jpg\",\"contentUrl\":\"https:\/\/www.gereso.com\/actualites\/wp-content\/uploads\/2016\/06\/mettre-en-place-une-dup.jpg\",\"width\":600,\"height\":400,\"caption\":\"Regrouper les IRP avec la mise en place d'une DUP\"},{\"@type\":\"BreadcrumbList\",\"@id\":\"https:\/\/www.gereso.com\/actualites\/2016\/06\/28\/mettre-en-place-une-delegation-unique-du-personnel\/#breadcrumb\",\"itemListElement\":[{\"@type\":\"ListItem\",\"position\":1,\"name\":\"Home\",\"item\":\"https:\/\/www.gereso.com\/actualites\/\"},{\"@type\":\"ListItem\",\"position\":2,\"name\":\"Mettre en place une D\u00e9l\u00e9gation Unique du Personnel\"}]},{\"@type\":\"WebSite\",\"@id\":\"https:\/\/www.gereso.com\/actualites\/#website\",\"url\":\"https:\/\/www.gereso.com\/actualites\/\",\"name\":\"Le Blog GERESO\",\"description\":\"Toute l&#039;actu RH, Finance, Fonction Publique, Management...\",\"potentialAction\":[{\"@type\":\"SearchAction\",\"target\":{\"@type\":\"EntryPoint\",\"urlTemplate\":\"https:\/\/www.gereso.com\/actualites\/?s={search_term_string}\"},\"query-input\":{\"@type\":\"PropertyValueSpecification\",\"valueRequired\":true,\"valueName\":\"search_term_string\"}}],\"inLanguage\":\"fr-FR\"},{\"@type\":\"Person\",\"@id\":\"https:\/\/www.gereso.com\/actualites\/#\/schema\/person\/74853d141382f3563939c9e96dcdc2ce\",\"name\":\"Gwendoline Aubourg\",\"image\":{\"@type\":\"ImageObject\",\"inLanguage\":\"fr-FR\",\"@id\":\"https:\/\/www.gereso.com\/actualites\/#\/schema\/person\/image\/\",\"url\":\"https:\/\/www.gereso.com\/actualites\/wp-content\/uploads\/2016\/10\/GwendolineAubourg-1-144x144.jpg\",\"contentUrl\":\"https:\/\/www.gereso.com\/actualites\/wp-content\/uploads\/2016\/10\/GwendolineAubourg-1-144x144.jpg\",\"caption\":\"Gwendoline Aubourg\"},\"description\":\"Juriste, dipl\u00f4m\u00e9e en droit social de la Facult\u00e9 des sciences juridiques, politiques et sociales de Lille, r\u00e9dactrice RH et auteure de nombreux ouvrages sur les th\u00e8mes du droit du travail et des droits du consommateurs.\",\"url\":\"https:\/\/www.gereso.com\/actualites\/author\/g-aubourg\/\"}]}<\/script>\n<!-- \/ Yoast SEO plugin. -->","yoast_head_json":{"title":"Mettre en place une D\u00e9l\u00e9gation Unique du Personnel - Le Blog GERESO","robots":{"index":"index","follow":"follow","max-snippet":"max-snippet:-1","max-image-preview":"max-image-preview:large","max-video-preview":"max-video-preview:-1"},"canonical":"https:\/\/www.gereso.com\/actualites\/2016\/06\/28\/mettre-en-place-une-delegation-unique-du-personnel\/","og_locale":"fr_FR","og_type":"article","og_title":"Mettre en place une D\u00e9l\u00e9gation Unique du Personnel - Le Blog GERESO","og_description":"Cette d\u00e9l\u00e9gation unique du personnel, qui s\u2019est impos\u00e9e dans de nombreuses PME, a fait l\u2019objet de diff\u00e9rentes modifications depuis la loi Rebsamen relative au dialogue social et \u00e0 l&#8217;emploi. En effet, depuis le 19 ao\u00fbt 2015, la d\u00e9l\u00e9gation unique du personnel, dont l\u2019abr\u00e9viation est DUP, rassemble comme auparavant les d\u00e9l\u00e9gu\u00e9s du personnel (DP) et le [&hellip;]","og_url":"https:\/\/www.gereso.com\/actualites\/2016\/06\/28\/mettre-en-place-une-delegation-unique-du-personnel\/","og_site_name":"Le Blog GERESO","article_published_time":"2016-06-28T05:41:59+00:00","article_modified_time":"2016-07-04T07:07:27+00:00","og_image":[{"width":600,"height":400,"url":"https:\/\/www.gereso.com\/actualites\/wp-content\/uploads\/2016\/06\/mettre-en-place-une-dup.jpg","type":"image\/jpeg"}],"author":"Gwendoline Aubourg","twitter_card":"summary_large_image","schema":{"@context":"https:\/\/schema.org","@graph":[{"@type":"WebPage","@id":"https:\/\/www.gereso.com\/actualites\/2016\/06\/28\/mettre-en-place-une-delegation-unique-du-personnel\/","url":"https:\/\/www.gereso.com\/actualites\/2016\/06\/28\/mettre-en-place-une-delegation-unique-du-personnel\/","name":"Mettre en place une D\u00e9l\u00e9gation Unique du Personnel - Le Blog GERESO","isPartOf":{"@id":"https:\/\/www.gereso.com\/actualites\/#website"},"primaryImageOfPage":{"@id":"https:\/\/www.gereso.com\/actualites\/2016\/06\/28\/mettre-en-place-une-delegation-unique-du-personnel\/#primaryimage"},"image":{"@id":"https:\/\/www.gereso.com\/actualites\/2016\/06\/28\/mettre-en-place-une-delegation-unique-du-personnel\/#primaryimage"},"thumbnailUrl":"https:\/\/www.gereso.com\/actualites\/wp-content\/uploads\/2016\/06\/mettre-en-place-une-dup.jpg","datePublished":"2016-06-28T05:41:59+00:00","dateModified":"2016-07-04T07:07:27+00:00","author":{"@id":"https:\/\/www.gereso.com\/actualites\/#\/schema\/person\/74853d141382f3563939c9e96dcdc2ce"},"breadcrumb":{"@id":"https:\/\/www.gereso.com\/actualites\/2016\/06\/28\/mettre-en-place-une-delegation-unique-du-personnel\/#breadcrumb"},"inLanguage":"fr-FR","potentialAction":[{"@type":"ReadAction","target":["https:\/\/www.gereso.com\/actualites\/2016\/06\/28\/mettre-en-place-une-delegation-unique-du-personnel\/"]}]},{"@type":"ImageObject","inLanguage":"fr-FR","@id":"https:\/\/www.gereso.com\/actualites\/2016\/06\/28\/mettre-en-place-une-delegation-unique-du-personnel\/#primaryimage","url":"https:\/\/www.gereso.com\/actualites\/wp-content\/uploads\/2016\/06\/mettre-en-place-une-dup.jpg","contentUrl":"https:\/\/www.gereso.com\/actualites\/wp-content\/uploads\/2016\/06\/mettre-en-place-une-dup.jpg","width":600,"height":400,"caption":"Regrouper les IRP avec la mise en place d'une DUP"},{"@type":"BreadcrumbList","@id":"https:\/\/www.gereso.com\/actualites\/2016\/06\/28\/mettre-en-place-une-delegation-unique-du-personnel\/#breadcrumb","itemListElement":[{"@type":"ListItem","position":1,"name":"Home","item":"https:\/\/www.gereso.com\/actualites\/"},{"@type":"ListItem","position":2,"name":"Mettre en place une D\u00e9l\u00e9gation Unique du Personnel"}]},{"@type":"WebSite","@id":"https:\/\/www.gereso.com\/actualites\/#website","url":"https:\/\/www.gereso.com\/actualites\/","name":"Le Blog GERESO","description":"Toute l&#039;actu RH, Finance, Fonction Publique, Management...","potentialAction":[{"@type":"SearchAction","target":{"@type":"EntryPoint","urlTemplate":"https:\/\/www.gereso.com\/actualites\/?s={search_term_string}"},"query-input":{"@type":"PropertyValueSpecification","valueRequired":true,"valueName":"search_term_string"}}],"inLanguage":"fr-FR"},{"@type":"Person","@id":"https:\/\/www.gereso.com\/actualites\/#\/schema\/person\/74853d141382f3563939c9e96dcdc2ce","name":"Gwendoline Aubourg","image":{"@type":"ImageObject","inLanguage":"fr-FR","@id":"https:\/\/www.gereso.com\/actualites\/#\/schema\/person\/image\/","url":"https:\/\/www.gereso.com\/actualites\/wp-content\/uploads\/2016\/10\/GwendolineAubourg-1-144x144.jpg","contentUrl":"https:\/\/www.gereso.com\/actualites\/wp-content\/uploads\/2016\/10\/GwendolineAubourg-1-144x144.jpg","caption":"Gwendoline Aubourg"},"description":"Juriste, dipl\u00f4m\u00e9e en droit social de la Facult\u00e9 des sciences juridiques, politiques et sociales de Lille, r\u00e9dactrice RH et auteure de nombreux ouvrages sur les th\u00e8mes du droit du travail et des droits du consommateurs.","url":"https:\/\/www.gereso.com\/actualites\/author\/g-aubourg\/"}]}},"_links":{"self":[{"href":"https:\/\/www.gereso.com\/actualites\/wp-json\/wp\/v2\/posts\/6552","targetHints":{"allow":["GET"]}}],"collection":[{"href":"https:\/\/www.gereso.com\/actualites\/wp-json\/wp\/v2\/posts"}],"about":[{"href":"https:\/\/www.gereso.com\/actualites\/wp-json\/wp\/v2\/types\/post"}],"author":[{"embeddable":true,"href":"https:\/\/www.gereso.com\/actualites\/wp-json\/wp\/v2\/users\/44"}],"replies":[{"embeddable":true,"href":"https:\/\/www.gereso.com\/actualites\/wp-json\/wp\/v2\/comments?post=6552"}],"version-history":[{"count":3,"href":"https:\/\/www.gereso.com\/actualites\/wp-json\/wp\/v2\/posts\/6552\/revisions"}],"predecessor-version":[{"id":6591,"href":"https:\/\/www.gereso.com\/actualites\/wp-json\/wp\/v2\/posts\/6552\/revisions\/6591"}],"wp:featuredmedia":[{"embeddable":true,"href":"https:\/\/www.gereso.com\/actualites\/wp-json\/wp\/v2\/media\/6554"}],"wp:attachment":[{"href":"https:\/\/www.gereso.com\/actualites\/wp-json\/wp\/v2\/media?parent=6552"}],"wp:term":[{"taxonomy":"category","embeddable":true,"href":"https:\/\/www.gereso.com\/actualites\/wp-json\/wp\/v2\/categories?post=6552"},{"taxonomy":"post_tag","embeddable":true,"href":"https:\/\/www.gereso.com\/actualites\/wp-json\/wp\/v2\/tags?post=6552"}],"curies":[{"name":"wp","href":"https:\/\/api.w.org\/{rel}","templated":true}]}}