{"id":6626,"date":"2016-07-12T16:23:57","date_gmt":"2016-07-12T14:23:57","guid":{"rendered":"https:\/\/www.gereso.com\/actualites\/?p=6626"},"modified":"2017-06-09T09:27:49","modified_gmt":"2017-06-09T07:27:49","slug":"licenciement-economique-grands-groupes-plus-vulnerables-que-petites-entreprises-si-contentieux","status":"publish","type":"post","link":"https:\/\/www.gereso.com\/actualites\/2016\/07\/12\/licenciement-economique-grands-groupes-plus-vulnerables-que-petites-entreprises-si-contentieux\/","title":{"rendered":"Licenciement \u00e9conomique : Les grands groupes sont plus vuln\u00e9rables que les petites entreprises en cas de contentieux"},"content":{"rendered":"<p style=\"text-align: justify;\">En mati\u00e8re de <strong>licenciement \u00e9conomique<\/strong>, les <strong>grands groupes sont plus vuln\u00e9rables que les autres types d&rsquo;entreprise<\/strong> d&rsquo;apr\u00e8s les r\u00e9sultats d&rsquo;une \u00e9tude effectu\u00e9e par Microeconomix (cabinet d&rsquo;expertise \u00e9conomique), en partenariat avec Avosial.<\/p>\n<p style=\"text-align: justify;\">Ce ce que l&rsquo;enqu\u00eate r\u00e9alis\u00e9e par les instigateurs de la d\u00e9marche montre, sur les 838 arr\u00eats rendus entre 2004 et 2013 par la Cour de cassation. Pour les <strong>soci\u00e9t\u00e9s appartenant \u00e0 un groupe<\/strong>, <strong>les contentieux se soldent en faveur des salari\u00e9s dans 71,3% des cas<\/strong>, tandis que ce taux de succ\u00e8s passe \u00e0 65,3% des cas, toutes entreprises confondues.<\/p>\n<p style=\"text-align: justify;\">Selon Olivier Sautel, <strong>\u00ab\u00a0<\/strong><em> &#8230; <strong>si elle \u00e9clate aujourd&rsquo;hui au grand jour, cette faiblesse \u00e9tait pressentie par l&rsquo;ensemble des praticiens qui voient bien\u00a0 que les grands groupes \u00e9prouvent de grandes difficult\u00e9s \u00e0 justifier la motivation d&rsquo;un licenciement\u00a0\u00bb.<\/strong><\/em> Et pour cause, si une filiale fran\u00e7aise d&rsquo;un groupe internationale venait \u00e0 se mettre en difficult\u00e9, elle ne pourrait pas se r\u00e9fugier derri\u00e8re ses propres ennuis financiers pour justifier un PSE dans le cas o\u00f9 l&rsquo;int\u00e9gralit\u00e9 du secteur d&rsquo;activit\u00e9 du groupe prosp\u00e8re.<\/p>\n<p style=\"text-align: justify;\">Par ailleurs, \u00ab\u00a0&#8230; <em><strong>les avocats qui d\u00e9fendent les salari\u00e9s dans le cas d&rsquo;un tel contentieux le reconnaissent ais\u00e9ment, il leur suffit souvent de soulever l&rsquo;argument pour gagner leur affaire\u00a0\u00bb,<\/strong><\/em> explique Jean Martinez avocat associ\u00e9 au sein du cabinet Chassany Watrelot &amp; Associ\u00e9s.<\/p>\n<p style=\"text-align: justify;\">Selon ces derniers, les <strong>exigences jurisprudentielles en mati\u00e8re de licenciement \u00e9conomique qui n&rsquo;auraient pas \u00e9volu\u00e9 depuis 20 ans seraient la cause de cette situation pr\u00e9judiciable<\/strong> aux groupes. Par rapport \u00e0 cela, deux strat\u00e9gies s&rsquo;offrent aux grands groupes selon les explications d&rsquo;Olivier Sautel :<\/p>\n<ul style=\"text-align: justify;\">\n<li>soit int\u00e9rioriser cette contrainte jurisprudentielle en \u0153uvrant \u00e0 d\u00e9montrer le caract\u00e8re mondial des difficult\u00e9s \u00e9conomiques ressenties par une filiale et en faisant <i>\u00ab\u2009l\u2019effort de d\u00e9gager le bon argumentaire\u2009\u00bb<\/i><i>,<\/i><\/li>\n<li>soit chercher \u00e0 vouloir faire \u00e9voluer cette jurisprudence en faisant appel \u00e0 de nouveaux \u00e9l\u00e9ments factuels au niveau du juge pour lui d\u00e9montrer la pertinence de choisir un p\u00e9rim\u00e8tre d\u2019application r\u00e9duit.<\/li>\n<\/ul>\n<p style=\"text-align: justify;\"><em>Source<\/em> :<a href=\"http:\/\/business.lesechos.fr\/directions-juridiques\/droit-des-affaires\/contentieux\/0211054984601-licenciement-economique-la-vulnerabilite-des-entreprises-est-proportionnelle-a-leur-taille-211825.php?xtor=EPR-16-%5Bdrh%5D-20160705-%5BProv_%5D-2121742%402\" target=\"_blank\" rel=\"nofollow\">business.lesechos.fr<\/a><\/p>\n<p>&nbsp;<\/p>\n","protected":false},"excerpt":{"rendered":"<p>En mati\u00e8re de licenciement \u00e9conomique, les grands groupes sont plus vuln\u00e9rables que les autres types d&rsquo;entreprise d&rsquo;apr\u00e8s les r\u00e9sultats d&rsquo;une \u00e9tude effectu\u00e9e par Microeconomix (cabinet d&rsquo;expertise \u00e9conomique), en partenariat avec Avosial. Ce ce que l&rsquo;enqu\u00eate r\u00e9alis\u00e9e par les instigateurs de la d\u00e9marche montre, sur les 838 arr\u00eats rendus entre 2004 et 2013 par la Cour [&hellip;]<\/p>\n","protected":false},"author":32,"featured_media":0,"comment_status":"open","ping_status":"open","sticky":false,"template":"","format":"quote","meta":{"_acf_changed":false,"_mi_skip_tracking":false,"footnotes":""},"categories":[12,776],"tags":[170,774,214],"class_list":["post-6626","post","type-post","status-publish","format-quote","hentry","category-actualites","category-droit-des-affaires","tag-jurisprudence","tag-licenciement-economique","tag-vulnerabilite","post_format-post-format-quote"],"acf":[],"yoast_head":"<!-- This site is optimized with the Yoast SEO plugin v23.4 - https:\/\/yoast.com\/wordpress\/plugins\/seo\/ -->\n<title>Licenciement \u00e9conomique : Les grands groupes sont plus vuln\u00e9rables que les petites entreprises en cas de contentieux - Le Blog GERESO<\/title>\n<meta name=\"robots\" content=\"index, follow, max-snippet:-1, max-image-preview:large, max-video-preview:-1\" \/>\n<link rel=\"canonical\" href=\"https:\/\/www.gereso.com\/actualites\/2016\/07\/12\/licenciement-economique-grands-groupes-plus-vulnerables-que-petites-entreprises-si-contentieux\/\" \/>\n<meta property=\"og:locale\" content=\"fr_FR\" \/>\n<meta property=\"og:type\" content=\"article\" \/>\n<meta property=\"og:title\" content=\"Licenciement \u00e9conomique : Les grands groupes sont plus vuln\u00e9rables que les petites entreprises en cas de contentieux - Le Blog GERESO\" \/>\n<meta property=\"og:description\" content=\"En mati\u00e8re de licenciement \u00e9conomique, les grands groupes sont plus vuln\u00e9rables que les autres types d&rsquo;entreprise d&rsquo;apr\u00e8s les r\u00e9sultats d&rsquo;une \u00e9tude effectu\u00e9e par Microeconomix (cabinet d&rsquo;expertise \u00e9conomique), en partenariat avec Avosial. Ce ce que l&rsquo;enqu\u00eate r\u00e9alis\u00e9e par les instigateurs de la d\u00e9marche montre, sur les 838 arr\u00eats rendus entre 2004 et 2013 par la Cour [&hellip;]\" \/>\n<meta property=\"og:url\" content=\"https:\/\/www.gereso.com\/actualites\/2016\/07\/12\/licenciement-economique-grands-groupes-plus-vulnerables-que-petites-entreprises-si-contentieux\/\" \/>\n<meta property=\"og:site_name\" content=\"Le Blog GERESO\" \/>\n<meta property=\"article:published_time\" content=\"2016-07-12T14:23:57+00:00\" \/>\n<meta property=\"article:modified_time\" content=\"2017-06-09T07:27:49+00:00\" \/>\n<meta name=\"author\" content=\"\u00c9quipe GERESO\" \/>\n<meta name=\"twitter:card\" content=\"summary_large_image\" \/>\n<script type=\"application\/ld+json\" class=\"yoast-schema-graph\">{\"@context\":\"https:\/\/schema.org\",\"@graph\":[{\"@type\":\"WebPage\",\"@id\":\"https:\/\/www.gereso.com\/actualites\/2016\/07\/12\/licenciement-economique-grands-groupes-plus-vulnerables-que-petites-entreprises-si-contentieux\/\",\"url\":\"https:\/\/www.gereso.com\/actualites\/2016\/07\/12\/licenciement-economique-grands-groupes-plus-vulnerables-que-petites-entreprises-si-contentieux\/\",\"name\":\"Licenciement \u00e9conomique : Les grands groupes sont plus vuln\u00e9rables que les petites entreprises en cas de contentieux - Le Blog GERESO\",\"isPartOf\":{\"@id\":\"https:\/\/www.gereso.com\/actualites\/#website\"},\"datePublished\":\"2016-07-12T14:23:57+00:00\",\"dateModified\":\"2017-06-09T07:27:49+00:00\",\"author\":{\"@id\":\"https:\/\/www.gereso.com\/actualites\/#\/schema\/person\/197d8aef40cb4ae3f6a0aa9e1d3df2a6\"},\"breadcrumb\":{\"@id\":\"https:\/\/www.gereso.com\/actualites\/2016\/07\/12\/licenciement-economique-grands-groupes-plus-vulnerables-que-petites-entreprises-si-contentieux\/#breadcrumb\"},\"inLanguage\":\"fr-FR\",\"potentialAction\":[{\"@type\":\"ReadAction\",\"target\":[\"https:\/\/www.gereso.com\/actualites\/2016\/07\/12\/licenciement-economique-grands-groupes-plus-vulnerables-que-petites-entreprises-si-contentieux\/\"]}]},{\"@type\":\"BreadcrumbList\",\"@id\":\"https:\/\/www.gereso.com\/actualites\/2016\/07\/12\/licenciement-economique-grands-groupes-plus-vulnerables-que-petites-entreprises-si-contentieux\/#breadcrumb\",\"itemListElement\":[{\"@type\":\"ListItem\",\"position\":1,\"name\":\"Home\",\"item\":\"https:\/\/www.gereso.com\/actualites\/\"},{\"@type\":\"ListItem\",\"position\":2,\"name\":\"Licenciement \u00e9conomique : Les grands groupes sont plus vuln\u00e9rables que les petites entreprises en cas de contentieux\"}]},{\"@type\":\"WebSite\",\"@id\":\"https:\/\/www.gereso.com\/actualites\/#website\",\"url\":\"https:\/\/www.gereso.com\/actualites\/\",\"name\":\"Le Blog GERESO\",\"description\":\"Toute l&#039;actu RH, Finance, Fonction Publique, Management...\",\"potentialAction\":[{\"@type\":\"SearchAction\",\"target\":{\"@type\":\"EntryPoint\",\"urlTemplate\":\"https:\/\/www.gereso.com\/actualites\/?s={search_term_string}\"},\"query-input\":{\"@type\":\"PropertyValueSpecification\",\"valueRequired\":true,\"valueName\":\"search_term_string\"}}],\"inLanguage\":\"fr-FR\"},{\"@type\":\"Person\",\"@id\":\"https:\/\/www.gereso.com\/actualites\/#\/schema\/person\/197d8aef40cb4ae3f6a0aa9e1d3df2a6\",\"name\":\"\u00c9quipe GERESO\",\"image\":{\"@type\":\"ImageObject\",\"inLanguage\":\"fr-FR\",\"@id\":\"https:\/\/www.gereso.com\/actualites\/#\/schema\/person\/image\/\",\"url\":\"https:\/\/www.gereso.com\/actualites\/wp-content\/uploads\/2013\/12\/avatar-gereso-1.png\",\"contentUrl\":\"https:\/\/www.gereso.com\/actualites\/wp-content\/uploads\/2013\/12\/avatar-gereso-1.png\",\"caption\":\"\u00c9quipe GERESO\"},\"url\":\"https:\/\/www.gereso.com\/actualites\/author\/gereso\/\"}]}<\/script>\n<!-- \/ Yoast SEO plugin. -->","yoast_head_json":{"title":"Licenciement \u00e9conomique : Les grands groupes sont plus vuln\u00e9rables que les petites entreprises en cas de contentieux - Le Blog GERESO","robots":{"index":"index","follow":"follow","max-snippet":"max-snippet:-1","max-image-preview":"max-image-preview:large","max-video-preview":"max-video-preview:-1"},"canonical":"https:\/\/www.gereso.com\/actualites\/2016\/07\/12\/licenciement-economique-grands-groupes-plus-vulnerables-que-petites-entreprises-si-contentieux\/","og_locale":"fr_FR","og_type":"article","og_title":"Licenciement \u00e9conomique : Les grands groupes sont plus vuln\u00e9rables que les petites entreprises en cas de contentieux - Le Blog GERESO","og_description":"En mati\u00e8re de licenciement \u00e9conomique, les grands groupes sont plus vuln\u00e9rables que les autres types d&rsquo;entreprise d&rsquo;apr\u00e8s les r\u00e9sultats d&rsquo;une \u00e9tude effectu\u00e9e par Microeconomix (cabinet d&rsquo;expertise \u00e9conomique), en partenariat avec Avosial. Ce ce que l&rsquo;enqu\u00eate r\u00e9alis\u00e9e par les instigateurs de la d\u00e9marche montre, sur les 838 arr\u00eats rendus entre 2004 et 2013 par la Cour [&hellip;]","og_url":"https:\/\/www.gereso.com\/actualites\/2016\/07\/12\/licenciement-economique-grands-groupes-plus-vulnerables-que-petites-entreprises-si-contentieux\/","og_site_name":"Le Blog GERESO","article_published_time":"2016-07-12T14:23:57+00:00","article_modified_time":"2017-06-09T07:27:49+00:00","author":"\u00c9quipe GERESO","twitter_card":"summary_large_image","schema":{"@context":"https:\/\/schema.org","@graph":[{"@type":"WebPage","@id":"https:\/\/www.gereso.com\/actualites\/2016\/07\/12\/licenciement-economique-grands-groupes-plus-vulnerables-que-petites-entreprises-si-contentieux\/","url":"https:\/\/www.gereso.com\/actualites\/2016\/07\/12\/licenciement-economique-grands-groupes-plus-vulnerables-que-petites-entreprises-si-contentieux\/","name":"Licenciement \u00e9conomique : Les grands groupes sont plus vuln\u00e9rables que les petites entreprises en cas de contentieux - Le Blog GERESO","isPartOf":{"@id":"https:\/\/www.gereso.com\/actualites\/#website"},"datePublished":"2016-07-12T14:23:57+00:00","dateModified":"2017-06-09T07:27:49+00:00","author":{"@id":"https:\/\/www.gereso.com\/actualites\/#\/schema\/person\/197d8aef40cb4ae3f6a0aa9e1d3df2a6"},"breadcrumb":{"@id":"https:\/\/www.gereso.com\/actualites\/2016\/07\/12\/licenciement-economique-grands-groupes-plus-vulnerables-que-petites-entreprises-si-contentieux\/#breadcrumb"},"inLanguage":"fr-FR","potentialAction":[{"@type":"ReadAction","target":["https:\/\/www.gereso.com\/actualites\/2016\/07\/12\/licenciement-economique-grands-groupes-plus-vulnerables-que-petites-entreprises-si-contentieux\/"]}]},{"@type":"BreadcrumbList","@id":"https:\/\/www.gereso.com\/actualites\/2016\/07\/12\/licenciement-economique-grands-groupes-plus-vulnerables-que-petites-entreprises-si-contentieux\/#breadcrumb","itemListElement":[{"@type":"ListItem","position":1,"name":"Home","item":"https:\/\/www.gereso.com\/actualites\/"},{"@type":"ListItem","position":2,"name":"Licenciement \u00e9conomique : Les grands groupes sont plus vuln\u00e9rables que les petites entreprises en cas de contentieux"}]},{"@type":"WebSite","@id":"https:\/\/www.gereso.com\/actualites\/#website","url":"https:\/\/www.gereso.com\/actualites\/","name":"Le Blog GERESO","description":"Toute l&#039;actu RH, Finance, Fonction Publique, Management...","potentialAction":[{"@type":"SearchAction","target":{"@type":"EntryPoint","urlTemplate":"https:\/\/www.gereso.com\/actualites\/?s={search_term_string}"},"query-input":{"@type":"PropertyValueSpecification","valueRequired":true,"valueName":"search_term_string"}}],"inLanguage":"fr-FR"},{"@type":"Person","@id":"https:\/\/www.gereso.com\/actualites\/#\/schema\/person\/197d8aef40cb4ae3f6a0aa9e1d3df2a6","name":"\u00c9quipe GERESO","image":{"@type":"ImageObject","inLanguage":"fr-FR","@id":"https:\/\/www.gereso.com\/actualites\/#\/schema\/person\/image\/","url":"https:\/\/www.gereso.com\/actualites\/wp-content\/uploads\/2013\/12\/avatar-gereso-1.png","contentUrl":"https:\/\/www.gereso.com\/actualites\/wp-content\/uploads\/2013\/12\/avatar-gereso-1.png","caption":"\u00c9quipe GERESO"},"url":"https:\/\/www.gereso.com\/actualites\/author\/gereso\/"}]}},"_links":{"self":[{"href":"https:\/\/www.gereso.com\/actualites\/wp-json\/wp\/v2\/posts\/6626","targetHints":{"allow":["GET"]}}],"collection":[{"href":"https:\/\/www.gereso.com\/actualites\/wp-json\/wp\/v2\/posts"}],"about":[{"href":"https:\/\/www.gereso.com\/actualites\/wp-json\/wp\/v2\/types\/post"}],"author":[{"embeddable":true,"href":"https:\/\/www.gereso.com\/actualites\/wp-json\/wp\/v2\/users\/32"}],"replies":[{"embeddable":true,"href":"https:\/\/www.gereso.com\/actualites\/wp-json\/wp\/v2\/comments?post=6626"}],"version-history":[{"count":3,"href":"https:\/\/www.gereso.com\/actualites\/wp-json\/wp\/v2\/posts\/6626\/revisions"}],"predecessor-version":[{"id":6628,"href":"https:\/\/www.gereso.com\/actualites\/wp-json\/wp\/v2\/posts\/6626\/revisions\/6628"}],"wp:attachment":[{"href":"https:\/\/www.gereso.com\/actualites\/wp-json\/wp\/v2\/media?parent=6626"}],"wp:term":[{"taxonomy":"category","embeddable":true,"href":"https:\/\/www.gereso.com\/actualites\/wp-json\/wp\/v2\/categories?post=6626"},{"taxonomy":"post_tag","embeddable":true,"href":"https:\/\/www.gereso.com\/actualites\/wp-json\/wp\/v2\/tags?post=6626"}],"curies":[{"name":"wp","href":"https:\/\/api.w.org\/{rel}","templated":true}]}}