{"id":6630,"date":"2016-07-06T10:16:05","date_gmt":"2016-07-06T08:16:05","guid":{"rendered":"https:\/\/www.gereso.com\/actualites\/?p=6630"},"modified":"2016-07-06T11:34:33","modified_gmt":"2016-07-06T09:34:33","slug":"formation-professionnelle-continue-les-tendances-pour-2017-selon-gereso","status":"publish","type":"post","link":"https:\/\/www.gereso.com\/actualites\/2016\/07\/06\/formation-professionnelle-continue-les-tendances-pour-2017-selon-gereso\/","title":{"rendered":"Formation professionnelle continue : les tendances pour 2017 selon GERESO"},"content":{"rendered":"<h2>Bonjour Vincent, quelles sont vos missions en tant que directeur des activit\u00e9s chez GERESO ?<\/h2>\n<p>Mon p\u00e9rim\u00e8tre englobe les trois activit\u00e9s qui forment le c\u0153ur de mission de GERESO &#8211; formation, \u00e9dition et conseil &#8211; ainsi que le service marketing et le p\u00f4le p\u00e9dagogique. Ce dernier joue un r\u00f4le cl\u00e9 car il assure la relation avec tous nos consultants, qui animent environ 1200 sessions de formation interentreprises et 1000 sessions de formation intra-entreprise par an.<\/p>\n<p>Le p\u00f4le p\u00e9dagogique fait vivre et \u00e9voluer notre offre de formation en tenant compte de l&rsquo;actualit\u00e9, qui suscite souvent de nouveaux besoins. Nous veillons donc, d&rsquo;une part, \u00e0 anticiper ces besoins et, d&rsquo;autre part, \u00e0 \u00e9viter la \u00ab\u00a0p\u00e9nurie de comp\u00e9tences\u00a0\u00bb en recherchant des consultants experts et disponibles, pour \u00e9laborer des offres de formation qui correspondent aux vraies attentes, sur le terrain, des professionnels RH.<\/p>\n<h2>La loi du 5 mars 2014 a introduit le Compte Personnel de Formation (CPF). Quel est son impact sur les salari\u00e9s ?<\/h2>\n<p>Nous \u00e9voluons d\u00e9sormais dans un monde professionnel o\u00f9 <strong>les salari\u00e9s ont l&rsquo;opportunit\u00e9 de prendre en main leur avenir. <\/strong>On ne r\u00e9alise plus l&rsquo;ensemble de sa carri\u00e8re dans la m\u00eame entreprise, il faut donc \u00eatre mobile et agile et dans ce contexte, la comp\u00e9tence devient une arme pour \u00e9voluer dans le monde du travail. Les g\u00e9n\u00e9rations X et Y t\u00e9moignent tout particuli\u00e8rement de cette mentalit\u00e9 o\u00f9 l&rsquo;on cherche en permanence \u00e0 <strong>se nourrir de savoirs.<\/strong><\/p>\n<p>Le l\u00e9gislateur n&rsquo;a fait que renforcer cette tendance, d&rsquo;abord avec la cr\u00e9ation du DIF en 2004 qui permettait \u00e0 chaque salari\u00e9 de se constituer un cr\u00e9dit d&rsquo;heures d\u00e9di\u00e9 \u00e0 la formation. Cette initiative a \u00e9t\u00e9 suivie par la mise en place de la portabilit\u00e9 du DIF en 2009, qui permettait de conserver ses droits en cas de changement d&rsquo;entreprise. Enfin, l<strong>a loi du 5 mars 2014 donne aux salari\u00e9s une emprise encore plus forte sur leur possibilit\u00e9 de se former<\/strong> car d\u00e9sormais, ils g\u00e8rent eux-m\u00eames gr\u00e2ce au CPF les droits qu&rsquo;ils acqui\u00e8rent.<\/p>\n<h2>Quelles sont, selon vous, les incidences majeures, sur le long terme, de la loi du 5 mars 2014\u00a0?<\/h2>\n<p>A mes yeux, la loi comporte <strong>4 orientations majeures :<\/strong><\/p>\n<p>1) La <strong>responsabilisation<\/strong> de l&rsquo;entreprise et de l&rsquo;individu : l&rsquo;individu est responsable de la gestion de ses droits \u00e0 la formation et gr\u00e2ce aux entretiens professionnels, l&rsquo;entreprise n&rsquo;a plus d&rsquo;obligation de d\u00e9pense mais plut\u00f4t une obligation sociale de former les salari\u00e9s.<\/p>\n<p>2) La <strong>s\u00e9curisation des parcours <\/strong>: il appartient d\u00e9sormais \u00e0 chacun de s\u00e9curiser son propre parcours professionnel en d\u00e9veloppant ses comp\u00e9tences. L&rsquo;individu peut d&rsquo;ailleurs b\u00e9n\u00e9ficier gratuitement de l&rsquo;accompagnement d&rsquo;un conseiller en \u00e9volution professionnelle. Le service est propos\u00e9 par diff\u00e9rentes structures comme P\u00f4le Emploi, l&rsquo;APEC, le CAP Emploi ou encore les missions locales.<\/p>\n<p>3) La <strong>simplification<\/strong>, avec le CPF qui suit le salari\u00e9 tout au long de sa carri\u00e8re.<\/p>\n<p>4) La <strong>certification<\/strong>, \u00e0 travers le CPF mais aussi le renforcement du cong\u00e9 individuel de formation, qui peut \u00eatre cumul\u00e9 avec le CPF pour \u00e9tendre les possibilit\u00e9s de financement.<\/p>\n<h2>Justement, GERESO propose-t-il des formations certifiantes ou dipl\u00f4mantes ?<\/h2>\n<p>Nous dispensons aujourd&rsquo;hui une trentaine de formations d\u00e9bouchant sur une <strong>certification professionnelle reconnue par l&rsquo;Office Professionnel de Qualification des Organismes de Formation (OPQF)<\/strong> ainsi que 4 dipl\u00f4mes&#8230; et bient\u00f4t un cinqui\u00e8me, de niveau Bac+2 \u00e0 Bac+5. Ces formations r\u00e9sultent de partenariats entre GERESO, qui assure la formation, et une \u00e9cole, qui certifie c&rsquo;est-\u00e0-dire qui fait passer l&rsquo;examen validant les comp\u00e9tences acquises.<\/p>\n<h2>Quel est l&rsquo;int\u00e9r\u00eat pour un apprenant de passer par un organisme de formation comme le v\u00f4tre plut\u00f4t que par l&rsquo;\u00e9cole en direct ?<\/h2>\n<p>Les \u00e9coles proposent en g\u00e9n\u00e9ral deux voies : la formation initiale et la formation continue \u00e0 temps partiel sur 2 ou 3 jours par semaine. C&rsquo;est donc un rythme assez lourd pour des personnes qui souhaitent se former tout en ayant une activit\u00e9 professionnelle. Nous nous adressons souvent \u00e0 un public de professionnels qui sont d\u00e9j\u00e0 en poste sans \u00eatre titulaires du dipl\u00f4me associ\u00e9&#8230; ou qui occupent un poste inf\u00e9rieur mais souhaiteraient \u00e9voluer. Etant d\u00e9j\u00e0 dans le monde professionnel, ils ont souvent des comp\u00e9tences acquises sur le terrain, ce qui nous permet de <strong>les former sur une p\u00e9riode plus courte,<\/strong> en mettant davantage l&rsquo;accent sur la pratique.<\/p>\n<p>Nous proposons par exemple un dipl\u00f4me en partenariat avec l&rsquo;universit\u00e9 du Maine, o\u00f9 l&rsquo;universit\u00e9 assure la formation acad\u00e9mique tandis que nous formons les apprenants sur la dimension plus pratique et op\u00e9rationnelle. <strong>Nous prenons en quelque sorte \u00ab\u00a0le meilleur des deux mondes\u00a0\u00bb <\/strong>pour offrir une formation aussi compl\u00e8te que possible. GERESO fait d&rsquo;ailleurs partie des premiers organismes de formation \u00e0 avoir mis en place ce type de parcours.<\/p>\n<p>Les entreprises en sont tr\u00e8s friandes : elles ont tout int\u00e9r\u00eat \u00e0 <strong>emmener les salari\u00e9s comp\u00e9tents et motiv\u00e9s vers l&rsquo;obtention d&rsquo;un dipl\u00f4me, <\/strong>d\u00e9livr\u00e9 par un tiers de confiance qui valide l&rsquo;acquisition de certains savoirs et savoir-faire. Elles sont donc souvent pr\u00eates \u00e0 financer et pour le salari\u00e9, c&rsquo;est une vraie opportunit\u00e9 de progresser dans sa carri\u00e8re.<\/p>\n<h2>Les entreprises, comme les individus, semblent rechercher de plus en plus de souplesse en mati\u00e8re de formation&#8230; Est-ce que cette tendance explique le succ\u00e8s du web dans l&rsquo;univers de la formation (e-learning, d\u00e9mat\u00e9rialisation&#8230;) ?<\/h2>\n<p>\u00c0 mon sens, il faut adopter <strong>une approche pragmatique du e-learning,<\/strong> ne pas s&rsquo;y lancer juste parce que c&rsquo;est \u00e0 la mode ou parce que c&rsquo;est novateur. On peut y trouver un int\u00e9r\u00eat \u00e0 la fois p\u00e9dagogique et organisationnel.<\/p>\n<p>Sur le <strong>plan p\u00e9dagogique<\/strong> d&rsquo;abord, nous avons d\u00e9velopp\u00e9 chez GERESO plusieurs outils en ligne :<\/p>\n<ul>\n<li>Il y a d&rsquo;abord des <strong>modules disponibles en e-learning en amont de la formation<\/strong> : ils permettent de donner aux apprenants la mati\u00e8re premi\u00e8re, les savoirs utiles, sous forme de modules de 1h30 \u00e0 2h d\u00e9coup\u00e9s en s\u00e9quences courtes. Cela permet \u00e0 chacun d&rsquo;y passer le temps n\u00e9cessaire en fonction de ses disponibilit\u00e9s et de ses besoins. La formation en pr\u00e9sentiel peut alors se consacrer davantage \u00e0 la mise en pratique de ces savoirs, tout en apportant des explications ou des informations compl\u00e9mentaires.<\/li>\n<li>Nous proposons ensuite des <strong>classes virtuelles<\/strong>, apr\u00e8s la formation, qui favorisent les retours d&rsquo;exp\u00e9rience.<\/li>\n<li>Il y a \u00e9galement un <strong>e-tutorat<\/strong>, qui permet aux stagiaires de b\u00e9n\u00e9ficier d&rsquo;un accompagnement tout au long de leur formation.<\/li>\n<\/ul>\n<p>L&rsquo;int\u00e9r\u00eat du web en mati\u00e8re de formation professionnelle est aussi <strong>organisationnel<\/strong> : on peut par exemple mettre \u00e0 disposition des documents sur l&rsquo;espace en ligne de chaque stagiaire ; en amont de la formation, on leur fait remplir un <strong>questionnaire en ligne \u00a0sur leurs attentes<\/strong>. Cela permet, d&rsquo;une part, de s&rsquo;assurer que la formation choisie est bien en accord avec les attentes et, si n\u00e9cessaire, de r\u00e9orienter la personne vers une <strong>formation plus adapt\u00e9e \u00e0 ses besoins.<\/strong> Mais cela sert aussi au consultant, qui en prend connaissance afin d&rsquo;essayer ensuite de r\u00e9pondre au mieux aux attentes personnelles de chacun. Cela permet enfin d&rsquo;\u00e9viter un tour de table trop long en d\u00e9but de formation, permettant ainsi aux stagiaires de se concentrer pleinement sur l&rsquo;acquisition de nouveaux savoirs ou savoir-faire.<\/p>\n<p>A terme, nous souhaitons <strong>d\u00e9mat\u00e9rialiser un maximum de documents<\/strong> afin d&rsquo;apporter plus de confort aux stagiaires et aux entreprises. Impliquer le web dans la formation, c&rsquo;est aussi pouvoir offrir une meilleure exp\u00e9rience client !<\/p>\n<p>Sans compter que cela limite le recours au papier, une priorit\u00e9 pour GERESO qui s&rsquo;implique beaucoup dans une <strong>d\u00e9marche pro-environnementale<\/strong> : nous avons une charte RSE, nos dirigeants roulent dans des v\u00e9hicules hybrides et notre si\u00e8ge social du Mans est une ferme solaire, la premi\u00e8re de la r\u00e9gion et la plus grande centrale photovolta\u00efque de la ville.<\/p>\n<h2>GERESO a fait un pari audacieux : celui de faire \u00e9valuer la qualit\u00e9 des formations par un cabinet expert ind\u00e9pendant, Formetris. Qu&rsquo;est-ce qui a motiv\u00e9 cette d\u00e9cision ?<\/h2>\n<p>Les responsables formation doivent de plus en plus souvent <strong>justifier de la valeur ajout\u00e9e d&rsquo;une formation<\/strong>. Il ne s&rsquo;agit donc plus seulement d&rsquo;\u00e9valuer la formation elle-m\u00eame mais de mesurer \u00e9galement son impact concret sur l&rsquo;entreprise.<\/p>\n<p>Tr\u00e8s souvent, les formations sont \u00e9valu\u00e9es gr\u00e2ce \u00e0 la remise d&rsquo;un questionnaire aux participants \u00e0 l&rsquo;issue de la formation&#8230; et l&rsquo;on obtient <strong>des taux de satisfaction qui exc\u00e8dent toujours 95%.<\/strong> La raison est simple : la plupart des gens sont bienveillants et lorsque c&rsquo;est le formateur ou l&rsquo;organisme de formation lui-m\u00eame qui les interroge, ils ont tendance \u00e0 privil\u00e9gier les points positifs et \u00e0 temp\u00e9rer leurs remarques n\u00e9gatives.<\/p>\n<p>Chez GERESO, nous souhaitions sortir de cette logique quelque peu biais\u00e9e et \u00e9tudier les choses de mani\u00e8re plus objective. Nous avons donc fait appel \u00e0 Formetris pour r\u00e9aliser <strong>des \u00e9valuations en deux temps :<\/strong><\/p>\n<ul>\n<li><strong>Une partie se d\u00e9roule \u00ab\u00a0\u00e0 chaud\u00a0\u00bb,<\/strong> peu apr\u00e8s le stage : le stagiaire \u00e9value l&rsquo;expertise du consultant, la qualit\u00e9 des supports et de l&rsquo;accueil. Il d\u00e9finit aussi un plan d&rsquo;action \u00e0 mettre en place dans son entreprise.<\/li>\n<li><strong>La seconde partie a lieu \u00e0 froid, 3 \u00e0 4 mois apr\u00e8s la formation,<\/strong> ce qui permet de mesurer l&rsquo;impact de la formation sur le terrain et de voir si le stagiaire a pu respecter le plan d&rsquo;action qu&rsquo;il pr\u00e9voyait.<\/li>\n<\/ul>\n<p>&nbsp;<\/p>\n<p>Cela constitue un v\u00e9ritable <strong>outil d&rsquo;am\u00e9lioration continue<\/strong> car l&rsquo;\u00e9valuation donne des retours transparents et tr\u00e8s utiles. Nous obtenons \u00e0 ce jour des notes sup\u00e9rieures voire tr\u00e8s sup\u00e9rieures \u00e0 la moyenne sur l&rsquo;ensemble des indicateurs \u00e9valu\u00e9s et cette pr\u00e9sence d&rsquo;un \u00e9valuateur ind\u00e9pendant nous permet de l\u00e9gitimer notre posture d&rsquo;experts.<\/p>\n<p>Aujourd&rsquo;hui, la formation professionnelle ne consiste plus \u00e0 utiliser un budget pr\u00e9d\u00e9fini pour essayer de satisfaire les attentes d&rsquo;un maximum de salari\u00e9s. Pour le salari\u00e9, elle constitue un enjeu car les comp\u00e9tences acquises par la formation lui serviront <strong>tout au long de son parcours professionnel<\/strong>. Et pour l&rsquo;entreprise, c&rsquo;est la possibilit\u00e9 de <strong>d\u00e9tecter et de d\u00e9velopper les comp\u00e9tences de chacun<\/strong>. D&rsquo;o\u00f9 l&rsquo;importance de s&rsquo;assurer par une <strong>\u00e9valuation objective<\/strong> que la formation offre une r\u00e9elle valeur ajout\u00e9e !<\/p>\n","protected":false},"excerpt":{"rendered":"<p>Bonjour Vincent, quelles sont vos missions en tant que directeur des activit\u00e9s chez GERESO ? Mon p\u00e9rim\u00e8tre englobe les trois activit\u00e9s qui forment le c\u0153ur de mission de GERESO &#8211; formation, \u00e9dition et conseil &#8211; ainsi que le service marketing et le p\u00f4le p\u00e9dagogique. Ce dernier joue un r\u00f4le cl\u00e9 car il assure la relation [&hellip;]<\/p>\n","protected":false},"author":32,"featured_media":6632,"comment_status":"open","ping_status":"open","sticky":false,"template":"","format":"standard","meta":{"_acf_changed":false,"_mi_skip_tracking":false,"footnotes":""},"categories":[12,3,9,776,5,6,828,11,10,7,8,2,4,13],"tags":[46],"class_list":["post-6630","post","type-post","status-publish","format-standard","has-post-thumbnail","hentry","category-actualites","category-comptabilite-fiscalite-et-gestion-financiere","category-developpement-personnel-et-efficacite-professionnelle","category-droit-des-affaires","category-droit-du-travail","category-fonction-publique","category-formation-professionnelle","category-management-de-projet-strategie-et-organisation","category-management-et-leadership","category-mobilite-internationale","category-paie-et-administration-du-personnel","category-ressources-humaines","category-retraite-et-protection-sociale","category-sante-et-securite-au-travail","tag-formation-professionnelle"],"acf":[],"yoast_head":"<!-- This site is optimized with the Yoast SEO plugin v23.4 - https:\/\/yoast.com\/wordpress\/plugins\/seo\/ -->\n<title>Formation professionnelle continue : les tendances pour 2017 selon GERESO - Le Blog GERESO<\/title>\n<meta name=\"robots\" content=\"index, follow, max-snippet:-1, max-image-preview:large, max-video-preview:-1\" \/>\n<link rel=\"canonical\" href=\"https:\/\/www.gereso.com\/actualites\/2016\/07\/06\/formation-professionnelle-continue-les-tendances-pour-2017-selon-gereso\/\" \/>\n<meta property=\"og:locale\" content=\"fr_FR\" \/>\n<meta property=\"og:type\" content=\"article\" \/>\n<meta property=\"og:title\" content=\"Formation professionnelle continue : les tendances pour 2017 selon GERESO - Le Blog GERESO\" \/>\n<meta property=\"og:description\" content=\"Bonjour Vincent, quelles sont vos missions en tant que directeur des activit\u00e9s chez GERESO ? Mon p\u00e9rim\u00e8tre englobe les trois activit\u00e9s qui forment le c\u0153ur de mission de GERESO &#8211; formation, \u00e9dition et conseil &#8211; ainsi que le service marketing et le p\u00f4le p\u00e9dagogique. Ce dernier joue un r\u00f4le cl\u00e9 car il assure la relation [&hellip;]\" \/>\n<meta property=\"og:url\" content=\"https:\/\/www.gereso.com\/actualites\/2016\/07\/06\/formation-professionnelle-continue-les-tendances-pour-2017-selon-gereso\/\" \/>\n<meta property=\"og:site_name\" content=\"Le Blog GERESO\" \/>\n<meta property=\"article:published_time\" content=\"2016-07-06T08:16:05+00:00\" \/>\n<meta property=\"article:modified_time\" content=\"2016-07-06T09:34:33+00:00\" \/>\n<meta property=\"og:image\" content=\"https:\/\/www.gereso.com\/actualites\/wp-content\/uploads\/2016\/07\/tendances-formation-professionnelle-2017.jpg\" \/>\n\t<meta property=\"og:image:width\" content=\"600\" \/>\n\t<meta property=\"og:image:height\" content=\"400\" \/>\n\t<meta property=\"og:image:type\" content=\"image\/jpeg\" \/>\n<meta name=\"author\" content=\"\u00c9quipe GERESO\" \/>\n<meta name=\"twitter:card\" content=\"summary_large_image\" \/>\n<script type=\"application\/ld+json\" class=\"yoast-schema-graph\">{\"@context\":\"https:\/\/schema.org\",\"@graph\":[{\"@type\":\"WebPage\",\"@id\":\"https:\/\/www.gereso.com\/actualites\/2016\/07\/06\/formation-professionnelle-continue-les-tendances-pour-2017-selon-gereso\/\",\"url\":\"https:\/\/www.gereso.com\/actualites\/2016\/07\/06\/formation-professionnelle-continue-les-tendances-pour-2017-selon-gereso\/\",\"name\":\"Formation professionnelle continue : les tendances pour 2017 selon GERESO - Le Blog GERESO\",\"isPartOf\":{\"@id\":\"https:\/\/www.gereso.com\/actualites\/#website\"},\"primaryImageOfPage\":{\"@id\":\"https:\/\/www.gereso.com\/actualites\/2016\/07\/06\/formation-professionnelle-continue-les-tendances-pour-2017-selon-gereso\/#primaryimage\"},\"image\":{\"@id\":\"https:\/\/www.gereso.com\/actualites\/2016\/07\/06\/formation-professionnelle-continue-les-tendances-pour-2017-selon-gereso\/#primaryimage\"},\"thumbnailUrl\":\"https:\/\/www.gereso.com\/actualites\/wp-content\/uploads\/2016\/07\/tendances-formation-professionnelle-2017.jpg\",\"datePublished\":\"2016-07-06T08:16:05+00:00\",\"dateModified\":\"2016-07-06T09:34:33+00:00\",\"author\":{\"@id\":\"https:\/\/www.gereso.com\/actualites\/#\/schema\/person\/197d8aef40cb4ae3f6a0aa9e1d3df2a6\"},\"breadcrumb\":{\"@id\":\"https:\/\/www.gereso.com\/actualites\/2016\/07\/06\/formation-professionnelle-continue-les-tendances-pour-2017-selon-gereso\/#breadcrumb\"},\"inLanguage\":\"fr-FR\",\"potentialAction\":[{\"@type\":\"ReadAction\",\"target\":[\"https:\/\/www.gereso.com\/actualites\/2016\/07\/06\/formation-professionnelle-continue-les-tendances-pour-2017-selon-gereso\/\"]}]},{\"@type\":\"ImageObject\",\"inLanguage\":\"fr-FR\",\"@id\":\"https:\/\/www.gereso.com\/actualites\/2016\/07\/06\/formation-professionnelle-continue-les-tendances-pour-2017-selon-gereso\/#primaryimage\",\"url\":\"https:\/\/www.gereso.com\/actualites\/wp-content\/uploads\/2016\/07\/tendances-formation-professionnelle-2017.jpg\",\"contentUrl\":\"https:\/\/www.gereso.com\/actualites\/wp-content\/uploads\/2016\/07\/tendances-formation-professionnelle-2017.jpg\",\"width\":600,\"height\":400,\"caption\":\"Tendances de la formation professionnelle en 2017\"},{\"@type\":\"BreadcrumbList\",\"@id\":\"https:\/\/www.gereso.com\/actualites\/2016\/07\/06\/formation-professionnelle-continue-les-tendances-pour-2017-selon-gereso\/#breadcrumb\",\"itemListElement\":[{\"@type\":\"ListItem\",\"position\":1,\"name\":\"Home\",\"item\":\"https:\/\/www.gereso.com\/actualites\/\"},{\"@type\":\"ListItem\",\"position\":2,\"name\":\"Formation professionnelle continue : les tendances pour 2017 selon GERESO\"}]},{\"@type\":\"WebSite\",\"@id\":\"https:\/\/www.gereso.com\/actualites\/#website\",\"url\":\"https:\/\/www.gereso.com\/actualites\/\",\"name\":\"Le Blog GERESO\",\"description\":\"Toute l&#039;actu RH, Finance, Fonction Publique, Management...\",\"potentialAction\":[{\"@type\":\"SearchAction\",\"target\":{\"@type\":\"EntryPoint\",\"urlTemplate\":\"https:\/\/www.gereso.com\/actualites\/?s={search_term_string}\"},\"query-input\":{\"@type\":\"PropertyValueSpecification\",\"valueRequired\":true,\"valueName\":\"search_term_string\"}}],\"inLanguage\":\"fr-FR\"},{\"@type\":\"Person\",\"@id\":\"https:\/\/www.gereso.com\/actualites\/#\/schema\/person\/197d8aef40cb4ae3f6a0aa9e1d3df2a6\",\"name\":\"\u00c9quipe GERESO\",\"image\":{\"@type\":\"ImageObject\",\"inLanguage\":\"fr-FR\",\"@id\":\"https:\/\/www.gereso.com\/actualites\/#\/schema\/person\/image\/\",\"url\":\"https:\/\/www.gereso.com\/actualites\/wp-content\/uploads\/2013\/12\/avatar-gereso-1.png\",\"contentUrl\":\"https:\/\/www.gereso.com\/actualites\/wp-content\/uploads\/2013\/12\/avatar-gereso-1.png\",\"caption\":\"\u00c9quipe GERESO\"},\"url\":\"https:\/\/www.gereso.com\/actualites\/author\/gereso\/\"}]}<\/script>\n<!-- \/ Yoast SEO plugin. -->","yoast_head_json":{"title":"Formation professionnelle continue : les tendances pour 2017 selon GERESO - Le Blog GERESO","robots":{"index":"index","follow":"follow","max-snippet":"max-snippet:-1","max-image-preview":"max-image-preview:large","max-video-preview":"max-video-preview:-1"},"canonical":"https:\/\/www.gereso.com\/actualites\/2016\/07\/06\/formation-professionnelle-continue-les-tendances-pour-2017-selon-gereso\/","og_locale":"fr_FR","og_type":"article","og_title":"Formation professionnelle continue : les tendances pour 2017 selon GERESO - Le Blog GERESO","og_description":"Bonjour Vincent, quelles sont vos missions en tant que directeur des activit\u00e9s chez GERESO ? Mon p\u00e9rim\u00e8tre englobe les trois activit\u00e9s qui forment le c\u0153ur de mission de GERESO &#8211; formation, \u00e9dition et conseil &#8211; ainsi que le service marketing et le p\u00f4le p\u00e9dagogique. Ce dernier joue un r\u00f4le cl\u00e9 car il assure la relation [&hellip;]","og_url":"https:\/\/www.gereso.com\/actualites\/2016\/07\/06\/formation-professionnelle-continue-les-tendances-pour-2017-selon-gereso\/","og_site_name":"Le Blog GERESO","article_published_time":"2016-07-06T08:16:05+00:00","article_modified_time":"2016-07-06T09:34:33+00:00","og_image":[{"width":600,"height":400,"url":"https:\/\/www.gereso.com\/actualites\/wp-content\/uploads\/2016\/07\/tendances-formation-professionnelle-2017.jpg","type":"image\/jpeg"}],"author":"\u00c9quipe GERESO","twitter_card":"summary_large_image","schema":{"@context":"https:\/\/schema.org","@graph":[{"@type":"WebPage","@id":"https:\/\/www.gereso.com\/actualites\/2016\/07\/06\/formation-professionnelle-continue-les-tendances-pour-2017-selon-gereso\/","url":"https:\/\/www.gereso.com\/actualites\/2016\/07\/06\/formation-professionnelle-continue-les-tendances-pour-2017-selon-gereso\/","name":"Formation professionnelle continue : les tendances pour 2017 selon GERESO - Le Blog GERESO","isPartOf":{"@id":"https:\/\/www.gereso.com\/actualites\/#website"},"primaryImageOfPage":{"@id":"https:\/\/www.gereso.com\/actualites\/2016\/07\/06\/formation-professionnelle-continue-les-tendances-pour-2017-selon-gereso\/#primaryimage"},"image":{"@id":"https:\/\/www.gereso.com\/actualites\/2016\/07\/06\/formation-professionnelle-continue-les-tendances-pour-2017-selon-gereso\/#primaryimage"},"thumbnailUrl":"https:\/\/www.gereso.com\/actualites\/wp-content\/uploads\/2016\/07\/tendances-formation-professionnelle-2017.jpg","datePublished":"2016-07-06T08:16:05+00:00","dateModified":"2016-07-06T09:34:33+00:00","author":{"@id":"https:\/\/www.gereso.com\/actualites\/#\/schema\/person\/197d8aef40cb4ae3f6a0aa9e1d3df2a6"},"breadcrumb":{"@id":"https:\/\/www.gereso.com\/actualites\/2016\/07\/06\/formation-professionnelle-continue-les-tendances-pour-2017-selon-gereso\/#breadcrumb"},"inLanguage":"fr-FR","potentialAction":[{"@type":"ReadAction","target":["https:\/\/www.gereso.com\/actualites\/2016\/07\/06\/formation-professionnelle-continue-les-tendances-pour-2017-selon-gereso\/"]}]},{"@type":"ImageObject","inLanguage":"fr-FR","@id":"https:\/\/www.gereso.com\/actualites\/2016\/07\/06\/formation-professionnelle-continue-les-tendances-pour-2017-selon-gereso\/#primaryimage","url":"https:\/\/www.gereso.com\/actualites\/wp-content\/uploads\/2016\/07\/tendances-formation-professionnelle-2017.jpg","contentUrl":"https:\/\/www.gereso.com\/actualites\/wp-content\/uploads\/2016\/07\/tendances-formation-professionnelle-2017.jpg","width":600,"height":400,"caption":"Tendances de la formation professionnelle en 2017"},{"@type":"BreadcrumbList","@id":"https:\/\/www.gereso.com\/actualites\/2016\/07\/06\/formation-professionnelle-continue-les-tendances-pour-2017-selon-gereso\/#breadcrumb","itemListElement":[{"@type":"ListItem","position":1,"name":"Home","item":"https:\/\/www.gereso.com\/actualites\/"},{"@type":"ListItem","position":2,"name":"Formation professionnelle continue : les tendances pour 2017 selon GERESO"}]},{"@type":"WebSite","@id":"https:\/\/www.gereso.com\/actualites\/#website","url":"https:\/\/www.gereso.com\/actualites\/","name":"Le Blog GERESO","description":"Toute l&#039;actu RH, Finance, Fonction Publique, Management...","potentialAction":[{"@type":"SearchAction","target":{"@type":"EntryPoint","urlTemplate":"https:\/\/www.gereso.com\/actualites\/?s={search_term_string}"},"query-input":{"@type":"PropertyValueSpecification","valueRequired":true,"valueName":"search_term_string"}}],"inLanguage":"fr-FR"},{"@type":"Person","@id":"https:\/\/www.gereso.com\/actualites\/#\/schema\/person\/197d8aef40cb4ae3f6a0aa9e1d3df2a6","name":"\u00c9quipe GERESO","image":{"@type":"ImageObject","inLanguage":"fr-FR","@id":"https:\/\/www.gereso.com\/actualites\/#\/schema\/person\/image\/","url":"https:\/\/www.gereso.com\/actualites\/wp-content\/uploads\/2013\/12\/avatar-gereso-1.png","contentUrl":"https:\/\/www.gereso.com\/actualites\/wp-content\/uploads\/2013\/12\/avatar-gereso-1.png","caption":"\u00c9quipe GERESO"},"url":"https:\/\/www.gereso.com\/actualites\/author\/gereso\/"}]}},"_links":{"self":[{"href":"https:\/\/www.gereso.com\/actualites\/wp-json\/wp\/v2\/posts\/6630","targetHints":{"allow":["GET"]}}],"collection":[{"href":"https:\/\/www.gereso.com\/actualites\/wp-json\/wp\/v2\/posts"}],"about":[{"href":"https:\/\/www.gereso.com\/actualites\/wp-json\/wp\/v2\/types\/post"}],"author":[{"embeddable":true,"href":"https:\/\/www.gereso.com\/actualites\/wp-json\/wp\/v2\/users\/32"}],"replies":[{"embeddable":true,"href":"https:\/\/www.gereso.com\/actualites\/wp-json\/wp\/v2\/comments?post=6630"}],"version-history":[{"count":5,"href":"https:\/\/www.gereso.com\/actualites\/wp-json\/wp\/v2\/posts\/6630\/revisions"}],"predecessor-version":[{"id":6637,"href":"https:\/\/www.gereso.com\/actualites\/wp-json\/wp\/v2\/posts\/6630\/revisions\/6637"}],"wp:featuredmedia":[{"embeddable":true,"href":"https:\/\/www.gereso.com\/actualites\/wp-json\/wp\/v2\/media\/6632"}],"wp:attachment":[{"href":"https:\/\/www.gereso.com\/actualites\/wp-json\/wp\/v2\/media?parent=6630"}],"wp:term":[{"taxonomy":"category","embeddable":true,"href":"https:\/\/www.gereso.com\/actualites\/wp-json\/wp\/v2\/categories?post=6630"},{"taxonomy":"post_tag","embeddable":true,"href":"https:\/\/www.gereso.com\/actualites\/wp-json\/wp\/v2\/tags?post=6630"}],"curies":[{"name":"wp","href":"https:\/\/api.w.org\/{rel}","templated":true}]}}