{"id":6724,"date":"2016-08-30T09:38:47","date_gmt":"2016-08-30T07:38:47","guid":{"rendered":"https:\/\/www.gereso.com\/actualites\/?p=6724"},"modified":"2017-06-09T09:26:17","modified_gmt":"2017-06-09T07:26:17","slug":"teletravail-sondage","status":"publish","type":"post","link":"https:\/\/www.gereso.com\/actualites\/2016\/08\/30\/teletravail-sondage\/","title":{"rendered":"T\u00e9l\u00e9travail : 64% des salari\u00e9s fran\u00e7ais y sont favorables"},"content":{"rendered":"<p style=\"text-align: justify;\">Selon l&rsquo;\u00e9tude Randstad Awards, dont les r\u00e9sultats ont \u00e9t\u00e9 publi\u00e9s le 21 juillet 2016, pr\u00e8s de <strong>deux salari\u00e9s fran\u00e7ais sur trois sont favorables au t\u00e9l\u00e9travail<\/strong>, une nouvelle organisation du travail permet aux salari\u00e9s de travailler en dehors des locaux de l&rsquo;entreprise.<\/p>\n<p style=\"text-align: justify;\">Au cours de l&rsquo;\u00e9tude, qui s&rsquo;est d\u00e9roul\u00e9e entre octobre et d\u00e9cembre 2015, un \u00e9chantillon repr\u00e9sentatif de la population fran\u00e7aise a \u00e9t\u00e9 interrog\u00e9, constitu\u00e9 de 1148 salari\u00e9s actifs ou potentiellement actifs, \u00e2g\u00e9s de 18 \u00e0 65 ans.<\/p>\n<p style=\"text-align: justify;\">Dans les d\u00e9tails,<strong> 17% des travailleurs interrog\u00e9s souhaitent t\u00e9l\u00e9travailler un nombre de jours fixes par semaine (2,5 jours par semaine en moyenne), 35% \u00e0 aspirer \u00e0 t\u00e9l\u00e9travailler occasionnellement, et &#8230; 12% \u00e0 vouloir travailler tous les jours ouvrables<\/strong>. Pour le reste, 36% des sond\u00e9s souhaitent travailler au bureau tous les jours ouvrables.<\/p>\n<p style=\"text-align: justify;\">Consid\u00e9r\u00e9 comme <strong>une source de motivation<\/strong> pour le salari\u00e9, le t\u00e9l\u00e9travail est \u00e9galement un <strong>facteur de bien-\u00eatre pour les salari\u00e9s<\/strong>, car il permet au travailleur \u00e0 domicile d&rsquo;<strong>\u00e9quilibrer vie priv\u00e9e et vie professionnelle<\/strong>. Le t\u00e9l\u00e9travail est \u00e9galement consid\u00e9r\u00e9 comme une <strong>marque de confiance entre l&#8217;employeur et son collaborateur<\/strong> en ce sens qu&rsquo;il donne au salari\u00e9 une latitude dans l&rsquo;organisation de son travail.<\/p>\n<p style=\"text-align: justify;\">Quant aux employeurs, ils semblent assez frileux \u00e0 mettre en place cette organisation. En effet, selon les r\u00e9sultats de l&rsquo;\u00e9tude, 16% des salari\u00e9s fran\u00e7ais ont d\u00e9clar\u00e9 que leur employeur leur propose d&rsquo;avoir recours au t\u00e9l\u00e9travail. Ce taux restreint exprime la <strong>crainte des entreprises de perdre le contr\u00f4le sur les activit\u00e9s de leurs salari\u00e9s<\/strong>. Il y a \u00e9galement les <strong>contraintes juridiques et r\u00e9glementaires<\/strong>\u00a0 qui se posent : avenants au contrat de travail, n\u00e9gociation d&rsquo;accords, droit \u00e0 la d\u00e9connexion, amplitude des horaires de travail &#8230;<\/p>\n<p style=\"text-align: justify;\">Par ailleurs, il faut consid\u00e9rer que l&rsquo;<strong>exercice de la profession dans un environnement de travail classique permet la cr\u00e9ation de liens sociaux<\/strong> entre les acteurs de l&rsquo;entreprise, ce qui favorise la circulation de l&rsquo;information, mais \u00e9galement, induit la construction d&rsquo;un sentiment d&rsquo;appartenance et donc <strong>influence favorablement la culture d&rsquo;entreprise<\/strong>.<\/p>\n<p style=\"text-align: justify;\">Source :<\/p>\n<p style=\"text-align: justify;\"><a href=\"http:\/\/grouperandstad.fr\/etude-randstad-awards-2016-deux-salaries-francais-sur-trois-sont-favorables-au-teletravail-2\/\" target=\"_blank\" rel=\"nofollow\">Etude Randstad Awards 2016<\/a><\/p>\n","protected":false},"excerpt":{"rendered":"<p>Selon l&rsquo;\u00e9tude Randstad Awards, dont les r\u00e9sultats ont \u00e9t\u00e9 publi\u00e9s le 21 juillet 2016, pr\u00e8s de deux salari\u00e9s fran\u00e7ais sur trois sont favorables au t\u00e9l\u00e9travail, une nouvelle organisation du travail permet aux salari\u00e9s de travailler en dehors des locaux de l&rsquo;entreprise. Au cours de l&rsquo;\u00e9tude, qui s&rsquo;est d\u00e9roul\u00e9e entre octobre et d\u00e9cembre 2015, un \u00e9chantillon [&hellip;]<\/p>\n","protected":false},"author":32,"featured_media":0,"comment_status":"open","ping_status":"open","sticky":false,"template":"","format":"quote","meta":{"_acf_changed":false,"_mi_skip_tracking":false,"footnotes":""},"categories":[12,11,2,13],"tags":[912,267,952,935],"class_list":["post-6724","post","type-post","status-publish","format-quote","hentry","category-actualites","category-management-de-projet-strategie-et-organisation","category-ressources-humaines","category-sante-et-securite-au-travail","tag-motivation","tag-organisation","tag-sondage","tag-teletravail","post_format-post-format-quote"],"acf":[],"yoast_head":"<!-- This site is optimized with the Yoast SEO plugin v23.4 - https:\/\/yoast.com\/wordpress\/plugins\/seo\/ -->\n<title>T\u00e9l\u00e9travail : 64% des salari\u00e9s fran\u00e7ais y sont favorables - Le Blog GERESO<\/title>\n<meta name=\"robots\" content=\"index, follow, max-snippet:-1, max-image-preview:large, max-video-preview:-1\" \/>\n<link rel=\"canonical\" href=\"https:\/\/www.gereso.com\/actualites\/2016\/08\/30\/teletravail-sondage\/\" \/>\n<meta property=\"og:locale\" content=\"fr_FR\" \/>\n<meta property=\"og:type\" content=\"article\" \/>\n<meta property=\"og:title\" content=\"T\u00e9l\u00e9travail : 64% des salari\u00e9s fran\u00e7ais y sont favorables - Le Blog GERESO\" \/>\n<meta property=\"og:description\" content=\"Selon l&rsquo;\u00e9tude Randstad Awards, dont les r\u00e9sultats ont \u00e9t\u00e9 publi\u00e9s le 21 juillet 2016, pr\u00e8s de deux salari\u00e9s fran\u00e7ais sur trois sont favorables au t\u00e9l\u00e9travail, une nouvelle organisation du travail permet aux salari\u00e9s de travailler en dehors des locaux de l&rsquo;entreprise. Au cours de l&rsquo;\u00e9tude, qui s&rsquo;est d\u00e9roul\u00e9e entre octobre et d\u00e9cembre 2015, un \u00e9chantillon [&hellip;]\" \/>\n<meta property=\"og:url\" content=\"https:\/\/www.gereso.com\/actualites\/2016\/08\/30\/teletravail-sondage\/\" \/>\n<meta property=\"og:site_name\" content=\"Le Blog GERESO\" \/>\n<meta property=\"article:published_time\" content=\"2016-08-30T07:38:47+00:00\" \/>\n<meta property=\"article:modified_time\" content=\"2017-06-09T07:26:17+00:00\" \/>\n<meta name=\"author\" content=\"\u00c9quipe GERESO\" \/>\n<meta name=\"twitter:card\" content=\"summary_large_image\" \/>\n<script type=\"application\/ld+json\" class=\"yoast-schema-graph\">{\"@context\":\"https:\/\/schema.org\",\"@graph\":[{\"@type\":\"WebPage\",\"@id\":\"https:\/\/www.gereso.com\/actualites\/2016\/08\/30\/teletravail-sondage\/\",\"url\":\"https:\/\/www.gereso.com\/actualites\/2016\/08\/30\/teletravail-sondage\/\",\"name\":\"T\u00e9l\u00e9travail : 64% des salari\u00e9s fran\u00e7ais y sont favorables - Le Blog GERESO\",\"isPartOf\":{\"@id\":\"https:\/\/www.gereso.com\/actualites\/#website\"},\"datePublished\":\"2016-08-30T07:38:47+00:00\",\"dateModified\":\"2017-06-09T07:26:17+00:00\",\"author\":{\"@id\":\"https:\/\/www.gereso.com\/actualites\/#\/schema\/person\/197d8aef40cb4ae3f6a0aa9e1d3df2a6\"},\"breadcrumb\":{\"@id\":\"https:\/\/www.gereso.com\/actualites\/2016\/08\/30\/teletravail-sondage\/#breadcrumb\"},\"inLanguage\":\"fr-FR\",\"potentialAction\":[{\"@type\":\"ReadAction\",\"target\":[\"https:\/\/www.gereso.com\/actualites\/2016\/08\/30\/teletravail-sondage\/\"]}]},{\"@type\":\"BreadcrumbList\",\"@id\":\"https:\/\/www.gereso.com\/actualites\/2016\/08\/30\/teletravail-sondage\/#breadcrumb\",\"itemListElement\":[{\"@type\":\"ListItem\",\"position\":1,\"name\":\"Home\",\"item\":\"https:\/\/www.gereso.com\/actualites\/\"},{\"@type\":\"ListItem\",\"position\":2,\"name\":\"T\u00e9l\u00e9travail : 64% des salari\u00e9s fran\u00e7ais y sont favorables\"}]},{\"@type\":\"WebSite\",\"@id\":\"https:\/\/www.gereso.com\/actualites\/#website\",\"url\":\"https:\/\/www.gereso.com\/actualites\/\",\"name\":\"Le Blog GERESO\",\"description\":\"Toute l&#039;actu RH, Finance, Fonction Publique, Management...\",\"potentialAction\":[{\"@type\":\"SearchAction\",\"target\":{\"@type\":\"EntryPoint\",\"urlTemplate\":\"https:\/\/www.gereso.com\/actualites\/?s={search_term_string}\"},\"query-input\":{\"@type\":\"PropertyValueSpecification\",\"valueRequired\":true,\"valueName\":\"search_term_string\"}}],\"inLanguage\":\"fr-FR\"},{\"@type\":\"Person\",\"@id\":\"https:\/\/www.gereso.com\/actualites\/#\/schema\/person\/197d8aef40cb4ae3f6a0aa9e1d3df2a6\",\"name\":\"\u00c9quipe GERESO\",\"image\":{\"@type\":\"ImageObject\",\"inLanguage\":\"fr-FR\",\"@id\":\"https:\/\/www.gereso.com\/actualites\/#\/schema\/person\/image\/\",\"url\":\"https:\/\/www.gereso.com\/actualites\/wp-content\/uploads\/2013\/12\/avatar-gereso-1.png\",\"contentUrl\":\"https:\/\/www.gereso.com\/actualites\/wp-content\/uploads\/2013\/12\/avatar-gereso-1.png\",\"caption\":\"\u00c9quipe GERESO\"},\"url\":\"https:\/\/www.gereso.com\/actualites\/author\/gereso\/\"}]}<\/script>\n<!-- \/ Yoast SEO plugin. -->","yoast_head_json":{"title":"T\u00e9l\u00e9travail : 64% des salari\u00e9s fran\u00e7ais y sont favorables - Le Blog GERESO","robots":{"index":"index","follow":"follow","max-snippet":"max-snippet:-1","max-image-preview":"max-image-preview:large","max-video-preview":"max-video-preview:-1"},"canonical":"https:\/\/www.gereso.com\/actualites\/2016\/08\/30\/teletravail-sondage\/","og_locale":"fr_FR","og_type":"article","og_title":"T\u00e9l\u00e9travail : 64% des salari\u00e9s fran\u00e7ais y sont favorables - Le Blog GERESO","og_description":"Selon l&rsquo;\u00e9tude Randstad Awards, dont les r\u00e9sultats ont \u00e9t\u00e9 publi\u00e9s le 21 juillet 2016, pr\u00e8s de deux salari\u00e9s fran\u00e7ais sur trois sont favorables au t\u00e9l\u00e9travail, une nouvelle organisation du travail permet aux salari\u00e9s de travailler en dehors des locaux de l&rsquo;entreprise. Au cours de l&rsquo;\u00e9tude, qui s&rsquo;est d\u00e9roul\u00e9e entre octobre et d\u00e9cembre 2015, un \u00e9chantillon [&hellip;]","og_url":"https:\/\/www.gereso.com\/actualites\/2016\/08\/30\/teletravail-sondage\/","og_site_name":"Le Blog GERESO","article_published_time":"2016-08-30T07:38:47+00:00","article_modified_time":"2017-06-09T07:26:17+00:00","author":"\u00c9quipe GERESO","twitter_card":"summary_large_image","schema":{"@context":"https:\/\/schema.org","@graph":[{"@type":"WebPage","@id":"https:\/\/www.gereso.com\/actualites\/2016\/08\/30\/teletravail-sondage\/","url":"https:\/\/www.gereso.com\/actualites\/2016\/08\/30\/teletravail-sondage\/","name":"T\u00e9l\u00e9travail : 64% des salari\u00e9s fran\u00e7ais y sont favorables - Le Blog GERESO","isPartOf":{"@id":"https:\/\/www.gereso.com\/actualites\/#website"},"datePublished":"2016-08-30T07:38:47+00:00","dateModified":"2017-06-09T07:26:17+00:00","author":{"@id":"https:\/\/www.gereso.com\/actualites\/#\/schema\/person\/197d8aef40cb4ae3f6a0aa9e1d3df2a6"},"breadcrumb":{"@id":"https:\/\/www.gereso.com\/actualites\/2016\/08\/30\/teletravail-sondage\/#breadcrumb"},"inLanguage":"fr-FR","potentialAction":[{"@type":"ReadAction","target":["https:\/\/www.gereso.com\/actualites\/2016\/08\/30\/teletravail-sondage\/"]}]},{"@type":"BreadcrumbList","@id":"https:\/\/www.gereso.com\/actualites\/2016\/08\/30\/teletravail-sondage\/#breadcrumb","itemListElement":[{"@type":"ListItem","position":1,"name":"Home","item":"https:\/\/www.gereso.com\/actualites\/"},{"@type":"ListItem","position":2,"name":"T\u00e9l\u00e9travail : 64% des salari\u00e9s fran\u00e7ais y sont favorables"}]},{"@type":"WebSite","@id":"https:\/\/www.gereso.com\/actualites\/#website","url":"https:\/\/www.gereso.com\/actualites\/","name":"Le Blog GERESO","description":"Toute l&#039;actu RH, Finance, Fonction Publique, Management...","potentialAction":[{"@type":"SearchAction","target":{"@type":"EntryPoint","urlTemplate":"https:\/\/www.gereso.com\/actualites\/?s={search_term_string}"},"query-input":{"@type":"PropertyValueSpecification","valueRequired":true,"valueName":"search_term_string"}}],"inLanguage":"fr-FR"},{"@type":"Person","@id":"https:\/\/www.gereso.com\/actualites\/#\/schema\/person\/197d8aef40cb4ae3f6a0aa9e1d3df2a6","name":"\u00c9quipe GERESO","image":{"@type":"ImageObject","inLanguage":"fr-FR","@id":"https:\/\/www.gereso.com\/actualites\/#\/schema\/person\/image\/","url":"https:\/\/www.gereso.com\/actualites\/wp-content\/uploads\/2013\/12\/avatar-gereso-1.png","contentUrl":"https:\/\/www.gereso.com\/actualites\/wp-content\/uploads\/2013\/12\/avatar-gereso-1.png","caption":"\u00c9quipe GERESO"},"url":"https:\/\/www.gereso.com\/actualites\/author\/gereso\/"}]}},"_links":{"self":[{"href":"https:\/\/www.gereso.com\/actualites\/wp-json\/wp\/v2\/posts\/6724","targetHints":{"allow":["GET"]}}],"collection":[{"href":"https:\/\/www.gereso.com\/actualites\/wp-json\/wp\/v2\/posts"}],"about":[{"href":"https:\/\/www.gereso.com\/actualites\/wp-json\/wp\/v2\/types\/post"}],"author":[{"embeddable":true,"href":"https:\/\/www.gereso.com\/actualites\/wp-json\/wp\/v2\/users\/32"}],"replies":[{"embeddable":true,"href":"https:\/\/www.gereso.com\/actualites\/wp-json\/wp\/v2\/comments?post=6724"}],"version-history":[{"count":4,"href":"https:\/\/www.gereso.com\/actualites\/wp-json\/wp\/v2\/posts\/6724\/revisions"}],"predecessor-version":[{"id":6911,"href":"https:\/\/www.gereso.com\/actualites\/wp-json\/wp\/v2\/posts\/6724\/revisions\/6911"}],"wp:attachment":[{"href":"https:\/\/www.gereso.com\/actualites\/wp-json\/wp\/v2\/media?parent=6724"}],"wp:term":[{"taxonomy":"category","embeddable":true,"href":"https:\/\/www.gereso.com\/actualites\/wp-json\/wp\/v2\/categories?post=6724"},{"taxonomy":"post_tag","embeddable":true,"href":"https:\/\/www.gereso.com\/actualites\/wp-json\/wp\/v2\/tags?post=6724"}],"curies":[{"name":"wp","href":"https:\/\/api.w.org\/{rel}","templated":true}]}}