{"id":6771,"date":"2016-08-17T16:00:24","date_gmt":"2016-08-17T14:00:24","guid":{"rendered":"https:\/\/www.gereso.com\/actualites\/?p=6771"},"modified":"2016-08-16T10:03:09","modified_gmt":"2016-08-16T08:03:09","slug":"actualite-paie","status":"publish","type":"post","link":"https:\/\/www.gereso.com\/actualites\/2016\/08\/17\/actualite-paie\/","title":{"rendered":"Actualit\u00e9 de la paie : les derni\u00e8res \u00e9volutions"},"content":{"rendered":"<p>Deux informations importantes marquent l&rsquo;actualit\u00e9 de la paie en ce d\u00e9but d&rsquo;\u00e9t\u00e9 2016.<\/p>\n<h2><u><\/u>Rappel sur les limites aux pouvoirs des inspecteurs du travail<\/h2>\n<p>L\u2019employeur doit pr\u00e9senter dans le cadre d\u2019un contr\u00f4le URSSAF \u00a0tous les documents donnant acc\u00e8s \u00e0 des supports d\u2019information qu\u2019ils estiment n\u00e9cessaires \u00e0 leur contr\u00f4le.<\/p>\n<p>En revanche, ils<strong> ne peuvent se procurer des informations par eux-m\u00eames ou exploiter des documents remis par des tiers<\/strong>.<\/p>\n<h2>Limite \u00e0 l\u2019exon\u00e9ration fiscale de la gratification des stagiaires<\/h2>\n<p>La gratification vers\u00e9e aux stagiaires est <strong>exon\u00e9r\u00e9e d\u2019imp\u00f4t sur le revenu<\/strong> dans la limite du montant annuel du SMIC\u00a0peu importe la dur\u00e9e annuelle du stage. Il n\u2019y a donc pas lieu de proc\u00e9der \u00e0 une proratisation.<\/p>\n","protected":false},"excerpt":{"rendered":"<p>Deux informations importantes marquent l&rsquo;actualit\u00e9 de la paie en ce d\u00e9but d&rsquo;\u00e9t\u00e9 2016. Rappel sur les limites aux pouvoirs des inspecteurs du travail L\u2019employeur doit pr\u00e9senter dans le cadre d\u2019un contr\u00f4le URSSAF \u00a0tous les documents donnant acc\u00e8s \u00e0 des supports d\u2019information qu\u2019ils estiment n\u00e9cessaires \u00e0 leur contr\u00f4le. En revanche, ils ne peuvent se procurer des [&hellip;]<\/p>\n","protected":false},"author":32,"featured_media":0,"comment_status":"open","ping_status":"open","sticky":false,"template":"","format":"quote","meta":{"_acf_changed":false,"_mi_skip_tracking":false,"footnotes":""},"categories":[8],"tags":[427,108],"class_list":["post-6771","post","type-post","status-publish","format-quote","hentry","category-paie-et-administration-du-personnel","tag-gestion-de-la-paie","tag-paie","post_format-post-format-quote"],"acf":[],"yoast_head":"<!-- This site is optimized with the Yoast SEO plugin v23.4 - https:\/\/yoast.com\/wordpress\/plugins\/seo\/ -->\n<title>Actualit\u00e9 de la paie : les derni\u00e8res \u00e9volutions - Le Blog GERESO<\/title>\n<meta name=\"robots\" content=\"index, follow, max-snippet:-1, max-image-preview:large, max-video-preview:-1\" \/>\n<link rel=\"canonical\" href=\"https:\/\/www.gereso.com\/actualites\/2016\/08\/17\/actualite-paie\/\" \/>\n<meta property=\"og:locale\" content=\"fr_FR\" \/>\n<meta property=\"og:type\" content=\"article\" \/>\n<meta property=\"og:title\" content=\"Actualit\u00e9 de la paie : les derni\u00e8res \u00e9volutions - Le Blog GERESO\" \/>\n<meta property=\"og:description\" content=\"Deux informations importantes marquent l&rsquo;actualit\u00e9 de la paie en ce d\u00e9but d&rsquo;\u00e9t\u00e9 2016. Rappel sur les limites aux pouvoirs des inspecteurs du travail L\u2019employeur doit pr\u00e9senter dans le cadre d\u2019un contr\u00f4le URSSAF \u00a0tous les documents donnant acc\u00e8s \u00e0 des supports d\u2019information qu\u2019ils estiment n\u00e9cessaires \u00e0 leur contr\u00f4le. En revanche, ils ne peuvent se procurer des [&hellip;]\" \/>\n<meta property=\"og:url\" content=\"https:\/\/www.gereso.com\/actualites\/2016\/08\/17\/actualite-paie\/\" \/>\n<meta property=\"og:site_name\" content=\"Le Blog GERESO\" \/>\n<meta property=\"article:published_time\" content=\"2016-08-17T14:00:24+00:00\" \/>\n<meta property=\"article:modified_time\" content=\"2016-08-16T08:03:09+00:00\" \/>\n<meta name=\"author\" content=\"\u00c9quipe GERESO\" \/>\n<meta name=\"twitter:card\" content=\"summary_large_image\" \/>\n<script type=\"application\/ld+json\" class=\"yoast-schema-graph\">{\"@context\":\"https:\/\/schema.org\",\"@graph\":[{\"@type\":\"WebPage\",\"@id\":\"https:\/\/www.gereso.com\/actualites\/2016\/08\/17\/actualite-paie\/\",\"url\":\"https:\/\/www.gereso.com\/actualites\/2016\/08\/17\/actualite-paie\/\",\"name\":\"Actualit\u00e9 de la paie : les derni\u00e8res \u00e9volutions - Le Blog GERESO\",\"isPartOf\":{\"@id\":\"https:\/\/www.gereso.com\/actualites\/#website\"},\"datePublished\":\"2016-08-17T14:00:24+00:00\",\"dateModified\":\"2016-08-16T08:03:09+00:00\",\"author\":{\"@id\":\"https:\/\/www.gereso.com\/actualites\/#\/schema\/person\/197d8aef40cb4ae3f6a0aa9e1d3df2a6\"},\"breadcrumb\":{\"@id\":\"https:\/\/www.gereso.com\/actualites\/2016\/08\/17\/actualite-paie\/#breadcrumb\"},\"inLanguage\":\"fr-FR\",\"potentialAction\":[{\"@type\":\"ReadAction\",\"target\":[\"https:\/\/www.gereso.com\/actualites\/2016\/08\/17\/actualite-paie\/\"]}]},{\"@type\":\"BreadcrumbList\",\"@id\":\"https:\/\/www.gereso.com\/actualites\/2016\/08\/17\/actualite-paie\/#breadcrumb\",\"itemListElement\":[{\"@type\":\"ListItem\",\"position\":1,\"name\":\"Home\",\"item\":\"https:\/\/www.gereso.com\/actualites\/\"},{\"@type\":\"ListItem\",\"position\":2,\"name\":\"Actualit\u00e9 de la paie : les derni\u00e8res \u00e9volutions\"}]},{\"@type\":\"WebSite\",\"@id\":\"https:\/\/www.gereso.com\/actualites\/#website\",\"url\":\"https:\/\/www.gereso.com\/actualites\/\",\"name\":\"Le Blog GERESO\",\"description\":\"Toute l&#039;actu RH, Finance, Fonction Publique, Management...\",\"potentialAction\":[{\"@type\":\"SearchAction\",\"target\":{\"@type\":\"EntryPoint\",\"urlTemplate\":\"https:\/\/www.gereso.com\/actualites\/?s={search_term_string}\"},\"query-input\":{\"@type\":\"PropertyValueSpecification\",\"valueRequired\":true,\"valueName\":\"search_term_string\"}}],\"inLanguage\":\"fr-FR\"},{\"@type\":\"Person\",\"@id\":\"https:\/\/www.gereso.com\/actualites\/#\/schema\/person\/197d8aef40cb4ae3f6a0aa9e1d3df2a6\",\"name\":\"\u00c9quipe GERESO\",\"image\":{\"@type\":\"ImageObject\",\"inLanguage\":\"fr-FR\",\"@id\":\"https:\/\/www.gereso.com\/actualites\/#\/schema\/person\/image\/\",\"url\":\"https:\/\/www.gereso.com\/actualites\/wp-content\/uploads\/2013\/12\/avatar-gereso-1.png\",\"contentUrl\":\"https:\/\/www.gereso.com\/actualites\/wp-content\/uploads\/2013\/12\/avatar-gereso-1.png\",\"caption\":\"\u00c9quipe GERESO\"},\"url\":\"https:\/\/www.gereso.com\/actualites\/author\/gereso\/\"}]}<\/script>\n<!-- \/ Yoast SEO plugin. -->","yoast_head_json":{"title":"Actualit\u00e9 de la paie : les derni\u00e8res \u00e9volutions - Le Blog GERESO","robots":{"index":"index","follow":"follow","max-snippet":"max-snippet:-1","max-image-preview":"max-image-preview:large","max-video-preview":"max-video-preview:-1"},"canonical":"https:\/\/www.gereso.com\/actualites\/2016\/08\/17\/actualite-paie\/","og_locale":"fr_FR","og_type":"article","og_title":"Actualit\u00e9 de la paie : les derni\u00e8res \u00e9volutions - Le Blog GERESO","og_description":"Deux informations importantes marquent l&rsquo;actualit\u00e9 de la paie en ce d\u00e9but d&rsquo;\u00e9t\u00e9 2016. Rappel sur les limites aux pouvoirs des inspecteurs du travail L\u2019employeur doit pr\u00e9senter dans le cadre d\u2019un contr\u00f4le URSSAF \u00a0tous les documents donnant acc\u00e8s \u00e0 des supports d\u2019information qu\u2019ils estiment n\u00e9cessaires \u00e0 leur contr\u00f4le. En revanche, ils ne peuvent se procurer des [&hellip;]","og_url":"https:\/\/www.gereso.com\/actualites\/2016\/08\/17\/actualite-paie\/","og_site_name":"Le Blog GERESO","article_published_time":"2016-08-17T14:00:24+00:00","article_modified_time":"2016-08-16T08:03:09+00:00","author":"\u00c9quipe GERESO","twitter_card":"summary_large_image","schema":{"@context":"https:\/\/schema.org","@graph":[{"@type":"WebPage","@id":"https:\/\/www.gereso.com\/actualites\/2016\/08\/17\/actualite-paie\/","url":"https:\/\/www.gereso.com\/actualites\/2016\/08\/17\/actualite-paie\/","name":"Actualit\u00e9 de la paie : les derni\u00e8res \u00e9volutions - Le Blog GERESO","isPartOf":{"@id":"https:\/\/www.gereso.com\/actualites\/#website"},"datePublished":"2016-08-17T14:00:24+00:00","dateModified":"2016-08-16T08:03:09+00:00","author":{"@id":"https:\/\/www.gereso.com\/actualites\/#\/schema\/person\/197d8aef40cb4ae3f6a0aa9e1d3df2a6"},"breadcrumb":{"@id":"https:\/\/www.gereso.com\/actualites\/2016\/08\/17\/actualite-paie\/#breadcrumb"},"inLanguage":"fr-FR","potentialAction":[{"@type":"ReadAction","target":["https:\/\/www.gereso.com\/actualites\/2016\/08\/17\/actualite-paie\/"]}]},{"@type":"BreadcrumbList","@id":"https:\/\/www.gereso.com\/actualites\/2016\/08\/17\/actualite-paie\/#breadcrumb","itemListElement":[{"@type":"ListItem","position":1,"name":"Home","item":"https:\/\/www.gereso.com\/actualites\/"},{"@type":"ListItem","position":2,"name":"Actualit\u00e9 de la paie : les derni\u00e8res \u00e9volutions"}]},{"@type":"WebSite","@id":"https:\/\/www.gereso.com\/actualites\/#website","url":"https:\/\/www.gereso.com\/actualites\/","name":"Le Blog GERESO","description":"Toute l&#039;actu RH, Finance, Fonction Publique, Management...","potentialAction":[{"@type":"SearchAction","target":{"@type":"EntryPoint","urlTemplate":"https:\/\/www.gereso.com\/actualites\/?s={search_term_string}"},"query-input":{"@type":"PropertyValueSpecification","valueRequired":true,"valueName":"search_term_string"}}],"inLanguage":"fr-FR"},{"@type":"Person","@id":"https:\/\/www.gereso.com\/actualites\/#\/schema\/person\/197d8aef40cb4ae3f6a0aa9e1d3df2a6","name":"\u00c9quipe GERESO","image":{"@type":"ImageObject","inLanguage":"fr-FR","@id":"https:\/\/www.gereso.com\/actualites\/#\/schema\/person\/image\/","url":"https:\/\/www.gereso.com\/actualites\/wp-content\/uploads\/2013\/12\/avatar-gereso-1.png","contentUrl":"https:\/\/www.gereso.com\/actualites\/wp-content\/uploads\/2013\/12\/avatar-gereso-1.png","caption":"\u00c9quipe GERESO"},"url":"https:\/\/www.gereso.com\/actualites\/author\/gereso\/"}]}},"_links":{"self":[{"href":"https:\/\/www.gereso.com\/actualites\/wp-json\/wp\/v2\/posts\/6771","targetHints":{"allow":["GET"]}}],"collection":[{"href":"https:\/\/www.gereso.com\/actualites\/wp-json\/wp\/v2\/posts"}],"about":[{"href":"https:\/\/www.gereso.com\/actualites\/wp-json\/wp\/v2\/types\/post"}],"author":[{"embeddable":true,"href":"https:\/\/www.gereso.com\/actualites\/wp-json\/wp\/v2\/users\/32"}],"replies":[{"embeddable":true,"href":"https:\/\/www.gereso.com\/actualites\/wp-json\/wp\/v2\/comments?post=6771"}],"version-history":[{"count":2,"href":"https:\/\/www.gereso.com\/actualites\/wp-json\/wp\/v2\/posts\/6771\/revisions"}],"predecessor-version":[{"id":6775,"href":"https:\/\/www.gereso.com\/actualites\/wp-json\/wp\/v2\/posts\/6771\/revisions\/6775"}],"wp:attachment":[{"href":"https:\/\/www.gereso.com\/actualites\/wp-json\/wp\/v2\/media?parent=6771"}],"wp:term":[{"taxonomy":"category","embeddable":true,"href":"https:\/\/www.gereso.com\/actualites\/wp-json\/wp\/v2\/categories?post=6771"},{"taxonomy":"post_tag","embeddable":true,"href":"https:\/\/www.gereso.com\/actualites\/wp-json\/wp\/v2\/tags?post=6771"}],"curies":[{"name":"wp","href":"https:\/\/api.w.org\/{rel}","templated":true}]}}