{"id":6773,"date":"2016-08-17T14:26:02","date_gmt":"2016-08-17T12:26:02","guid":{"rendered":"https:\/\/www.gereso.com\/actualites\/?p=6773"},"modified":"2016-08-16T10:02:53","modified_gmt":"2016-08-16T08:02:53","slug":"cadre-designation-delegue-syndical","status":"publish","type":"post","link":"https:\/\/www.gereso.com\/actualites\/2016\/08\/17\/cadre-designation-delegue-syndical\/","title":{"rendered":"Quel est le cadre de d\u00e9signation d\u2019un d\u00e9l\u00e9gu\u00e9 syndical ?"},"content":{"rendered":"<p>Depuis la loi du 20 ao\u00fbt 2008, la jurisprudence\u00a0a introduit un principe\u00a0d&rsquo;<strong>unification des p\u00e9rim\u00e8tres d&rsquo;implantation du comit\u00e9 d&rsquo;entreprise et des d\u00e9l\u00e9gu\u00e9s syndicaux<\/strong>. Par la suite, la loi du 5 mars 2014\u00a0a modifi\u00e9 l&rsquo;article L. 2143-3 du Code du travail et pr\u00e9vu que la d\u00e9signation du d\u00e9l\u00e9gu\u00e9 syndical pouvait\u00a0par ailleurs intervenir au sein de l&rsquo;\u00e9tablissement regroupant des salari\u00e9s plac\u00e9s sous la direction d&rsquo;un repr\u00e9sentant de l&#8217;employeur et constituant une communaut\u00e9 de travail ayant des int\u00e9r\u00eats propres, susceptible de g\u00e9n\u00e9rer des revendications communes sp\u00e9cifiques.<\/p>\n<p>Dans cette affaire, une entreprise compos\u00e9e de <strong>plusieurs sites mais d\u2019un seul comit\u00e9 d&rsquo;entreprise<\/strong>, voit d\u00e9signer au sein de l&rsquo;un de ces sites un d\u00e9l\u00e9gu\u00e9 syndical, sur le fondement de l&rsquo;article L. 2143-3, ce site r\u00e9pondant d&rsquo;apr\u00e8s le syndicat aux crit\u00e8res de l&rsquo;\u00e9tablissement distinct.<\/p>\n<p>N\u00e9anmoins, l&rsquo;entreprise en conteste la validit\u00e9 au motif qu&rsquo;un accord d&rsquo;entreprise en date de 2013 sp\u00e9cifiait que <strong>le p\u00e9rim\u00e8tre de d\u00e9signation des d\u00e9l\u00e9gu\u00e9s syndicaux \u00e9tait l&rsquo;entreprise et non l&rsquo;\u00e9tablissement<\/strong>.<\/p>\n<p>La Cour de cassation valide n\u00e9anmoins la d\u00e9signation estimant que les dispositions de l\u2019article L. 2143-3 sont d\u2019ordre public et ne peuvent \u00eatre remises en cause par un accord collectif, m\u00eame n\u00e9goci\u00e9 ant\u00e9rieurement \u00e0 la loi.<\/p>\n<p><em>Source &#8211;\u00a0Cass. soc., 31 mai 2016, no 15-21175<\/em><\/p>\n","protected":false},"excerpt":{"rendered":"<p>Depuis la loi du 20 ao\u00fbt 2008, la jurisprudence\u00a0a introduit un principe\u00a0d&rsquo;unification des p\u00e9rim\u00e8tres d&rsquo;implantation du comit\u00e9 d&rsquo;entreprise et des d\u00e9l\u00e9gu\u00e9s syndicaux. Par la suite, la loi du 5 mars 2014\u00a0a modifi\u00e9 l&rsquo;article L. 2143-3 du Code du travail et pr\u00e9vu que la d\u00e9signation du d\u00e9l\u00e9gu\u00e9 syndical pouvait\u00a0par ailleurs intervenir au sein de l&rsquo;\u00e9tablissement regroupant [&hellip;]<\/p>\n","protected":false},"author":32,"featured_media":0,"comment_status":"open","ping_status":"open","sticky":false,"template":"","format":"quote","meta":{"_acf_changed":false,"_mi_skip_tracking":false,"footnotes":""},"categories":[5],"tags":[693],"class_list":["post-6773","post","type-post","status-publish","format-quote","hentry","category-droit-du-travail","tag-delegue-syndical","post_format-post-format-quote"],"acf":[],"yoast_head":"<!-- This site is optimized with the Yoast SEO plugin v23.4 - https:\/\/yoast.com\/wordpress\/plugins\/seo\/ -->\n<title>Quel est le cadre de d\u00e9signation d\u2019un d\u00e9l\u00e9gu\u00e9 syndical ? - Le Blog GERESO<\/title>\n<meta name=\"robots\" content=\"index, follow, max-snippet:-1, max-image-preview:large, max-video-preview:-1\" \/>\n<link rel=\"canonical\" href=\"https:\/\/www.gereso.com\/actualites\/2016\/08\/17\/cadre-designation-delegue-syndical\/\" \/>\n<meta property=\"og:locale\" content=\"fr_FR\" \/>\n<meta property=\"og:type\" content=\"article\" \/>\n<meta property=\"og:title\" content=\"Quel est le cadre de d\u00e9signation d\u2019un d\u00e9l\u00e9gu\u00e9 syndical ? - Le Blog GERESO\" \/>\n<meta property=\"og:description\" content=\"Depuis la loi du 20 ao\u00fbt 2008, la jurisprudence\u00a0a introduit un principe\u00a0d&rsquo;unification des p\u00e9rim\u00e8tres d&rsquo;implantation du comit\u00e9 d&rsquo;entreprise et des d\u00e9l\u00e9gu\u00e9s syndicaux. Par la suite, la loi du 5 mars 2014\u00a0a modifi\u00e9 l&rsquo;article L. 2143-3 du Code du travail et pr\u00e9vu que la d\u00e9signation du d\u00e9l\u00e9gu\u00e9 syndical pouvait\u00a0par ailleurs intervenir au sein de l&rsquo;\u00e9tablissement regroupant [&hellip;]\" \/>\n<meta property=\"og:url\" content=\"https:\/\/www.gereso.com\/actualites\/2016\/08\/17\/cadre-designation-delegue-syndical\/\" \/>\n<meta property=\"og:site_name\" content=\"Le Blog GERESO\" \/>\n<meta property=\"article:published_time\" content=\"2016-08-17T12:26:02+00:00\" \/>\n<meta property=\"article:modified_time\" content=\"2016-08-16T08:02:53+00:00\" \/>\n<meta name=\"author\" content=\"\u00c9quipe GERESO\" \/>\n<meta name=\"twitter:card\" content=\"summary_large_image\" \/>\n<script type=\"application\/ld+json\" class=\"yoast-schema-graph\">{\"@context\":\"https:\/\/schema.org\",\"@graph\":[{\"@type\":\"WebPage\",\"@id\":\"https:\/\/www.gereso.com\/actualites\/2016\/08\/17\/cadre-designation-delegue-syndical\/\",\"url\":\"https:\/\/www.gereso.com\/actualites\/2016\/08\/17\/cadre-designation-delegue-syndical\/\",\"name\":\"Quel est le cadre de d\u00e9signation d\u2019un d\u00e9l\u00e9gu\u00e9 syndical ? - Le Blog GERESO\",\"isPartOf\":{\"@id\":\"https:\/\/www.gereso.com\/actualites\/#website\"},\"datePublished\":\"2016-08-17T12:26:02+00:00\",\"dateModified\":\"2016-08-16T08:02:53+00:00\",\"author\":{\"@id\":\"https:\/\/www.gereso.com\/actualites\/#\/schema\/person\/197d8aef40cb4ae3f6a0aa9e1d3df2a6\"},\"breadcrumb\":{\"@id\":\"https:\/\/www.gereso.com\/actualites\/2016\/08\/17\/cadre-designation-delegue-syndical\/#breadcrumb\"},\"inLanguage\":\"fr-FR\",\"potentialAction\":[{\"@type\":\"ReadAction\",\"target\":[\"https:\/\/www.gereso.com\/actualites\/2016\/08\/17\/cadre-designation-delegue-syndical\/\"]}]},{\"@type\":\"BreadcrumbList\",\"@id\":\"https:\/\/www.gereso.com\/actualites\/2016\/08\/17\/cadre-designation-delegue-syndical\/#breadcrumb\",\"itemListElement\":[{\"@type\":\"ListItem\",\"position\":1,\"name\":\"Home\",\"item\":\"https:\/\/www.gereso.com\/actualites\/\"},{\"@type\":\"ListItem\",\"position\":2,\"name\":\"Quel est le cadre de d\u00e9signation d\u2019un d\u00e9l\u00e9gu\u00e9 syndical ?\"}]},{\"@type\":\"WebSite\",\"@id\":\"https:\/\/www.gereso.com\/actualites\/#website\",\"url\":\"https:\/\/www.gereso.com\/actualites\/\",\"name\":\"Le Blog GERESO\",\"description\":\"Toute l&#039;actu RH, Finance, Fonction Publique, Management...\",\"potentialAction\":[{\"@type\":\"SearchAction\",\"target\":{\"@type\":\"EntryPoint\",\"urlTemplate\":\"https:\/\/www.gereso.com\/actualites\/?s={search_term_string}\"},\"query-input\":{\"@type\":\"PropertyValueSpecification\",\"valueRequired\":true,\"valueName\":\"search_term_string\"}}],\"inLanguage\":\"fr-FR\"},{\"@type\":\"Person\",\"@id\":\"https:\/\/www.gereso.com\/actualites\/#\/schema\/person\/197d8aef40cb4ae3f6a0aa9e1d3df2a6\",\"name\":\"\u00c9quipe GERESO\",\"image\":{\"@type\":\"ImageObject\",\"inLanguage\":\"fr-FR\",\"@id\":\"https:\/\/www.gereso.com\/actualites\/#\/schema\/person\/image\/\",\"url\":\"https:\/\/www.gereso.com\/actualites\/wp-content\/uploads\/2013\/12\/avatar-gereso-1.png\",\"contentUrl\":\"https:\/\/www.gereso.com\/actualites\/wp-content\/uploads\/2013\/12\/avatar-gereso-1.png\",\"caption\":\"\u00c9quipe GERESO\"},\"url\":\"https:\/\/www.gereso.com\/actualites\/author\/gereso\/\"}]}<\/script>\n<!-- \/ Yoast SEO plugin. -->","yoast_head_json":{"title":"Quel est le cadre de d\u00e9signation d\u2019un d\u00e9l\u00e9gu\u00e9 syndical ? - Le Blog GERESO","robots":{"index":"index","follow":"follow","max-snippet":"max-snippet:-1","max-image-preview":"max-image-preview:large","max-video-preview":"max-video-preview:-1"},"canonical":"https:\/\/www.gereso.com\/actualites\/2016\/08\/17\/cadre-designation-delegue-syndical\/","og_locale":"fr_FR","og_type":"article","og_title":"Quel est le cadre de d\u00e9signation d\u2019un d\u00e9l\u00e9gu\u00e9 syndical ? - Le Blog GERESO","og_description":"Depuis la loi du 20 ao\u00fbt 2008, la jurisprudence\u00a0a introduit un principe\u00a0d&rsquo;unification des p\u00e9rim\u00e8tres d&rsquo;implantation du comit\u00e9 d&rsquo;entreprise et des d\u00e9l\u00e9gu\u00e9s syndicaux. Par la suite, la loi du 5 mars 2014\u00a0a modifi\u00e9 l&rsquo;article L. 2143-3 du Code du travail et pr\u00e9vu que la d\u00e9signation du d\u00e9l\u00e9gu\u00e9 syndical pouvait\u00a0par ailleurs intervenir au sein de l&rsquo;\u00e9tablissement regroupant [&hellip;]","og_url":"https:\/\/www.gereso.com\/actualites\/2016\/08\/17\/cadre-designation-delegue-syndical\/","og_site_name":"Le Blog GERESO","article_published_time":"2016-08-17T12:26:02+00:00","article_modified_time":"2016-08-16T08:02:53+00:00","author":"\u00c9quipe GERESO","twitter_card":"summary_large_image","schema":{"@context":"https:\/\/schema.org","@graph":[{"@type":"WebPage","@id":"https:\/\/www.gereso.com\/actualites\/2016\/08\/17\/cadre-designation-delegue-syndical\/","url":"https:\/\/www.gereso.com\/actualites\/2016\/08\/17\/cadre-designation-delegue-syndical\/","name":"Quel est le cadre de d\u00e9signation d\u2019un d\u00e9l\u00e9gu\u00e9 syndical ? - Le Blog GERESO","isPartOf":{"@id":"https:\/\/www.gereso.com\/actualites\/#website"},"datePublished":"2016-08-17T12:26:02+00:00","dateModified":"2016-08-16T08:02:53+00:00","author":{"@id":"https:\/\/www.gereso.com\/actualites\/#\/schema\/person\/197d8aef40cb4ae3f6a0aa9e1d3df2a6"},"breadcrumb":{"@id":"https:\/\/www.gereso.com\/actualites\/2016\/08\/17\/cadre-designation-delegue-syndical\/#breadcrumb"},"inLanguage":"fr-FR","potentialAction":[{"@type":"ReadAction","target":["https:\/\/www.gereso.com\/actualites\/2016\/08\/17\/cadre-designation-delegue-syndical\/"]}]},{"@type":"BreadcrumbList","@id":"https:\/\/www.gereso.com\/actualites\/2016\/08\/17\/cadre-designation-delegue-syndical\/#breadcrumb","itemListElement":[{"@type":"ListItem","position":1,"name":"Home","item":"https:\/\/www.gereso.com\/actualites\/"},{"@type":"ListItem","position":2,"name":"Quel est le cadre de d\u00e9signation d\u2019un d\u00e9l\u00e9gu\u00e9 syndical ?"}]},{"@type":"WebSite","@id":"https:\/\/www.gereso.com\/actualites\/#website","url":"https:\/\/www.gereso.com\/actualites\/","name":"Le Blog GERESO","description":"Toute l&#039;actu RH, Finance, Fonction Publique, Management...","potentialAction":[{"@type":"SearchAction","target":{"@type":"EntryPoint","urlTemplate":"https:\/\/www.gereso.com\/actualites\/?s={search_term_string}"},"query-input":{"@type":"PropertyValueSpecification","valueRequired":true,"valueName":"search_term_string"}}],"inLanguage":"fr-FR"},{"@type":"Person","@id":"https:\/\/www.gereso.com\/actualites\/#\/schema\/person\/197d8aef40cb4ae3f6a0aa9e1d3df2a6","name":"\u00c9quipe GERESO","image":{"@type":"ImageObject","inLanguage":"fr-FR","@id":"https:\/\/www.gereso.com\/actualites\/#\/schema\/person\/image\/","url":"https:\/\/www.gereso.com\/actualites\/wp-content\/uploads\/2013\/12\/avatar-gereso-1.png","contentUrl":"https:\/\/www.gereso.com\/actualites\/wp-content\/uploads\/2013\/12\/avatar-gereso-1.png","caption":"\u00c9quipe GERESO"},"url":"https:\/\/www.gereso.com\/actualites\/author\/gereso\/"}]}},"_links":{"self":[{"href":"https:\/\/www.gereso.com\/actualites\/wp-json\/wp\/v2\/posts\/6773","targetHints":{"allow":["GET"]}}],"collection":[{"href":"https:\/\/www.gereso.com\/actualites\/wp-json\/wp\/v2\/posts"}],"about":[{"href":"https:\/\/www.gereso.com\/actualites\/wp-json\/wp\/v2\/types\/post"}],"author":[{"embeddable":true,"href":"https:\/\/www.gereso.com\/actualites\/wp-json\/wp\/v2\/users\/32"}],"replies":[{"embeddable":true,"href":"https:\/\/www.gereso.com\/actualites\/wp-json\/wp\/v2\/comments?post=6773"}],"version-history":[{"count":1,"href":"https:\/\/www.gereso.com\/actualites\/wp-json\/wp\/v2\/posts\/6773\/revisions"}],"predecessor-version":[{"id":6785,"href":"https:\/\/www.gereso.com\/actualites\/wp-json\/wp\/v2\/posts\/6773\/revisions\/6785"}],"wp:attachment":[{"href":"https:\/\/www.gereso.com\/actualites\/wp-json\/wp\/v2\/media?parent=6773"}],"wp:term":[{"taxonomy":"category","embeddable":true,"href":"https:\/\/www.gereso.com\/actualites\/wp-json\/wp\/v2\/categories?post=6773"},{"taxonomy":"post_tag","embeddable":true,"href":"https:\/\/www.gereso.com\/actualites\/wp-json\/wp\/v2\/tags?post=6773"}],"curies":[{"name":"wp","href":"https:\/\/api.w.org\/{rel}","templated":true}]}}