{"id":6928,"date":"2016-09-07T07:34:50","date_gmt":"2016-09-07T05:34:50","guid":{"rendered":"https:\/\/www.gereso.com\/actualites\/?p=6928"},"modified":"2017-06-09T09:25:14","modified_gmt":"2017-06-09T07:25:14","slug":"droit-travail-conge-proche-aidant","status":"publish","type":"post","link":"https:\/\/www.gereso.com\/actualites\/2016\/09\/07\/droit-travail-conge-proche-aidant\/","title":{"rendered":"Droit du travail : extension du cong\u00e9 de proche aidant"},"content":{"rendered":"<p style=\"text-align: justify; text-justify: inter-ideograph;\">Le <strong>cong\u00e9 de proche aidant<\/strong> est un dispositif mis en place pour remplacer le cong\u00e9 de soutien familial. Il <strong>permet au salari\u00e9 d&rsquo;aider un proche<\/strong>, ou une personne ext\u00e9rieure au cercle familial, \u00e2g\u00e9e ou handicap\u00e9e, avec laquelle le salari\u00e9 r\u00e9side ou entretient des <strong>liens \u00e9troits et stables<\/strong>, \u00e0 qui il vient en <strong>aide de mani\u00e8re r\u00e9guli\u00e8re et fr\u00e9quente<\/strong>, \u00e0 titre non professionnel, pour <strong>accomplir tout ou partie des actes ou des activit\u00e9s de la vie quotidienne<\/strong>.<\/p>\n<p style=\"text-align: justify;\">La Loi Travail r\u00e9cemment promulgu\u00e9e a <strong>r\u00e9duit \u00e0 1 an la dur\u00e9e d&rsquo;anciennet\u00e9 en entreprise<\/strong> n\u00e9cessaire pour avoir droit \u00e0 un cong\u00e9 de proche aidant, qui passe ainsi de 2 ans \u00e0 1 an, afin de <strong>permettre \u00e0 plus de salari\u00e9s le b\u00e9n\u00e9fice de ce dispositif<\/strong>.<\/p>\n<p style=\"text-align: justify;\">Actuellement, la dur\u00e9e du cong\u00e9 de proche aidant est de <strong>3 mois,<\/strong> renouvelable sans toutefois exc\u00e9der 1 an sur toute la carri\u00e8re. Toutefois, la dur\u00e9e maximale ainsi que le nombre de renouvellements possibles peut d\u00e9sormais \u00eatre pr\u00e9cis\u00e9e \u00e0 travers un accord collectif d&rsquo;entreprise ou une convention de branche.<\/p>\n<p style=\"text-align: justify;\">Un <strong>d\u00e9cret d&rsquo;application<\/strong> viendra prochainement fixer les modalit\u00e9s concernant ce dispositif, \u00e0 savoir les d\u00e9lais d&rsquo;information de l&#8217;employeur par le salari\u00e9 quant \u00e0 la prise du cong\u00e9, le renouvellement, et les conditions du retour du salari\u00e9 avant le terme du cong\u00e9 pr\u00e9vu.<\/p>\n","protected":false},"excerpt":{"rendered":"<p>Le cong\u00e9 de proche aidant est un dispositif mis en place pour remplacer le cong\u00e9 de soutien familial. Il permet au salari\u00e9 d&rsquo;aider un proche, ou une personne ext\u00e9rieure au cercle familial, \u00e2g\u00e9e ou handicap\u00e9e, avec laquelle le salari\u00e9 r\u00e9side ou entretient des liens \u00e9troits et stables, \u00e0 qui il vient en aide de mani\u00e8re [&hellip;]<\/p>\n","protected":false},"author":32,"featured_media":0,"comment_status":"open","ping_status":"open","sticky":false,"template":"","format":"quote","meta":{"_acf_changed":false,"_mi_skip_tracking":false,"footnotes":""},"categories":[5,13],"tags":[928,76],"class_list":["post-6928","post","type-post","status-publish","format-quote","hentry","category-droit-du-travail","category-sante-et-securite-au-travail","tag-conge-de-proche-aidant","tag-droit-du-travail-2","post_format-post-format-quote"],"acf":[],"yoast_head":"<!-- This site is optimized with the Yoast SEO plugin v23.4 - https:\/\/yoast.com\/wordpress\/plugins\/seo\/ -->\n<title>Droit du travail : extension du cong\u00e9 de proche aidant - Le Blog GERESO<\/title>\n<meta name=\"robots\" content=\"index, follow, max-snippet:-1, max-image-preview:large, max-video-preview:-1\" \/>\n<link rel=\"canonical\" href=\"https:\/\/www.gereso.com\/actualites\/2016\/09\/07\/droit-travail-conge-proche-aidant\/\" \/>\n<meta property=\"og:locale\" content=\"fr_FR\" \/>\n<meta property=\"og:type\" content=\"article\" \/>\n<meta property=\"og:title\" content=\"Droit du travail : extension du cong\u00e9 de proche aidant - Le Blog GERESO\" \/>\n<meta property=\"og:description\" content=\"Le cong\u00e9 de proche aidant est un dispositif mis en place pour remplacer le cong\u00e9 de soutien familial. Il permet au salari\u00e9 d&rsquo;aider un proche, ou une personne ext\u00e9rieure au cercle familial, \u00e2g\u00e9e ou handicap\u00e9e, avec laquelle le salari\u00e9 r\u00e9side ou entretient des liens \u00e9troits et stables, \u00e0 qui il vient en aide de mani\u00e8re [&hellip;]\" \/>\n<meta property=\"og:url\" content=\"https:\/\/www.gereso.com\/actualites\/2016\/09\/07\/droit-travail-conge-proche-aidant\/\" \/>\n<meta property=\"og:site_name\" content=\"Le Blog GERESO\" \/>\n<meta property=\"article:published_time\" content=\"2016-09-07T05:34:50+00:00\" \/>\n<meta property=\"article:modified_time\" content=\"2017-06-09T07:25:14+00:00\" \/>\n<meta name=\"author\" content=\"\u00c9quipe GERESO\" \/>\n<meta name=\"twitter:card\" content=\"summary_large_image\" \/>\n<script type=\"application\/ld+json\" class=\"yoast-schema-graph\">{\"@context\":\"https:\/\/schema.org\",\"@graph\":[{\"@type\":\"WebPage\",\"@id\":\"https:\/\/www.gereso.com\/actualites\/2016\/09\/07\/droit-travail-conge-proche-aidant\/\",\"url\":\"https:\/\/www.gereso.com\/actualites\/2016\/09\/07\/droit-travail-conge-proche-aidant\/\",\"name\":\"Droit du travail : extension du cong\u00e9 de proche aidant - Le Blog GERESO\",\"isPartOf\":{\"@id\":\"https:\/\/www.gereso.com\/actualites\/#website\"},\"datePublished\":\"2016-09-07T05:34:50+00:00\",\"dateModified\":\"2017-06-09T07:25:14+00:00\",\"author\":{\"@id\":\"https:\/\/www.gereso.com\/actualites\/#\/schema\/person\/197d8aef40cb4ae3f6a0aa9e1d3df2a6\"},\"breadcrumb\":{\"@id\":\"https:\/\/www.gereso.com\/actualites\/2016\/09\/07\/droit-travail-conge-proche-aidant\/#breadcrumb\"},\"inLanguage\":\"fr-FR\",\"potentialAction\":[{\"@type\":\"ReadAction\",\"target\":[\"https:\/\/www.gereso.com\/actualites\/2016\/09\/07\/droit-travail-conge-proche-aidant\/\"]}]},{\"@type\":\"BreadcrumbList\",\"@id\":\"https:\/\/www.gereso.com\/actualites\/2016\/09\/07\/droit-travail-conge-proche-aidant\/#breadcrumb\",\"itemListElement\":[{\"@type\":\"ListItem\",\"position\":1,\"name\":\"Home\",\"item\":\"https:\/\/www.gereso.com\/actualites\/\"},{\"@type\":\"ListItem\",\"position\":2,\"name\":\"Droit du travail : extension du cong\u00e9 de proche aidant\"}]},{\"@type\":\"WebSite\",\"@id\":\"https:\/\/www.gereso.com\/actualites\/#website\",\"url\":\"https:\/\/www.gereso.com\/actualites\/\",\"name\":\"Le Blog GERESO\",\"description\":\"Toute l&#039;actu RH, Finance, Fonction Publique, Management...\",\"potentialAction\":[{\"@type\":\"SearchAction\",\"target\":{\"@type\":\"EntryPoint\",\"urlTemplate\":\"https:\/\/www.gereso.com\/actualites\/?s={search_term_string}\"},\"query-input\":{\"@type\":\"PropertyValueSpecification\",\"valueRequired\":true,\"valueName\":\"search_term_string\"}}],\"inLanguage\":\"fr-FR\"},{\"@type\":\"Person\",\"@id\":\"https:\/\/www.gereso.com\/actualites\/#\/schema\/person\/197d8aef40cb4ae3f6a0aa9e1d3df2a6\",\"name\":\"\u00c9quipe GERESO\",\"image\":{\"@type\":\"ImageObject\",\"inLanguage\":\"fr-FR\",\"@id\":\"https:\/\/www.gereso.com\/actualites\/#\/schema\/person\/image\/\",\"url\":\"https:\/\/www.gereso.com\/actualites\/wp-content\/uploads\/2013\/12\/avatar-gereso-1.png\",\"contentUrl\":\"https:\/\/www.gereso.com\/actualites\/wp-content\/uploads\/2013\/12\/avatar-gereso-1.png\",\"caption\":\"\u00c9quipe GERESO\"},\"url\":\"https:\/\/www.gereso.com\/actualites\/author\/gereso\/\"}]}<\/script>\n<!-- \/ Yoast SEO plugin. -->","yoast_head_json":{"title":"Droit du travail : extension du cong\u00e9 de proche aidant - Le Blog GERESO","robots":{"index":"index","follow":"follow","max-snippet":"max-snippet:-1","max-image-preview":"max-image-preview:large","max-video-preview":"max-video-preview:-1"},"canonical":"https:\/\/www.gereso.com\/actualites\/2016\/09\/07\/droit-travail-conge-proche-aidant\/","og_locale":"fr_FR","og_type":"article","og_title":"Droit du travail : extension du cong\u00e9 de proche aidant - Le Blog GERESO","og_description":"Le cong\u00e9 de proche aidant est un dispositif mis en place pour remplacer le cong\u00e9 de soutien familial. Il permet au salari\u00e9 d&rsquo;aider un proche, ou une personne ext\u00e9rieure au cercle familial, \u00e2g\u00e9e ou handicap\u00e9e, avec laquelle le salari\u00e9 r\u00e9side ou entretient des liens \u00e9troits et stables, \u00e0 qui il vient en aide de mani\u00e8re [&hellip;]","og_url":"https:\/\/www.gereso.com\/actualites\/2016\/09\/07\/droit-travail-conge-proche-aidant\/","og_site_name":"Le Blog GERESO","article_published_time":"2016-09-07T05:34:50+00:00","article_modified_time":"2017-06-09T07:25:14+00:00","author":"\u00c9quipe GERESO","twitter_card":"summary_large_image","schema":{"@context":"https:\/\/schema.org","@graph":[{"@type":"WebPage","@id":"https:\/\/www.gereso.com\/actualites\/2016\/09\/07\/droit-travail-conge-proche-aidant\/","url":"https:\/\/www.gereso.com\/actualites\/2016\/09\/07\/droit-travail-conge-proche-aidant\/","name":"Droit du travail : extension du cong\u00e9 de proche aidant - Le Blog GERESO","isPartOf":{"@id":"https:\/\/www.gereso.com\/actualites\/#website"},"datePublished":"2016-09-07T05:34:50+00:00","dateModified":"2017-06-09T07:25:14+00:00","author":{"@id":"https:\/\/www.gereso.com\/actualites\/#\/schema\/person\/197d8aef40cb4ae3f6a0aa9e1d3df2a6"},"breadcrumb":{"@id":"https:\/\/www.gereso.com\/actualites\/2016\/09\/07\/droit-travail-conge-proche-aidant\/#breadcrumb"},"inLanguage":"fr-FR","potentialAction":[{"@type":"ReadAction","target":["https:\/\/www.gereso.com\/actualites\/2016\/09\/07\/droit-travail-conge-proche-aidant\/"]}]},{"@type":"BreadcrumbList","@id":"https:\/\/www.gereso.com\/actualites\/2016\/09\/07\/droit-travail-conge-proche-aidant\/#breadcrumb","itemListElement":[{"@type":"ListItem","position":1,"name":"Home","item":"https:\/\/www.gereso.com\/actualites\/"},{"@type":"ListItem","position":2,"name":"Droit du travail : extension du cong\u00e9 de proche aidant"}]},{"@type":"WebSite","@id":"https:\/\/www.gereso.com\/actualites\/#website","url":"https:\/\/www.gereso.com\/actualites\/","name":"Le Blog GERESO","description":"Toute l&#039;actu RH, Finance, Fonction Publique, Management...","potentialAction":[{"@type":"SearchAction","target":{"@type":"EntryPoint","urlTemplate":"https:\/\/www.gereso.com\/actualites\/?s={search_term_string}"},"query-input":{"@type":"PropertyValueSpecification","valueRequired":true,"valueName":"search_term_string"}}],"inLanguage":"fr-FR"},{"@type":"Person","@id":"https:\/\/www.gereso.com\/actualites\/#\/schema\/person\/197d8aef40cb4ae3f6a0aa9e1d3df2a6","name":"\u00c9quipe GERESO","image":{"@type":"ImageObject","inLanguage":"fr-FR","@id":"https:\/\/www.gereso.com\/actualites\/#\/schema\/person\/image\/","url":"https:\/\/www.gereso.com\/actualites\/wp-content\/uploads\/2013\/12\/avatar-gereso-1.png","contentUrl":"https:\/\/www.gereso.com\/actualites\/wp-content\/uploads\/2013\/12\/avatar-gereso-1.png","caption":"\u00c9quipe GERESO"},"url":"https:\/\/www.gereso.com\/actualites\/author\/gereso\/"}]}},"_links":{"self":[{"href":"https:\/\/www.gereso.com\/actualites\/wp-json\/wp\/v2\/posts\/6928","targetHints":{"allow":["GET"]}}],"collection":[{"href":"https:\/\/www.gereso.com\/actualites\/wp-json\/wp\/v2\/posts"}],"about":[{"href":"https:\/\/www.gereso.com\/actualites\/wp-json\/wp\/v2\/types\/post"}],"author":[{"embeddable":true,"href":"https:\/\/www.gereso.com\/actualites\/wp-json\/wp\/v2\/users\/32"}],"replies":[{"embeddable":true,"href":"https:\/\/www.gereso.com\/actualites\/wp-json\/wp\/v2\/comments?post=6928"}],"version-history":[{"count":4,"href":"https:\/\/www.gereso.com\/actualites\/wp-json\/wp\/v2\/posts\/6928\/revisions"}],"predecessor-version":[{"id":6980,"href":"https:\/\/www.gereso.com\/actualites\/wp-json\/wp\/v2\/posts\/6928\/revisions\/6980"}],"wp:attachment":[{"href":"https:\/\/www.gereso.com\/actualites\/wp-json\/wp\/v2\/media?parent=6928"}],"wp:term":[{"taxonomy":"category","embeddable":true,"href":"https:\/\/www.gereso.com\/actualites\/wp-json\/wp\/v2\/categories?post=6928"},{"taxonomy":"post_tag","embeddable":true,"href":"https:\/\/www.gereso.com\/actualites\/wp-json\/wp\/v2\/tags?post=6928"}],"curies":[{"name":"wp","href":"https:\/\/api.w.org\/{rel}","templated":true}]}}