{"id":7049,"date":"2016-09-19T18:01:45","date_gmt":"2016-09-19T16:01:45","guid":{"rendered":"https:\/\/www.gereso.com\/actualites\/?p=7049"},"modified":"2021-07-20T17:22:45","modified_gmt":"2021-07-20T15:22:45","slug":"conges-payes-peut-on-les-acquerir-si-lon-est-absent-pour-accident-du-travail","status":"publish","type":"post","link":"https:\/\/www.gereso.com\/actualites\/2016\/09\/19\/conges-payes-peut-on-les-acquerir-si-lon-est-absent-pour-accident-du-travail\/","title":{"rendered":"Cong\u00e9s pay\u00e9s : peut-on les acqu\u00e9rir si l&rsquo;on est absent pour accident du travail ?"},"content":{"rendered":"<p><span style=\"background-color: #d10016; color: #ffffff;\"> Article mis \u00e0 jour le 16 mars 2021 <\/span><\/p>\n<p>Dans deux arr\u00eats du 2 et 22 juin 2016 (n\u00b0 15-11.422 D, n\u00b0 15-20.111 PBRI) <strong>la Cour de cassation a jug\u00e9 de mani\u00e8re diff\u00e9rente<\/strong> que les salari\u00e9s des entreprises de droit priv\u00e9 au sens strict ne peuvent<br>\nse pr\u00e9valoir de cette disposition \u00e0 l\u2019encontre de leur employeur, \u00e0 l\u2019inverse des soci\u00e9t\u00e9s charg\u00e9es d\u2019un service d\u2019int\u00e9r\u00eat public. En droit fran\u00e7ais l\u2019article L. 3141-3 du Code du&nbsp;travail pr\u00e9voit que : \u00ab<em> Le salari\u00e9 a droit \u00e0 un cong\u00e9 de deux jours et demi ouvrables par mois de travail effectif chez le m\u00eame employeur.<\/em> \u00bb.<\/p>\n<p>Ainsi, pour permettre cette acquisition des cong\u00e9s pay\u00e9s le salari\u00e9 doit effectivement avoir travaill\u00e9.&nbsp;Cependant, l\u2019<a href=\"https:\/\/www.legifrance.gouv.fr\/codes\/article_lc\/LEGIARTI000033020810\/\">article L. 3141-5 du Code du travail<\/a> pr\u00e9voit que l\u2019absence pour accident du travail est assimil\u00e9e comme du temps de travail effectif dans la limite d\u2019une ann\u00e9e, permettant ainsi l\u2019acquisition des&nbsp;cong\u00e9s pay\u00e9s sur cette p\u00e9riode. Au-del\u00e0 l\u2019acquisition est suspendue.<\/p>\n<h2>Des articles contradictoires quant \u00e0 la signification du \u00ab\u00a0travail effectif\u00a0\u00bb<\/h2>\n<p>La CJUE dans un arr\u00eat du 24 janvier 2012 affaire Dominguez C-282\/10 avait pr\u00e9cis\u00e9 que \u00ab <em>tout travailleur, qu\u2019il soit en cong\u00e9 de maladie pendant ladite p\u00e9riode de r\u00e9f\u00e9rence \u00e0 la suite d\u2019un accident&nbsp;survenu sur le lieu de travail ou ailleurs, ou \u00e0 la suite d\u2019une maladie de quelque nature ou origine qu\u2019elle soit, ne saurait voir affecter son droit au cong\u00e9 annuel pay\u00e9 d\u2019au moins quatre semaines<\/em> \u00bb.<\/p>\n<p>Dans ces deux arr\u00eats du mois de juin, la Cour de cassation \u00e9nonce clairement la non conformit\u00e9, mais en tire des conclusions diff\u00e9rentes :<\/p>\n<p>Dans la premi\u00e8re affaire du 2 juin 2016 (n\u00b0 15- 11.422 D), un salari\u00e9 avait \u00e9t\u00e9 arr\u00eat\u00e9 suite \u00e0 accident du travail durant la p\u00e9riode du 2 janvier 2009 au 4 octobre 2010. Il a ensuite \u00e9t\u00e9 licenci\u00e9 pour inaptitude, l\u2019employeur lui a vers\u00e9 <strong>une indemnit\u00e9 compensatrice de cong\u00e9s pay\u00e9s<\/strong> pour la p\u00e9riode d\u2019absence allant du 1er janvier au 31 d\u00e9cembre 2009.<\/p>\n<p>Devant les juridictions, ce salari\u00e9 invoque la directive de 2003 pour justifier l\u2019acquisition des cong\u00e9s pay\u00e9s sur la p\u00e9riode post\u00e9rieure au 1er janvier 2010, au motif que <strong>tout salari\u00e9 \u00e0 un droit \u00e0 cong\u00e9 annuel d\u2019au moins quatre semaines.<\/strong><\/p>\n<p>Cependant, la Cour de cassation a rejet\u00e9 cette demande \u00e9tant donn\u00e9 l\u2019absence d\u2019effet direct de la directive en droit fran\u00e7ais pour les litiges \u00ab entre particuliers \u00bb.<\/p>\n<p><em>Source : Jurisprudence constante : Cour de cassation du 13 mars 2013 n\u00b0 11-22.285<\/em><\/p>\n<p>En effet, un justifiable ne peut se pr\u00e9valoir de l\u2019application de la directive europ\u00e9enne de 2003 qu\u2019\u00e0 l\u2019encontre de l\u2019\u00c9tat (par exemple en sa qualit\u00e9 d\u2019employeur) ou \u00ab <em>d\u2019un organisme qui, quelle que<\/em><br>\n<em>soit sa forme juridique, a \u00e9t\u00e9 charg\u00e9 en vertu d\u2019un acte de l\u2019autorit\u00e9 publique d\u2019accomplir, sous le contr\u00f4le de cette derni\u00e8re, un service d\u2019int\u00e9r\u00eat public et qui dispose, \u00e0 cet effet, de pouvoirs exorbitants&nbsp;par rapport aux r\u00e8gles applicables dans les relations entre les particuliers<\/em> \u00bb.<\/p>\n<p><em>Source : CJUE, 12 juillet 1990, affaire C-188\/89, Foster<\/em><\/p>\n<p>De ce fait, seules les dispositions du Code du travail doivent s\u2019appliquer. Donc, tant que l\u2019<a href=\"https:\/\/www.legifrance.gouv.fr\/codes\/article_lc\/LEGIARTI000033020810\/\">article L. 3141- 5 du Code du travail<\/a> n\u2019aura pas \u00e9t\u00e9 modifi\u00e9 par le&nbsp;l\u00e9gislateur, l\u2019acquisition des cong\u00e9s pay\u00e9s se limitera \u00e0 une ann\u00e9e.<\/p>\n<p>Dans cette affaire, la Cour de cassation a consid\u00e9r\u00e9 techniquement impossible le fait d\u2019\u00e9carter les dispositions du Code du travail quand bien m\u00eame elles seraient en contradiction avec la directive,<br>\npuisque <strong>l\u2019employeur, \u00e9tant une entreprise de droit priv\u00e9, reste assujetti aux dispositions du Code du travail.<\/strong><\/p>\n<h2>Quel recours pour le salari\u00e9 ?<\/h2>\n<p>Reste la possibilit\u00e9 pour les salari\u00e9s d\u2019engager <strong>la responsabilit\u00e9 de l\u2019\u00c9tat pour non-conformit\u00e9 de la l\u00e9gislation fran\u00e7aise<\/strong>. Ce fut le cas dans une affaire jug\u00e9 par le Tribunal administratif de Clermont-<\/p>\n<p>Ferrand 1re ch., 6 avril 2016, n\u00b0 1500608.<\/p>\n<p>La seconde affaire du 22 juin 2016 (n\u00b0 15-20.111 PBRI) implique \u00e9galement un salari\u00e9 licenci\u00e9 pour inaptitude apr\u00e8s un arr\u00eat de travail prolong\u00e9 suite \u00e0 un accident professionnel.<\/p>\n<p>Ainsi la Cour de cassation a constat\u00e9 que les conditions \u00e9taient donc r\u00e9unies pour que cet employeur soit regard\u00e9 comme \u00ab <em>un organisme charg\u00e9, en vertu d\u2019un acte de l\u2019autorit\u00e9 publique,<\/em><br>\n<em> d\u2019accomplir, sous le contr\u00f4le de cette derni\u00e8re, un service d\u2019int\u00e9r\u00eat public et qui dispose \u00e0 cet effet de pouvoirs exorbitants par rapport aux r\u00e8gles applicables dans les relations entre particuliers<\/em> \u00bb.<br>\nEn application de la jurisprudence Foster de la CJUE pr\u00e9cit\u00e9, le salari\u00e9 pouvait donc opposer \u00e0 cet employeur les dispositions pr\u00e9cises et inconditionnelles de l\u2019article 7 de la directive,&nbsp;lesquelles ont un effet direct vertical \u00e0 son \u00e9gard.<\/p>\n<p>Le salari\u00e9 peut donc demander une indemnit\u00e9 de cong\u00e9s pay\u00e9s qui n\u2019est pas pr\u00e9vue dans le Code du travail.<\/p>\n<p>La note jointe \u00e0 l\u2019arr\u00eat pr\u00e9cise qu\u2019 \u00ab <em>un \u00c9tat membre ne peut pas se pr\u00e9valoir vis-\u00e0-vis des particuliers de la mauvaise transposition du droit de l\u2019Union, laquelle lui incombe, et [\u2026] cet \u00c9tat ou tout autre organisme ou entit\u00e9 soumis au contr\u00f4le de l\u2019\u00c9tat ou&nbsp;qui disposent de pouvoirs exorbitants par rapport aux relations entre particuliers, peut donc se voir opposer les dispositions pr\u00e9cises et inconditionnelles d\u2019une directive<\/em> \u00bb.<\/p>\n\n\n\n\n<article class=\"obj_encart-formation\">\n<div class=\"ctn_encart\">\n<h3>Votre formation sur ce th\u00e8me<\/h3>\n<h2>&nbsp;L\u2019ESSENTIEL DU DROIT DU TRAVAIL&nbsp;<\/h2>\n<h4>3 jours \u2013 En pr\u00e9sentiel ou \u00e0 distance<\/h4>\n<ul>\n<li><strong>Acqu\u00e9rir la logique et le raisonnement juridique<\/strong> pour se rep\u00e9rer en droit du travail<\/li>\n<li><strong>Conna\u00eetre les r\u00e8gles essentielles<\/strong> li\u00e9es au contrat de travail<\/li>\n<li><strong>Identifier les situations \u00e0 risques<\/strong> pour pr\u00e9venir les contentieux<\/li>\n<\/ul>\n<div class=\"ctn_btn\">\n<a class=\"obj_btn\" target=\"_blank\" href=\"https:\/\/www.gereso.com\/INIW\" rel=\"noopener\"><span>En savoir plus<\/span><\/a><br>\n<a class=\"obj_btn\" target=\"_blank\" href=\"https:\/\/www.gereso.com\/client\/programme-pdf\/INIW.pdf\" rel=\"noopener\"><span>T\u00e9l\u00e9charger le programme PDF<\/span><\/a><\/div>\n<\/div>\n<\/article>\n\n\n\n\n<h2>Cong\u00e9s pay\u00e9s et absence pour maladie ordinaire<\/h2>\n<p>\u00c0 plus forte raison, les salari\u00e9s des entreprises entrant dans le champ d\u2019application de la directive pourront \u00e9galement r\u00e9clamer l\u2019acquisition de cong\u00e9s pay\u00e9s au titre des absences pour maladie ordinaire,&nbsp;pour lesquelles le Code du travail aujourd\u2019hui ne pr\u00e9voit aucune acquisition de cong\u00e9s pay\u00e9s quelle que soit la dur\u00e9e de l\u2019absence.<\/p>\n<p>Cependant, la directive ne pr\u00e9voit une acquisition que de <strong>quatre semaines de cong\u00e9s pay\u00e9s<\/strong> annuels.&nbsp;Ainsi, le salari\u00e9 qui se verrait appliquer ces dispositions, ne pourrait se voir accorder des droits \u00e0 cong\u00e9s au-del\u00e0 de quatre semaines.<\/p>\n<p>Dans cet arr\u00eat du 22 juin, l\u2019employeur d\u00e9l\u00e9gataire d\u2019un service public n\u2019a en cons\u00e9quence pas \u00e0 accorder la 5e semaine de cong\u00e9s pay\u00e9s lorsque l\u2019absence cons\u00e9cutive \u00e0 un accident du travail est<br>\nd\u2019une dur\u00e9e sup\u00e9rieure \u00e0 un an.<\/p>\n<h2>La loi fran\u00e7aise \u00e9voluera-t-elle ?<\/h2>\n<p>Ces deux arr\u00eats posent une \u00e9quit\u00e9 entre les salari\u00e9s des employeurs de droit priv\u00e9 et ceux des employeurs plac\u00e9s sous l\u2019autorit\u00e9 de l\u2019\u00c9tat. Cela incitera-t-il \u00e0 faire \u00e9voluer le l\u00e9gislateur sur la l\u00e9gislation de l\u2019acquisition des cong\u00e9s pay\u00e9s,&nbsp;comme la Cour de cassation le sugg\u00e8re chaque ann\u00e9e dans son rapport ?<\/p>\n<p>En tout \u00e9tat de cause, la&nbsp;loi Travail, dans sa version actuelle, ne comporte pas d\u2019\u00e9volution significative sur l\u2019acquisition des droits \u00e0 cong\u00e9s pay\u00e9s durant les p\u00e9riodes d\u2019absences pour raison de sant\u00e9.<\/p>\n","protected":false},"excerpt":{"rendered":"<p>Article mis \u00e0 jour le 16 mars 2021 Dans deux arr\u00eats du 2 et 22 juin 2016 (n\u00b0 15-11.422 D, n\u00b0 15-20.111 PBRI) la Cour de cassation a jug\u00e9 de mani\u00e8re diff\u00e9rente que les salari\u00e9s des entreprises de droit priv\u00e9 au sens strict ne peuvent se pr\u00e9valoir de cette disposition \u00e0 l\u2019encontre de leur employeur, [&hellip;]<\/p>\n","protected":false},"author":32,"featured_media":7191,"comment_status":"open","ping_status":"open","sticky":false,"template":"","format":"standard","meta":{"_acf_changed":false,"_mi_skip_tracking":false,"footnotes":""},"categories":[1],"tags":[870,144],"class_list":["post-7049","post","type-post","status-publish","format-standard","has-post-thumbnail","hentry","category-non-classe","tag-accidents-du-travail","tag-conges"],"acf":[],"yoast_head":"<!-- This site is optimized with the Yoast SEO plugin v23.4 - https:\/\/yoast.com\/wordpress\/plugins\/seo\/ -->\n<title>Cong\u00e9s pay\u00e9s : peut-on les acqu\u00e9rir si l&#039;on est absent pour accident du travail ? - Le Blog GERESO<\/title>\n<meta name=\"robots\" content=\"index, follow, max-snippet:-1, max-image-preview:large, max-video-preview:-1\" \/>\n<link rel=\"canonical\" href=\"https:\/\/www.gereso.com\/actualites\/2016\/09\/19\/conges-payes-peut-on-les-acquerir-si-lon-est-absent-pour-accident-du-travail\/\" \/>\n<meta property=\"og:locale\" content=\"fr_FR\" \/>\n<meta property=\"og:type\" content=\"article\" \/>\n<meta property=\"og:title\" content=\"Cong\u00e9s pay\u00e9s : peut-on les acqu\u00e9rir si l&#039;on est absent pour accident du travail ? - Le Blog GERESO\" \/>\n<meta property=\"og:description\" content=\"Article mis \u00e0 jour le 16 mars 2021 Dans deux arr\u00eats du 2 et 22 juin 2016 (n\u00b0 15-11.422 D, n\u00b0 15-20.111 PBRI) la Cour de cassation a jug\u00e9 de mani\u00e8re diff\u00e9rente que les salari\u00e9s des entreprises de droit priv\u00e9 au sens strict ne peuvent se pr\u00e9valoir de cette disposition \u00e0 l\u2019encontre de leur employeur, [&hellip;]\" \/>\n<meta property=\"og:url\" content=\"https:\/\/www.gereso.com\/actualites\/2016\/09\/19\/conges-payes-peut-on-les-acquerir-si-lon-est-absent-pour-accident-du-travail\/\" \/>\n<meta property=\"og:site_name\" content=\"Le Blog GERESO\" \/>\n<meta property=\"article:published_time\" content=\"2016-09-19T16:01:45+00:00\" \/>\n<meta property=\"article:modified_time\" content=\"2021-07-20T15:22:45+00:00\" \/>\n<meta property=\"og:image\" content=\"https:\/\/www.gereso.com\/actualites\/wp-content\/uploads\/2016\/09\/conges-payes-accident-travail-1024x706.jpg\" \/>\n\t<meta property=\"og:image:width\" content=\"1024\" \/>\n\t<meta property=\"og:image:height\" content=\"706\" \/>\n\t<meta property=\"og:image:type\" content=\"image\/jpeg\" \/>\n<meta name=\"author\" content=\"\u00c9quipe GERESO\" \/>\n<meta name=\"twitter:card\" content=\"summary_large_image\" \/>\n<script type=\"application\/ld+json\" class=\"yoast-schema-graph\">{\"@context\":\"https:\/\/schema.org\",\"@graph\":[{\"@type\":\"WebPage\",\"@id\":\"https:\/\/www.gereso.com\/actualites\/2016\/09\/19\/conges-payes-peut-on-les-acquerir-si-lon-est-absent-pour-accident-du-travail\/\",\"url\":\"https:\/\/www.gereso.com\/actualites\/2016\/09\/19\/conges-payes-peut-on-les-acquerir-si-lon-est-absent-pour-accident-du-travail\/\",\"name\":\"Cong\u00e9s pay\u00e9s : peut-on les acqu\u00e9rir si l'on est absent pour accident du travail ? - Le Blog GERESO\",\"isPartOf\":{\"@id\":\"https:\/\/www.gereso.com\/actualites\/#website\"},\"primaryImageOfPage\":{\"@id\":\"https:\/\/www.gereso.com\/actualites\/2016\/09\/19\/conges-payes-peut-on-les-acquerir-si-lon-est-absent-pour-accident-du-travail\/#primaryimage\"},\"image\":{\"@id\":\"https:\/\/www.gereso.com\/actualites\/2016\/09\/19\/conges-payes-peut-on-les-acquerir-si-lon-est-absent-pour-accident-du-travail\/#primaryimage\"},\"thumbnailUrl\":\"https:\/\/www.gereso.com\/actualites\/wp-content\/uploads\/2016\/09\/conges-payes-accident-travail.jpg\",\"datePublished\":\"2016-09-19T16:01:45+00:00\",\"dateModified\":\"2021-07-20T15:22:45+00:00\",\"author\":{\"@id\":\"https:\/\/www.gereso.com\/actualites\/#\/schema\/person\/197d8aef40cb4ae3f6a0aa9e1d3df2a6\"},\"breadcrumb\":{\"@id\":\"https:\/\/www.gereso.com\/actualites\/2016\/09\/19\/conges-payes-peut-on-les-acquerir-si-lon-est-absent-pour-accident-du-travail\/#breadcrumb\"},\"inLanguage\":\"fr-FR\",\"potentialAction\":[{\"@type\":\"ReadAction\",\"target\":[\"https:\/\/www.gereso.com\/actualites\/2016\/09\/19\/conges-payes-peut-on-les-acquerir-si-lon-est-absent-pour-accident-du-travail\/\"]}]},{\"@type\":\"ImageObject\",\"inLanguage\":\"fr-FR\",\"@id\":\"https:\/\/www.gereso.com\/actualites\/2016\/09\/19\/conges-payes-peut-on-les-acquerir-si-lon-est-absent-pour-accident-du-travail\/#primaryimage\",\"url\":\"https:\/\/www.gereso.com\/actualites\/wp-content\/uploads\/2016\/09\/conges-payes-accident-travail.jpg\",\"contentUrl\":\"https:\/\/www.gereso.com\/actualites\/wp-content\/uploads\/2016\/09\/conges-payes-accident-travail.jpg\",\"width\":4128,\"height\":2848,\"caption\":\"Accident du travail et cong\u00e9s pay\u00e9s\"},{\"@type\":\"BreadcrumbList\",\"@id\":\"https:\/\/www.gereso.com\/actualites\/2016\/09\/19\/conges-payes-peut-on-les-acquerir-si-lon-est-absent-pour-accident-du-travail\/#breadcrumb\",\"itemListElement\":[{\"@type\":\"ListItem\",\"position\":1,\"name\":\"Home\",\"item\":\"https:\/\/www.gereso.com\/actualites\/\"},{\"@type\":\"ListItem\",\"position\":2,\"name\":\"Cong\u00e9s pay\u00e9s : peut-on les acqu\u00e9rir si l&rsquo;on est absent pour accident du travail ?\"}]},{\"@type\":\"WebSite\",\"@id\":\"https:\/\/www.gereso.com\/actualites\/#website\",\"url\":\"https:\/\/www.gereso.com\/actualites\/\",\"name\":\"Le Blog GERESO\",\"description\":\"Toute l&#039;actu RH, Finance, Fonction Publique, Management...\",\"potentialAction\":[{\"@type\":\"SearchAction\",\"target\":{\"@type\":\"EntryPoint\",\"urlTemplate\":\"https:\/\/www.gereso.com\/actualites\/?s={search_term_string}\"},\"query-input\":{\"@type\":\"PropertyValueSpecification\",\"valueRequired\":true,\"valueName\":\"search_term_string\"}}],\"inLanguage\":\"fr-FR\"},{\"@type\":\"Person\",\"@id\":\"https:\/\/www.gereso.com\/actualites\/#\/schema\/person\/197d8aef40cb4ae3f6a0aa9e1d3df2a6\",\"name\":\"\u00c9quipe GERESO\",\"image\":{\"@type\":\"ImageObject\",\"inLanguage\":\"fr-FR\",\"@id\":\"https:\/\/www.gereso.com\/actualites\/#\/schema\/person\/image\/\",\"url\":\"https:\/\/www.gereso.com\/actualites\/wp-content\/uploads\/2013\/12\/avatar-gereso-1.png\",\"contentUrl\":\"https:\/\/www.gereso.com\/actualites\/wp-content\/uploads\/2013\/12\/avatar-gereso-1.png\",\"caption\":\"\u00c9quipe GERESO\"},\"url\":\"https:\/\/www.gereso.com\/actualites\/author\/gereso\/\"}]}<\/script>\n<!-- \/ Yoast SEO plugin. -->","yoast_head_json":{"title":"Cong\u00e9s pay\u00e9s : peut-on les acqu\u00e9rir si l'on est absent pour accident du travail ? - Le Blog GERESO","robots":{"index":"index","follow":"follow","max-snippet":"max-snippet:-1","max-image-preview":"max-image-preview:large","max-video-preview":"max-video-preview:-1"},"canonical":"https:\/\/www.gereso.com\/actualites\/2016\/09\/19\/conges-payes-peut-on-les-acquerir-si-lon-est-absent-pour-accident-du-travail\/","og_locale":"fr_FR","og_type":"article","og_title":"Cong\u00e9s pay\u00e9s : peut-on les acqu\u00e9rir si l'on est absent pour accident du travail ? - Le Blog GERESO","og_description":"Article mis \u00e0 jour le 16 mars 2021 Dans deux arr\u00eats du 2 et 22 juin 2016 (n\u00b0 15-11.422 D, n\u00b0 15-20.111 PBRI) la Cour de cassation a jug\u00e9 de mani\u00e8re diff\u00e9rente que les salari\u00e9s des entreprises de droit priv\u00e9 au sens strict ne peuvent se pr\u00e9valoir de cette disposition \u00e0 l\u2019encontre de leur employeur, [&hellip;]","og_url":"https:\/\/www.gereso.com\/actualites\/2016\/09\/19\/conges-payes-peut-on-les-acquerir-si-lon-est-absent-pour-accident-du-travail\/","og_site_name":"Le Blog GERESO","article_published_time":"2016-09-19T16:01:45+00:00","article_modified_time":"2021-07-20T15:22:45+00:00","og_image":[{"width":1024,"height":706,"url":"https:\/\/www.gereso.com\/actualites\/wp-content\/uploads\/2016\/09\/conges-payes-accident-travail-1024x706.jpg","type":"image\/jpeg"}],"author":"\u00c9quipe GERESO","twitter_card":"summary_large_image","schema":{"@context":"https:\/\/schema.org","@graph":[{"@type":"WebPage","@id":"https:\/\/www.gereso.com\/actualites\/2016\/09\/19\/conges-payes-peut-on-les-acquerir-si-lon-est-absent-pour-accident-du-travail\/","url":"https:\/\/www.gereso.com\/actualites\/2016\/09\/19\/conges-payes-peut-on-les-acquerir-si-lon-est-absent-pour-accident-du-travail\/","name":"Cong\u00e9s pay\u00e9s : peut-on les acqu\u00e9rir si l'on est absent pour accident du travail ? - Le Blog GERESO","isPartOf":{"@id":"https:\/\/www.gereso.com\/actualites\/#website"},"primaryImageOfPage":{"@id":"https:\/\/www.gereso.com\/actualites\/2016\/09\/19\/conges-payes-peut-on-les-acquerir-si-lon-est-absent-pour-accident-du-travail\/#primaryimage"},"image":{"@id":"https:\/\/www.gereso.com\/actualites\/2016\/09\/19\/conges-payes-peut-on-les-acquerir-si-lon-est-absent-pour-accident-du-travail\/#primaryimage"},"thumbnailUrl":"https:\/\/www.gereso.com\/actualites\/wp-content\/uploads\/2016\/09\/conges-payes-accident-travail.jpg","datePublished":"2016-09-19T16:01:45+00:00","dateModified":"2021-07-20T15:22:45+00:00","author":{"@id":"https:\/\/www.gereso.com\/actualites\/#\/schema\/person\/197d8aef40cb4ae3f6a0aa9e1d3df2a6"},"breadcrumb":{"@id":"https:\/\/www.gereso.com\/actualites\/2016\/09\/19\/conges-payes-peut-on-les-acquerir-si-lon-est-absent-pour-accident-du-travail\/#breadcrumb"},"inLanguage":"fr-FR","potentialAction":[{"@type":"ReadAction","target":["https:\/\/www.gereso.com\/actualites\/2016\/09\/19\/conges-payes-peut-on-les-acquerir-si-lon-est-absent-pour-accident-du-travail\/"]}]},{"@type":"ImageObject","inLanguage":"fr-FR","@id":"https:\/\/www.gereso.com\/actualites\/2016\/09\/19\/conges-payes-peut-on-les-acquerir-si-lon-est-absent-pour-accident-du-travail\/#primaryimage","url":"https:\/\/www.gereso.com\/actualites\/wp-content\/uploads\/2016\/09\/conges-payes-accident-travail.jpg","contentUrl":"https:\/\/www.gereso.com\/actualites\/wp-content\/uploads\/2016\/09\/conges-payes-accident-travail.jpg","width":4128,"height":2848,"caption":"Accident du travail et cong\u00e9s pay\u00e9s"},{"@type":"BreadcrumbList","@id":"https:\/\/www.gereso.com\/actualites\/2016\/09\/19\/conges-payes-peut-on-les-acquerir-si-lon-est-absent-pour-accident-du-travail\/#breadcrumb","itemListElement":[{"@type":"ListItem","position":1,"name":"Home","item":"https:\/\/www.gereso.com\/actualites\/"},{"@type":"ListItem","position":2,"name":"Cong\u00e9s pay\u00e9s : peut-on les acqu\u00e9rir si l&rsquo;on est absent pour accident du travail ?"}]},{"@type":"WebSite","@id":"https:\/\/www.gereso.com\/actualites\/#website","url":"https:\/\/www.gereso.com\/actualites\/","name":"Le Blog GERESO","description":"Toute l&#039;actu RH, Finance, Fonction Publique, Management...","potentialAction":[{"@type":"SearchAction","target":{"@type":"EntryPoint","urlTemplate":"https:\/\/www.gereso.com\/actualites\/?s={search_term_string}"},"query-input":{"@type":"PropertyValueSpecification","valueRequired":true,"valueName":"search_term_string"}}],"inLanguage":"fr-FR"},{"@type":"Person","@id":"https:\/\/www.gereso.com\/actualites\/#\/schema\/person\/197d8aef40cb4ae3f6a0aa9e1d3df2a6","name":"\u00c9quipe GERESO","image":{"@type":"ImageObject","inLanguage":"fr-FR","@id":"https:\/\/www.gereso.com\/actualites\/#\/schema\/person\/image\/","url":"https:\/\/www.gereso.com\/actualites\/wp-content\/uploads\/2013\/12\/avatar-gereso-1.png","contentUrl":"https:\/\/www.gereso.com\/actualites\/wp-content\/uploads\/2013\/12\/avatar-gereso-1.png","caption":"\u00c9quipe GERESO"},"url":"https:\/\/www.gereso.com\/actualites\/author\/gereso\/"}]}},"_links":{"self":[{"href":"https:\/\/www.gereso.com\/actualites\/wp-json\/wp\/v2\/posts\/7049","targetHints":{"allow":["GET"]}}],"collection":[{"href":"https:\/\/www.gereso.com\/actualites\/wp-json\/wp\/v2\/posts"}],"about":[{"href":"https:\/\/www.gereso.com\/actualites\/wp-json\/wp\/v2\/types\/post"}],"author":[{"embeddable":true,"href":"https:\/\/www.gereso.com\/actualites\/wp-json\/wp\/v2\/users\/32"}],"replies":[{"embeddable":true,"href":"https:\/\/www.gereso.com\/actualites\/wp-json\/wp\/v2\/comments?post=7049"}],"version-history":[{"count":7,"href":"https:\/\/www.gereso.com\/actualites\/wp-json\/wp\/v2\/posts\/7049\/revisions"}],"predecessor-version":[{"id":22533,"href":"https:\/\/www.gereso.com\/actualites\/wp-json\/wp\/v2\/posts\/7049\/revisions\/22533"}],"wp:featuredmedia":[{"embeddable":true,"href":"https:\/\/www.gereso.com\/actualites\/wp-json\/wp\/v2\/media\/7191"}],"wp:attachment":[{"href":"https:\/\/www.gereso.com\/actualites\/wp-json\/wp\/v2\/media?parent=7049"}],"wp:term":[{"taxonomy":"category","embeddable":true,"href":"https:\/\/www.gereso.com\/actualites\/wp-json\/wp\/v2\/categories?post=7049"},{"taxonomy":"post_tag","embeddable":true,"href":"https:\/\/www.gereso.com\/actualites\/wp-json\/wp\/v2\/tags?post=7049"}],"curies":[{"name":"wp","href":"https:\/\/api.w.org\/{rel}","templated":true}]}}