{"id":7111,"date":"2016-09-27T17:29:23","date_gmt":"2016-09-27T15:29:23","guid":{"rendered":"https:\/\/www.gereso.com\/actualites\/?p=7111"},"modified":"2016-10-17T14:01:47","modified_gmt":"2016-10-17T12:01:47","slug":"quiz-loi-travail","status":"publish","type":"post","link":"https:\/\/www.gereso.com\/actualites\/2016\/09\/27\/quiz-loi-travail\/","title":{"rendered":"Quiz : que savez-vous vraiment de la loi Travail ?"},"content":{"rendered":"<p><strong>R\u00e9pondez par Vrai ou Faux \u00e0 chacune des 10 affirmations suivantes :<\/strong><\/p>\n<link type=\"text\/css\" rel=\"stylesheet\" href=\"https:\/\/www.gereso.com\/actualites\/wp-content\/plugins\/quizzin\/style.css\" \/>\r\n<script type=\"text\/javascript\" src=\"https:\/\/www.gereso.com\/actualites\/wp-includes\/js\/jquery\/jquery.js\"><\/script>\r\n<script type=\"text\/javascript\" src=\"https:\/\/www.gereso.com\/actualites\/wp-content\/plugins\/quizzin\/script.js\"><\/script>\r\n\r\n<div class=\"quiz-area single-page-quiz\">\r\n<form action=\"\" method=\"post\" class=\"quiz-form\" id=\"quiz-8\">\r\n<div class='quizzin-question' id='question-1'><div class='question-content'>Question 1\/10 : La loi travail autorise l\u2019employeur \u00e0 augmenter la dur\u00e9e maximale du travail du salari\u00e9.<\/div><br \/><input type='hidden' name='question_id[]' value='71' \/><label for='answer-id-291' id='answer-label-291' class=' answer label-1'><input type='radio' name='answer-71' id='answer-id-291' class='answer answer-1 ' value='291' \/><span class='answer'> VRAI<\/span><\/label><br \/><label for='answer-id-292' id='answer-label-292' class=' answer label-1'><input type='radio' name='answer-71' id='answer-id-292' class='answer answer-1 ' value='292' \/><span class='answer'> FAUX<\/span><\/label><br \/><\/div><div class='quizzin-question' id='question-2'><div class='question-content'>Question 2\/10 : La loi Travail est venue inverser la hi\u00e9rarchie des normes. D\u00e9sormais un accord d\u2019entreprise peut venir remplacer les dispositions d\u2019un accord de branche m\u00eame dans un sens moins favorable au salari\u00e9.<\/div><br \/><input type='hidden' name='question_id[]' value='72' \/><label for='answer-id-293' id='answer-label-293' class=' answer label-2'><input type='radio' name='answer-72' id='answer-id-293' class='answer answer-2 ' value='293' \/><span class='answer'> VRAI<\/span><\/label><br \/><label for='answer-id-294' id='answer-label-294' class=' answer label-2'><input type='radio' name='answer-72' id='answer-id-294' class='answer answer-2 ' value='294' \/><span class='answer'> FAUX<\/span><\/label><br \/><\/div><div class='quizzin-question' id='question-3'><div class='question-content'>Question 3\/10 : Depuis la loi Travail, la majoration de la r\u00e9mun\u00e9ration pour les heures suppl\u00e9mentaires a \u00e9t\u00e9 syst\u00e9matiquement r\u00e9duite.<\/div><br \/><input type='hidden' name='question_id[]' value='73' \/><label for='answer-id-295' id='answer-label-295' class=' answer label-3'><input type='radio' name='answer-73' id='answer-id-295' class='answer answer-3 ' value='295' \/><span class='answer'> VRAI<\/span><\/label><br \/><label for='answer-id-296' id='answer-label-296' class=' answer label-3'><input type='radio' name='answer-73' id='answer-id-296' class='answer answer-3 ' value='296' \/><span class='answer'> FAUX<\/span><\/label><br \/><\/div><div class='quizzin-question' id='question-4'><div class='question-content'>Question 4\/10 : La loi Travail permet \u00e0 un accord collectif de fixer librement le nombre de jours de cong\u00e9s pour \u00e9v\u00e9nements familiaux.<\/div><br \/><input type='hidden' name='question_id[]' value='74' \/><label for='answer-id-297' id='answer-label-297' class=' answer label-4'><input type='radio' name='answer-74' id='answer-id-297' class='answer answer-4 ' value='297' \/><span class='answer'> VRAI<\/span><\/label><br \/><label for='answer-id-298' id='answer-label-298' class=' answer label-4'><input type='radio' name='answer-74' id='answer-id-298' class='answer answer-4 ' value='298' \/><span class='answer'> FAUX<\/span><\/label><br \/><\/div><div class='quizzin-question' id='question-5'><div class='question-content'>Question 5\/10 : Les accords de pr\u00e9servation ou de d\u00e9veloppement de l\u2019emploi ne peuvent \u00eatre n\u00e9goci\u00e9s que si l\u2019entreprise rencontre des difficult\u00e9s \u00e9conomiques.<\/div><br \/><input type='hidden' name='question_id[]' value='75' \/><label for='answer-id-299' id='answer-label-299' class=' answer label-5'><input type='radio' name='answer-75' id='answer-id-299' class='answer answer-5 ' value='299' \/><span class='answer'> VRAI<\/span><\/label><br \/><label for='answer-id-300' id='answer-label-300' class=' answer label-5'><input type='radio' name='answer-75' id='answer-id-300' class='answer answer-5 ' value='300' \/><span class='answer'> FAUX<\/span><\/label><br \/><\/div><div class='quizzin-question' id='question-6'><div class='question-content'>Question 6\/10 : La loi Travail a d\u00e9fini les difficult\u00e9s justifiant le caract\u00e8re \u00e9conomique d\u2019un licenciement.<\/div><br \/><input type='hidden' name='question_id[]' value='76' \/><label for='answer-id-301' id='answer-label-301' class=' answer label-6'><input type='radio' name='answer-76' id='answer-id-301' class='answer answer-6 ' value='301' \/><span class='answer'> VRAI<\/span><\/label><br \/><label for='answer-id-302' id='answer-label-302' class=' answer label-6'><input type='radio' name='answer-76' id='answer-id-302' class='answer answer-6 ' value='302' \/><span class='answer'> FAUX<\/span><\/label><br \/><\/div><div class='quizzin-question' id='question-7'><div class='question-content'>Question 7\/10 : La loi Travail donne davantage de moyens aux syndicats<\/div><br \/><input type='hidden' name='question_id[]' value='77' \/><label for='answer-id-303' id='answer-label-303' class=' answer label-7'><input type='radio' name='answer-77' id='answer-id-303' class='answer answer-7 ' value='303' \/><span class='answer'> VRAI<\/span><\/label><br \/><label for='answer-id-304' id='answer-label-304' class=' answer label-7'><input type='radio' name='answer-77' id='answer-id-304' class='answer answer-7 ' value='304' \/><span class='answer'> FAUX<\/span><\/label><br \/><\/div><div class='quizzin-question' id='question-8'><div class='question-content'>Question 8\/10 : La loi Travail supprime la visite m\u00e9dicale d\u2019embauche.<\/div><br \/><input type='hidden' name='question_id[]' value='78' \/><label for='answer-id-311' id='answer-label-311' class=' answer label-8'><input type='radio' name='answer-78' id='answer-id-311' class='answer answer-8 ' value='311' \/><span class='answer'> VRAI<\/span><\/label><br \/><label for='answer-id-312' id='answer-label-312' class=' answer label-8'><input type='radio' name='answer-78' id='answer-id-312' class='answer answer-8 ' value='312' \/><span class='answer'> FAUX<\/span><\/label><br \/><\/div><div class='quizzin-question' id='question-9'><div class='question-content'>Question 9\/10 : Les salari\u00e9s disposent depuis la loi Travail d\u2019un v\u00e9ritable droit \u00e0 la d\u00e9connexion<\/div><br \/><input type='hidden' name='question_id[]' value='79' \/><label for='answer-id-307' id='answer-label-307' class=' answer label-9'><input type='radio' name='answer-79' id='answer-id-307' class='answer answer-9 ' value='307' \/><span class='answer'> VRAI<\/span><\/label><br \/><label for='answer-id-308' id='answer-label-308' class=' answer label-9'><input type='radio' name='answer-79' id='answer-id-308' class='answer answer-9 ' value='308' \/><span class='answer'> FAUX<\/span><\/label><br \/><\/div><div class='quizzin-question' id='question-10'><div class='question-content'>Question 10\/10 : La loi Travail\u00a0a plafonn\u00e9 les indemnit\u00e9s\u00a0prud\u2019homales.<\/div><br \/><input type='hidden' name='question_id[]' value='80' \/><label for='answer-id-309' id='answer-label-309' class=' answer label-10'><input type='radio' name='answer-80' id='answer-id-309' class='answer answer-10 ' value='309' \/><span class='answer'> VRAI<\/span><\/label><br \/><label for='answer-id-310' id='answer-label-310' class=' answer label-10'><input type='radio' name='answer-80' id='answer-id-310' class='answer answer-10 ' value='310' \/><span class='answer'> FAUX<\/span><\/label><br \/><\/div><br \/>\r\n<input type=\"button\" id=\"next-question\" value=\"Question suivante &gt;\"  \/><br \/>\r\n\r\n<input type=\"submit\" name=\"action\" id=\"action-button\" value=\"Valider mes r\u00e9ponses et voir le r\u00e9sultat &nbsp; \"  \/>\r\n<input type=\"hidden\" name=\"quiz_id\" value=\"8\" \/>\r\n<\/form>\r\n<\/div>\r\n\r\n\n","protected":false},"excerpt":{"rendered":"<p>R\u00e9pondez par Vrai ou Faux \u00e0 chacune des 10 affirmations suivantes :<\/p>\n","protected":false},"author":44,"featured_media":7188,"comment_status":"open","ping_status":"open","sticky":false,"template":"","format":"standard","meta":{"_acf_changed":false,"_mi_skip_tracking":false,"footnotes":""},"categories":[12,5],"tags":[491,911,958,425],"class_list":["post-7111","post","type-post","status-publish","format-standard","has-post-thumbnail","hentry","category-actualites","category-droit-du-travail","tag-duree-du-travail","tag-el-khomri","tag-loi-travail","tag-temps-de-travail"],"acf":[],"yoast_head":"<!-- This site is optimized with the Yoast SEO plugin v23.4 - https:\/\/yoast.com\/wordpress\/plugins\/seo\/ -->\n<title>Quiz : que savez-vous vraiment de la loi Travail ? - Le Blog GERESO<\/title>\n<meta name=\"robots\" content=\"index, follow, max-snippet:-1, max-image-preview:large, max-video-preview:-1\" \/>\n<link rel=\"canonical\" href=\"https:\/\/www.gereso.com\/actualites\/2016\/09\/27\/quiz-loi-travail\/\" \/>\n<meta property=\"og:locale\" content=\"fr_FR\" \/>\n<meta property=\"og:type\" content=\"article\" \/>\n<meta property=\"og:title\" content=\"Quiz : que savez-vous vraiment de la loi Travail ? - Le Blog GERESO\" \/>\n<meta property=\"og:description\" content=\"R\u00e9pondez par Vrai ou Faux \u00e0 chacune des 10 affirmations suivantes :\" \/>\n<meta property=\"og:url\" content=\"https:\/\/www.gereso.com\/actualites\/2016\/09\/27\/quiz-loi-travail\/\" \/>\n<meta property=\"og:site_name\" content=\"Le Blog GERESO\" \/>\n<meta property=\"article:published_time\" content=\"2016-09-27T15:29:23+00:00\" \/>\n<meta property=\"article:modified_time\" content=\"2016-10-17T12:01:47+00:00\" \/>\n<meta property=\"og:image\" content=\"https:\/\/www.gereso.com\/actualites\/wp-content\/uploads\/2016\/09\/quiz-loi-travail.jpg\" \/>\n\t<meta property=\"og:image:width\" content=\"600\" \/>\n\t<meta property=\"og:image:height\" content=\"400\" \/>\n\t<meta property=\"og:image:type\" content=\"image\/jpeg\" \/>\n<meta name=\"author\" content=\"Gwendoline Aubourg\" \/>\n<meta name=\"twitter:card\" content=\"summary_large_image\" \/>\n<script type=\"application\/ld+json\" class=\"yoast-schema-graph\">{\"@context\":\"https:\/\/schema.org\",\"@graph\":[{\"@type\":\"WebPage\",\"@id\":\"https:\/\/www.gereso.com\/actualites\/2016\/09\/27\/quiz-loi-travail\/\",\"url\":\"https:\/\/www.gereso.com\/actualites\/2016\/09\/27\/quiz-loi-travail\/\",\"name\":\"Quiz : que savez-vous vraiment de la loi Travail ? - Le Blog GERESO\",\"isPartOf\":{\"@id\":\"https:\/\/www.gereso.com\/actualites\/#website\"},\"primaryImageOfPage\":{\"@id\":\"https:\/\/www.gereso.com\/actualites\/2016\/09\/27\/quiz-loi-travail\/#primaryimage\"},\"image\":{\"@id\":\"https:\/\/www.gereso.com\/actualites\/2016\/09\/27\/quiz-loi-travail\/#primaryimage\"},\"thumbnailUrl\":\"https:\/\/www.gereso.com\/actualites\/wp-content\/uploads\/2016\/09\/quiz-loi-travail.jpg\",\"datePublished\":\"2016-09-27T15:29:23+00:00\",\"dateModified\":\"2016-10-17T12:01:47+00:00\",\"author\":{\"@id\":\"https:\/\/www.gereso.com\/actualites\/#\/schema\/person\/74853d141382f3563939c9e96dcdc2ce\"},\"breadcrumb\":{\"@id\":\"https:\/\/www.gereso.com\/actualites\/2016\/09\/27\/quiz-loi-travail\/#breadcrumb\"},\"inLanguage\":\"fr-FR\",\"potentialAction\":[{\"@type\":\"ReadAction\",\"target\":[\"https:\/\/www.gereso.com\/actualites\/2016\/09\/27\/quiz-loi-travail\/\"]}]},{\"@type\":\"ImageObject\",\"inLanguage\":\"fr-FR\",\"@id\":\"https:\/\/www.gereso.com\/actualites\/2016\/09\/27\/quiz-loi-travail\/#primaryimage\",\"url\":\"https:\/\/www.gereso.com\/actualites\/wp-content\/uploads\/2016\/09\/quiz-loi-travail.jpg\",\"contentUrl\":\"https:\/\/www.gereso.com\/actualites\/wp-content\/uploads\/2016\/09\/quiz-loi-travail.jpg\",\"width\":600,\"height\":400},{\"@type\":\"BreadcrumbList\",\"@id\":\"https:\/\/www.gereso.com\/actualites\/2016\/09\/27\/quiz-loi-travail\/#breadcrumb\",\"itemListElement\":[{\"@type\":\"ListItem\",\"position\":1,\"name\":\"Home\",\"item\":\"https:\/\/www.gereso.com\/actualites\/\"},{\"@type\":\"ListItem\",\"position\":2,\"name\":\"Quiz : que savez-vous vraiment de la loi Travail ?\"}]},{\"@type\":\"WebSite\",\"@id\":\"https:\/\/www.gereso.com\/actualites\/#website\",\"url\":\"https:\/\/www.gereso.com\/actualites\/\",\"name\":\"Le Blog GERESO\",\"description\":\"Toute l&#039;actu RH, Finance, Fonction Publique, Management...\",\"potentialAction\":[{\"@type\":\"SearchAction\",\"target\":{\"@type\":\"EntryPoint\",\"urlTemplate\":\"https:\/\/www.gereso.com\/actualites\/?s={search_term_string}\"},\"query-input\":{\"@type\":\"PropertyValueSpecification\",\"valueRequired\":true,\"valueName\":\"search_term_string\"}}],\"inLanguage\":\"fr-FR\"},{\"@type\":\"Person\",\"@id\":\"https:\/\/www.gereso.com\/actualites\/#\/schema\/person\/74853d141382f3563939c9e96dcdc2ce\",\"name\":\"Gwendoline Aubourg\",\"image\":{\"@type\":\"ImageObject\",\"inLanguage\":\"fr-FR\",\"@id\":\"https:\/\/www.gereso.com\/actualites\/#\/schema\/person\/image\/\",\"url\":\"https:\/\/www.gereso.com\/actualites\/wp-content\/uploads\/2016\/10\/GwendolineAubourg-1-144x144.jpg\",\"contentUrl\":\"https:\/\/www.gereso.com\/actualites\/wp-content\/uploads\/2016\/10\/GwendolineAubourg-1-144x144.jpg\",\"caption\":\"Gwendoline Aubourg\"},\"description\":\"Juriste, dipl\u00f4m\u00e9e en droit social de la Facult\u00e9 des sciences juridiques, politiques et sociales de Lille, r\u00e9dactrice RH et auteure de nombreux ouvrages sur les th\u00e8mes du droit du travail et des droits du consommateurs.\",\"url\":\"https:\/\/www.gereso.com\/actualites\/author\/g-aubourg\/\"}]}<\/script>\n<!-- \/ Yoast SEO plugin. -->","yoast_head_json":{"title":"Quiz : que savez-vous vraiment de la loi Travail ? - Le Blog GERESO","robots":{"index":"index","follow":"follow","max-snippet":"max-snippet:-1","max-image-preview":"max-image-preview:large","max-video-preview":"max-video-preview:-1"},"canonical":"https:\/\/www.gereso.com\/actualites\/2016\/09\/27\/quiz-loi-travail\/","og_locale":"fr_FR","og_type":"article","og_title":"Quiz : que savez-vous vraiment de la loi Travail ? - Le Blog GERESO","og_description":"R\u00e9pondez par Vrai ou Faux \u00e0 chacune des 10 affirmations suivantes :","og_url":"https:\/\/www.gereso.com\/actualites\/2016\/09\/27\/quiz-loi-travail\/","og_site_name":"Le Blog GERESO","article_published_time":"2016-09-27T15:29:23+00:00","article_modified_time":"2016-10-17T12:01:47+00:00","og_image":[{"width":600,"height":400,"url":"https:\/\/www.gereso.com\/actualites\/wp-content\/uploads\/2016\/09\/quiz-loi-travail.jpg","type":"image\/jpeg"}],"author":"Gwendoline Aubourg","twitter_card":"summary_large_image","schema":{"@context":"https:\/\/schema.org","@graph":[{"@type":"WebPage","@id":"https:\/\/www.gereso.com\/actualites\/2016\/09\/27\/quiz-loi-travail\/","url":"https:\/\/www.gereso.com\/actualites\/2016\/09\/27\/quiz-loi-travail\/","name":"Quiz : que savez-vous vraiment de la loi Travail ? - Le Blog GERESO","isPartOf":{"@id":"https:\/\/www.gereso.com\/actualites\/#website"},"primaryImageOfPage":{"@id":"https:\/\/www.gereso.com\/actualites\/2016\/09\/27\/quiz-loi-travail\/#primaryimage"},"image":{"@id":"https:\/\/www.gereso.com\/actualites\/2016\/09\/27\/quiz-loi-travail\/#primaryimage"},"thumbnailUrl":"https:\/\/www.gereso.com\/actualites\/wp-content\/uploads\/2016\/09\/quiz-loi-travail.jpg","datePublished":"2016-09-27T15:29:23+00:00","dateModified":"2016-10-17T12:01:47+00:00","author":{"@id":"https:\/\/www.gereso.com\/actualites\/#\/schema\/person\/74853d141382f3563939c9e96dcdc2ce"},"breadcrumb":{"@id":"https:\/\/www.gereso.com\/actualites\/2016\/09\/27\/quiz-loi-travail\/#breadcrumb"},"inLanguage":"fr-FR","potentialAction":[{"@type":"ReadAction","target":["https:\/\/www.gereso.com\/actualites\/2016\/09\/27\/quiz-loi-travail\/"]}]},{"@type":"ImageObject","inLanguage":"fr-FR","@id":"https:\/\/www.gereso.com\/actualites\/2016\/09\/27\/quiz-loi-travail\/#primaryimage","url":"https:\/\/www.gereso.com\/actualites\/wp-content\/uploads\/2016\/09\/quiz-loi-travail.jpg","contentUrl":"https:\/\/www.gereso.com\/actualites\/wp-content\/uploads\/2016\/09\/quiz-loi-travail.jpg","width":600,"height":400},{"@type":"BreadcrumbList","@id":"https:\/\/www.gereso.com\/actualites\/2016\/09\/27\/quiz-loi-travail\/#breadcrumb","itemListElement":[{"@type":"ListItem","position":1,"name":"Home","item":"https:\/\/www.gereso.com\/actualites\/"},{"@type":"ListItem","position":2,"name":"Quiz : que savez-vous vraiment de la loi Travail ?"}]},{"@type":"WebSite","@id":"https:\/\/www.gereso.com\/actualites\/#website","url":"https:\/\/www.gereso.com\/actualites\/","name":"Le Blog GERESO","description":"Toute l&#039;actu RH, Finance, Fonction Publique, Management...","potentialAction":[{"@type":"SearchAction","target":{"@type":"EntryPoint","urlTemplate":"https:\/\/www.gereso.com\/actualites\/?s={search_term_string}"},"query-input":{"@type":"PropertyValueSpecification","valueRequired":true,"valueName":"search_term_string"}}],"inLanguage":"fr-FR"},{"@type":"Person","@id":"https:\/\/www.gereso.com\/actualites\/#\/schema\/person\/74853d141382f3563939c9e96dcdc2ce","name":"Gwendoline Aubourg","image":{"@type":"ImageObject","inLanguage":"fr-FR","@id":"https:\/\/www.gereso.com\/actualites\/#\/schema\/person\/image\/","url":"https:\/\/www.gereso.com\/actualites\/wp-content\/uploads\/2016\/10\/GwendolineAubourg-1-144x144.jpg","contentUrl":"https:\/\/www.gereso.com\/actualites\/wp-content\/uploads\/2016\/10\/GwendolineAubourg-1-144x144.jpg","caption":"Gwendoline Aubourg"},"description":"Juriste, dipl\u00f4m\u00e9e en droit social de la Facult\u00e9 des sciences juridiques, politiques et sociales de Lille, r\u00e9dactrice RH et auteure de nombreux ouvrages sur les th\u00e8mes du droit du travail et des droits du consommateurs.","url":"https:\/\/www.gereso.com\/actualites\/author\/g-aubourg\/"}]}},"_links":{"self":[{"href":"https:\/\/www.gereso.com\/actualites\/wp-json\/wp\/v2\/posts\/7111","targetHints":{"allow":["GET"]}}],"collection":[{"href":"https:\/\/www.gereso.com\/actualites\/wp-json\/wp\/v2\/posts"}],"about":[{"href":"https:\/\/www.gereso.com\/actualites\/wp-json\/wp\/v2\/types\/post"}],"author":[{"embeddable":true,"href":"https:\/\/www.gereso.com\/actualites\/wp-json\/wp\/v2\/users\/44"}],"replies":[{"embeddable":true,"href":"https:\/\/www.gereso.com\/actualites\/wp-json\/wp\/v2\/comments?post=7111"}],"version-history":[{"count":7,"href":"https:\/\/www.gereso.com\/actualites\/wp-json\/wp\/v2\/posts\/7111\/revisions"}],"predecessor-version":[{"id":7233,"href":"https:\/\/www.gereso.com\/actualites\/wp-json\/wp\/v2\/posts\/7111\/revisions\/7233"}],"wp:featuredmedia":[{"embeddable":true,"href":"https:\/\/www.gereso.com\/actualites\/wp-json\/wp\/v2\/media\/7188"}],"wp:attachment":[{"href":"https:\/\/www.gereso.com\/actualites\/wp-json\/wp\/v2\/media?parent=7111"}],"wp:term":[{"taxonomy":"category","embeddable":true,"href":"https:\/\/www.gereso.com\/actualites\/wp-json\/wp\/v2\/categories?post=7111"},{"taxonomy":"post_tag","embeddable":true,"href":"https:\/\/www.gereso.com\/actualites\/wp-json\/wp\/v2\/tags?post=7111"}],"curies":[{"name":"wp","href":"https:\/\/api.w.org\/{rel}","templated":true}]}}