{"id":7119,"date":"2016-09-29T16:35:15","date_gmt":"2016-09-29T14:35:15","guid":{"rendered":"https:\/\/www.gereso.com\/actualites\/?p=7119"},"modified":"2016-09-29T16:35:15","modified_gmt":"2016-09-29T14:35:15","slug":"projet-loi-de-finances-2017","status":"publish","type":"post","link":"https:\/\/www.gereso.com\/actualites\/2016\/09\/29\/projet-loi-de-finances-2017\/","title":{"rendered":"Projet de loi de finances pour 2017"},"content":{"rendered":"<p>Le projet de loi de finances pour 2017 (PLF 2017) a \u00e9t\u00e9 pr\u00e9sent\u00e9 mercredi 28 septembre en Conseil des ministres. Les principales nouveaut\u00e9s pr\u00e9sentes dans ce budget avaient d\u00e9j\u00e0 fait l&rsquo;objet de diff\u00e9rentes annonces ces derniers mois (r\u00e9duction d&rsquo;imp\u00f4t sur le revenu pour les classes moyennes, pr\u00e9l\u00e8vement \u00e0 la source, imp\u00f4t sur les soci\u00e9t\u00e9s \u00e0 28%, augmentation du CICE, etc.)<\/p>\n<p>Malgr\u00e9 les baisses d&rsquo;imp\u00f4ts pr\u00e9vus, le Gouvernement esp\u00e8re pour 2017 une r\u00e9duction du d\u00e9ficit de 3,3%\u00a0 en 2016 \u00e0 2,7% du PIB en 2017. Le taux des pr\u00e9l\u00e8vements obligatoires devrait rester stable, \u00e0 44,5% du PIB.<\/p>\n<h2>Principales mesures fiscales concernant les entreprises<\/h2>\n<p>Article 6 : Diminution du taux de<strong> l&rsquo;imp\u00f4t sur les soci\u00e9t\u00e9s<\/strong> de 33,1\/3% \u00e0 <strong>28%<\/strong> (pour 2017, le taux de 28% est r\u00e9serv\u00e9 aux PME pour la part des b\u00e9n\u00e9fices inf\u00e9rieure \u00e0 75.000 \u20ac, sans remise en cause du taux de 15% r\u00e9serv\u00e9 aux PME)<\/p>\n<p>Article 7 : Augmentation du <strong>dernier acompte d&rsquo;imp\u00f4t sur les soci\u00e9t\u00e9s<\/strong> pour les grandes entreprises (dont le CA est sup\u00e9rieur \u00e0 250 millions \u20ac)<\/p>\n<p>Article 8 : Institution d&rsquo;un <strong>acompte<\/strong> pour le paiement de la majoration de <strong>TaSCom<\/strong> (taxe sur les surfaces commerciales)<\/p>\n<p>Article 13 : Suppression de petites niches fiscales inefficaces (<strong>amortissement exceptionnel des logiciels<\/strong>, cr\u00e9dit d&rsquo;imp\u00f4t pour d\u00e9penses de prospection commerciale etc.)<\/p>\n<p>Article 39 : Prorogation du cr\u00e9dit d&rsquo;imp\u00f4t pour les m\u00e9tiers d&rsquo;art et extension aux restaurateurs du patrimoine<\/p>\n<p>Article 42 : R\u00e9forme de la d\u00e9duction de <strong>l&rsquo;amortissement des v\u00e9hicules de soci\u00e9t\u00e9s<\/strong> (incitation \u00e0 l&rsquo;acquisition de v\u00e9hicules moins polluants)<\/p>\n<p>Article 44 : Hausse du taux du <strong>CICE<\/strong> (le taux passe de 6 \u00e0 <strong>7%<\/strong>)<\/p>\n<p>Article 45 : Prorogation du dispositif de soutien aux jeunes entreprises innovantes (JEI) jusqu&rsquo;au 31 d\u00e9cembre 2019<\/p>\n<h2>Principales mesures fiscales concernant les particuliers<\/h2>\n<p>Article 2 : <strong>R\u00e9duction d&rsquo;imp\u00f4t sur le revenu<\/strong> en faveur des classes moyennes et revalorisation des tranches du bar\u00e8me de l&rsquo;imp\u00f4t sur le revenu de 0,1%<\/p>\n<p>Article 4 : M\u00e9canisme anti-abus visant \u00e0 lutter contre certains d\u00e9tournements du plafonnement de l&rsquo;imp\u00f4t de solidarit\u00e9 sur la fortune (ISF)<\/p>\n<p>Article 10 : Prorogation du <strong>CITE<\/strong> (cr\u00e9dit d&rsquo;imp\u00f4t transition \u00e9nerg\u00e9tique) pour les d\u00e9penses engag\u00e9es jusqu&rsquo;au 31 d\u00e9cembre 2017<\/p>\n<p>Article 38 : Instauration du <strong>pr\u00e9l\u00e8vement \u00e0 la source <\/strong>de l&rsquo;imp\u00f4t sur le revenu<\/p>\n<p>Article 40 : Prorogation du <strong>dispositif Pinel<\/strong>\u00a0 (r\u00e9duction d&rsquo;imp\u00f4t pour investissement locatif) jusqu&rsquo;au 31 d\u00e9cembre 2017<\/p>\n<p>Article 47 : Universalisation du cr\u00e9dit d&rsquo;imp\u00f4t en faveur des services \u00e0 la personne<\/p>\n<p>Article 49 : R\u00e9forme des minima sociaux<\/p>\n","protected":false},"excerpt":{"rendered":"<p>Le projet de loi de finances pour 2017 (PLF 2017) a \u00e9t\u00e9 pr\u00e9sent\u00e9 mercredi 28 septembre en Conseil des ministres. Les principales nouveaut\u00e9s pr\u00e9sentes dans ce budget avaient d\u00e9j\u00e0 fait l&rsquo;objet de diff\u00e9rentes annonces ces derniers mois (r\u00e9duction d&rsquo;imp\u00f4t sur le revenu pour les classes moyennes, pr\u00e9l\u00e8vement \u00e0 la source, imp\u00f4t sur les soci\u00e9t\u00e9s \u00e0 [&hellip;]<\/p>\n","protected":false},"author":45,"featured_media":0,"comment_status":"open","ping_status":"open","sticky":false,"template":"","format":"quote","meta":{"_acf_changed":false,"_mi_skip_tracking":false,"footnotes":""},"categories":[12,3],"tags":[219,1012,986],"class_list":["post-7119","post","type-post","status-publish","format-quote","hentry","category-actualites","category-comptabilite-fiscalite-et-gestion-financiere","tag-cice","tag-is","tag-loi-de-finances","post_format-post-format-quote"],"acf":[],"yoast_head":"<!-- This site is optimized with the Yoast SEO plugin v23.4 - https:\/\/yoast.com\/wordpress\/plugins\/seo\/ -->\n<title>Projet de loi de finances pour 2017 - Le Blog GERESO<\/title>\n<meta name=\"robots\" content=\"index, follow, max-snippet:-1, max-image-preview:large, max-video-preview:-1\" \/>\n<link rel=\"canonical\" href=\"https:\/\/www.gereso.com\/actualites\/2016\/09\/29\/projet-loi-de-finances-2017\/\" \/>\n<meta property=\"og:locale\" content=\"fr_FR\" \/>\n<meta property=\"og:type\" content=\"article\" \/>\n<meta property=\"og:title\" content=\"Projet de loi de finances pour 2017 - Le Blog GERESO\" \/>\n<meta property=\"og:description\" content=\"Le projet de loi de finances pour 2017 (PLF 2017) a \u00e9t\u00e9 pr\u00e9sent\u00e9 mercredi 28 septembre en Conseil des ministres. Les principales nouveaut\u00e9s pr\u00e9sentes dans ce budget avaient d\u00e9j\u00e0 fait l&rsquo;objet de diff\u00e9rentes annonces ces derniers mois (r\u00e9duction d&rsquo;imp\u00f4t sur le revenu pour les classes moyennes, pr\u00e9l\u00e8vement \u00e0 la source, imp\u00f4t sur les soci\u00e9t\u00e9s \u00e0 [&hellip;]\" \/>\n<meta property=\"og:url\" content=\"https:\/\/www.gereso.com\/actualites\/2016\/09\/29\/projet-loi-de-finances-2017\/\" \/>\n<meta property=\"og:site_name\" content=\"Le Blog GERESO\" \/>\n<meta property=\"article:published_time\" content=\"2016-09-29T14:35:15+00:00\" \/>\n<meta name=\"author\" content=\"Damien P\u00e9an\" \/>\n<meta name=\"twitter:card\" content=\"summary_large_image\" \/>\n<script type=\"application\/ld+json\" class=\"yoast-schema-graph\">{\"@context\":\"https:\/\/schema.org\",\"@graph\":[{\"@type\":\"WebPage\",\"@id\":\"https:\/\/www.gereso.com\/actualites\/2016\/09\/29\/projet-loi-de-finances-2017\/\",\"url\":\"https:\/\/www.gereso.com\/actualites\/2016\/09\/29\/projet-loi-de-finances-2017\/\",\"name\":\"Projet de loi de finances pour 2017 - Le Blog GERESO\",\"isPartOf\":{\"@id\":\"https:\/\/www.gereso.com\/actualites\/#website\"},\"datePublished\":\"2016-09-29T14:35:15+00:00\",\"dateModified\":\"2016-09-29T14:35:15+00:00\",\"author\":{\"@id\":\"https:\/\/www.gereso.com\/actualites\/#\/schema\/person\/c91814f92d627ed4715993fbbf7c7e8d\"},\"breadcrumb\":{\"@id\":\"https:\/\/www.gereso.com\/actualites\/2016\/09\/29\/projet-loi-de-finances-2017\/#breadcrumb\"},\"inLanguage\":\"fr-FR\",\"potentialAction\":[{\"@type\":\"ReadAction\",\"target\":[\"https:\/\/www.gereso.com\/actualites\/2016\/09\/29\/projet-loi-de-finances-2017\/\"]}]},{\"@type\":\"BreadcrumbList\",\"@id\":\"https:\/\/www.gereso.com\/actualites\/2016\/09\/29\/projet-loi-de-finances-2017\/#breadcrumb\",\"itemListElement\":[{\"@type\":\"ListItem\",\"position\":1,\"name\":\"Home\",\"item\":\"https:\/\/www.gereso.com\/actualites\/\"},{\"@type\":\"ListItem\",\"position\":2,\"name\":\"Projet de loi de finances pour 2017\"}]},{\"@type\":\"WebSite\",\"@id\":\"https:\/\/www.gereso.com\/actualites\/#website\",\"url\":\"https:\/\/www.gereso.com\/actualites\/\",\"name\":\"Le Blog GERESO\",\"description\":\"Toute l&#039;actu RH, Finance, Fonction Publique, Management...\",\"potentialAction\":[{\"@type\":\"SearchAction\",\"target\":{\"@type\":\"EntryPoint\",\"urlTemplate\":\"https:\/\/www.gereso.com\/actualites\/?s={search_term_string}\"},\"query-input\":{\"@type\":\"PropertyValueSpecification\",\"valueRequired\":true,\"valueName\":\"search_term_string\"}}],\"inLanguage\":\"fr-FR\"},{\"@type\":\"Person\",\"@id\":\"https:\/\/www.gereso.com\/actualites\/#\/schema\/person\/c91814f92d627ed4715993fbbf7c7e8d\",\"name\":\"Damien P\u00e9an\",\"image\":{\"@type\":\"ImageObject\",\"inLanguage\":\"fr-FR\",\"@id\":\"https:\/\/www.gereso.com\/actualites\/#\/schema\/person\/image\/\",\"url\":\"https:\/\/www.gereso.com\/actualites\/wp-content\/uploads\/2016\/03\/damien-pean.jpg\",\"contentUrl\":\"https:\/\/www.gereso.com\/actualites\/wp-content\/uploads\/2016\/03\/damien-pean.jpg\",\"caption\":\"Damien P\u00e9an\"},\"description\":\"Damien P\u00c9AN est titulaire du Dipl\u00f4me d'\u00e9tudes sup\u00e9rieures comptables et financi\u00e8res (DESCF). Il intervient depuis plusieurs ann\u00e9es aupr\u00e8s d'\u00e9tudiants en licence de comptabilit\u00e9 et de gestion, \u00e0 qui il enseigne le contr\u00f4le de gestion, la comptabilit\u00e9 approfondie, le management, la fiscalit\u00e9, le droit des soci\u00e9t\u00e9s et le droit du travail. Il intervient \u00e9galement en formation continue pour le compte de divers organismes de formation sur des th\u00e9matiques techniques en comptabilit\u00e9 et fiscalit\u00e9. Il forme aussi un public de non-initi\u00e9s aux fondamentaux de la finance.\",\"url\":\"https:\/\/www.gereso.com\/actualites\/author\/d-pean\/\"}]}<\/script>\n<!-- \/ Yoast SEO plugin. -->","yoast_head_json":{"title":"Projet de loi de finances pour 2017 - Le Blog GERESO","robots":{"index":"index","follow":"follow","max-snippet":"max-snippet:-1","max-image-preview":"max-image-preview:large","max-video-preview":"max-video-preview:-1"},"canonical":"https:\/\/www.gereso.com\/actualites\/2016\/09\/29\/projet-loi-de-finances-2017\/","og_locale":"fr_FR","og_type":"article","og_title":"Projet de loi de finances pour 2017 - Le Blog GERESO","og_description":"Le projet de loi de finances pour 2017 (PLF 2017) a \u00e9t\u00e9 pr\u00e9sent\u00e9 mercredi 28 septembre en Conseil des ministres. Les principales nouveaut\u00e9s pr\u00e9sentes dans ce budget avaient d\u00e9j\u00e0 fait l&rsquo;objet de diff\u00e9rentes annonces ces derniers mois (r\u00e9duction d&rsquo;imp\u00f4t sur le revenu pour les classes moyennes, pr\u00e9l\u00e8vement \u00e0 la source, imp\u00f4t sur les soci\u00e9t\u00e9s \u00e0 [&hellip;]","og_url":"https:\/\/www.gereso.com\/actualites\/2016\/09\/29\/projet-loi-de-finances-2017\/","og_site_name":"Le Blog GERESO","article_published_time":"2016-09-29T14:35:15+00:00","author":"Damien P\u00e9an","twitter_card":"summary_large_image","schema":{"@context":"https:\/\/schema.org","@graph":[{"@type":"WebPage","@id":"https:\/\/www.gereso.com\/actualites\/2016\/09\/29\/projet-loi-de-finances-2017\/","url":"https:\/\/www.gereso.com\/actualites\/2016\/09\/29\/projet-loi-de-finances-2017\/","name":"Projet de loi de finances pour 2017 - Le Blog GERESO","isPartOf":{"@id":"https:\/\/www.gereso.com\/actualites\/#website"},"datePublished":"2016-09-29T14:35:15+00:00","dateModified":"2016-09-29T14:35:15+00:00","author":{"@id":"https:\/\/www.gereso.com\/actualites\/#\/schema\/person\/c91814f92d627ed4715993fbbf7c7e8d"},"breadcrumb":{"@id":"https:\/\/www.gereso.com\/actualites\/2016\/09\/29\/projet-loi-de-finances-2017\/#breadcrumb"},"inLanguage":"fr-FR","potentialAction":[{"@type":"ReadAction","target":["https:\/\/www.gereso.com\/actualites\/2016\/09\/29\/projet-loi-de-finances-2017\/"]}]},{"@type":"BreadcrumbList","@id":"https:\/\/www.gereso.com\/actualites\/2016\/09\/29\/projet-loi-de-finances-2017\/#breadcrumb","itemListElement":[{"@type":"ListItem","position":1,"name":"Home","item":"https:\/\/www.gereso.com\/actualites\/"},{"@type":"ListItem","position":2,"name":"Projet de loi de finances pour 2017"}]},{"@type":"WebSite","@id":"https:\/\/www.gereso.com\/actualites\/#website","url":"https:\/\/www.gereso.com\/actualites\/","name":"Le Blog GERESO","description":"Toute l&#039;actu RH, Finance, Fonction Publique, Management...","potentialAction":[{"@type":"SearchAction","target":{"@type":"EntryPoint","urlTemplate":"https:\/\/www.gereso.com\/actualites\/?s={search_term_string}"},"query-input":{"@type":"PropertyValueSpecification","valueRequired":true,"valueName":"search_term_string"}}],"inLanguage":"fr-FR"},{"@type":"Person","@id":"https:\/\/www.gereso.com\/actualites\/#\/schema\/person\/c91814f92d627ed4715993fbbf7c7e8d","name":"Damien P\u00e9an","image":{"@type":"ImageObject","inLanguage":"fr-FR","@id":"https:\/\/www.gereso.com\/actualites\/#\/schema\/person\/image\/","url":"https:\/\/www.gereso.com\/actualites\/wp-content\/uploads\/2016\/03\/damien-pean.jpg","contentUrl":"https:\/\/www.gereso.com\/actualites\/wp-content\/uploads\/2016\/03\/damien-pean.jpg","caption":"Damien P\u00e9an"},"description":"Damien P\u00c9AN est titulaire du Dipl\u00f4me d'\u00e9tudes sup\u00e9rieures comptables et financi\u00e8res (DESCF). Il intervient depuis plusieurs ann\u00e9es aupr\u00e8s d'\u00e9tudiants en licence de comptabilit\u00e9 et de gestion, \u00e0 qui il enseigne le contr\u00f4le de gestion, la comptabilit\u00e9 approfondie, le management, la fiscalit\u00e9, le droit des soci\u00e9t\u00e9s et le droit du travail. Il intervient \u00e9galement en formation continue pour le compte de divers organismes de formation sur des th\u00e9matiques techniques en comptabilit\u00e9 et fiscalit\u00e9. Il forme aussi un public de non-initi\u00e9s aux fondamentaux de la finance.","url":"https:\/\/www.gereso.com\/actualites\/author\/d-pean\/"}]}},"_links":{"self":[{"href":"https:\/\/www.gereso.com\/actualites\/wp-json\/wp\/v2\/posts\/7119","targetHints":{"allow":["GET"]}}],"collection":[{"href":"https:\/\/www.gereso.com\/actualites\/wp-json\/wp\/v2\/posts"}],"about":[{"href":"https:\/\/www.gereso.com\/actualites\/wp-json\/wp\/v2\/types\/post"}],"author":[{"embeddable":true,"href":"https:\/\/www.gereso.com\/actualites\/wp-json\/wp\/v2\/users\/45"}],"replies":[{"embeddable":true,"href":"https:\/\/www.gereso.com\/actualites\/wp-json\/wp\/v2\/comments?post=7119"}],"version-history":[{"count":1,"href":"https:\/\/www.gereso.com\/actualites\/wp-json\/wp\/v2\/posts\/7119\/revisions"}],"predecessor-version":[{"id":7120,"href":"https:\/\/www.gereso.com\/actualites\/wp-json\/wp\/v2\/posts\/7119\/revisions\/7120"}],"wp:attachment":[{"href":"https:\/\/www.gereso.com\/actualites\/wp-json\/wp\/v2\/media?parent=7119"}],"wp:term":[{"taxonomy":"category","embeddable":true,"href":"https:\/\/www.gereso.com\/actualites\/wp-json\/wp\/v2\/categories?post=7119"},{"taxonomy":"post_tag","embeddable":true,"href":"https:\/\/www.gereso.com\/actualites\/wp-json\/wp\/v2\/tags?post=7119"}],"curies":[{"name":"wp","href":"https:\/\/api.w.org\/{rel}","templated":true}]}}