{"id":7126,"date":"2016-09-29T23:05:03","date_gmt":"2016-09-29T21:05:03","guid":{"rendered":"https:\/\/www.gereso.com\/actualites\/?p=7126"},"modified":"2016-09-29T23:05:03","modified_gmt":"2016-09-29T21:05:03","slug":"fin-amortissement-logiciels-sur-12-mois","status":"publish","type":"post","link":"https:\/\/www.gereso.com\/actualites\/2016\/09\/29\/fin-amortissement-logiciels-sur-12-mois\/","title":{"rendered":"Fin de l&rsquo;amortissement des logiciels sur 12 mois"},"content":{"rendered":"<p>L&rsquo;article 13 du projet de loi de finances pour 2017 (PLF 2017), pr\u00e9sent\u00e9 en Conseil des ministres, le 28 septembre, propose d&rsquo;abroger plusieurs <strong>niches fiscales<\/strong> jug\u00e9es inefficaces. Dans cette liste figure <strong>l&rsquo;amortissement exceptionnel des logiciels<\/strong>. Pour les logiciels acquis \u00e0 compter du 1er janvier 2017, il ne sera plus possible de les <strong>amortir sur 12 mois<\/strong>, conform\u00e9ment au II de l&rsquo;article 236 du CGI.<\/p>\n<p>Cette pratique n\u00e9cessitait d&rsquo;enregistrer en charges d&rsquo;exploitation, les amortissements \u00e9conomiques (calcul\u00e9s sur la dur\u00e9e d&rsquo;utilisation pr\u00e9vue) et en charges exceptionnelles (amortissements d\u00e9rogatoires) le surcro\u00eet de dotation li\u00e9 \u00e0 l&rsquo;amortissement sur 12 mois. Le PLF 2017 justifie la fin de ce dispositif par la g\u00e9n\u00e9ralisation des technologies de l\u2019information et de la communication.<\/p>\n<p>En revanche, les entreprises ont toujours la possibilit\u00e9 d&rsquo;amortir directement les <strong>logiciels cr\u00e9\u00e9s<\/strong> par leurs services (I de l&rsquo;article 236 du CGI). Ce dispositif, <strong>non supprim\u00e9<\/strong> par le PLF 2017, permet d&rsquo;amortir en totalit\u00e9 les co\u00fbts de revient d&rsquo;un logiciel cr\u00e9\u00e9, l&rsquo;ann\u00e9e de leur immobilisation.<\/p>\n<p>L&rsquo;article 13 propose \u00e9galement la suppression de plusieurs autres niches fiscales comme le <strong>cr\u00e9dit d&rsquo;imp\u00f4t pour d\u00e9penses de prospection commerciale<\/strong> (article 244 quater H du CGI). Cet avantage fiscal permettait aux PME, de d\u00e9duire de leur imp\u00f4t sur les b\u00e9n\u00e9fices, 50% des d\u00e9penses de prospection commerciale r\u00e9alis\u00e9es \u00e0 l&rsquo;\u00e9tranger.<\/p>\n","protected":false},"excerpt":{"rendered":"<p>L&rsquo;article 13 du projet de loi de finances pour 2017 (PLF 2017), pr\u00e9sent\u00e9 en Conseil des ministres, le 28 septembre, propose d&rsquo;abroger plusieurs niches fiscales jug\u00e9es inefficaces. Dans cette liste figure l&rsquo;amortissement exceptionnel des logiciels. Pour les logiciels acquis \u00e0 compter du 1er janvier 2017, il ne sera plus possible de les amortir sur 12 [&hellip;]<\/p>\n","protected":false},"author":45,"featured_media":0,"comment_status":"open","ping_status":"open","sticky":false,"template":"","format":"quote","meta":{"_acf_changed":false,"_mi_skip_tracking":false,"footnotes":""},"categories":[12,3],"tags":[1037],"class_list":["post-7126","post","type-post","status-publish","format-quote","hentry","category-actualites","category-comptabilite-fiscalite-et-gestion-financiere","tag-amortissement","post_format-post-format-quote"],"acf":[],"yoast_head":"<!-- This site is optimized with the Yoast SEO plugin v23.4 - https:\/\/yoast.com\/wordpress\/plugins\/seo\/ -->\n<title>Fin de l&#039;amortissement des logiciels sur 12 mois - Le Blog GERESO<\/title>\n<meta name=\"robots\" content=\"index, follow, max-snippet:-1, max-image-preview:large, max-video-preview:-1\" \/>\n<link rel=\"canonical\" href=\"https:\/\/www.gereso.com\/actualites\/2016\/09\/29\/fin-amortissement-logiciels-sur-12-mois\/\" \/>\n<meta property=\"og:locale\" content=\"fr_FR\" \/>\n<meta property=\"og:type\" content=\"article\" \/>\n<meta property=\"og:title\" content=\"Fin de l&#039;amortissement des logiciels sur 12 mois - Le Blog GERESO\" \/>\n<meta property=\"og:description\" content=\"L&rsquo;article 13 du projet de loi de finances pour 2017 (PLF 2017), pr\u00e9sent\u00e9 en Conseil des ministres, le 28 septembre, propose d&rsquo;abroger plusieurs niches fiscales jug\u00e9es inefficaces. Dans cette liste figure l&rsquo;amortissement exceptionnel des logiciels. Pour les logiciels acquis \u00e0 compter du 1er janvier 2017, il ne sera plus possible de les amortir sur 12 [&hellip;]\" \/>\n<meta property=\"og:url\" content=\"https:\/\/www.gereso.com\/actualites\/2016\/09\/29\/fin-amortissement-logiciels-sur-12-mois\/\" \/>\n<meta property=\"og:site_name\" content=\"Le Blog GERESO\" \/>\n<meta property=\"article:published_time\" content=\"2016-09-29T21:05:03+00:00\" \/>\n<meta name=\"author\" content=\"Damien P\u00e9an\" \/>\n<meta name=\"twitter:card\" content=\"summary_large_image\" \/>\n<script type=\"application\/ld+json\" class=\"yoast-schema-graph\">{\"@context\":\"https:\/\/schema.org\",\"@graph\":[{\"@type\":\"WebPage\",\"@id\":\"https:\/\/www.gereso.com\/actualites\/2016\/09\/29\/fin-amortissement-logiciels-sur-12-mois\/\",\"url\":\"https:\/\/www.gereso.com\/actualites\/2016\/09\/29\/fin-amortissement-logiciels-sur-12-mois\/\",\"name\":\"Fin de l'amortissement des logiciels sur 12 mois - Le Blog GERESO\",\"isPartOf\":{\"@id\":\"https:\/\/www.gereso.com\/actualites\/#website\"},\"datePublished\":\"2016-09-29T21:05:03+00:00\",\"dateModified\":\"2016-09-29T21:05:03+00:00\",\"author\":{\"@id\":\"https:\/\/www.gereso.com\/actualites\/#\/schema\/person\/c91814f92d627ed4715993fbbf7c7e8d\"},\"breadcrumb\":{\"@id\":\"https:\/\/www.gereso.com\/actualites\/2016\/09\/29\/fin-amortissement-logiciels-sur-12-mois\/#breadcrumb\"},\"inLanguage\":\"fr-FR\",\"potentialAction\":[{\"@type\":\"ReadAction\",\"target\":[\"https:\/\/www.gereso.com\/actualites\/2016\/09\/29\/fin-amortissement-logiciels-sur-12-mois\/\"]}]},{\"@type\":\"BreadcrumbList\",\"@id\":\"https:\/\/www.gereso.com\/actualites\/2016\/09\/29\/fin-amortissement-logiciels-sur-12-mois\/#breadcrumb\",\"itemListElement\":[{\"@type\":\"ListItem\",\"position\":1,\"name\":\"Home\",\"item\":\"https:\/\/www.gereso.com\/actualites\/\"},{\"@type\":\"ListItem\",\"position\":2,\"name\":\"Fin de l&rsquo;amortissement des logiciels sur 12 mois\"}]},{\"@type\":\"WebSite\",\"@id\":\"https:\/\/www.gereso.com\/actualites\/#website\",\"url\":\"https:\/\/www.gereso.com\/actualites\/\",\"name\":\"Le Blog GERESO\",\"description\":\"Toute l&#039;actu RH, Finance, Fonction Publique, Management...\",\"potentialAction\":[{\"@type\":\"SearchAction\",\"target\":{\"@type\":\"EntryPoint\",\"urlTemplate\":\"https:\/\/www.gereso.com\/actualites\/?s={search_term_string}\"},\"query-input\":{\"@type\":\"PropertyValueSpecification\",\"valueRequired\":true,\"valueName\":\"search_term_string\"}}],\"inLanguage\":\"fr-FR\"},{\"@type\":\"Person\",\"@id\":\"https:\/\/www.gereso.com\/actualites\/#\/schema\/person\/c91814f92d627ed4715993fbbf7c7e8d\",\"name\":\"Damien P\u00e9an\",\"image\":{\"@type\":\"ImageObject\",\"inLanguage\":\"fr-FR\",\"@id\":\"https:\/\/www.gereso.com\/actualites\/#\/schema\/person\/image\/\",\"url\":\"https:\/\/www.gereso.com\/actualites\/wp-content\/uploads\/2016\/03\/damien-pean.jpg\",\"contentUrl\":\"https:\/\/www.gereso.com\/actualites\/wp-content\/uploads\/2016\/03\/damien-pean.jpg\",\"caption\":\"Damien P\u00e9an\"},\"description\":\"Damien P\u00c9AN est titulaire du Dipl\u00f4me d'\u00e9tudes sup\u00e9rieures comptables et financi\u00e8res (DESCF). Il intervient depuis plusieurs ann\u00e9es aupr\u00e8s d'\u00e9tudiants en licence de comptabilit\u00e9 et de gestion, \u00e0 qui il enseigne le contr\u00f4le de gestion, la comptabilit\u00e9 approfondie, le management, la fiscalit\u00e9, le droit des soci\u00e9t\u00e9s et le droit du travail. Il intervient \u00e9galement en formation continue pour le compte de divers organismes de formation sur des th\u00e9matiques techniques en comptabilit\u00e9 et fiscalit\u00e9. Il forme aussi un public de non-initi\u00e9s aux fondamentaux de la finance.\",\"url\":\"https:\/\/www.gereso.com\/actualites\/author\/d-pean\/\"}]}<\/script>\n<!-- \/ Yoast SEO plugin. -->","yoast_head_json":{"title":"Fin de l'amortissement des logiciels sur 12 mois - Le Blog GERESO","robots":{"index":"index","follow":"follow","max-snippet":"max-snippet:-1","max-image-preview":"max-image-preview:large","max-video-preview":"max-video-preview:-1"},"canonical":"https:\/\/www.gereso.com\/actualites\/2016\/09\/29\/fin-amortissement-logiciels-sur-12-mois\/","og_locale":"fr_FR","og_type":"article","og_title":"Fin de l'amortissement des logiciels sur 12 mois - Le Blog GERESO","og_description":"L&rsquo;article 13 du projet de loi de finances pour 2017 (PLF 2017), pr\u00e9sent\u00e9 en Conseil des ministres, le 28 septembre, propose d&rsquo;abroger plusieurs niches fiscales jug\u00e9es inefficaces. Dans cette liste figure l&rsquo;amortissement exceptionnel des logiciels. Pour les logiciels acquis \u00e0 compter du 1er janvier 2017, il ne sera plus possible de les amortir sur 12 [&hellip;]","og_url":"https:\/\/www.gereso.com\/actualites\/2016\/09\/29\/fin-amortissement-logiciels-sur-12-mois\/","og_site_name":"Le Blog GERESO","article_published_time":"2016-09-29T21:05:03+00:00","author":"Damien P\u00e9an","twitter_card":"summary_large_image","schema":{"@context":"https:\/\/schema.org","@graph":[{"@type":"WebPage","@id":"https:\/\/www.gereso.com\/actualites\/2016\/09\/29\/fin-amortissement-logiciels-sur-12-mois\/","url":"https:\/\/www.gereso.com\/actualites\/2016\/09\/29\/fin-amortissement-logiciels-sur-12-mois\/","name":"Fin de l'amortissement des logiciels sur 12 mois - Le Blog GERESO","isPartOf":{"@id":"https:\/\/www.gereso.com\/actualites\/#website"},"datePublished":"2016-09-29T21:05:03+00:00","dateModified":"2016-09-29T21:05:03+00:00","author":{"@id":"https:\/\/www.gereso.com\/actualites\/#\/schema\/person\/c91814f92d627ed4715993fbbf7c7e8d"},"breadcrumb":{"@id":"https:\/\/www.gereso.com\/actualites\/2016\/09\/29\/fin-amortissement-logiciels-sur-12-mois\/#breadcrumb"},"inLanguage":"fr-FR","potentialAction":[{"@type":"ReadAction","target":["https:\/\/www.gereso.com\/actualites\/2016\/09\/29\/fin-amortissement-logiciels-sur-12-mois\/"]}]},{"@type":"BreadcrumbList","@id":"https:\/\/www.gereso.com\/actualites\/2016\/09\/29\/fin-amortissement-logiciels-sur-12-mois\/#breadcrumb","itemListElement":[{"@type":"ListItem","position":1,"name":"Home","item":"https:\/\/www.gereso.com\/actualites\/"},{"@type":"ListItem","position":2,"name":"Fin de l&rsquo;amortissement des logiciels sur 12 mois"}]},{"@type":"WebSite","@id":"https:\/\/www.gereso.com\/actualites\/#website","url":"https:\/\/www.gereso.com\/actualites\/","name":"Le Blog GERESO","description":"Toute l&#039;actu RH, Finance, Fonction Publique, Management...","potentialAction":[{"@type":"SearchAction","target":{"@type":"EntryPoint","urlTemplate":"https:\/\/www.gereso.com\/actualites\/?s={search_term_string}"},"query-input":{"@type":"PropertyValueSpecification","valueRequired":true,"valueName":"search_term_string"}}],"inLanguage":"fr-FR"},{"@type":"Person","@id":"https:\/\/www.gereso.com\/actualites\/#\/schema\/person\/c91814f92d627ed4715993fbbf7c7e8d","name":"Damien P\u00e9an","image":{"@type":"ImageObject","inLanguage":"fr-FR","@id":"https:\/\/www.gereso.com\/actualites\/#\/schema\/person\/image\/","url":"https:\/\/www.gereso.com\/actualites\/wp-content\/uploads\/2016\/03\/damien-pean.jpg","contentUrl":"https:\/\/www.gereso.com\/actualites\/wp-content\/uploads\/2016\/03\/damien-pean.jpg","caption":"Damien P\u00e9an"},"description":"Damien P\u00c9AN est titulaire du Dipl\u00f4me d'\u00e9tudes sup\u00e9rieures comptables et financi\u00e8res (DESCF). Il intervient depuis plusieurs ann\u00e9es aupr\u00e8s d'\u00e9tudiants en licence de comptabilit\u00e9 et de gestion, \u00e0 qui il enseigne le contr\u00f4le de gestion, la comptabilit\u00e9 approfondie, le management, la fiscalit\u00e9, le droit des soci\u00e9t\u00e9s et le droit du travail. Il intervient \u00e9galement en formation continue pour le compte de divers organismes de formation sur des th\u00e9matiques techniques en comptabilit\u00e9 et fiscalit\u00e9. Il forme aussi un public de non-initi\u00e9s aux fondamentaux de la finance.","url":"https:\/\/www.gereso.com\/actualites\/author\/d-pean\/"}]}},"_links":{"self":[{"href":"https:\/\/www.gereso.com\/actualites\/wp-json\/wp\/v2\/posts\/7126","targetHints":{"allow":["GET"]}}],"collection":[{"href":"https:\/\/www.gereso.com\/actualites\/wp-json\/wp\/v2\/posts"}],"about":[{"href":"https:\/\/www.gereso.com\/actualites\/wp-json\/wp\/v2\/types\/post"}],"author":[{"embeddable":true,"href":"https:\/\/www.gereso.com\/actualites\/wp-json\/wp\/v2\/users\/45"}],"replies":[{"embeddable":true,"href":"https:\/\/www.gereso.com\/actualites\/wp-json\/wp\/v2\/comments?post=7126"}],"version-history":[{"count":1,"href":"https:\/\/www.gereso.com\/actualites\/wp-json\/wp\/v2\/posts\/7126\/revisions"}],"predecessor-version":[{"id":7127,"href":"https:\/\/www.gereso.com\/actualites\/wp-json\/wp\/v2\/posts\/7126\/revisions\/7127"}],"wp:attachment":[{"href":"https:\/\/www.gereso.com\/actualites\/wp-json\/wp\/v2\/media?parent=7126"}],"wp:term":[{"taxonomy":"category","embeddable":true,"href":"https:\/\/www.gereso.com\/actualites\/wp-json\/wp\/v2\/categories?post=7126"},{"taxonomy":"post_tag","embeddable":true,"href":"https:\/\/www.gereso.com\/actualites\/wp-json\/wp\/v2\/tags?post=7126"}],"curies":[{"name":"wp","href":"https:\/\/api.w.org\/{rel}","templated":true}]}}