{"id":7132,"date":"2016-10-03T07:00:58","date_gmt":"2016-10-03T05:00:58","guid":{"rendered":"https:\/\/www.gereso.com\/actualites\/?p=7132"},"modified":"2016-09-30T06:30:38","modified_gmt":"2016-09-30T04:30:38","slug":"amortissement-pme-innovantes","status":"publish","type":"post","link":"https:\/\/www.gereso.com\/actualites\/2016\/10\/03\/amortissement-pme-innovantes\/","title":{"rendered":"Amortissement exceptionnel des PME innovantes"},"content":{"rendered":"<p>Le <strong>d\u00e9cret n\u00b02016-1187 du 31 ao\u00fbt 2016<\/strong> (publication au journal officiel le 2 septembre) permet d&rsquo;amortir sur 5 ans, les apports en num\u00e9raire dans les <strong>PME innovantes<\/strong>, r\u00e9alis\u00e9s par des entreprises soumises \u00e0 l&rsquo;imp\u00f4t sur les soci\u00e9t\u00e9s (IS).<\/p>\n<p>Il s&rsquo;agit d&rsquo;un r\u00e9gime d\u00e9rogatoire fiscal dans la mesure ou les immobilisations financi\u00e8res ne peuvent en principe \u00eatre amorties.<\/p>\n<p>Ce dispositif a \u00e9t\u00e9 instaur\u00e9\u00a0 par\u00a0 l&rsquo;article 81 de la loi de finances rectificative pour 2015 (article 217 octies du CGI). Pour \u00eatre applicable, une d\u00e9cision de la Commission europ\u00e9enne sur la conformit\u00e9 de ce texte au droit de l&rsquo;Union europ\u00e9enne en mati\u00e8re d&rsquo;aides d&rsquo;\u00c9tat \u00e9tait attendue. Un accord positif de la Commission est intervenu le 5 novembre dernier, confirm\u00e9 par un courrier du 14 juillet 2016.<\/p>\n<p>Le d\u00e9cret rend applicable cet avantage fiscal pour les investissements r\u00e9alis\u00e9s \u00e0 compter du 3 septembre 2016. \u00a0Le dispositif permet un <strong>amortissement sur 5 ans<\/strong> de ces immobilisations \u00e0 condition de respecter un certain nombre de conditions (la PME innovante doit exercer son activit\u00e9 sur un march\u00e9 depuis <strong>moins de 10 ans<\/strong> apr\u00e8s sa premi\u00e8re vente commerciale, l&rsquo;entreprise r\u00e9alisant l&rsquo;apport ne doit pas d\u00e9tenir plus de 20 % du capital ou des droits de vote de la PME innovante et conserver les titres pendant au moins 2 ans etc.)<\/p>\n<p>L&rsquo;amortissement de ces titres permet de r\u00e9duire directement le b\u00e9n\u00e9fice imposable \u00e0 l&rsquo;imp\u00f4t sur les soci\u00e9t\u00e9s. Avec un taux d&rsquo;IS au taux normal, l&rsquo;\u00e9conomie s&rsquo;\u00e9l\u00e8ve pendant 5 ans \u00e0 6,67% du montant de l&rsquo;investissement (soit 33,33%\/5).<\/p>\n","protected":false},"excerpt":{"rendered":"<p>Le d\u00e9cret n\u00b02016-1187 du 31 ao\u00fbt 2016 (publication au journal officiel le 2 septembre) permet d&rsquo;amortir sur 5 ans, les apports en num\u00e9raire dans les PME innovantes, r\u00e9alis\u00e9s par des entreprises soumises \u00e0 l&rsquo;imp\u00f4t sur les soci\u00e9t\u00e9s (IS). Il s&rsquo;agit d&rsquo;un r\u00e9gime d\u00e9rogatoire fiscal dans la mesure ou les immobilisations financi\u00e8res ne peuvent en principe [&hellip;]<\/p>\n","protected":false},"author":45,"featured_media":0,"comment_status":"open","ping_status":"open","sticky":false,"template":"","format":"quote","meta":{"_acf_changed":false,"_mi_skip_tracking":false,"footnotes":""},"categories":[12,3],"tags":[1037],"class_list":["post-7132","post","type-post","status-publish","format-quote","hentry","category-actualites","category-comptabilite-fiscalite-et-gestion-financiere","tag-amortissement","post_format-post-format-quote"],"acf":[],"yoast_head":"<!-- This site is optimized with the Yoast SEO plugin v23.4 - https:\/\/yoast.com\/wordpress\/plugins\/seo\/ -->\n<title>Amortissement exceptionnel des PME innovantes - Le Blog GERESO<\/title>\n<meta name=\"robots\" content=\"index, follow, max-snippet:-1, max-image-preview:large, max-video-preview:-1\" \/>\n<link rel=\"canonical\" href=\"https:\/\/www.gereso.com\/actualites\/2016\/10\/03\/amortissement-pme-innovantes\/\" \/>\n<meta property=\"og:locale\" content=\"fr_FR\" \/>\n<meta property=\"og:type\" content=\"article\" \/>\n<meta property=\"og:title\" content=\"Amortissement exceptionnel des PME innovantes - Le Blog GERESO\" \/>\n<meta property=\"og:description\" content=\"Le d\u00e9cret n\u00b02016-1187 du 31 ao\u00fbt 2016 (publication au journal officiel le 2 septembre) permet d&rsquo;amortir sur 5 ans, les apports en num\u00e9raire dans les PME innovantes, r\u00e9alis\u00e9s par des entreprises soumises \u00e0 l&rsquo;imp\u00f4t sur les soci\u00e9t\u00e9s (IS). Il s&rsquo;agit d&rsquo;un r\u00e9gime d\u00e9rogatoire fiscal dans la mesure ou les immobilisations financi\u00e8res ne peuvent en principe [&hellip;]\" \/>\n<meta property=\"og:url\" content=\"https:\/\/www.gereso.com\/actualites\/2016\/10\/03\/amortissement-pme-innovantes\/\" \/>\n<meta property=\"og:site_name\" content=\"Le Blog GERESO\" \/>\n<meta property=\"article:published_time\" content=\"2016-10-03T05:00:58+00:00\" \/>\n<meta property=\"article:modified_time\" content=\"2016-09-30T04:30:38+00:00\" \/>\n<meta name=\"author\" content=\"Damien P\u00e9an\" \/>\n<meta name=\"twitter:card\" content=\"summary_large_image\" \/>\n<script type=\"application\/ld+json\" class=\"yoast-schema-graph\">{\"@context\":\"https:\/\/schema.org\",\"@graph\":[{\"@type\":\"WebPage\",\"@id\":\"https:\/\/www.gereso.com\/actualites\/2016\/10\/03\/amortissement-pme-innovantes\/\",\"url\":\"https:\/\/www.gereso.com\/actualites\/2016\/10\/03\/amortissement-pme-innovantes\/\",\"name\":\"Amortissement exceptionnel des PME innovantes - Le Blog GERESO\",\"isPartOf\":{\"@id\":\"https:\/\/www.gereso.com\/actualites\/#website\"},\"datePublished\":\"2016-10-03T05:00:58+00:00\",\"dateModified\":\"2016-09-30T04:30:38+00:00\",\"author\":{\"@id\":\"https:\/\/www.gereso.com\/actualites\/#\/schema\/person\/c91814f92d627ed4715993fbbf7c7e8d\"},\"breadcrumb\":{\"@id\":\"https:\/\/www.gereso.com\/actualites\/2016\/10\/03\/amortissement-pme-innovantes\/#breadcrumb\"},\"inLanguage\":\"fr-FR\",\"potentialAction\":[{\"@type\":\"ReadAction\",\"target\":[\"https:\/\/www.gereso.com\/actualites\/2016\/10\/03\/amortissement-pme-innovantes\/\"]}]},{\"@type\":\"BreadcrumbList\",\"@id\":\"https:\/\/www.gereso.com\/actualites\/2016\/10\/03\/amortissement-pme-innovantes\/#breadcrumb\",\"itemListElement\":[{\"@type\":\"ListItem\",\"position\":1,\"name\":\"Home\",\"item\":\"https:\/\/www.gereso.com\/actualites\/\"},{\"@type\":\"ListItem\",\"position\":2,\"name\":\"Amortissement exceptionnel des PME innovantes\"}]},{\"@type\":\"WebSite\",\"@id\":\"https:\/\/www.gereso.com\/actualites\/#website\",\"url\":\"https:\/\/www.gereso.com\/actualites\/\",\"name\":\"Le Blog GERESO\",\"description\":\"Toute l&#039;actu RH, Finance, Fonction Publique, Management...\",\"potentialAction\":[{\"@type\":\"SearchAction\",\"target\":{\"@type\":\"EntryPoint\",\"urlTemplate\":\"https:\/\/www.gereso.com\/actualites\/?s={search_term_string}\"},\"query-input\":{\"@type\":\"PropertyValueSpecification\",\"valueRequired\":true,\"valueName\":\"search_term_string\"}}],\"inLanguage\":\"fr-FR\"},{\"@type\":\"Person\",\"@id\":\"https:\/\/www.gereso.com\/actualites\/#\/schema\/person\/c91814f92d627ed4715993fbbf7c7e8d\",\"name\":\"Damien P\u00e9an\",\"image\":{\"@type\":\"ImageObject\",\"inLanguage\":\"fr-FR\",\"@id\":\"https:\/\/www.gereso.com\/actualites\/#\/schema\/person\/image\/\",\"url\":\"https:\/\/www.gereso.com\/actualites\/wp-content\/uploads\/2016\/03\/damien-pean.jpg\",\"contentUrl\":\"https:\/\/www.gereso.com\/actualites\/wp-content\/uploads\/2016\/03\/damien-pean.jpg\",\"caption\":\"Damien P\u00e9an\"},\"description\":\"Damien P\u00c9AN est titulaire du Dipl\u00f4me d'\u00e9tudes sup\u00e9rieures comptables et financi\u00e8res (DESCF). Il intervient depuis plusieurs ann\u00e9es aupr\u00e8s d'\u00e9tudiants en licence de comptabilit\u00e9 et de gestion, \u00e0 qui il enseigne le contr\u00f4le de gestion, la comptabilit\u00e9 approfondie, le management, la fiscalit\u00e9, le droit des soci\u00e9t\u00e9s et le droit du travail. Il intervient \u00e9galement en formation continue pour le compte de divers organismes de formation sur des th\u00e9matiques techniques en comptabilit\u00e9 et fiscalit\u00e9. Il forme aussi un public de non-initi\u00e9s aux fondamentaux de la finance.\",\"url\":\"https:\/\/www.gereso.com\/actualites\/author\/d-pean\/\"}]}<\/script>\n<!-- \/ Yoast SEO plugin. -->","yoast_head_json":{"title":"Amortissement exceptionnel des PME innovantes - Le Blog GERESO","robots":{"index":"index","follow":"follow","max-snippet":"max-snippet:-1","max-image-preview":"max-image-preview:large","max-video-preview":"max-video-preview:-1"},"canonical":"https:\/\/www.gereso.com\/actualites\/2016\/10\/03\/amortissement-pme-innovantes\/","og_locale":"fr_FR","og_type":"article","og_title":"Amortissement exceptionnel des PME innovantes - Le Blog GERESO","og_description":"Le d\u00e9cret n\u00b02016-1187 du 31 ao\u00fbt 2016 (publication au journal officiel le 2 septembre) permet d&rsquo;amortir sur 5 ans, les apports en num\u00e9raire dans les PME innovantes, r\u00e9alis\u00e9s par des entreprises soumises \u00e0 l&rsquo;imp\u00f4t sur les soci\u00e9t\u00e9s (IS). Il s&rsquo;agit d&rsquo;un r\u00e9gime d\u00e9rogatoire fiscal dans la mesure ou les immobilisations financi\u00e8res ne peuvent en principe [&hellip;]","og_url":"https:\/\/www.gereso.com\/actualites\/2016\/10\/03\/amortissement-pme-innovantes\/","og_site_name":"Le Blog GERESO","article_published_time":"2016-10-03T05:00:58+00:00","article_modified_time":"2016-09-30T04:30:38+00:00","author":"Damien P\u00e9an","twitter_card":"summary_large_image","schema":{"@context":"https:\/\/schema.org","@graph":[{"@type":"WebPage","@id":"https:\/\/www.gereso.com\/actualites\/2016\/10\/03\/amortissement-pme-innovantes\/","url":"https:\/\/www.gereso.com\/actualites\/2016\/10\/03\/amortissement-pme-innovantes\/","name":"Amortissement exceptionnel des PME innovantes - Le Blog GERESO","isPartOf":{"@id":"https:\/\/www.gereso.com\/actualites\/#website"},"datePublished":"2016-10-03T05:00:58+00:00","dateModified":"2016-09-30T04:30:38+00:00","author":{"@id":"https:\/\/www.gereso.com\/actualites\/#\/schema\/person\/c91814f92d627ed4715993fbbf7c7e8d"},"breadcrumb":{"@id":"https:\/\/www.gereso.com\/actualites\/2016\/10\/03\/amortissement-pme-innovantes\/#breadcrumb"},"inLanguage":"fr-FR","potentialAction":[{"@type":"ReadAction","target":["https:\/\/www.gereso.com\/actualites\/2016\/10\/03\/amortissement-pme-innovantes\/"]}]},{"@type":"BreadcrumbList","@id":"https:\/\/www.gereso.com\/actualites\/2016\/10\/03\/amortissement-pme-innovantes\/#breadcrumb","itemListElement":[{"@type":"ListItem","position":1,"name":"Home","item":"https:\/\/www.gereso.com\/actualites\/"},{"@type":"ListItem","position":2,"name":"Amortissement exceptionnel des PME innovantes"}]},{"@type":"WebSite","@id":"https:\/\/www.gereso.com\/actualites\/#website","url":"https:\/\/www.gereso.com\/actualites\/","name":"Le Blog GERESO","description":"Toute l&#039;actu RH, Finance, Fonction Publique, Management...","potentialAction":[{"@type":"SearchAction","target":{"@type":"EntryPoint","urlTemplate":"https:\/\/www.gereso.com\/actualites\/?s={search_term_string}"},"query-input":{"@type":"PropertyValueSpecification","valueRequired":true,"valueName":"search_term_string"}}],"inLanguage":"fr-FR"},{"@type":"Person","@id":"https:\/\/www.gereso.com\/actualites\/#\/schema\/person\/c91814f92d627ed4715993fbbf7c7e8d","name":"Damien P\u00e9an","image":{"@type":"ImageObject","inLanguage":"fr-FR","@id":"https:\/\/www.gereso.com\/actualites\/#\/schema\/person\/image\/","url":"https:\/\/www.gereso.com\/actualites\/wp-content\/uploads\/2016\/03\/damien-pean.jpg","contentUrl":"https:\/\/www.gereso.com\/actualites\/wp-content\/uploads\/2016\/03\/damien-pean.jpg","caption":"Damien P\u00e9an"},"description":"Damien P\u00c9AN est titulaire du Dipl\u00f4me d'\u00e9tudes sup\u00e9rieures comptables et financi\u00e8res (DESCF). Il intervient depuis plusieurs ann\u00e9es aupr\u00e8s d'\u00e9tudiants en licence de comptabilit\u00e9 et de gestion, \u00e0 qui il enseigne le contr\u00f4le de gestion, la comptabilit\u00e9 approfondie, le management, la fiscalit\u00e9, le droit des soci\u00e9t\u00e9s et le droit du travail. Il intervient \u00e9galement en formation continue pour le compte de divers organismes de formation sur des th\u00e9matiques techniques en comptabilit\u00e9 et fiscalit\u00e9. Il forme aussi un public de non-initi\u00e9s aux fondamentaux de la finance.","url":"https:\/\/www.gereso.com\/actualites\/author\/d-pean\/"}]}},"_links":{"self":[{"href":"https:\/\/www.gereso.com\/actualites\/wp-json\/wp\/v2\/posts\/7132","targetHints":{"allow":["GET"]}}],"collection":[{"href":"https:\/\/www.gereso.com\/actualites\/wp-json\/wp\/v2\/posts"}],"about":[{"href":"https:\/\/www.gereso.com\/actualites\/wp-json\/wp\/v2\/types\/post"}],"author":[{"embeddable":true,"href":"https:\/\/www.gereso.com\/actualites\/wp-json\/wp\/v2\/users\/45"}],"replies":[{"embeddable":true,"href":"https:\/\/www.gereso.com\/actualites\/wp-json\/wp\/v2\/comments?post=7132"}],"version-history":[{"count":1,"href":"https:\/\/www.gereso.com\/actualites\/wp-json\/wp\/v2\/posts\/7132\/revisions"}],"predecessor-version":[{"id":7133,"href":"https:\/\/www.gereso.com\/actualites\/wp-json\/wp\/v2\/posts\/7132\/revisions\/7133"}],"wp:attachment":[{"href":"https:\/\/www.gereso.com\/actualites\/wp-json\/wp\/v2\/media?parent=7132"}],"wp:term":[{"taxonomy":"category","embeddable":true,"href":"https:\/\/www.gereso.com\/actualites\/wp-json\/wp\/v2\/categories?post=7132"},{"taxonomy":"post_tag","embeddable":true,"href":"https:\/\/www.gereso.com\/actualites\/wp-json\/wp\/v2\/tags?post=7132"}],"curies":[{"name":"wp","href":"https:\/\/api.w.org\/{rel}","templated":true}]}}