{"id":7171,"date":"2016-10-05T08:15:23","date_gmt":"2016-10-05T06:15:23","guid":{"rendered":"https:\/\/www.gereso.com\/actualites\/?p=7171"},"modified":"2016-10-05T08:15:23","modified_gmt":"2016-10-05T06:15:23","slug":"contribution-3-dividendes-censuree","status":"publish","type":"post","link":"https:\/\/www.gereso.com\/actualites\/2016\/10\/05\/contribution-3-dividendes-censuree\/","title":{"rendered":"La contribution de 3% sur les dividendes censur\u00e9e"},"content":{"rendered":"<p>Le Conseil constitutionnel vient de <strong>censurer<\/strong> (d\u00e9cision n\u00b02016-571 QPC du 30 septembre 2016) une partie de la l\u00e9gislation relative \u00e0 la contribution additionnelle \u00e0 l&rsquo;imp\u00f4t sur les soci\u00e9t\u00e9s.<\/p>\n<p>Le Gouvernement avait cr\u00e9\u00e9 cette contribution dans le cadre de la loi de finances rectificative pour <strong>2012<\/strong> dans le but d&rsquo;encourager les entreprises \u00e0 <strong>investir<\/strong> leurs b\u00e9n\u00e9fices plut\u00f4t que de verser des dividendes \u00e0 ses associ\u00e9s. Elle s&rsquo;\u00e9l\u00e8ve \u00e0 <strong>3%<\/strong> des distributions (<strong>dividendes<\/strong> essentiellement) per\u00e7ues par les soci\u00e9t\u00e9s.<\/p>\n<p>L&rsquo;article 235 ter ZCA du CGI pr\u00e9voyait n\u00e9anmoins une <strong>exon\u00e9ration<\/strong> de cette contribution pour les distributions r\u00e9alis\u00e9es entre <strong>soci\u00e9t\u00e9s membres d&rsquo;un m\u00eame groupe int\u00e9gr\u00e9<\/strong> fiscalement (au sens de l\u2019article 223 A du CGI). C&rsquo;est cette exon\u00e9ration qui pose probl\u00e8me. Elle a ainsi fait l&rsquo;objet d&rsquo;un recours pour non-respect du principe d&rsquo;\u00e9galit\u00e9 devant la loi et les charges publiques par la soci\u00e9t\u00e9 Layher. Consid\u00e9rant cette requ\u00eate s\u00e9rieuse, le Conseil d&rsquo;\u00c9tat (d\u00e9cision du 27 juin 2016) a saisi le Conseil constitutionnel d&rsquo;une <strong>question prioritaire de constitutionnalit\u00e9<\/strong>.<\/p>\n<p>Dans sa d\u00e9cision du 30 septembre, le Conseil constitutionnel a estim\u00e9 que la diff\u00e9rence de traitement qui existe entre les dividendes vers\u00e9s entre soci\u00e9t\u00e9s d&rsquo;un m\u00eame groupe qui opte pour l&rsquo;int\u00e9gration fiscale (exon\u00e9ration de contribution additionnelle) ou non (imposition \u00e0 la contribution additionnelle) n&rsquo;\u00e9tait <strong>pas justifi\u00e9e<\/strong> par un motif d&rsquo;int\u00e9r\u00eat g\u00e9n\u00e9ral.<br \/>\nLes Sages laissent n\u00e9anmoins jusqu&rsquo;au <strong>1er janvier 2017<\/strong>, le soin au l\u00e9gislateur de modifier les r\u00e8gles d&rsquo;imposition et d&rsquo;exon\u00e9ration de cette taxe. Dans le cas contraire, l&rsquo;exon\u00e9ration sera abrog\u00e9e \u00e0 compter de cette date et toutes les soci\u00e9t\u00e9s int\u00e9gr\u00e9es seront imposables. Une telle mesure rapporterait des sommes importantes au budget de l&rsquo;\u00c9tat, mais p\u00e9naliserait beaucoup d&rsquo;entreprises. Des modifications des r\u00e8gles d&rsquo;imposition de cette taxe pourraient intervenir dans le cadre du <strong>projet de loi de finances rectificative pour 2016<\/strong>.<\/p>\n","protected":false},"excerpt":{"rendered":"<p>Le Conseil constitutionnel vient de censurer (d\u00e9cision n\u00b02016-571 QPC du 30 septembre 2016) une partie de la l\u00e9gislation relative \u00e0 la contribution additionnelle \u00e0 l&rsquo;imp\u00f4t sur les soci\u00e9t\u00e9s. Le Gouvernement avait cr\u00e9\u00e9 cette contribution dans le cadre de la loi de finances rectificative pour 2012 dans le but d&rsquo;encourager les entreprises \u00e0 investir leurs b\u00e9n\u00e9fices [&hellip;]<\/p>\n","protected":false},"author":45,"featured_media":0,"comment_status":"open","ping_status":"open","sticky":false,"template":"","format":"quote","meta":{"_acf_changed":false,"_mi_skip_tracking":false,"footnotes":""},"categories":[12,3],"tags":[874],"class_list":["post-7171","post","type-post","status-publish","format-quote","hentry","category-actualites","category-comptabilite-fiscalite-et-gestion-financiere","tag-impot-sur-les-societes","post_format-post-format-quote"],"acf":[],"yoast_head":"<!-- This site is optimized with the Yoast SEO plugin v23.4 - https:\/\/yoast.com\/wordpress\/plugins\/seo\/ -->\n<title>La contribution de 3% sur les dividendes censur\u00e9e - Le Blog GERESO<\/title>\n<meta name=\"robots\" content=\"index, follow, max-snippet:-1, max-image-preview:large, max-video-preview:-1\" \/>\n<link rel=\"canonical\" href=\"https:\/\/www.gereso.com\/actualites\/2016\/10\/05\/contribution-3-dividendes-censuree\/\" \/>\n<meta property=\"og:locale\" content=\"fr_FR\" \/>\n<meta property=\"og:type\" content=\"article\" \/>\n<meta property=\"og:title\" content=\"La contribution de 3% sur les dividendes censur\u00e9e - Le Blog GERESO\" \/>\n<meta property=\"og:description\" content=\"Le Conseil constitutionnel vient de censurer (d\u00e9cision n\u00b02016-571 QPC du 30 septembre 2016) une partie de la l\u00e9gislation relative \u00e0 la contribution additionnelle \u00e0 l&rsquo;imp\u00f4t sur les soci\u00e9t\u00e9s. Le Gouvernement avait cr\u00e9\u00e9 cette contribution dans le cadre de la loi de finances rectificative pour 2012 dans le but d&rsquo;encourager les entreprises \u00e0 investir leurs b\u00e9n\u00e9fices [&hellip;]\" \/>\n<meta property=\"og:url\" content=\"https:\/\/www.gereso.com\/actualites\/2016\/10\/05\/contribution-3-dividendes-censuree\/\" \/>\n<meta property=\"og:site_name\" content=\"Le Blog GERESO\" \/>\n<meta property=\"article:published_time\" content=\"2016-10-05T06:15:23+00:00\" \/>\n<meta name=\"author\" content=\"Damien P\u00e9an\" \/>\n<meta name=\"twitter:card\" content=\"summary_large_image\" \/>\n<script type=\"application\/ld+json\" class=\"yoast-schema-graph\">{\"@context\":\"https:\/\/schema.org\",\"@graph\":[{\"@type\":\"WebPage\",\"@id\":\"https:\/\/www.gereso.com\/actualites\/2016\/10\/05\/contribution-3-dividendes-censuree\/\",\"url\":\"https:\/\/www.gereso.com\/actualites\/2016\/10\/05\/contribution-3-dividendes-censuree\/\",\"name\":\"La contribution de 3% sur les dividendes censur\u00e9e - Le Blog GERESO\",\"isPartOf\":{\"@id\":\"https:\/\/www.gereso.com\/actualites\/#website\"},\"datePublished\":\"2016-10-05T06:15:23+00:00\",\"dateModified\":\"2016-10-05T06:15:23+00:00\",\"author\":{\"@id\":\"https:\/\/www.gereso.com\/actualites\/#\/schema\/person\/c91814f92d627ed4715993fbbf7c7e8d\"},\"breadcrumb\":{\"@id\":\"https:\/\/www.gereso.com\/actualites\/2016\/10\/05\/contribution-3-dividendes-censuree\/#breadcrumb\"},\"inLanguage\":\"fr-FR\",\"potentialAction\":[{\"@type\":\"ReadAction\",\"target\":[\"https:\/\/www.gereso.com\/actualites\/2016\/10\/05\/contribution-3-dividendes-censuree\/\"]}]},{\"@type\":\"BreadcrumbList\",\"@id\":\"https:\/\/www.gereso.com\/actualites\/2016\/10\/05\/contribution-3-dividendes-censuree\/#breadcrumb\",\"itemListElement\":[{\"@type\":\"ListItem\",\"position\":1,\"name\":\"Home\",\"item\":\"https:\/\/www.gereso.com\/actualites\/\"},{\"@type\":\"ListItem\",\"position\":2,\"name\":\"La contribution de 3% sur les dividendes censur\u00e9e\"}]},{\"@type\":\"WebSite\",\"@id\":\"https:\/\/www.gereso.com\/actualites\/#website\",\"url\":\"https:\/\/www.gereso.com\/actualites\/\",\"name\":\"Le Blog GERESO\",\"description\":\"Toute l&#039;actu RH, Finance, Fonction Publique, Management...\",\"potentialAction\":[{\"@type\":\"SearchAction\",\"target\":{\"@type\":\"EntryPoint\",\"urlTemplate\":\"https:\/\/www.gereso.com\/actualites\/?s={search_term_string}\"},\"query-input\":{\"@type\":\"PropertyValueSpecification\",\"valueRequired\":true,\"valueName\":\"search_term_string\"}}],\"inLanguage\":\"fr-FR\"},{\"@type\":\"Person\",\"@id\":\"https:\/\/www.gereso.com\/actualites\/#\/schema\/person\/c91814f92d627ed4715993fbbf7c7e8d\",\"name\":\"Damien P\u00e9an\",\"image\":{\"@type\":\"ImageObject\",\"inLanguage\":\"fr-FR\",\"@id\":\"https:\/\/www.gereso.com\/actualites\/#\/schema\/person\/image\/\",\"url\":\"https:\/\/www.gereso.com\/actualites\/wp-content\/uploads\/2016\/03\/damien-pean.jpg\",\"contentUrl\":\"https:\/\/www.gereso.com\/actualites\/wp-content\/uploads\/2016\/03\/damien-pean.jpg\",\"caption\":\"Damien P\u00e9an\"},\"description\":\"Damien P\u00c9AN est titulaire du Dipl\u00f4me d'\u00e9tudes sup\u00e9rieures comptables et financi\u00e8res (DESCF). Il intervient depuis plusieurs ann\u00e9es aupr\u00e8s d'\u00e9tudiants en licence de comptabilit\u00e9 et de gestion, \u00e0 qui il enseigne le contr\u00f4le de gestion, la comptabilit\u00e9 approfondie, le management, la fiscalit\u00e9, le droit des soci\u00e9t\u00e9s et le droit du travail. Il intervient \u00e9galement en formation continue pour le compte de divers organismes de formation sur des th\u00e9matiques techniques en comptabilit\u00e9 et fiscalit\u00e9. Il forme aussi un public de non-initi\u00e9s aux fondamentaux de la finance.\",\"url\":\"https:\/\/www.gereso.com\/actualites\/author\/d-pean\/\"}]}<\/script>\n<!-- \/ Yoast SEO plugin. -->","yoast_head_json":{"title":"La contribution de 3% sur les dividendes censur\u00e9e - Le Blog GERESO","robots":{"index":"index","follow":"follow","max-snippet":"max-snippet:-1","max-image-preview":"max-image-preview:large","max-video-preview":"max-video-preview:-1"},"canonical":"https:\/\/www.gereso.com\/actualites\/2016\/10\/05\/contribution-3-dividendes-censuree\/","og_locale":"fr_FR","og_type":"article","og_title":"La contribution de 3% sur les dividendes censur\u00e9e - Le Blog GERESO","og_description":"Le Conseil constitutionnel vient de censurer (d\u00e9cision n\u00b02016-571 QPC du 30 septembre 2016) une partie de la l\u00e9gislation relative \u00e0 la contribution additionnelle \u00e0 l&rsquo;imp\u00f4t sur les soci\u00e9t\u00e9s. Le Gouvernement avait cr\u00e9\u00e9 cette contribution dans le cadre de la loi de finances rectificative pour 2012 dans le but d&rsquo;encourager les entreprises \u00e0 investir leurs b\u00e9n\u00e9fices [&hellip;]","og_url":"https:\/\/www.gereso.com\/actualites\/2016\/10\/05\/contribution-3-dividendes-censuree\/","og_site_name":"Le Blog GERESO","article_published_time":"2016-10-05T06:15:23+00:00","author":"Damien P\u00e9an","twitter_card":"summary_large_image","schema":{"@context":"https:\/\/schema.org","@graph":[{"@type":"WebPage","@id":"https:\/\/www.gereso.com\/actualites\/2016\/10\/05\/contribution-3-dividendes-censuree\/","url":"https:\/\/www.gereso.com\/actualites\/2016\/10\/05\/contribution-3-dividendes-censuree\/","name":"La contribution de 3% sur les dividendes censur\u00e9e - Le Blog GERESO","isPartOf":{"@id":"https:\/\/www.gereso.com\/actualites\/#website"},"datePublished":"2016-10-05T06:15:23+00:00","dateModified":"2016-10-05T06:15:23+00:00","author":{"@id":"https:\/\/www.gereso.com\/actualites\/#\/schema\/person\/c91814f92d627ed4715993fbbf7c7e8d"},"breadcrumb":{"@id":"https:\/\/www.gereso.com\/actualites\/2016\/10\/05\/contribution-3-dividendes-censuree\/#breadcrumb"},"inLanguage":"fr-FR","potentialAction":[{"@type":"ReadAction","target":["https:\/\/www.gereso.com\/actualites\/2016\/10\/05\/contribution-3-dividendes-censuree\/"]}]},{"@type":"BreadcrumbList","@id":"https:\/\/www.gereso.com\/actualites\/2016\/10\/05\/contribution-3-dividendes-censuree\/#breadcrumb","itemListElement":[{"@type":"ListItem","position":1,"name":"Home","item":"https:\/\/www.gereso.com\/actualites\/"},{"@type":"ListItem","position":2,"name":"La contribution de 3% sur les dividendes censur\u00e9e"}]},{"@type":"WebSite","@id":"https:\/\/www.gereso.com\/actualites\/#website","url":"https:\/\/www.gereso.com\/actualites\/","name":"Le Blog GERESO","description":"Toute l&#039;actu RH, Finance, Fonction Publique, Management...","potentialAction":[{"@type":"SearchAction","target":{"@type":"EntryPoint","urlTemplate":"https:\/\/www.gereso.com\/actualites\/?s={search_term_string}"},"query-input":{"@type":"PropertyValueSpecification","valueRequired":true,"valueName":"search_term_string"}}],"inLanguage":"fr-FR"},{"@type":"Person","@id":"https:\/\/www.gereso.com\/actualites\/#\/schema\/person\/c91814f92d627ed4715993fbbf7c7e8d","name":"Damien P\u00e9an","image":{"@type":"ImageObject","inLanguage":"fr-FR","@id":"https:\/\/www.gereso.com\/actualites\/#\/schema\/person\/image\/","url":"https:\/\/www.gereso.com\/actualites\/wp-content\/uploads\/2016\/03\/damien-pean.jpg","contentUrl":"https:\/\/www.gereso.com\/actualites\/wp-content\/uploads\/2016\/03\/damien-pean.jpg","caption":"Damien P\u00e9an"},"description":"Damien P\u00c9AN est titulaire du Dipl\u00f4me d'\u00e9tudes sup\u00e9rieures comptables et financi\u00e8res (DESCF). Il intervient depuis plusieurs ann\u00e9es aupr\u00e8s d'\u00e9tudiants en licence de comptabilit\u00e9 et de gestion, \u00e0 qui il enseigne le contr\u00f4le de gestion, la comptabilit\u00e9 approfondie, le management, la fiscalit\u00e9, le droit des soci\u00e9t\u00e9s et le droit du travail. Il intervient \u00e9galement en formation continue pour le compte de divers organismes de formation sur des th\u00e9matiques techniques en comptabilit\u00e9 et fiscalit\u00e9. Il forme aussi un public de non-initi\u00e9s aux fondamentaux de la finance.","url":"https:\/\/www.gereso.com\/actualites\/author\/d-pean\/"}]}},"_links":{"self":[{"href":"https:\/\/www.gereso.com\/actualites\/wp-json\/wp\/v2\/posts\/7171","targetHints":{"allow":["GET"]}}],"collection":[{"href":"https:\/\/www.gereso.com\/actualites\/wp-json\/wp\/v2\/posts"}],"about":[{"href":"https:\/\/www.gereso.com\/actualites\/wp-json\/wp\/v2\/types\/post"}],"author":[{"embeddable":true,"href":"https:\/\/www.gereso.com\/actualites\/wp-json\/wp\/v2\/users\/45"}],"replies":[{"embeddable":true,"href":"https:\/\/www.gereso.com\/actualites\/wp-json\/wp\/v2\/comments?post=7171"}],"version-history":[{"count":1,"href":"https:\/\/www.gereso.com\/actualites\/wp-json\/wp\/v2\/posts\/7171\/revisions"}],"predecessor-version":[{"id":7172,"href":"https:\/\/www.gereso.com\/actualites\/wp-json\/wp\/v2\/posts\/7171\/revisions\/7172"}],"wp:attachment":[{"href":"https:\/\/www.gereso.com\/actualites\/wp-json\/wp\/v2\/media?parent=7171"}],"wp:term":[{"taxonomy":"category","embeddable":true,"href":"https:\/\/www.gereso.com\/actualites\/wp-json\/wp\/v2\/categories?post=7171"},{"taxonomy":"post_tag","embeddable":true,"href":"https:\/\/www.gereso.com\/actualites\/wp-json\/wp\/v2\/tags?post=7171"}],"curies":[{"name":"wp","href":"https:\/\/api.w.org\/{rel}","templated":true}]}}