{"id":7218,"date":"2016-10-16T06:11:32","date_gmt":"2016-10-16T04:11:32","guid":{"rendered":"https:\/\/www.gereso.com\/actualites\/?p=7218"},"modified":"2016-10-15T23:21:31","modified_gmt":"2016-10-15T21:21:31","slug":"reporting-pays-par-pays-decret-et-report","status":"publish","type":"post","link":"https:\/\/www.gereso.com\/actualites\/2016\/10\/16\/reporting-pays-par-pays-decret-et-report\/","title":{"rendered":"Reporting pays par pays : d\u00e9cret&#8230;et report"},"content":{"rendered":"<p>La loi de finances pour 2016 (article 21) a instaur\u00e9 l&rsquo;obligation pour les groupes r\u00e9alisant un chiffre d&rsquo;affaires consolid\u00e9 de plus de <strong>750 millions \u20ac<\/strong> de transmettre chaque ann\u00e9e \u00e0 l&rsquo;administration fiscale un reporting pays par pays. Un <strong>d\u00e9cret<\/strong> vient de pr\u00e9ciser le contenu de cette d\u00e9claration. La loi Sapin 2 pr\u00e9voit en revanche un <strong>report<\/strong> de cette obligation \u00e0 2018.<\/p>\n<h2><strong>D\u00e9cret pr\u00e9cisant le contenu du reporting<\/strong><\/h2>\n<p>Ce dispositif adopt\u00e9 conform\u00e9ment aux recommandations de l&rsquo;OCDE (recommandation n\u00b013 du projet dit \u00ab\u00a0BEPS\u00a0\u00bb relatif \u00e0 la lutte contre l&rsquo;\u00e9rosion de la base d&rsquo;imposition et le transfert des b\u00e9n\u00e9fices) \u00a0impose aux grands groupes de communiquer une liste de leurs grands agr\u00e9gats financiers (imp\u00f4t, b\u00e9n\u00e9fice, chiffre d&rsquo;affaires, etc.) avec une <strong>r\u00e9partition pays par pays<\/strong>.<\/p>\n<p>Cette nouvelle obligation doit permettre aux \u00c9tats de mieux contr\u00f4ler la fixation des prix de transfert. Le d\u00e9cret <strong>2016-1288<\/strong> \u00a0du 29 septembre 2016 vient de pr\u00e9ciser le contenu exact de cette d\u00e9claration. <strong>10 donn\u00e9es agr\u00e9g\u00e9es devront \u00eatre d\u00e9taill\u00e9es pays par pays :<\/strong><\/p>\n<p>1) Le chiffre d&rsquo;affaires r\u00e9sultant des transactions intragroupe<br \/>\n2) Le chiffre d&rsquo;affaires r\u00e9sultant des transactions avec des parties ind\u00e9pendantes<br \/>\n3) Le chiffre d&rsquo;affaires total<br \/>\n4) Le b\u00e9n\u00e9fice ou la perte avant imp\u00f4ts sur les b\u00e9n\u00e9fices<br \/>\n5) Les imp\u00f4ts sur les b\u00e9n\u00e9fices acquitt\u00e9s<br \/>\n6) Les imp\u00f4ts sur les b\u00e9n\u00e9fices dus<br \/>\n7) Le capital social<br \/>\n8) Les b\u00e9n\u00e9fices non distribu\u00e9s \u00e0 la fin de l&rsquo;exercice<br \/>\n9) Le nombre d&#8217;employ\u00e9s en \u00e9quivalent temps plein<br \/>\n10) Les actifs corporels hors tr\u00e9sorerie et \u00e9quivalents de tr\u00e9sorerie.<\/p>\n<p>Le reporting devra \u00e9galement pr\u00e9ciser la nature des principales activit\u00e9s de toutes les entit\u00e9s entrant dans le p\u00e9rim\u00e8tre de consolidation parmi les 13 activit\u00e9s types d\u00e9finies par le d\u00e9cret.<\/p>\n<h2><strong>Report \u00e0 2018<\/strong><\/h2>\n<p>Initialement, la loi de finances pour 2016 pr\u00e9voyait une mise en place de cette obligation pour les exercices ouverts \u00e0 compter du 1er janvier 2016.<\/p>\n<p>Le projet de <strong>loi Sapin 2<\/strong> qui vient d&rsquo;\u00eatre adopt\u00e9e en seconde lecture par l&rsquo;Assembl\u00e9e nationale a n\u00e9anmoins pr\u00e9vu un report de son entr\u00e9e en vigueur apr\u00e8s l&rsquo;adoption d&rsquo;une directive europ\u00e9enne similaire et au plus tard au <strong>1er janvier 2018.<\/strong><\/p>\n","protected":false},"excerpt":{"rendered":"<p>La loi de finances pour 2016 (article 21) a instaur\u00e9 l&rsquo;obligation pour les groupes r\u00e9alisant un chiffre d&rsquo;affaires consolid\u00e9 de plus de 750 millions \u20ac de transmettre chaque ann\u00e9e \u00e0 l&rsquo;administration fiscale un reporting pays par pays. Un d\u00e9cret vient de pr\u00e9ciser le contenu de cette d\u00e9claration. La loi Sapin 2 pr\u00e9voit en revanche un [&hellip;]<\/p>\n","protected":false},"author":45,"featured_media":0,"comment_status":"open","ping_status":"open","sticky":false,"template":"","format":"quote","meta":{"_acf_changed":false,"_mi_skip_tracking":false,"footnotes":""},"categories":[12,3],"tags":[229],"class_list":["post-7218","post","type-post","status-publish","format-quote","hentry","category-actualites","category-comptabilite-fiscalite-et-gestion-financiere","tag-actualites-fiscales","post_format-post-format-quote"],"acf":[],"yoast_head":"<!-- This site is optimized with the Yoast SEO plugin v23.4 - https:\/\/yoast.com\/wordpress\/plugins\/seo\/ -->\n<title>Reporting pays par pays : d\u00e9cret...et report - Le Blog GERESO<\/title>\n<meta name=\"robots\" content=\"index, follow, max-snippet:-1, max-image-preview:large, max-video-preview:-1\" \/>\n<link rel=\"canonical\" href=\"https:\/\/www.gereso.com\/actualites\/2016\/10\/16\/reporting-pays-par-pays-decret-et-report\/\" \/>\n<meta property=\"og:locale\" content=\"fr_FR\" \/>\n<meta property=\"og:type\" content=\"article\" \/>\n<meta property=\"og:title\" content=\"Reporting pays par pays : d\u00e9cret...et report - Le Blog GERESO\" \/>\n<meta property=\"og:description\" content=\"La loi de finances pour 2016 (article 21) a instaur\u00e9 l&rsquo;obligation pour les groupes r\u00e9alisant un chiffre d&rsquo;affaires consolid\u00e9 de plus de 750 millions \u20ac de transmettre chaque ann\u00e9e \u00e0 l&rsquo;administration fiscale un reporting pays par pays. Un d\u00e9cret vient de pr\u00e9ciser le contenu de cette d\u00e9claration. La loi Sapin 2 pr\u00e9voit en revanche un [&hellip;]\" \/>\n<meta property=\"og:url\" content=\"https:\/\/www.gereso.com\/actualites\/2016\/10\/16\/reporting-pays-par-pays-decret-et-report\/\" \/>\n<meta property=\"og:site_name\" content=\"Le Blog GERESO\" \/>\n<meta property=\"article:published_time\" content=\"2016-10-16T04:11:32+00:00\" \/>\n<meta property=\"article:modified_time\" content=\"2016-10-15T21:21:31+00:00\" \/>\n<meta name=\"author\" content=\"Damien P\u00e9an\" \/>\n<meta name=\"twitter:card\" content=\"summary_large_image\" \/>\n<script type=\"application\/ld+json\" class=\"yoast-schema-graph\">{\"@context\":\"https:\/\/schema.org\",\"@graph\":[{\"@type\":\"WebPage\",\"@id\":\"https:\/\/www.gereso.com\/actualites\/2016\/10\/16\/reporting-pays-par-pays-decret-et-report\/\",\"url\":\"https:\/\/www.gereso.com\/actualites\/2016\/10\/16\/reporting-pays-par-pays-decret-et-report\/\",\"name\":\"Reporting pays par pays : d\u00e9cret...et report - Le Blog GERESO\",\"isPartOf\":{\"@id\":\"https:\/\/www.gereso.com\/actualites\/#website\"},\"datePublished\":\"2016-10-16T04:11:32+00:00\",\"dateModified\":\"2016-10-15T21:21:31+00:00\",\"author\":{\"@id\":\"https:\/\/www.gereso.com\/actualites\/#\/schema\/person\/c91814f92d627ed4715993fbbf7c7e8d\"},\"breadcrumb\":{\"@id\":\"https:\/\/www.gereso.com\/actualites\/2016\/10\/16\/reporting-pays-par-pays-decret-et-report\/#breadcrumb\"},\"inLanguage\":\"fr-FR\",\"potentialAction\":[{\"@type\":\"ReadAction\",\"target\":[\"https:\/\/www.gereso.com\/actualites\/2016\/10\/16\/reporting-pays-par-pays-decret-et-report\/\"]}]},{\"@type\":\"BreadcrumbList\",\"@id\":\"https:\/\/www.gereso.com\/actualites\/2016\/10\/16\/reporting-pays-par-pays-decret-et-report\/#breadcrumb\",\"itemListElement\":[{\"@type\":\"ListItem\",\"position\":1,\"name\":\"Home\",\"item\":\"https:\/\/www.gereso.com\/actualites\/\"},{\"@type\":\"ListItem\",\"position\":2,\"name\":\"Reporting pays par pays : d\u00e9cret&#8230;et report\"}]},{\"@type\":\"WebSite\",\"@id\":\"https:\/\/www.gereso.com\/actualites\/#website\",\"url\":\"https:\/\/www.gereso.com\/actualites\/\",\"name\":\"Le Blog GERESO\",\"description\":\"Toute l&#039;actu RH, Finance, Fonction Publique, Management...\",\"potentialAction\":[{\"@type\":\"SearchAction\",\"target\":{\"@type\":\"EntryPoint\",\"urlTemplate\":\"https:\/\/www.gereso.com\/actualites\/?s={search_term_string}\"},\"query-input\":{\"@type\":\"PropertyValueSpecification\",\"valueRequired\":true,\"valueName\":\"search_term_string\"}}],\"inLanguage\":\"fr-FR\"},{\"@type\":\"Person\",\"@id\":\"https:\/\/www.gereso.com\/actualites\/#\/schema\/person\/c91814f92d627ed4715993fbbf7c7e8d\",\"name\":\"Damien P\u00e9an\",\"image\":{\"@type\":\"ImageObject\",\"inLanguage\":\"fr-FR\",\"@id\":\"https:\/\/www.gereso.com\/actualites\/#\/schema\/person\/image\/\",\"url\":\"https:\/\/www.gereso.com\/actualites\/wp-content\/uploads\/2016\/03\/damien-pean.jpg\",\"contentUrl\":\"https:\/\/www.gereso.com\/actualites\/wp-content\/uploads\/2016\/03\/damien-pean.jpg\",\"caption\":\"Damien P\u00e9an\"},\"description\":\"Damien P\u00c9AN est titulaire du Dipl\u00f4me d'\u00e9tudes sup\u00e9rieures comptables et financi\u00e8res (DESCF). Il intervient depuis plusieurs ann\u00e9es aupr\u00e8s d'\u00e9tudiants en licence de comptabilit\u00e9 et de gestion, \u00e0 qui il enseigne le contr\u00f4le de gestion, la comptabilit\u00e9 approfondie, le management, la fiscalit\u00e9, le droit des soci\u00e9t\u00e9s et le droit du travail. Il intervient \u00e9galement en formation continue pour le compte de divers organismes de formation sur des th\u00e9matiques techniques en comptabilit\u00e9 et fiscalit\u00e9. Il forme aussi un public de non-initi\u00e9s aux fondamentaux de la finance.\",\"url\":\"https:\/\/www.gereso.com\/actualites\/author\/d-pean\/\"}]}<\/script>\n<!-- \/ Yoast SEO plugin. -->","yoast_head_json":{"title":"Reporting pays par pays : d\u00e9cret...et report - Le Blog GERESO","robots":{"index":"index","follow":"follow","max-snippet":"max-snippet:-1","max-image-preview":"max-image-preview:large","max-video-preview":"max-video-preview:-1"},"canonical":"https:\/\/www.gereso.com\/actualites\/2016\/10\/16\/reporting-pays-par-pays-decret-et-report\/","og_locale":"fr_FR","og_type":"article","og_title":"Reporting pays par pays : d\u00e9cret...et report - Le Blog GERESO","og_description":"La loi de finances pour 2016 (article 21) a instaur\u00e9 l&rsquo;obligation pour les groupes r\u00e9alisant un chiffre d&rsquo;affaires consolid\u00e9 de plus de 750 millions \u20ac de transmettre chaque ann\u00e9e \u00e0 l&rsquo;administration fiscale un reporting pays par pays. Un d\u00e9cret vient de pr\u00e9ciser le contenu de cette d\u00e9claration. La loi Sapin 2 pr\u00e9voit en revanche un [&hellip;]","og_url":"https:\/\/www.gereso.com\/actualites\/2016\/10\/16\/reporting-pays-par-pays-decret-et-report\/","og_site_name":"Le Blog GERESO","article_published_time":"2016-10-16T04:11:32+00:00","article_modified_time":"2016-10-15T21:21:31+00:00","author":"Damien P\u00e9an","twitter_card":"summary_large_image","schema":{"@context":"https:\/\/schema.org","@graph":[{"@type":"WebPage","@id":"https:\/\/www.gereso.com\/actualites\/2016\/10\/16\/reporting-pays-par-pays-decret-et-report\/","url":"https:\/\/www.gereso.com\/actualites\/2016\/10\/16\/reporting-pays-par-pays-decret-et-report\/","name":"Reporting pays par pays : d\u00e9cret...et report - Le Blog GERESO","isPartOf":{"@id":"https:\/\/www.gereso.com\/actualites\/#website"},"datePublished":"2016-10-16T04:11:32+00:00","dateModified":"2016-10-15T21:21:31+00:00","author":{"@id":"https:\/\/www.gereso.com\/actualites\/#\/schema\/person\/c91814f92d627ed4715993fbbf7c7e8d"},"breadcrumb":{"@id":"https:\/\/www.gereso.com\/actualites\/2016\/10\/16\/reporting-pays-par-pays-decret-et-report\/#breadcrumb"},"inLanguage":"fr-FR","potentialAction":[{"@type":"ReadAction","target":["https:\/\/www.gereso.com\/actualites\/2016\/10\/16\/reporting-pays-par-pays-decret-et-report\/"]}]},{"@type":"BreadcrumbList","@id":"https:\/\/www.gereso.com\/actualites\/2016\/10\/16\/reporting-pays-par-pays-decret-et-report\/#breadcrumb","itemListElement":[{"@type":"ListItem","position":1,"name":"Home","item":"https:\/\/www.gereso.com\/actualites\/"},{"@type":"ListItem","position":2,"name":"Reporting pays par pays : d\u00e9cret&#8230;et report"}]},{"@type":"WebSite","@id":"https:\/\/www.gereso.com\/actualites\/#website","url":"https:\/\/www.gereso.com\/actualites\/","name":"Le Blog GERESO","description":"Toute l&#039;actu RH, Finance, Fonction Publique, Management...","potentialAction":[{"@type":"SearchAction","target":{"@type":"EntryPoint","urlTemplate":"https:\/\/www.gereso.com\/actualites\/?s={search_term_string}"},"query-input":{"@type":"PropertyValueSpecification","valueRequired":true,"valueName":"search_term_string"}}],"inLanguage":"fr-FR"},{"@type":"Person","@id":"https:\/\/www.gereso.com\/actualites\/#\/schema\/person\/c91814f92d627ed4715993fbbf7c7e8d","name":"Damien P\u00e9an","image":{"@type":"ImageObject","inLanguage":"fr-FR","@id":"https:\/\/www.gereso.com\/actualites\/#\/schema\/person\/image\/","url":"https:\/\/www.gereso.com\/actualites\/wp-content\/uploads\/2016\/03\/damien-pean.jpg","contentUrl":"https:\/\/www.gereso.com\/actualites\/wp-content\/uploads\/2016\/03\/damien-pean.jpg","caption":"Damien P\u00e9an"},"description":"Damien P\u00c9AN est titulaire du Dipl\u00f4me d'\u00e9tudes sup\u00e9rieures comptables et financi\u00e8res (DESCF). Il intervient depuis plusieurs ann\u00e9es aupr\u00e8s d'\u00e9tudiants en licence de comptabilit\u00e9 et de gestion, \u00e0 qui il enseigne le contr\u00f4le de gestion, la comptabilit\u00e9 approfondie, le management, la fiscalit\u00e9, le droit des soci\u00e9t\u00e9s et le droit du travail. Il intervient \u00e9galement en formation continue pour le compte de divers organismes de formation sur des th\u00e9matiques techniques en comptabilit\u00e9 et fiscalit\u00e9. Il forme aussi un public de non-initi\u00e9s aux fondamentaux de la finance.","url":"https:\/\/www.gereso.com\/actualites\/author\/d-pean\/"}]}},"_links":{"self":[{"href":"https:\/\/www.gereso.com\/actualites\/wp-json\/wp\/v2\/posts\/7218","targetHints":{"allow":["GET"]}}],"collection":[{"href":"https:\/\/www.gereso.com\/actualites\/wp-json\/wp\/v2\/posts"}],"about":[{"href":"https:\/\/www.gereso.com\/actualites\/wp-json\/wp\/v2\/types\/post"}],"author":[{"embeddable":true,"href":"https:\/\/www.gereso.com\/actualites\/wp-json\/wp\/v2\/users\/45"}],"replies":[{"embeddable":true,"href":"https:\/\/www.gereso.com\/actualites\/wp-json\/wp\/v2\/comments?post=7218"}],"version-history":[{"count":1,"href":"https:\/\/www.gereso.com\/actualites\/wp-json\/wp\/v2\/posts\/7218\/revisions"}],"predecessor-version":[{"id":7219,"href":"https:\/\/www.gereso.com\/actualites\/wp-json\/wp\/v2\/posts\/7218\/revisions\/7219"}],"wp:attachment":[{"href":"https:\/\/www.gereso.com\/actualites\/wp-json\/wp\/v2\/media?parent=7218"}],"wp:term":[{"taxonomy":"category","embeddable":true,"href":"https:\/\/www.gereso.com\/actualites\/wp-json\/wp\/v2\/categories?post=7218"},{"taxonomy":"post_tag","embeddable":true,"href":"https:\/\/www.gereso.com\/actualites\/wp-json\/wp\/v2\/tags?post=7218"}],"curies":[{"name":"wp","href":"https:\/\/api.w.org\/{rel}","templated":true}]}}