{"id":7268,"date":"2016-10-20T12:15:03","date_gmt":"2016-10-20T10:15:03","guid":{"rendered":"https:\/\/www.gereso.com\/actualites\/?p=7268"},"modified":"2016-10-20T12:43:04","modified_gmt":"2016-10-20T10:43:04","slug":"site-prelevement-a-la-source","status":"publish","type":"post","link":"https:\/\/www.gereso.com\/actualites\/2016\/10\/20\/site-prelevement-a-la-source\/","title":{"rendered":"Nouveau site internet sur le pr\u00e9l\u00e8vement \u00e0 la source"},"content":{"rendered":"<p>Le site internet du minist\u00e8re de l&rsquo;Economie et des Finances a annonc\u00e9 hier le lancement d&rsquo;un <strong>nouveau site d\u00e9di\u00e9 au pr\u00e9l\u00e8vement \u00e0 la source<\/strong> de l&rsquo;imp\u00f4t sur le revenu (<strong><a href=\"http:\/\/www.economie.gouv.fr\/prelevement-a-la-source\">prelevementalasource.gouv.fr<\/a><\/strong>).<\/p>\n<p>Ce nouvel espace pr\u00e9sente de nombreux exemples, infographies et explications sur les modalit\u00e9s du pr\u00e9l\u00e8vement qui sera mis en place \u00e0 compter du <strong>1er janvier 2018<\/strong>. Le site met notamment l&rsquo;accent sur le traitement des revenus de l&rsquo;ann\u00e9e 2017, les modalit\u00e9s d&rsquo;application pour le contribuable et pour le collecteur ainsi que sur la <strong>garantie de confidentialit\u00e9<\/strong>.<\/p>\n<p>Ce dernier point, qui a soulev\u00e9 de nombreuses craintes est largement comment\u00e9. Ce nouveau site rappelle, \u00e0 partir d&rsquo;un exemple, \u00a0que le salari\u00e9 peut refuser la transmission \u00e0 son employeur du taux de pr\u00e9l\u00e8vement calcul\u00e9 par l&rsquo;administration fiscale. Le contribuable peut en effet, opter pour l&rsquo;application d&rsquo;un <strong>taux neutre<\/strong>, calcul\u00e9 sur la base du montant de la r\u00e9mun\u00e9ration vers\u00e9e par l\u2019employeur.<\/p>\n<p>Le site est compos\u00e9 d&rsquo;un onglet intitul\u00e9 \u00a0\u00ab\u00a0M\u00e9dias et ressources\u00a0\u00bb dans lequel un <strong>guide<\/strong> synth\u00e9tique de 16 pages est disponible (http:\/\/www.economie.gouv.fr\/files\/files\/PDF\/pas-livret1.pdf).<\/p>\n<p>Ce guide pr\u00e9cise notamment qu&rsquo;aucun pr\u00e9l\u00e8vement \u00e0 la source n&rsquo;est appliqu\u00e9 lorsque le montant du salaire mensuel net n&rsquo;exc\u00e8de pas 1.361 \u20ac par mois (taux de pr\u00e9l\u00e8vement \u00e0 la source nul).<\/p>\n","protected":false},"excerpt":{"rendered":"<p>Le site internet du minist\u00e8re de l&rsquo;Economie et des Finances a annonc\u00e9 hier le lancement d&rsquo;un nouveau site d\u00e9di\u00e9 au pr\u00e9l\u00e8vement \u00e0 la source de l&rsquo;imp\u00f4t sur le revenu (prelevementalasource.gouv.fr). Ce nouvel espace pr\u00e9sente de nombreux exemples, infographies et explications sur les modalit\u00e9s du pr\u00e9l\u00e8vement qui sera mis en place \u00e0 compter du 1er janvier [&hellip;]<\/p>\n","protected":false},"author":45,"featured_media":0,"comment_status":"open","ping_status":"open","sticky":false,"template":"","format":"quote","meta":{"_acf_changed":false,"_mi_skip_tracking":false,"footnotes":""},"categories":[12,3,5],"tags":[1039,1044],"class_list":["post-7268","post","type-post","status-publish","format-quote","hentry","category-actualites","category-comptabilite-fiscalite-et-gestion-financiere","category-droit-du-travail","tag-impot-sur-le-revenu","tag-prelevement-a-la-source","post_format-post-format-quote"],"acf":[],"yoast_head":"<!-- This site is optimized with the Yoast SEO plugin v23.4 - https:\/\/yoast.com\/wordpress\/plugins\/seo\/ -->\n<title>Nouveau site internet sur le pr\u00e9l\u00e8vement \u00e0 la source - Le Blog GERESO<\/title>\n<meta name=\"robots\" content=\"index, follow, max-snippet:-1, max-image-preview:large, max-video-preview:-1\" \/>\n<link rel=\"canonical\" href=\"https:\/\/www.gereso.com\/actualites\/2016\/10\/20\/site-prelevement-a-la-source\/\" \/>\n<meta property=\"og:locale\" content=\"fr_FR\" \/>\n<meta property=\"og:type\" content=\"article\" \/>\n<meta property=\"og:title\" content=\"Nouveau site internet sur le pr\u00e9l\u00e8vement \u00e0 la source - Le Blog GERESO\" \/>\n<meta property=\"og:description\" content=\"Le site internet du minist\u00e8re de l&rsquo;Economie et des Finances a annonc\u00e9 hier le lancement d&rsquo;un nouveau site d\u00e9di\u00e9 au pr\u00e9l\u00e8vement \u00e0 la source de l&rsquo;imp\u00f4t sur le revenu (prelevementalasource.gouv.fr). Ce nouvel espace pr\u00e9sente de nombreux exemples, infographies et explications sur les modalit\u00e9s du pr\u00e9l\u00e8vement qui sera mis en place \u00e0 compter du 1er janvier [&hellip;]\" \/>\n<meta property=\"og:url\" content=\"https:\/\/www.gereso.com\/actualites\/2016\/10\/20\/site-prelevement-a-la-source\/\" \/>\n<meta property=\"og:site_name\" content=\"Le Blog GERESO\" \/>\n<meta property=\"article:published_time\" content=\"2016-10-20T10:15:03+00:00\" \/>\n<meta property=\"article:modified_time\" content=\"2016-10-20T10:43:04+00:00\" \/>\n<meta name=\"author\" content=\"Damien P\u00e9an\" \/>\n<meta name=\"twitter:card\" content=\"summary_large_image\" \/>\n<script type=\"application\/ld+json\" class=\"yoast-schema-graph\">{\"@context\":\"https:\/\/schema.org\",\"@graph\":[{\"@type\":\"WebPage\",\"@id\":\"https:\/\/www.gereso.com\/actualites\/2016\/10\/20\/site-prelevement-a-la-source\/\",\"url\":\"https:\/\/www.gereso.com\/actualites\/2016\/10\/20\/site-prelevement-a-la-source\/\",\"name\":\"Nouveau site internet sur le pr\u00e9l\u00e8vement \u00e0 la source - Le Blog GERESO\",\"isPartOf\":{\"@id\":\"https:\/\/www.gereso.com\/actualites\/#website\"},\"datePublished\":\"2016-10-20T10:15:03+00:00\",\"dateModified\":\"2016-10-20T10:43:04+00:00\",\"author\":{\"@id\":\"https:\/\/www.gereso.com\/actualites\/#\/schema\/person\/c91814f92d627ed4715993fbbf7c7e8d\"},\"breadcrumb\":{\"@id\":\"https:\/\/www.gereso.com\/actualites\/2016\/10\/20\/site-prelevement-a-la-source\/#breadcrumb\"},\"inLanguage\":\"fr-FR\",\"potentialAction\":[{\"@type\":\"ReadAction\",\"target\":[\"https:\/\/www.gereso.com\/actualites\/2016\/10\/20\/site-prelevement-a-la-source\/\"]}]},{\"@type\":\"BreadcrumbList\",\"@id\":\"https:\/\/www.gereso.com\/actualites\/2016\/10\/20\/site-prelevement-a-la-source\/#breadcrumb\",\"itemListElement\":[{\"@type\":\"ListItem\",\"position\":1,\"name\":\"Home\",\"item\":\"https:\/\/www.gereso.com\/actualites\/\"},{\"@type\":\"ListItem\",\"position\":2,\"name\":\"Nouveau site internet sur le pr\u00e9l\u00e8vement \u00e0 la source\"}]},{\"@type\":\"WebSite\",\"@id\":\"https:\/\/www.gereso.com\/actualites\/#website\",\"url\":\"https:\/\/www.gereso.com\/actualites\/\",\"name\":\"Le Blog GERESO\",\"description\":\"Toute l&#039;actu RH, Finance, Fonction Publique, Management...\",\"potentialAction\":[{\"@type\":\"SearchAction\",\"target\":{\"@type\":\"EntryPoint\",\"urlTemplate\":\"https:\/\/www.gereso.com\/actualites\/?s={search_term_string}\"},\"query-input\":{\"@type\":\"PropertyValueSpecification\",\"valueRequired\":true,\"valueName\":\"search_term_string\"}}],\"inLanguage\":\"fr-FR\"},{\"@type\":\"Person\",\"@id\":\"https:\/\/www.gereso.com\/actualites\/#\/schema\/person\/c91814f92d627ed4715993fbbf7c7e8d\",\"name\":\"Damien P\u00e9an\",\"image\":{\"@type\":\"ImageObject\",\"inLanguage\":\"fr-FR\",\"@id\":\"https:\/\/www.gereso.com\/actualites\/#\/schema\/person\/image\/\",\"url\":\"https:\/\/www.gereso.com\/actualites\/wp-content\/uploads\/2016\/03\/damien-pean.jpg\",\"contentUrl\":\"https:\/\/www.gereso.com\/actualites\/wp-content\/uploads\/2016\/03\/damien-pean.jpg\",\"caption\":\"Damien P\u00e9an\"},\"description\":\"Damien P\u00c9AN est titulaire du Dipl\u00f4me d'\u00e9tudes sup\u00e9rieures comptables et financi\u00e8res (DESCF). Il intervient depuis plusieurs ann\u00e9es aupr\u00e8s d'\u00e9tudiants en licence de comptabilit\u00e9 et de gestion, \u00e0 qui il enseigne le contr\u00f4le de gestion, la comptabilit\u00e9 approfondie, le management, la fiscalit\u00e9, le droit des soci\u00e9t\u00e9s et le droit du travail. Il intervient \u00e9galement en formation continue pour le compte de divers organismes de formation sur des th\u00e9matiques techniques en comptabilit\u00e9 et fiscalit\u00e9. Il forme aussi un public de non-initi\u00e9s aux fondamentaux de la finance.\",\"url\":\"https:\/\/www.gereso.com\/actualites\/author\/d-pean\/\"}]}<\/script>\n<!-- \/ Yoast SEO plugin. -->","yoast_head_json":{"title":"Nouveau site internet sur le pr\u00e9l\u00e8vement \u00e0 la source - Le Blog GERESO","robots":{"index":"index","follow":"follow","max-snippet":"max-snippet:-1","max-image-preview":"max-image-preview:large","max-video-preview":"max-video-preview:-1"},"canonical":"https:\/\/www.gereso.com\/actualites\/2016\/10\/20\/site-prelevement-a-la-source\/","og_locale":"fr_FR","og_type":"article","og_title":"Nouveau site internet sur le pr\u00e9l\u00e8vement \u00e0 la source - Le Blog GERESO","og_description":"Le site internet du minist\u00e8re de l&rsquo;Economie et des Finances a annonc\u00e9 hier le lancement d&rsquo;un nouveau site d\u00e9di\u00e9 au pr\u00e9l\u00e8vement \u00e0 la source de l&rsquo;imp\u00f4t sur le revenu (prelevementalasource.gouv.fr). Ce nouvel espace pr\u00e9sente de nombreux exemples, infographies et explications sur les modalit\u00e9s du pr\u00e9l\u00e8vement qui sera mis en place \u00e0 compter du 1er janvier [&hellip;]","og_url":"https:\/\/www.gereso.com\/actualites\/2016\/10\/20\/site-prelevement-a-la-source\/","og_site_name":"Le Blog GERESO","article_published_time":"2016-10-20T10:15:03+00:00","article_modified_time":"2016-10-20T10:43:04+00:00","author":"Damien P\u00e9an","twitter_card":"summary_large_image","schema":{"@context":"https:\/\/schema.org","@graph":[{"@type":"WebPage","@id":"https:\/\/www.gereso.com\/actualites\/2016\/10\/20\/site-prelevement-a-la-source\/","url":"https:\/\/www.gereso.com\/actualites\/2016\/10\/20\/site-prelevement-a-la-source\/","name":"Nouveau site internet sur le pr\u00e9l\u00e8vement \u00e0 la source - Le Blog GERESO","isPartOf":{"@id":"https:\/\/www.gereso.com\/actualites\/#website"},"datePublished":"2016-10-20T10:15:03+00:00","dateModified":"2016-10-20T10:43:04+00:00","author":{"@id":"https:\/\/www.gereso.com\/actualites\/#\/schema\/person\/c91814f92d627ed4715993fbbf7c7e8d"},"breadcrumb":{"@id":"https:\/\/www.gereso.com\/actualites\/2016\/10\/20\/site-prelevement-a-la-source\/#breadcrumb"},"inLanguage":"fr-FR","potentialAction":[{"@type":"ReadAction","target":["https:\/\/www.gereso.com\/actualites\/2016\/10\/20\/site-prelevement-a-la-source\/"]}]},{"@type":"BreadcrumbList","@id":"https:\/\/www.gereso.com\/actualites\/2016\/10\/20\/site-prelevement-a-la-source\/#breadcrumb","itemListElement":[{"@type":"ListItem","position":1,"name":"Home","item":"https:\/\/www.gereso.com\/actualites\/"},{"@type":"ListItem","position":2,"name":"Nouveau site internet sur le pr\u00e9l\u00e8vement \u00e0 la source"}]},{"@type":"WebSite","@id":"https:\/\/www.gereso.com\/actualites\/#website","url":"https:\/\/www.gereso.com\/actualites\/","name":"Le Blog GERESO","description":"Toute l&#039;actu RH, Finance, Fonction Publique, Management...","potentialAction":[{"@type":"SearchAction","target":{"@type":"EntryPoint","urlTemplate":"https:\/\/www.gereso.com\/actualites\/?s={search_term_string}"},"query-input":{"@type":"PropertyValueSpecification","valueRequired":true,"valueName":"search_term_string"}}],"inLanguage":"fr-FR"},{"@type":"Person","@id":"https:\/\/www.gereso.com\/actualites\/#\/schema\/person\/c91814f92d627ed4715993fbbf7c7e8d","name":"Damien P\u00e9an","image":{"@type":"ImageObject","inLanguage":"fr-FR","@id":"https:\/\/www.gereso.com\/actualites\/#\/schema\/person\/image\/","url":"https:\/\/www.gereso.com\/actualites\/wp-content\/uploads\/2016\/03\/damien-pean.jpg","contentUrl":"https:\/\/www.gereso.com\/actualites\/wp-content\/uploads\/2016\/03\/damien-pean.jpg","caption":"Damien P\u00e9an"},"description":"Damien P\u00c9AN est titulaire du Dipl\u00f4me d'\u00e9tudes sup\u00e9rieures comptables et financi\u00e8res (DESCF). Il intervient depuis plusieurs ann\u00e9es aupr\u00e8s d'\u00e9tudiants en licence de comptabilit\u00e9 et de gestion, \u00e0 qui il enseigne le contr\u00f4le de gestion, la comptabilit\u00e9 approfondie, le management, la fiscalit\u00e9, le droit des soci\u00e9t\u00e9s et le droit du travail. Il intervient \u00e9galement en formation continue pour le compte de divers organismes de formation sur des th\u00e9matiques techniques en comptabilit\u00e9 et fiscalit\u00e9. Il forme aussi un public de non-initi\u00e9s aux fondamentaux de la finance.","url":"https:\/\/www.gereso.com\/actualites\/author\/d-pean\/"}]}},"_links":{"self":[{"href":"https:\/\/www.gereso.com\/actualites\/wp-json\/wp\/v2\/posts\/7268","targetHints":{"allow":["GET"]}}],"collection":[{"href":"https:\/\/www.gereso.com\/actualites\/wp-json\/wp\/v2\/posts"}],"about":[{"href":"https:\/\/www.gereso.com\/actualites\/wp-json\/wp\/v2\/types\/post"}],"author":[{"embeddable":true,"href":"https:\/\/www.gereso.com\/actualites\/wp-json\/wp\/v2\/users\/45"}],"replies":[{"embeddable":true,"href":"https:\/\/www.gereso.com\/actualites\/wp-json\/wp\/v2\/comments?post=7268"}],"version-history":[{"count":2,"href":"https:\/\/www.gereso.com\/actualites\/wp-json\/wp\/v2\/posts\/7268\/revisions"}],"predecessor-version":[{"id":7272,"href":"https:\/\/www.gereso.com\/actualites\/wp-json\/wp\/v2\/posts\/7268\/revisions\/7272"}],"wp:attachment":[{"href":"https:\/\/www.gereso.com\/actualites\/wp-json\/wp\/v2\/media?parent=7268"}],"wp:term":[{"taxonomy":"category","embeddable":true,"href":"https:\/\/www.gereso.com\/actualites\/wp-json\/wp\/v2\/categories?post=7268"},{"taxonomy":"post_tag","embeddable":true,"href":"https:\/\/www.gereso.com\/actualites\/wp-json\/wp\/v2\/tags?post=7268"}],"curies":[{"name":"wp","href":"https:\/\/api.w.org\/{rel}","templated":true}]}}