{"id":7270,"date":"2016-10-20T12:42:02","date_gmt":"2016-10-20T10:42:02","guid":{"rendered":"https:\/\/www.gereso.com\/actualites\/?p=7270"},"modified":"2016-10-20T12:42:02","modified_gmt":"2016-10-20T10:42:02","slug":"cir-nouveaute-depuis-1er-octobre-2016","status":"publish","type":"post","link":"https:\/\/www.gereso.com\/actualites\/2016\/10\/20\/cir-nouveaute-depuis-1er-octobre-2016\/","title":{"rendered":"CIR : nouveaut\u00e9 depuis le 1er octobre 2016"},"content":{"rendered":"<p>De mani\u00e8re \u00e0 r\u00e9duire <strong>les risques de litige<\/strong> lors de contr\u00f4les fiscaux au sujet du <strong>cr\u00e9dit d&rsquo;imp\u00f4t recherche<\/strong>, le l\u00e9gislateur a instaur\u00e9 depuis 2013, pour toutes les entreprises, la possibilit\u00e9 de d\u00e9poser un <strong>rescrit<\/strong>. Cette proc\u00e9dure permet \u00e0 l&rsquo;entreprise de se faire confirmer, en amont, par l&rsquo;administration fiscale, \u00a0l&rsquo;\u00e9ligibilit\u00e9 d&rsquo;un projet de recherche au cr\u00e9dit d&rsquo;imp\u00f4t recherche (CIR) ou au cr\u00e9dit d&rsquo;imp\u00f4t innovation (CII).<\/p>\n<p>Les PME peuvent m\u00eame, depuis le <strong>1er septembre 2015<\/strong>, faire valider un montant plancher pour la base de calcul du CIR. Cette proc\u00e9dure vient d&rsquo;\u00eatre enrichie depuis le <strong>1er octobre 2016<\/strong>. Depuis cette date, les PME peuvent \u00e9galement demander une <strong>r\u00e9vision du rescrit initial<\/strong> en cas de modification du projet de recherche pluriannuel. Pour \u00eatre recevable, cette demande doit \u00eatre d\u00e9pos\u00e9e au moins 6 mois avant la date limite de d\u00e9p\u00f4t de l&rsquo;imprim\u00e9 \u00b02069 relatif aux r\u00e9ductions et cr\u00e9dits d&rsquo;imp\u00f4t. \u00a0L&rsquo;administration est tenue de r\u00e9pondre dans les 3 mois. Dans le cas contraire, son accord est consid\u00e9r\u00e9 comme tacite.<\/p>\n<p>Cette nouvelle proc\u00e9dure doit permettre \u00e0 l&rsquo;administration d&rsquo;instruire plus facilement les demandes de rescrit du fait d&rsquo;une meilleure connaissance pr\u00e9alable du dossier.<\/p>\n<p>Ce nouveau dispositif est cependant r\u00e9serv\u00e9 aux <strong>PME<\/strong> dont le chiffre d&rsquo;affaires HT r\u00e9alis\u00e9 au titre de l&rsquo;exercice pr\u00e9c\u00e9dent est inf\u00e9rieur \u00e0 1.500.000 \u20ac pour les activit\u00e9s de vente et \u00e0 450.000 \u20ac pour les autres entreprises. Cette nouvelle proc\u00e9dure vient d&rsquo;\u00eatre comment\u00e9e par l&rsquo;administration fiscale (actualit\u00e9 BOFiP du 5 octobre 2016 &#8211; BOI-SJ-RES-10-20-20-20).<\/p>\n","protected":false},"excerpt":{"rendered":"<p>De mani\u00e8re \u00e0 r\u00e9duire les risques de litige lors de contr\u00f4les fiscaux au sujet du cr\u00e9dit d&rsquo;imp\u00f4t recherche, le l\u00e9gislateur a instaur\u00e9 depuis 2013, pour toutes les entreprises, la possibilit\u00e9 de d\u00e9poser un rescrit. Cette proc\u00e9dure permet \u00e0 l&rsquo;entreprise de se faire confirmer, en amont, par l&rsquo;administration fiscale, \u00a0l&rsquo;\u00e9ligibilit\u00e9 d&rsquo;un projet de recherche au cr\u00e9dit [&hellip;]<\/p>\n","protected":false},"author":45,"featured_media":0,"comment_status":"open","ping_status":"open","sticky":false,"template":"","format":"quote","meta":{"_acf_changed":false,"_mi_skip_tracking":false,"footnotes":""},"categories":[12,3],"tags":[1045],"class_list":["post-7270","post","type-post","status-publish","format-quote","hentry","category-actualites","category-comptabilite-fiscalite-et-gestion-financiere","tag-credit-dimpot","post_format-post-format-quote"],"acf":[],"yoast_head":"<!-- This site is optimized with the Yoast SEO plugin v23.4 - https:\/\/yoast.com\/wordpress\/plugins\/seo\/ -->\n<title>CIR : nouveaut\u00e9 depuis le 1er octobre 2016 - Le Blog GERESO<\/title>\n<meta name=\"robots\" content=\"index, follow, max-snippet:-1, max-image-preview:large, max-video-preview:-1\" \/>\n<link rel=\"canonical\" href=\"https:\/\/www.gereso.com\/actualites\/2016\/10\/20\/cir-nouveaute-depuis-1er-octobre-2016\/\" \/>\n<meta property=\"og:locale\" content=\"fr_FR\" \/>\n<meta property=\"og:type\" content=\"article\" \/>\n<meta property=\"og:title\" content=\"CIR : nouveaut\u00e9 depuis le 1er octobre 2016 - Le Blog GERESO\" \/>\n<meta property=\"og:description\" content=\"De mani\u00e8re \u00e0 r\u00e9duire les risques de litige lors de contr\u00f4les fiscaux au sujet du cr\u00e9dit d&rsquo;imp\u00f4t recherche, le l\u00e9gislateur a instaur\u00e9 depuis 2013, pour toutes les entreprises, la possibilit\u00e9 de d\u00e9poser un rescrit. Cette proc\u00e9dure permet \u00e0 l&rsquo;entreprise de se faire confirmer, en amont, par l&rsquo;administration fiscale, \u00a0l&rsquo;\u00e9ligibilit\u00e9 d&rsquo;un projet de recherche au cr\u00e9dit [&hellip;]\" \/>\n<meta property=\"og:url\" content=\"https:\/\/www.gereso.com\/actualites\/2016\/10\/20\/cir-nouveaute-depuis-1er-octobre-2016\/\" \/>\n<meta property=\"og:site_name\" content=\"Le Blog GERESO\" \/>\n<meta property=\"article:published_time\" content=\"2016-10-20T10:42:02+00:00\" \/>\n<meta name=\"author\" content=\"Damien P\u00e9an\" \/>\n<meta name=\"twitter:card\" content=\"summary_large_image\" \/>\n<script type=\"application\/ld+json\" class=\"yoast-schema-graph\">{\"@context\":\"https:\/\/schema.org\",\"@graph\":[{\"@type\":\"WebPage\",\"@id\":\"https:\/\/www.gereso.com\/actualites\/2016\/10\/20\/cir-nouveaute-depuis-1er-octobre-2016\/\",\"url\":\"https:\/\/www.gereso.com\/actualites\/2016\/10\/20\/cir-nouveaute-depuis-1er-octobre-2016\/\",\"name\":\"CIR : nouveaut\u00e9 depuis le 1er octobre 2016 - Le Blog GERESO\",\"isPartOf\":{\"@id\":\"https:\/\/www.gereso.com\/actualites\/#website\"},\"datePublished\":\"2016-10-20T10:42:02+00:00\",\"dateModified\":\"2016-10-20T10:42:02+00:00\",\"author\":{\"@id\":\"https:\/\/www.gereso.com\/actualites\/#\/schema\/person\/c91814f92d627ed4715993fbbf7c7e8d\"},\"breadcrumb\":{\"@id\":\"https:\/\/www.gereso.com\/actualites\/2016\/10\/20\/cir-nouveaute-depuis-1er-octobre-2016\/#breadcrumb\"},\"inLanguage\":\"fr-FR\",\"potentialAction\":[{\"@type\":\"ReadAction\",\"target\":[\"https:\/\/www.gereso.com\/actualites\/2016\/10\/20\/cir-nouveaute-depuis-1er-octobre-2016\/\"]}]},{\"@type\":\"BreadcrumbList\",\"@id\":\"https:\/\/www.gereso.com\/actualites\/2016\/10\/20\/cir-nouveaute-depuis-1er-octobre-2016\/#breadcrumb\",\"itemListElement\":[{\"@type\":\"ListItem\",\"position\":1,\"name\":\"Home\",\"item\":\"https:\/\/www.gereso.com\/actualites\/\"},{\"@type\":\"ListItem\",\"position\":2,\"name\":\"CIR : nouveaut\u00e9 depuis le 1er octobre 2016\"}]},{\"@type\":\"WebSite\",\"@id\":\"https:\/\/www.gereso.com\/actualites\/#website\",\"url\":\"https:\/\/www.gereso.com\/actualites\/\",\"name\":\"Le Blog GERESO\",\"description\":\"Toute l&#039;actu RH, Finance, Fonction Publique, Management...\",\"potentialAction\":[{\"@type\":\"SearchAction\",\"target\":{\"@type\":\"EntryPoint\",\"urlTemplate\":\"https:\/\/www.gereso.com\/actualites\/?s={search_term_string}\"},\"query-input\":{\"@type\":\"PropertyValueSpecification\",\"valueRequired\":true,\"valueName\":\"search_term_string\"}}],\"inLanguage\":\"fr-FR\"},{\"@type\":\"Person\",\"@id\":\"https:\/\/www.gereso.com\/actualites\/#\/schema\/person\/c91814f92d627ed4715993fbbf7c7e8d\",\"name\":\"Damien P\u00e9an\",\"image\":{\"@type\":\"ImageObject\",\"inLanguage\":\"fr-FR\",\"@id\":\"https:\/\/www.gereso.com\/actualites\/#\/schema\/person\/image\/\",\"url\":\"https:\/\/www.gereso.com\/actualites\/wp-content\/uploads\/2016\/03\/damien-pean.jpg\",\"contentUrl\":\"https:\/\/www.gereso.com\/actualites\/wp-content\/uploads\/2016\/03\/damien-pean.jpg\",\"caption\":\"Damien P\u00e9an\"},\"description\":\"Damien P\u00c9AN est titulaire du Dipl\u00f4me d'\u00e9tudes sup\u00e9rieures comptables et financi\u00e8res (DESCF). Il intervient depuis plusieurs ann\u00e9es aupr\u00e8s d'\u00e9tudiants en licence de comptabilit\u00e9 et de gestion, \u00e0 qui il enseigne le contr\u00f4le de gestion, la comptabilit\u00e9 approfondie, le management, la fiscalit\u00e9, le droit des soci\u00e9t\u00e9s et le droit du travail. Il intervient \u00e9galement en formation continue pour le compte de divers organismes de formation sur des th\u00e9matiques techniques en comptabilit\u00e9 et fiscalit\u00e9. Il forme aussi un public de non-initi\u00e9s aux fondamentaux de la finance.\",\"url\":\"https:\/\/www.gereso.com\/actualites\/author\/d-pean\/\"}]}<\/script>\n<!-- \/ Yoast SEO plugin. -->","yoast_head_json":{"title":"CIR : nouveaut\u00e9 depuis le 1er octobre 2016 - Le Blog GERESO","robots":{"index":"index","follow":"follow","max-snippet":"max-snippet:-1","max-image-preview":"max-image-preview:large","max-video-preview":"max-video-preview:-1"},"canonical":"https:\/\/www.gereso.com\/actualites\/2016\/10\/20\/cir-nouveaute-depuis-1er-octobre-2016\/","og_locale":"fr_FR","og_type":"article","og_title":"CIR : nouveaut\u00e9 depuis le 1er octobre 2016 - Le Blog GERESO","og_description":"De mani\u00e8re \u00e0 r\u00e9duire les risques de litige lors de contr\u00f4les fiscaux au sujet du cr\u00e9dit d&rsquo;imp\u00f4t recherche, le l\u00e9gislateur a instaur\u00e9 depuis 2013, pour toutes les entreprises, la possibilit\u00e9 de d\u00e9poser un rescrit. Cette proc\u00e9dure permet \u00e0 l&rsquo;entreprise de se faire confirmer, en amont, par l&rsquo;administration fiscale, \u00a0l&rsquo;\u00e9ligibilit\u00e9 d&rsquo;un projet de recherche au cr\u00e9dit [&hellip;]","og_url":"https:\/\/www.gereso.com\/actualites\/2016\/10\/20\/cir-nouveaute-depuis-1er-octobre-2016\/","og_site_name":"Le Blog GERESO","article_published_time":"2016-10-20T10:42:02+00:00","author":"Damien P\u00e9an","twitter_card":"summary_large_image","schema":{"@context":"https:\/\/schema.org","@graph":[{"@type":"WebPage","@id":"https:\/\/www.gereso.com\/actualites\/2016\/10\/20\/cir-nouveaute-depuis-1er-octobre-2016\/","url":"https:\/\/www.gereso.com\/actualites\/2016\/10\/20\/cir-nouveaute-depuis-1er-octobre-2016\/","name":"CIR : nouveaut\u00e9 depuis le 1er octobre 2016 - Le Blog GERESO","isPartOf":{"@id":"https:\/\/www.gereso.com\/actualites\/#website"},"datePublished":"2016-10-20T10:42:02+00:00","dateModified":"2016-10-20T10:42:02+00:00","author":{"@id":"https:\/\/www.gereso.com\/actualites\/#\/schema\/person\/c91814f92d627ed4715993fbbf7c7e8d"},"breadcrumb":{"@id":"https:\/\/www.gereso.com\/actualites\/2016\/10\/20\/cir-nouveaute-depuis-1er-octobre-2016\/#breadcrumb"},"inLanguage":"fr-FR","potentialAction":[{"@type":"ReadAction","target":["https:\/\/www.gereso.com\/actualites\/2016\/10\/20\/cir-nouveaute-depuis-1er-octobre-2016\/"]}]},{"@type":"BreadcrumbList","@id":"https:\/\/www.gereso.com\/actualites\/2016\/10\/20\/cir-nouveaute-depuis-1er-octobre-2016\/#breadcrumb","itemListElement":[{"@type":"ListItem","position":1,"name":"Home","item":"https:\/\/www.gereso.com\/actualites\/"},{"@type":"ListItem","position":2,"name":"CIR : nouveaut\u00e9 depuis le 1er octobre 2016"}]},{"@type":"WebSite","@id":"https:\/\/www.gereso.com\/actualites\/#website","url":"https:\/\/www.gereso.com\/actualites\/","name":"Le Blog GERESO","description":"Toute l&#039;actu RH, Finance, Fonction Publique, Management...","potentialAction":[{"@type":"SearchAction","target":{"@type":"EntryPoint","urlTemplate":"https:\/\/www.gereso.com\/actualites\/?s={search_term_string}"},"query-input":{"@type":"PropertyValueSpecification","valueRequired":true,"valueName":"search_term_string"}}],"inLanguage":"fr-FR"},{"@type":"Person","@id":"https:\/\/www.gereso.com\/actualites\/#\/schema\/person\/c91814f92d627ed4715993fbbf7c7e8d","name":"Damien P\u00e9an","image":{"@type":"ImageObject","inLanguage":"fr-FR","@id":"https:\/\/www.gereso.com\/actualites\/#\/schema\/person\/image\/","url":"https:\/\/www.gereso.com\/actualites\/wp-content\/uploads\/2016\/03\/damien-pean.jpg","contentUrl":"https:\/\/www.gereso.com\/actualites\/wp-content\/uploads\/2016\/03\/damien-pean.jpg","caption":"Damien P\u00e9an"},"description":"Damien P\u00c9AN est titulaire du Dipl\u00f4me d'\u00e9tudes sup\u00e9rieures comptables et financi\u00e8res (DESCF). Il intervient depuis plusieurs ann\u00e9es aupr\u00e8s d'\u00e9tudiants en licence de comptabilit\u00e9 et de gestion, \u00e0 qui il enseigne le contr\u00f4le de gestion, la comptabilit\u00e9 approfondie, le management, la fiscalit\u00e9, le droit des soci\u00e9t\u00e9s et le droit du travail. Il intervient \u00e9galement en formation continue pour le compte de divers organismes de formation sur des th\u00e9matiques techniques en comptabilit\u00e9 et fiscalit\u00e9. Il forme aussi un public de non-initi\u00e9s aux fondamentaux de la finance.","url":"https:\/\/www.gereso.com\/actualites\/author\/d-pean\/"}]}},"_links":{"self":[{"href":"https:\/\/www.gereso.com\/actualites\/wp-json\/wp\/v2\/posts\/7270","targetHints":{"allow":["GET"]}}],"collection":[{"href":"https:\/\/www.gereso.com\/actualites\/wp-json\/wp\/v2\/posts"}],"about":[{"href":"https:\/\/www.gereso.com\/actualites\/wp-json\/wp\/v2\/types\/post"}],"author":[{"embeddable":true,"href":"https:\/\/www.gereso.com\/actualites\/wp-json\/wp\/v2\/users\/45"}],"replies":[{"embeddable":true,"href":"https:\/\/www.gereso.com\/actualites\/wp-json\/wp\/v2\/comments?post=7270"}],"version-history":[{"count":1,"href":"https:\/\/www.gereso.com\/actualites\/wp-json\/wp\/v2\/posts\/7270\/revisions"}],"predecessor-version":[{"id":7271,"href":"https:\/\/www.gereso.com\/actualites\/wp-json\/wp\/v2\/posts\/7270\/revisions\/7271"}],"wp:attachment":[{"href":"https:\/\/www.gereso.com\/actualites\/wp-json\/wp\/v2\/media?parent=7270"}],"wp:term":[{"taxonomy":"category","embeddable":true,"href":"https:\/\/www.gereso.com\/actualites\/wp-json\/wp\/v2\/categories?post=7270"},{"taxonomy":"post_tag","embeddable":true,"href":"https:\/\/www.gereso.com\/actualites\/wp-json\/wp\/v2\/tags?post=7270"}],"curies":[{"name":"wp","href":"https:\/\/api.w.org\/{rel}","templated":true}]}}