{"id":7305,"date":"2016-10-28T15:31:08","date_gmt":"2016-10-28T13:31:08","guid":{"rendered":"https:\/\/www.gereso.com\/actualites\/?p=7305"},"modified":"2016-10-28T15:31:08","modified_gmt":"2016-10-28T13:31:08","slug":"airbnb-regime-fiscal-et-social","status":"publish","type":"post","link":"https:\/\/www.gereso.com\/actualites\/2016\/10\/28\/airbnb-regime-fiscal-et-social\/","title":{"rendered":"Airbnb, Drivy etc. : le r\u00e9gime fiscal et social pr\u00e9cis\u00e9"},"content":{"rendered":"<p>Ce jeudi 27 octobre, les d\u00e9put\u00e9s pr\u00e9sents \u00e0 l&rsquo;Assembl\u00e9e nationale ont v\u00e9cu une journ\u00e9e pleine de rebondissements \u00e0 l&rsquo;occasion de l&rsquo;examen en 1\u00e8re lecture du <strong>projet de loi de financement de la s\u00e9curit\u00e9 sociale pour 2017<\/strong> (PLFSS 2017). D\u00e9j\u00e0 le mercredi soir, jusqu&rsquo;\u00e0 tard dans la nuit, les discussions \u00e9taient tr\u00e8s anim\u00e9es au sujet du fameux article 10 relatif au seuil d&rsquo;imposition aux <strong>cotisations sociales<\/strong> des revenus issus des <strong>plateformes collaboratives<\/strong> de type <strong>Airbnb et Drivy<\/strong>.<\/p>\n<h2>Les revenus de location soumis \u00e0 imp\u00f4t sur le revenu<\/h2>\n<p>Jusqu&rsquo;\u00e0 cet \u00e9t\u00e9, un certain flou juridique existait sur le r\u00e9gime fiscal et social des revenus per\u00e7us par les particuliers gr\u00e2ce \u00e0 l&rsquo;utilisation de ces plateformes. Une instruction fiscale est venue pr\u00e9ciser les revenus imposables ou exon\u00e9r\u00e9s d&rsquo;imp\u00f4t sur le revenu :<\/p>\n<ul>\n<li>les revenus issus des plateformes de <strong>co-consommation<\/strong> (comme <strong>Blablacar<\/strong>) sont, \u00e0 certaines conditions, <strong>exon\u00e9r\u00e9s d&rsquo;imp\u00f4t sur le revenu<\/strong> dans la mesure o\u00f9 ces gains ne correspondent, en principe, qu&rsquo;\u00e0 un partage de frais,<\/li>\n<li>les revenus des particuliers issus des <strong>plateformes de location<\/strong> (comme <strong>Airbnb<\/strong> pour la location d&rsquo;immeubles et <strong>Drivy<\/strong> pour la location de v\u00e9hicules) sont, en revanche, <strong>soumis \u00e0 l&rsquo;imp\u00f4t sur le revenu<\/strong>.<\/li>\n<\/ul>\n<h2>Revenus de location : seuil d&rsquo;affiliation au RSI<\/h2>\n<p>L&rsquo;article 10 du PLFSS 2017 avait pour vocation de compl\u00e9ter ces dispositions pour le volet \u00ab\u00a0cotisations sociales\u00a0\u00bb. L&rsquo;objectif du texte \u00e9tait de d\u00e9finir \u00e0 partir de quel chiffre d&rsquo;affaires ces activit\u00e9s de location par l&rsquo;interm\u00e9diaire de ces plateformes Internet devaient \u00eatre consid\u00e9r\u00e9es comme une activit\u00e9 professionnelle n\u00e9cessitant une <strong>affiliation au RSI<\/strong> (r\u00e9gime social des ind\u00e9pendants).<\/p>\n<p>Pour les locations de <strong>logements<\/strong> ou chambres meubl\u00e9s, le PLFSS 2017 fixe un seuil de chiffre d&rsquo;affaires de <strong>23.000 \u20ac<\/strong> par an, comme pour le r\u00e9gime LMP (loueur en meubl\u00e9 professionnel), \u00e0 partir duquel l&rsquo;affiliation au RSI et le paiement de cotisations sociales devient obligatoire.<\/p>\n<p>Pour les locations d&rsquo;autres biens meubles (des voitures par exemple), l&rsquo;article 10 pr\u00e9voyait un seuil de 3.860 \u20ac soit 10% du plafond annuel de la s\u00e9curit\u00e9 sociale.<\/p>\n<p>Mais ce jeudi matin, tr\u00e8s t\u00f4t, les d\u00e9put\u00e9s ont rejet\u00e9 ce texte, par crainte notamment, que les particuliers, surtout \u00e0 revenus modestes, ne renoncent \u00e0 ce type d&rsquo;activit\u00e9 \u00e0 cause des cotisations sociales. Un second coup de th\u00e9\u00e2tre est intervenu dans l&rsquo;apr\u00e8s-midi. Le minist\u00e8re des Finances a alors propos\u00e9 une seconde d\u00e9lib\u00e9ration aux d\u00e9put\u00e9s sur la base d&rsquo;un nouvel amendement du Gouvernement. L&rsquo;Ex\u00e9cutif a pu enfin \u00eatre soulag\u00e9 en fin de journ\u00e9e, les d\u00e9put\u00e9s ont adopt\u00e9 cet amendement. Le seuil de 23.000 \u20ac pour les locations de meubl\u00e9s est r\u00e9tabli et le seuil d&rsquo;affiliation obligatoire au RSI pour les<strong> activit\u00e9s de locations de biens meubles<\/strong> est finalement doubl\u00e9 (<strong>7.720 \u20ac<\/strong> au lieu de 3.860 \u20ac).<\/p>\n","protected":false},"excerpt":{"rendered":"<p>Ce jeudi 27 octobre, les d\u00e9put\u00e9s pr\u00e9sents \u00e0 l&rsquo;Assembl\u00e9e nationale ont v\u00e9cu une journ\u00e9e pleine de rebondissements \u00e0 l&rsquo;occasion de l&rsquo;examen en 1\u00e8re lecture du projet de loi de financement de la s\u00e9curit\u00e9 sociale pour 2017 (PLFSS 2017). D\u00e9j\u00e0 le mercredi soir, jusqu&rsquo;\u00e0 tard dans la nuit, les discussions \u00e9taient tr\u00e8s anim\u00e9es au sujet du [&hellip;]<\/p>\n","protected":false},"author":45,"featured_media":0,"comment_status":"open","ping_status":"open","sticky":false,"template":"","format":"quote","meta":{"_acf_changed":false,"_mi_skip_tracking":false,"footnotes":""},"categories":[12,3],"tags":[426,1039],"class_list":["post-7305","post","type-post","status-publish","format-quote","hentry","category-actualites","category-comptabilite-fiscalite-et-gestion-financiere","tag-cotisations-sociales","tag-impot-sur-le-revenu","post_format-post-format-quote"],"acf":[],"yoast_head":"<!-- This site is optimized with the Yoast SEO plugin v23.4 - https:\/\/yoast.com\/wordpress\/plugins\/seo\/ -->\n<title>Airbnb, Drivy etc. : le r\u00e9gime fiscal et social pr\u00e9cis\u00e9 - Le Blog GERESO<\/title>\n<meta name=\"robots\" content=\"index, follow, max-snippet:-1, max-image-preview:large, max-video-preview:-1\" \/>\n<link rel=\"canonical\" href=\"https:\/\/www.gereso.com\/actualites\/2016\/10\/28\/airbnb-regime-fiscal-et-social\/\" \/>\n<meta property=\"og:locale\" content=\"fr_FR\" \/>\n<meta property=\"og:type\" content=\"article\" \/>\n<meta property=\"og:title\" content=\"Airbnb, Drivy etc. : le r\u00e9gime fiscal et social pr\u00e9cis\u00e9 - Le Blog GERESO\" \/>\n<meta property=\"og:description\" content=\"Ce jeudi 27 octobre, les d\u00e9put\u00e9s pr\u00e9sents \u00e0 l&rsquo;Assembl\u00e9e nationale ont v\u00e9cu une journ\u00e9e pleine de rebondissements \u00e0 l&rsquo;occasion de l&rsquo;examen en 1\u00e8re lecture du projet de loi de financement de la s\u00e9curit\u00e9 sociale pour 2017 (PLFSS 2017). D\u00e9j\u00e0 le mercredi soir, jusqu&rsquo;\u00e0 tard dans la nuit, les discussions \u00e9taient tr\u00e8s anim\u00e9es au sujet du [&hellip;]\" \/>\n<meta property=\"og:url\" content=\"https:\/\/www.gereso.com\/actualites\/2016\/10\/28\/airbnb-regime-fiscal-et-social\/\" \/>\n<meta property=\"og:site_name\" content=\"Le Blog GERESO\" \/>\n<meta property=\"article:published_time\" content=\"2016-10-28T13:31:08+00:00\" \/>\n<meta name=\"author\" content=\"Damien P\u00e9an\" \/>\n<meta name=\"twitter:card\" content=\"summary_large_image\" \/>\n<script type=\"application\/ld+json\" class=\"yoast-schema-graph\">{\"@context\":\"https:\/\/schema.org\",\"@graph\":[{\"@type\":\"WebPage\",\"@id\":\"https:\/\/www.gereso.com\/actualites\/2016\/10\/28\/airbnb-regime-fiscal-et-social\/\",\"url\":\"https:\/\/www.gereso.com\/actualites\/2016\/10\/28\/airbnb-regime-fiscal-et-social\/\",\"name\":\"Airbnb, Drivy etc. : le r\u00e9gime fiscal et social pr\u00e9cis\u00e9 - Le Blog GERESO\",\"isPartOf\":{\"@id\":\"https:\/\/www.gereso.com\/actualites\/#website\"},\"datePublished\":\"2016-10-28T13:31:08+00:00\",\"dateModified\":\"2016-10-28T13:31:08+00:00\",\"author\":{\"@id\":\"https:\/\/www.gereso.com\/actualites\/#\/schema\/person\/c91814f92d627ed4715993fbbf7c7e8d\"},\"breadcrumb\":{\"@id\":\"https:\/\/www.gereso.com\/actualites\/2016\/10\/28\/airbnb-regime-fiscal-et-social\/#breadcrumb\"},\"inLanguage\":\"fr-FR\",\"potentialAction\":[{\"@type\":\"ReadAction\",\"target\":[\"https:\/\/www.gereso.com\/actualites\/2016\/10\/28\/airbnb-regime-fiscal-et-social\/\"]}]},{\"@type\":\"BreadcrumbList\",\"@id\":\"https:\/\/www.gereso.com\/actualites\/2016\/10\/28\/airbnb-regime-fiscal-et-social\/#breadcrumb\",\"itemListElement\":[{\"@type\":\"ListItem\",\"position\":1,\"name\":\"Home\",\"item\":\"https:\/\/www.gereso.com\/actualites\/\"},{\"@type\":\"ListItem\",\"position\":2,\"name\":\"Airbnb, Drivy etc. : le r\u00e9gime fiscal et social pr\u00e9cis\u00e9\"}]},{\"@type\":\"WebSite\",\"@id\":\"https:\/\/www.gereso.com\/actualites\/#website\",\"url\":\"https:\/\/www.gereso.com\/actualites\/\",\"name\":\"Le Blog GERESO\",\"description\":\"Toute l&#039;actu RH, Finance, Fonction Publique, Management...\",\"potentialAction\":[{\"@type\":\"SearchAction\",\"target\":{\"@type\":\"EntryPoint\",\"urlTemplate\":\"https:\/\/www.gereso.com\/actualites\/?s={search_term_string}\"},\"query-input\":{\"@type\":\"PropertyValueSpecification\",\"valueRequired\":true,\"valueName\":\"search_term_string\"}}],\"inLanguage\":\"fr-FR\"},{\"@type\":\"Person\",\"@id\":\"https:\/\/www.gereso.com\/actualites\/#\/schema\/person\/c91814f92d627ed4715993fbbf7c7e8d\",\"name\":\"Damien P\u00e9an\",\"image\":{\"@type\":\"ImageObject\",\"inLanguage\":\"fr-FR\",\"@id\":\"https:\/\/www.gereso.com\/actualites\/#\/schema\/person\/image\/\",\"url\":\"https:\/\/www.gereso.com\/actualites\/wp-content\/uploads\/2016\/03\/damien-pean.jpg\",\"contentUrl\":\"https:\/\/www.gereso.com\/actualites\/wp-content\/uploads\/2016\/03\/damien-pean.jpg\",\"caption\":\"Damien P\u00e9an\"},\"description\":\"Damien P\u00c9AN est titulaire du Dipl\u00f4me d'\u00e9tudes sup\u00e9rieures comptables et financi\u00e8res (DESCF). Il intervient depuis plusieurs ann\u00e9es aupr\u00e8s d'\u00e9tudiants en licence de comptabilit\u00e9 et de gestion, \u00e0 qui il enseigne le contr\u00f4le de gestion, la comptabilit\u00e9 approfondie, le management, la fiscalit\u00e9, le droit des soci\u00e9t\u00e9s et le droit du travail. Il intervient \u00e9galement en formation continue pour le compte de divers organismes de formation sur des th\u00e9matiques techniques en comptabilit\u00e9 et fiscalit\u00e9. Il forme aussi un public de non-initi\u00e9s aux fondamentaux de la finance.\",\"url\":\"https:\/\/www.gereso.com\/actualites\/author\/d-pean\/\"}]}<\/script>\n<!-- \/ Yoast SEO plugin. -->","yoast_head_json":{"title":"Airbnb, Drivy etc. : le r\u00e9gime fiscal et social pr\u00e9cis\u00e9 - Le Blog GERESO","robots":{"index":"index","follow":"follow","max-snippet":"max-snippet:-1","max-image-preview":"max-image-preview:large","max-video-preview":"max-video-preview:-1"},"canonical":"https:\/\/www.gereso.com\/actualites\/2016\/10\/28\/airbnb-regime-fiscal-et-social\/","og_locale":"fr_FR","og_type":"article","og_title":"Airbnb, Drivy etc. : le r\u00e9gime fiscal et social pr\u00e9cis\u00e9 - Le Blog GERESO","og_description":"Ce jeudi 27 octobre, les d\u00e9put\u00e9s pr\u00e9sents \u00e0 l&rsquo;Assembl\u00e9e nationale ont v\u00e9cu une journ\u00e9e pleine de rebondissements \u00e0 l&rsquo;occasion de l&rsquo;examen en 1\u00e8re lecture du projet de loi de financement de la s\u00e9curit\u00e9 sociale pour 2017 (PLFSS 2017). D\u00e9j\u00e0 le mercredi soir, jusqu&rsquo;\u00e0 tard dans la nuit, les discussions \u00e9taient tr\u00e8s anim\u00e9es au sujet du [&hellip;]","og_url":"https:\/\/www.gereso.com\/actualites\/2016\/10\/28\/airbnb-regime-fiscal-et-social\/","og_site_name":"Le Blog GERESO","article_published_time":"2016-10-28T13:31:08+00:00","author":"Damien P\u00e9an","twitter_card":"summary_large_image","schema":{"@context":"https:\/\/schema.org","@graph":[{"@type":"WebPage","@id":"https:\/\/www.gereso.com\/actualites\/2016\/10\/28\/airbnb-regime-fiscal-et-social\/","url":"https:\/\/www.gereso.com\/actualites\/2016\/10\/28\/airbnb-regime-fiscal-et-social\/","name":"Airbnb, Drivy etc. : le r\u00e9gime fiscal et social pr\u00e9cis\u00e9 - Le Blog GERESO","isPartOf":{"@id":"https:\/\/www.gereso.com\/actualites\/#website"},"datePublished":"2016-10-28T13:31:08+00:00","dateModified":"2016-10-28T13:31:08+00:00","author":{"@id":"https:\/\/www.gereso.com\/actualites\/#\/schema\/person\/c91814f92d627ed4715993fbbf7c7e8d"},"breadcrumb":{"@id":"https:\/\/www.gereso.com\/actualites\/2016\/10\/28\/airbnb-regime-fiscal-et-social\/#breadcrumb"},"inLanguage":"fr-FR","potentialAction":[{"@type":"ReadAction","target":["https:\/\/www.gereso.com\/actualites\/2016\/10\/28\/airbnb-regime-fiscal-et-social\/"]}]},{"@type":"BreadcrumbList","@id":"https:\/\/www.gereso.com\/actualites\/2016\/10\/28\/airbnb-regime-fiscal-et-social\/#breadcrumb","itemListElement":[{"@type":"ListItem","position":1,"name":"Home","item":"https:\/\/www.gereso.com\/actualites\/"},{"@type":"ListItem","position":2,"name":"Airbnb, Drivy etc. : le r\u00e9gime fiscal et social pr\u00e9cis\u00e9"}]},{"@type":"WebSite","@id":"https:\/\/www.gereso.com\/actualites\/#website","url":"https:\/\/www.gereso.com\/actualites\/","name":"Le Blog GERESO","description":"Toute l&#039;actu RH, Finance, Fonction Publique, Management...","potentialAction":[{"@type":"SearchAction","target":{"@type":"EntryPoint","urlTemplate":"https:\/\/www.gereso.com\/actualites\/?s={search_term_string}"},"query-input":{"@type":"PropertyValueSpecification","valueRequired":true,"valueName":"search_term_string"}}],"inLanguage":"fr-FR"},{"@type":"Person","@id":"https:\/\/www.gereso.com\/actualites\/#\/schema\/person\/c91814f92d627ed4715993fbbf7c7e8d","name":"Damien P\u00e9an","image":{"@type":"ImageObject","inLanguage":"fr-FR","@id":"https:\/\/www.gereso.com\/actualites\/#\/schema\/person\/image\/","url":"https:\/\/www.gereso.com\/actualites\/wp-content\/uploads\/2016\/03\/damien-pean.jpg","contentUrl":"https:\/\/www.gereso.com\/actualites\/wp-content\/uploads\/2016\/03\/damien-pean.jpg","caption":"Damien P\u00e9an"},"description":"Damien P\u00c9AN est titulaire du Dipl\u00f4me d'\u00e9tudes sup\u00e9rieures comptables et financi\u00e8res (DESCF). Il intervient depuis plusieurs ann\u00e9es aupr\u00e8s d'\u00e9tudiants en licence de comptabilit\u00e9 et de gestion, \u00e0 qui il enseigne le contr\u00f4le de gestion, la comptabilit\u00e9 approfondie, le management, la fiscalit\u00e9, le droit des soci\u00e9t\u00e9s et le droit du travail. Il intervient \u00e9galement en formation continue pour le compte de divers organismes de formation sur des th\u00e9matiques techniques en comptabilit\u00e9 et fiscalit\u00e9. Il forme aussi un public de non-initi\u00e9s aux fondamentaux de la finance.","url":"https:\/\/www.gereso.com\/actualites\/author\/d-pean\/"}]}},"_links":{"self":[{"href":"https:\/\/www.gereso.com\/actualites\/wp-json\/wp\/v2\/posts\/7305","targetHints":{"allow":["GET"]}}],"collection":[{"href":"https:\/\/www.gereso.com\/actualites\/wp-json\/wp\/v2\/posts"}],"about":[{"href":"https:\/\/www.gereso.com\/actualites\/wp-json\/wp\/v2\/types\/post"}],"author":[{"embeddable":true,"href":"https:\/\/www.gereso.com\/actualites\/wp-json\/wp\/v2\/users\/45"}],"replies":[{"embeddable":true,"href":"https:\/\/www.gereso.com\/actualites\/wp-json\/wp\/v2\/comments?post=7305"}],"version-history":[{"count":3,"href":"https:\/\/www.gereso.com\/actualites\/wp-json\/wp\/v2\/posts\/7305\/revisions"}],"predecessor-version":[{"id":7308,"href":"https:\/\/www.gereso.com\/actualites\/wp-json\/wp\/v2\/posts\/7305\/revisions\/7308"}],"wp:attachment":[{"href":"https:\/\/www.gereso.com\/actualites\/wp-json\/wp\/v2\/media?parent=7305"}],"wp:term":[{"taxonomy":"category","embeddable":true,"href":"https:\/\/www.gereso.com\/actualites\/wp-json\/wp\/v2\/categories?post=7305"},{"taxonomy":"post_tag","embeddable":true,"href":"https:\/\/www.gereso.com\/actualites\/wp-json\/wp\/v2\/tags?post=7305"}],"curies":[{"name":"wp","href":"https:\/\/api.w.org\/{rel}","templated":true}]}}