{"id":7309,"date":"2016-10-28T16:12:01","date_gmt":"2016-10-28T14:12:01","guid":{"rendered":"https:\/\/www.gereso.com\/actualites\/?p=7309"},"modified":"2016-10-28T16:12:01","modified_gmt":"2016-10-28T14:12:01","slug":"budget-2017-tva-deductible-sur-lessence","status":"publish","type":"post","link":"https:\/\/www.gereso.com\/actualites\/2016\/10\/28\/budget-2017-tva-deductible-sur-lessence\/","title":{"rendered":"Budget 2017 : TVA d\u00e9ductible sur l&rsquo;essence"},"content":{"rendered":"<p>L&rsquo;un des derniers avantages fiscaux du <strong>diesel<\/strong> sur <strong>l&rsquo;essence<\/strong> va bient\u00f4t \u00eatre supprim\u00e9. Les d\u00e9put\u00e9s ont en effet vot\u00e9 un <strong>amendement<\/strong> au projet de loi de finances pour 2017 (PLF 2017) qui pr\u00e9voit un <strong>alignement sur 5 ans<\/strong> des r\u00e8gles relatives \u00e0 la d\u00e9duction de TVA de l&rsquo;achat d&rsquo;essence, sur celles du gazole. S\u00e9gol\u00e8ne Royale, la ministre de l&rsquo;\u00c9cologie, du D\u00e9veloppement durable et de l&rsquo;\u00c9nergie avait pourtant annonc\u00e9, \u00e0 l&rsquo;origine, un alignement sur 2 ans. L&rsquo;Assembl\u00e9e nationale en a d\u00e9cid\u00e9 autrement.<\/p>\n<h2><strong>R\u00e9cup\u00e9ration de la TVA sur l&rsquo;essence pour les v\u00e9hicules de tourisme<\/strong><\/h2>\n<p>Dans la l\u00e9gislation actuelle, la TVA sur l&rsquo;essence achet\u00e9e pour les besoins des v\u00e9hicules de tourisme utilis\u00e9s par une entreprise ne peut faire l&rsquo;objet d&rsquo;aucune r\u00e9cup\u00e9ration. \u00c0 l&rsquo;inverse, la TVA sur le gazole est<strong> d\u00e9ductible \u00e0 80%<\/strong> pour les v\u00e9hicules de tourisme. L&rsquo;amendement adopt\u00e9 pr\u00e9voit un alignement progressif.<\/p>\n<table border=\"1\">\n<tbody>\n<tr>\n<td style=\"text-align: center\" width=\"234\"><strong>Taux de d\u00e9duction de la TVA sur l&rsquo;essence (selon art. 12 quater du PLF 2017) <\/strong><\/td>\n<td style=\"text-align: center\" width=\"123\"><strong>V\u00e9hicules de tourisme<\/strong><\/td>\n<\/tr>\n<tr>\n<td style=\"text-align: center\" width=\"234\"><strong>2017<\/strong><\/td>\n<td style=\"text-align: center\" width=\"123\">10%<\/td>\n<\/tr>\n<tr>\n<td style=\"text-align: center\" width=\"234\"><strong>2018<\/strong><\/td>\n<td style=\"text-align: center\" width=\"123\">20%<\/td>\n<\/tr>\n<tr>\n<td style=\"text-align: center\" width=\"234\"><strong>2019<\/strong><\/td>\n<td style=\"text-align: center\" width=\"123\">40%<\/td>\n<\/tr>\n<tr>\n<td style=\"text-align: center\" width=\"234\"><strong>2020<\/strong><\/td>\n<td style=\"text-align: center\" width=\"123\">60%<\/td>\n<\/tr>\n<tr>\n<td style=\"text-align: center\" width=\"234\"><strong>2021<\/strong><\/td>\n<td style=\"text-align: center\" width=\"123\">80%<\/td>\n<\/tr>\n<\/tbody>\n<\/table>\n<h2><strong>R\u00e9cup\u00e9ration de la TVA sur l&rsquo;essence pour les v\u00e9hicules utilitaires<\/strong><\/h2>\n<p>Contrairement \u00e0 l&rsquo;essence, la TVA sur le gazole acquis pour les v\u00e9hicules utilitaires est actuellement <strong>d\u00e9ductible \u00e0 100%<\/strong>. Les d\u00e9put\u00e9s ont \u00e9galement adopt\u00e9 un amendement au PLF 2017 pr\u00e9voyant un alignement sur 5 ans.<\/p>\n<table border=\"1\">\n<tbody>\n<tr>\n<td style=\"text-align: center\" width=\"234\"><strong>Taux de d\u00e9duction de la TVA sur l&rsquo;essence (selon art. 12 quater du PLF 2017)<\/strong><\/td>\n<td style=\"text-align: center\" width=\"132\"><strong>V\u00e9hicules utilitaires<\/strong><\/td>\n<\/tr>\n<tr>\n<td style=\"text-align: center\" width=\"234\"><strong>2017<\/strong><\/td>\n<td style=\"text-align: center\" width=\"132\">0%<\/td>\n<\/tr>\n<tr>\n<td style=\"text-align: center\" width=\"234\"><strong>2018<\/strong><\/td>\n<td style=\"text-align: center\" width=\"132\">20%<\/td>\n<\/tr>\n<tr>\n<td style=\"text-align: center\" width=\"234\"><strong>2019<\/strong><\/td>\n<td style=\"text-align: center\" width=\"132\">40%<\/td>\n<\/tr>\n<tr>\n<td style=\"text-align: center\" width=\"234\"><strong>2020<\/strong><\/td>\n<td style=\"text-align: center\" width=\"132\">60%<\/td>\n<\/tr>\n<tr>\n<td style=\"text-align: center\" width=\"234\"><strong>2021<\/strong><\/td>\n<td style=\"text-align: center\" width=\"132\">80%<\/td>\n<\/tr>\n<tr>\n<td style=\"text-align: center\" width=\"234\"><strong>2022 et ann\u00e9es suivantes<\/strong><\/td>\n<td style=\"text-align: center\" width=\"132\">100%<\/td>\n<\/tr>\n<\/tbody>\n<\/table>\n<p>Nous rappelons que ces dispositions peuvent encore \u00e9voluer ces prochaines semaines dans le cadre des prochaines discussions sur ce PLF 2017 au S\u00e9nat.<\/p>\n","protected":false},"excerpt":{"rendered":"<p>L&rsquo;un des derniers avantages fiscaux du diesel sur l&rsquo;essence va bient\u00f4t \u00eatre supprim\u00e9. Les d\u00e9put\u00e9s ont en effet vot\u00e9 un amendement au projet de loi de finances pour 2017 (PLF 2017) qui pr\u00e9voit un alignement sur 5 ans des r\u00e8gles relatives \u00e0 la d\u00e9duction de TVA de l&rsquo;achat d&rsquo;essence, sur celles du gazole. S\u00e9gol\u00e8ne Royale, [&hellip;]<\/p>\n","protected":false},"author":45,"featured_media":0,"comment_status":"open","ping_status":"open","sticky":false,"template":"","format":"quote","meta":{"_acf_changed":false,"_mi_skip_tracking":false,"footnotes":""},"categories":[12,3],"tags":[1047],"class_list":["post-7309","post","type-post","status-publish","format-quote","hentry","category-actualites","category-comptabilite-fiscalite-et-gestion-financiere","tag-tva","post_format-post-format-quote"],"acf":[],"yoast_head":"<!-- This site is optimized with the Yoast SEO plugin v23.4 - https:\/\/yoast.com\/wordpress\/plugins\/seo\/ -->\n<title>Budget 2017 : TVA d\u00e9ductible sur l&#039;essence - Le Blog GERESO<\/title>\n<meta name=\"robots\" content=\"index, follow, max-snippet:-1, max-image-preview:large, max-video-preview:-1\" \/>\n<link rel=\"canonical\" href=\"https:\/\/www.gereso.com\/actualites\/2016\/10\/28\/budget-2017-tva-deductible-sur-lessence\/\" \/>\n<meta property=\"og:locale\" content=\"fr_FR\" \/>\n<meta property=\"og:type\" content=\"article\" \/>\n<meta property=\"og:title\" content=\"Budget 2017 : TVA d\u00e9ductible sur l&#039;essence - Le Blog GERESO\" \/>\n<meta property=\"og:description\" content=\"L&rsquo;un des derniers avantages fiscaux du diesel sur l&rsquo;essence va bient\u00f4t \u00eatre supprim\u00e9. Les d\u00e9put\u00e9s ont en effet vot\u00e9 un amendement au projet de loi de finances pour 2017 (PLF 2017) qui pr\u00e9voit un alignement sur 5 ans des r\u00e8gles relatives \u00e0 la d\u00e9duction de TVA de l&rsquo;achat d&rsquo;essence, sur celles du gazole. S\u00e9gol\u00e8ne Royale, [&hellip;]\" \/>\n<meta property=\"og:url\" content=\"https:\/\/www.gereso.com\/actualites\/2016\/10\/28\/budget-2017-tva-deductible-sur-lessence\/\" \/>\n<meta property=\"og:site_name\" content=\"Le Blog GERESO\" \/>\n<meta property=\"article:published_time\" content=\"2016-10-28T14:12:01+00:00\" \/>\n<meta name=\"author\" content=\"Damien P\u00e9an\" \/>\n<meta name=\"twitter:card\" content=\"summary_large_image\" \/>\n<script type=\"application\/ld+json\" class=\"yoast-schema-graph\">{\"@context\":\"https:\/\/schema.org\",\"@graph\":[{\"@type\":\"WebPage\",\"@id\":\"https:\/\/www.gereso.com\/actualites\/2016\/10\/28\/budget-2017-tva-deductible-sur-lessence\/\",\"url\":\"https:\/\/www.gereso.com\/actualites\/2016\/10\/28\/budget-2017-tva-deductible-sur-lessence\/\",\"name\":\"Budget 2017 : TVA d\u00e9ductible sur l'essence - Le Blog GERESO\",\"isPartOf\":{\"@id\":\"https:\/\/www.gereso.com\/actualites\/#website\"},\"datePublished\":\"2016-10-28T14:12:01+00:00\",\"dateModified\":\"2016-10-28T14:12:01+00:00\",\"author\":{\"@id\":\"https:\/\/www.gereso.com\/actualites\/#\/schema\/person\/c91814f92d627ed4715993fbbf7c7e8d\"},\"breadcrumb\":{\"@id\":\"https:\/\/www.gereso.com\/actualites\/2016\/10\/28\/budget-2017-tva-deductible-sur-lessence\/#breadcrumb\"},\"inLanguage\":\"fr-FR\",\"potentialAction\":[{\"@type\":\"ReadAction\",\"target\":[\"https:\/\/www.gereso.com\/actualites\/2016\/10\/28\/budget-2017-tva-deductible-sur-lessence\/\"]}]},{\"@type\":\"BreadcrumbList\",\"@id\":\"https:\/\/www.gereso.com\/actualites\/2016\/10\/28\/budget-2017-tva-deductible-sur-lessence\/#breadcrumb\",\"itemListElement\":[{\"@type\":\"ListItem\",\"position\":1,\"name\":\"Home\",\"item\":\"https:\/\/www.gereso.com\/actualites\/\"},{\"@type\":\"ListItem\",\"position\":2,\"name\":\"Budget 2017 : TVA d\u00e9ductible sur l&rsquo;essence\"}]},{\"@type\":\"WebSite\",\"@id\":\"https:\/\/www.gereso.com\/actualites\/#website\",\"url\":\"https:\/\/www.gereso.com\/actualites\/\",\"name\":\"Le Blog GERESO\",\"description\":\"Toute l&#039;actu RH, Finance, Fonction Publique, Management...\",\"potentialAction\":[{\"@type\":\"SearchAction\",\"target\":{\"@type\":\"EntryPoint\",\"urlTemplate\":\"https:\/\/www.gereso.com\/actualites\/?s={search_term_string}\"},\"query-input\":{\"@type\":\"PropertyValueSpecification\",\"valueRequired\":true,\"valueName\":\"search_term_string\"}}],\"inLanguage\":\"fr-FR\"},{\"@type\":\"Person\",\"@id\":\"https:\/\/www.gereso.com\/actualites\/#\/schema\/person\/c91814f92d627ed4715993fbbf7c7e8d\",\"name\":\"Damien P\u00e9an\",\"image\":{\"@type\":\"ImageObject\",\"inLanguage\":\"fr-FR\",\"@id\":\"https:\/\/www.gereso.com\/actualites\/#\/schema\/person\/image\/\",\"url\":\"https:\/\/www.gereso.com\/actualites\/wp-content\/uploads\/2016\/03\/damien-pean.jpg\",\"contentUrl\":\"https:\/\/www.gereso.com\/actualites\/wp-content\/uploads\/2016\/03\/damien-pean.jpg\",\"caption\":\"Damien P\u00e9an\"},\"description\":\"Damien P\u00c9AN est titulaire du Dipl\u00f4me d'\u00e9tudes sup\u00e9rieures comptables et financi\u00e8res (DESCF). Il intervient depuis plusieurs ann\u00e9es aupr\u00e8s d'\u00e9tudiants en licence de comptabilit\u00e9 et de gestion, \u00e0 qui il enseigne le contr\u00f4le de gestion, la comptabilit\u00e9 approfondie, le management, la fiscalit\u00e9, le droit des soci\u00e9t\u00e9s et le droit du travail. Il intervient \u00e9galement en formation continue pour le compte de divers organismes de formation sur des th\u00e9matiques techniques en comptabilit\u00e9 et fiscalit\u00e9. Il forme aussi un public de non-initi\u00e9s aux fondamentaux de la finance.\",\"url\":\"https:\/\/www.gereso.com\/actualites\/author\/d-pean\/\"}]}<\/script>\n<!-- \/ Yoast SEO plugin. -->","yoast_head_json":{"title":"Budget 2017 : TVA d\u00e9ductible sur l'essence - Le Blog GERESO","robots":{"index":"index","follow":"follow","max-snippet":"max-snippet:-1","max-image-preview":"max-image-preview:large","max-video-preview":"max-video-preview:-1"},"canonical":"https:\/\/www.gereso.com\/actualites\/2016\/10\/28\/budget-2017-tva-deductible-sur-lessence\/","og_locale":"fr_FR","og_type":"article","og_title":"Budget 2017 : TVA d\u00e9ductible sur l'essence - Le Blog GERESO","og_description":"L&rsquo;un des derniers avantages fiscaux du diesel sur l&rsquo;essence va bient\u00f4t \u00eatre supprim\u00e9. Les d\u00e9put\u00e9s ont en effet vot\u00e9 un amendement au projet de loi de finances pour 2017 (PLF 2017) qui pr\u00e9voit un alignement sur 5 ans des r\u00e8gles relatives \u00e0 la d\u00e9duction de TVA de l&rsquo;achat d&rsquo;essence, sur celles du gazole. S\u00e9gol\u00e8ne Royale, [&hellip;]","og_url":"https:\/\/www.gereso.com\/actualites\/2016\/10\/28\/budget-2017-tva-deductible-sur-lessence\/","og_site_name":"Le Blog GERESO","article_published_time":"2016-10-28T14:12:01+00:00","author":"Damien P\u00e9an","twitter_card":"summary_large_image","schema":{"@context":"https:\/\/schema.org","@graph":[{"@type":"WebPage","@id":"https:\/\/www.gereso.com\/actualites\/2016\/10\/28\/budget-2017-tva-deductible-sur-lessence\/","url":"https:\/\/www.gereso.com\/actualites\/2016\/10\/28\/budget-2017-tva-deductible-sur-lessence\/","name":"Budget 2017 : TVA d\u00e9ductible sur l'essence - Le Blog GERESO","isPartOf":{"@id":"https:\/\/www.gereso.com\/actualites\/#website"},"datePublished":"2016-10-28T14:12:01+00:00","dateModified":"2016-10-28T14:12:01+00:00","author":{"@id":"https:\/\/www.gereso.com\/actualites\/#\/schema\/person\/c91814f92d627ed4715993fbbf7c7e8d"},"breadcrumb":{"@id":"https:\/\/www.gereso.com\/actualites\/2016\/10\/28\/budget-2017-tva-deductible-sur-lessence\/#breadcrumb"},"inLanguage":"fr-FR","potentialAction":[{"@type":"ReadAction","target":["https:\/\/www.gereso.com\/actualites\/2016\/10\/28\/budget-2017-tva-deductible-sur-lessence\/"]}]},{"@type":"BreadcrumbList","@id":"https:\/\/www.gereso.com\/actualites\/2016\/10\/28\/budget-2017-tva-deductible-sur-lessence\/#breadcrumb","itemListElement":[{"@type":"ListItem","position":1,"name":"Home","item":"https:\/\/www.gereso.com\/actualites\/"},{"@type":"ListItem","position":2,"name":"Budget 2017 : TVA d\u00e9ductible sur l&rsquo;essence"}]},{"@type":"WebSite","@id":"https:\/\/www.gereso.com\/actualites\/#website","url":"https:\/\/www.gereso.com\/actualites\/","name":"Le Blog GERESO","description":"Toute l&#039;actu RH, Finance, Fonction Publique, Management...","potentialAction":[{"@type":"SearchAction","target":{"@type":"EntryPoint","urlTemplate":"https:\/\/www.gereso.com\/actualites\/?s={search_term_string}"},"query-input":{"@type":"PropertyValueSpecification","valueRequired":true,"valueName":"search_term_string"}}],"inLanguage":"fr-FR"},{"@type":"Person","@id":"https:\/\/www.gereso.com\/actualites\/#\/schema\/person\/c91814f92d627ed4715993fbbf7c7e8d","name":"Damien P\u00e9an","image":{"@type":"ImageObject","inLanguage":"fr-FR","@id":"https:\/\/www.gereso.com\/actualites\/#\/schema\/person\/image\/","url":"https:\/\/www.gereso.com\/actualites\/wp-content\/uploads\/2016\/03\/damien-pean.jpg","contentUrl":"https:\/\/www.gereso.com\/actualites\/wp-content\/uploads\/2016\/03\/damien-pean.jpg","caption":"Damien P\u00e9an"},"description":"Damien P\u00c9AN est titulaire du Dipl\u00f4me d'\u00e9tudes sup\u00e9rieures comptables et financi\u00e8res (DESCF). Il intervient depuis plusieurs ann\u00e9es aupr\u00e8s d'\u00e9tudiants en licence de comptabilit\u00e9 et de gestion, \u00e0 qui il enseigne le contr\u00f4le de gestion, la comptabilit\u00e9 approfondie, le management, la fiscalit\u00e9, le droit des soci\u00e9t\u00e9s et le droit du travail. Il intervient \u00e9galement en formation continue pour le compte de divers organismes de formation sur des th\u00e9matiques techniques en comptabilit\u00e9 et fiscalit\u00e9. Il forme aussi un public de non-initi\u00e9s aux fondamentaux de la finance.","url":"https:\/\/www.gereso.com\/actualites\/author\/d-pean\/"}]}},"_links":{"self":[{"href":"https:\/\/www.gereso.com\/actualites\/wp-json\/wp\/v2\/posts\/7309","targetHints":{"allow":["GET"]}}],"collection":[{"href":"https:\/\/www.gereso.com\/actualites\/wp-json\/wp\/v2\/posts"}],"about":[{"href":"https:\/\/www.gereso.com\/actualites\/wp-json\/wp\/v2\/types\/post"}],"author":[{"embeddable":true,"href":"https:\/\/www.gereso.com\/actualites\/wp-json\/wp\/v2\/users\/45"}],"replies":[{"embeddable":true,"href":"https:\/\/www.gereso.com\/actualites\/wp-json\/wp\/v2\/comments?post=7309"}],"version-history":[{"count":2,"href":"https:\/\/www.gereso.com\/actualites\/wp-json\/wp\/v2\/posts\/7309\/revisions"}],"predecessor-version":[{"id":7311,"href":"https:\/\/www.gereso.com\/actualites\/wp-json\/wp\/v2\/posts\/7309\/revisions\/7311"}],"wp:attachment":[{"href":"https:\/\/www.gereso.com\/actualites\/wp-json\/wp\/v2\/media?parent=7309"}],"wp:term":[{"taxonomy":"category","embeddable":true,"href":"https:\/\/www.gereso.com\/actualites\/wp-json\/wp\/v2\/categories?post=7309"},{"taxonomy":"post_tag","embeddable":true,"href":"https:\/\/www.gereso.com\/actualites\/wp-json\/wp\/v2\/tags?post=7309"}],"curies":[{"name":"wp","href":"https:\/\/api.w.org\/{rel}","templated":true}]}}