{"id":7319,"date":"2016-11-03T15:25:50","date_gmt":"2016-11-03T13:25:50","guid":{"rendered":"https:\/\/www.gereso.com\/actualites\/?p=7319"},"modified":"2016-11-03T15:26:06","modified_gmt":"2016-11-03T13:26:06","slug":"telechargez-votre-catalogue-formations-2017","status":"publish","type":"post","link":"https:\/\/www.gereso.com\/actualites\/2016\/11\/03\/telechargez-votre-catalogue-formations-2017\/","title":{"rendered":"T\u00e9l\u00e9chargez votre catalogue Formations 2017"},"content":{"rendered":"<h2>T\u00e9l\u00e9chargez vos catalogues en version PDF<\/h2>\n<p><a href=\"https:\/\/www.gereso.com\/pdf\/2017\/telecharger-catalogue.php\"><i class=\"icon-download\"><\/i> Catalogue 2017 GERESO Formations Secteur Priv\u00e9<\/a><br \/>\n<a href=\"https:\/\/www.gereso.com\/pdf\/2017\/telecharger-catalogue-fp.php\"><i class=\"icon-download\"><\/i> Catalogue 2017 GERESO Formations Fonction Publique<\/a><\/p>\n<h2>De la gestion des sommes \u00e0 la gestion des hommes.<\/h2>\n<p>R\u00e9forme et digitalisation obligent, votre m\u00e9tier de Responsable Formation connait une v\u00e9ritable mutation.<\/p>\n<p>Entre gestion des talents, des comp\u00e9tences et des carri\u00e8res, relai de la strat\u00e9gie RH, business partner des managers, responsable p\u00e9dagogique 2.0 ou expert<br \/>\nSIRH\u2026 : vos missions s\u2019\u00e9toffent et se diversifient, \u00e0 tel point que votre fonction appara\u00eet d\u00e9sormais comme l\u2019une des plus strat\u00e9giques de l\u2019entreprise.<\/p>\n<p>Mais si vos missions sont plus vari\u00e9es que jamais, vos objectifs se r\u00e9sument en quelques mots : rendre l\u2019entreprise plus talentueuse et contribuer ainsi<br \/>\npleinement \u00e0 la cr\u00e9ation de valeur ajout\u00e9e.<\/p>\n<p>Pour cela, une seule voie : passer d\u2019une logique de co\u00fbt \u00e0 une logique d\u2019investissement dans le capital humain de votre entreprise. En d\u2019autres termes, d\u00e9velopper une v\u00e9ritable strat\u00e9gie de d\u00e9veloppement des comp\u00e9tences sur le long terme en lieu et place d\u2019une gestion budg\u00e9taire \u00e0 court terme.<\/p>\n<p>Vos atouts pour r\u00e9ussir : une bonne connaissance de la r\u00e9forme pour en percevoir tous les impacts et toutes les opportunit\u00e9s, des outils d\u2019\u00e9valuation pertinents,<br \/>\nqui permettent de mesurer objectivement les r\u00e9sultats des formations, et un dialogue permanent avec les dirigeants et les managers op\u00e9rationnels, pour anticiper<br \/>\nles mutations des m\u00e9tiers et des comp\u00e9tences dans l\u2019entreprise.<\/p>\n<p>Vos d\u00e9fis sont l\u00e0, vos perspectives sont stimulantes, et nous sommes \u00e0 vos c\u00f4t\u00e9s pour vous accompagner !<\/p>\n<p>Bonne lecture<\/p>\n","protected":false},"excerpt":{"rendered":"<p>T\u00e9l\u00e9chargez vos catalogues en version PDF Catalogue 2017 GERESO Formations Secteur Priv\u00e9 Catalogue 2017 GERESO Formations Fonction Publique De la gestion des sommes \u00e0 la gestion des hommes. R\u00e9forme et digitalisation obligent, votre m\u00e9tier de Responsable Formation connait une v\u00e9ritable mutation. Entre gestion des talents, des comp\u00e9tences et des carri\u00e8res, relai de la strat\u00e9gie RH, [&hellip;]<\/p>\n","protected":false},"author":38,"featured_media":7320,"comment_status":"open","ping_status":"open","sticky":false,"template":"","format":"standard","meta":{"_acf_changed":false,"_mi_skip_tracking":false,"footnotes":""},"categories":[12],"tags":[550,47],"class_list":["post-7319","post","type-post","status-publish","format-standard","has-post-thumbnail","hentry","category-actualites","tag-catalogue","tag-formation-rh"],"acf":[],"yoast_head":"<!-- This site is optimized with the Yoast SEO plugin v23.4 - https:\/\/yoast.com\/wordpress\/plugins\/seo\/ -->\n<title>T\u00e9l\u00e9chargez votre catalogue Formations 2017 - Le Blog GERESO<\/title>\n<meta name=\"robots\" content=\"index, follow, max-snippet:-1, max-image-preview:large, max-video-preview:-1\" \/>\n<link rel=\"canonical\" href=\"https:\/\/www.gereso.com\/actualites\/2016\/11\/03\/telechargez-votre-catalogue-formations-2017\/\" \/>\n<meta property=\"og:locale\" content=\"fr_FR\" \/>\n<meta property=\"og:type\" content=\"article\" \/>\n<meta property=\"og:title\" content=\"T\u00e9l\u00e9chargez votre catalogue Formations 2017 - Le Blog GERESO\" \/>\n<meta property=\"og:description\" content=\"T\u00e9l\u00e9chargez vos catalogues en version PDF Catalogue 2017 GERESO Formations Secteur Priv\u00e9 Catalogue 2017 GERESO Formations Fonction Publique De la gestion des sommes \u00e0 la gestion des hommes. R\u00e9forme et digitalisation obligent, votre m\u00e9tier de Responsable Formation connait une v\u00e9ritable mutation. Entre gestion des talents, des comp\u00e9tences et des carri\u00e8res, relai de la strat\u00e9gie RH, [&hellip;]\" \/>\n<meta property=\"og:url\" content=\"https:\/\/www.gereso.com\/actualites\/2016\/11\/03\/telechargez-votre-catalogue-formations-2017\/\" \/>\n<meta property=\"og:site_name\" content=\"Le Blog GERESO\" \/>\n<meta property=\"article:published_time\" content=\"2016-11-03T13:25:50+00:00\" \/>\n<meta property=\"article:modified_time\" content=\"2016-11-03T13:26:06+00:00\" \/>\n<meta property=\"og:image\" content=\"https:\/\/www.gereso.com\/actualites\/wp-content\/uploads\/2016\/11\/catalogue-formations-2017.png\" \/>\n\t<meta property=\"og:image:width\" content=\"600\" \/>\n\t<meta property=\"og:image:height\" content=\"496\" \/>\n\t<meta property=\"og:image:type\" content=\"image\/png\" \/>\n<meta name=\"author\" content=\"Vincent Chevillot\" \/>\n<meta name=\"twitter:card\" content=\"summary_large_image\" \/>\n<script type=\"application\/ld+json\" class=\"yoast-schema-graph\">{\"@context\":\"https:\/\/schema.org\",\"@graph\":[{\"@type\":\"WebPage\",\"@id\":\"https:\/\/www.gereso.com\/actualites\/2016\/11\/03\/telechargez-votre-catalogue-formations-2017\/\",\"url\":\"https:\/\/www.gereso.com\/actualites\/2016\/11\/03\/telechargez-votre-catalogue-formations-2017\/\",\"name\":\"T\u00e9l\u00e9chargez votre catalogue Formations 2017 - Le Blog GERESO\",\"isPartOf\":{\"@id\":\"https:\/\/www.gereso.com\/actualites\/#website\"},\"primaryImageOfPage\":{\"@id\":\"https:\/\/www.gereso.com\/actualites\/2016\/11\/03\/telechargez-votre-catalogue-formations-2017\/#primaryimage\"},\"image\":{\"@id\":\"https:\/\/www.gereso.com\/actualites\/2016\/11\/03\/telechargez-votre-catalogue-formations-2017\/#primaryimage\"},\"thumbnailUrl\":\"https:\/\/www.gereso.com\/actualites\/wp-content\/uploads\/2016\/11\/catalogue-formations-2017.png\",\"datePublished\":\"2016-11-03T13:25:50+00:00\",\"dateModified\":\"2016-11-03T13:26:06+00:00\",\"author\":{\"@id\":\"https:\/\/www.gereso.com\/actualites\/#\/schema\/person\/182b6e539a13bb66e4f41d1d8ea21011\"},\"breadcrumb\":{\"@id\":\"https:\/\/www.gereso.com\/actualites\/2016\/11\/03\/telechargez-votre-catalogue-formations-2017\/#breadcrumb\"},\"inLanguage\":\"fr-FR\",\"potentialAction\":[{\"@type\":\"ReadAction\",\"target\":[\"https:\/\/www.gereso.com\/actualites\/2016\/11\/03\/telechargez-votre-catalogue-formations-2017\/\"]}]},{\"@type\":\"ImageObject\",\"inLanguage\":\"fr-FR\",\"@id\":\"https:\/\/www.gereso.com\/actualites\/2016\/11\/03\/telechargez-votre-catalogue-formations-2017\/#primaryimage\",\"url\":\"https:\/\/www.gereso.com\/actualites\/wp-content\/uploads\/2016\/11\/catalogue-formations-2017.png\",\"contentUrl\":\"https:\/\/www.gereso.com\/actualites\/wp-content\/uploads\/2016\/11\/catalogue-formations-2017.png\",\"width\":600,\"height\":496,\"caption\":\"T\u00e9l\u00e9chargement du catalogue GERESO Formations 2017\"},{\"@type\":\"BreadcrumbList\",\"@id\":\"https:\/\/www.gereso.com\/actualites\/2016\/11\/03\/telechargez-votre-catalogue-formations-2017\/#breadcrumb\",\"itemListElement\":[{\"@type\":\"ListItem\",\"position\":1,\"name\":\"Home\",\"item\":\"https:\/\/www.gereso.com\/actualites\/\"},{\"@type\":\"ListItem\",\"position\":2,\"name\":\"T\u00e9l\u00e9chargez votre catalogue Formations 2017\"}]},{\"@type\":\"WebSite\",\"@id\":\"https:\/\/www.gereso.com\/actualites\/#website\",\"url\":\"https:\/\/www.gereso.com\/actualites\/\",\"name\":\"Le Blog GERESO\",\"description\":\"Toute l&#039;actu RH, Finance, Fonction Publique, Management...\",\"potentialAction\":[{\"@type\":\"SearchAction\",\"target\":{\"@type\":\"EntryPoint\",\"urlTemplate\":\"https:\/\/www.gereso.com\/actualites\/?s={search_term_string}\"},\"query-input\":{\"@type\":\"PropertyValueSpecification\",\"valueRequired\":true,\"valueName\":\"search_term_string\"}}],\"inLanguage\":\"fr-FR\"},{\"@type\":\"Person\",\"@id\":\"https:\/\/www.gereso.com\/actualites\/#\/schema\/person\/182b6e539a13bb66e4f41d1d8ea21011\",\"name\":\"Vincent Chevillot\",\"image\":{\"@type\":\"ImageObject\",\"inLanguage\":\"fr-FR\",\"@id\":\"https:\/\/www.gereso.com\/actualites\/#\/schema\/person\/image\/\",\"url\":\"https:\/\/www.gereso.com\/actualites\/wp-content\/uploads\/2017\/05\/VincentChevillot_144x144.jpg\",\"contentUrl\":\"https:\/\/www.gereso.com\/actualites\/wp-content\/uploads\/2017\/05\/VincentChevillot_144x144.jpg\",\"caption\":\"Vincent Chevillot\"},\"description\":\"Directeur du d\u00e9veloppement des activit\u00e9s Formation et Conseil chez GERESO. \u00c9galement membre du Groupement des Acteurs et Responsables de Formation (GARF), il suit avec int\u00e9r\u00eat les \u00e9volutions de la r\u00e9glementation et des pratiques en mati\u00e8re de formation professionnelle continue.\",\"url\":\"https:\/\/www.gereso.com\/actualites\/author\/v-chevillot\/\"}]}<\/script>\n<!-- \/ Yoast SEO plugin. -->","yoast_head_json":{"title":"T\u00e9l\u00e9chargez votre catalogue Formations 2017 - Le Blog GERESO","robots":{"index":"index","follow":"follow","max-snippet":"max-snippet:-1","max-image-preview":"max-image-preview:large","max-video-preview":"max-video-preview:-1"},"canonical":"https:\/\/www.gereso.com\/actualites\/2016\/11\/03\/telechargez-votre-catalogue-formations-2017\/","og_locale":"fr_FR","og_type":"article","og_title":"T\u00e9l\u00e9chargez votre catalogue Formations 2017 - Le Blog GERESO","og_description":"T\u00e9l\u00e9chargez vos catalogues en version PDF Catalogue 2017 GERESO Formations Secteur Priv\u00e9 Catalogue 2017 GERESO Formations Fonction Publique De la gestion des sommes \u00e0 la gestion des hommes. R\u00e9forme et digitalisation obligent, votre m\u00e9tier de Responsable Formation connait une v\u00e9ritable mutation. Entre gestion des talents, des comp\u00e9tences et des carri\u00e8res, relai de la strat\u00e9gie RH, [&hellip;]","og_url":"https:\/\/www.gereso.com\/actualites\/2016\/11\/03\/telechargez-votre-catalogue-formations-2017\/","og_site_name":"Le Blog GERESO","article_published_time":"2016-11-03T13:25:50+00:00","article_modified_time":"2016-11-03T13:26:06+00:00","og_image":[{"width":600,"height":496,"url":"https:\/\/www.gereso.com\/actualites\/wp-content\/uploads\/2016\/11\/catalogue-formations-2017.png","type":"image\/png"}],"author":"Vincent Chevillot","twitter_card":"summary_large_image","schema":{"@context":"https:\/\/schema.org","@graph":[{"@type":"WebPage","@id":"https:\/\/www.gereso.com\/actualites\/2016\/11\/03\/telechargez-votre-catalogue-formations-2017\/","url":"https:\/\/www.gereso.com\/actualites\/2016\/11\/03\/telechargez-votre-catalogue-formations-2017\/","name":"T\u00e9l\u00e9chargez votre catalogue Formations 2017 - Le Blog GERESO","isPartOf":{"@id":"https:\/\/www.gereso.com\/actualites\/#website"},"primaryImageOfPage":{"@id":"https:\/\/www.gereso.com\/actualites\/2016\/11\/03\/telechargez-votre-catalogue-formations-2017\/#primaryimage"},"image":{"@id":"https:\/\/www.gereso.com\/actualites\/2016\/11\/03\/telechargez-votre-catalogue-formations-2017\/#primaryimage"},"thumbnailUrl":"https:\/\/www.gereso.com\/actualites\/wp-content\/uploads\/2016\/11\/catalogue-formations-2017.png","datePublished":"2016-11-03T13:25:50+00:00","dateModified":"2016-11-03T13:26:06+00:00","author":{"@id":"https:\/\/www.gereso.com\/actualites\/#\/schema\/person\/182b6e539a13bb66e4f41d1d8ea21011"},"breadcrumb":{"@id":"https:\/\/www.gereso.com\/actualites\/2016\/11\/03\/telechargez-votre-catalogue-formations-2017\/#breadcrumb"},"inLanguage":"fr-FR","potentialAction":[{"@type":"ReadAction","target":["https:\/\/www.gereso.com\/actualites\/2016\/11\/03\/telechargez-votre-catalogue-formations-2017\/"]}]},{"@type":"ImageObject","inLanguage":"fr-FR","@id":"https:\/\/www.gereso.com\/actualites\/2016\/11\/03\/telechargez-votre-catalogue-formations-2017\/#primaryimage","url":"https:\/\/www.gereso.com\/actualites\/wp-content\/uploads\/2016\/11\/catalogue-formations-2017.png","contentUrl":"https:\/\/www.gereso.com\/actualites\/wp-content\/uploads\/2016\/11\/catalogue-formations-2017.png","width":600,"height":496,"caption":"T\u00e9l\u00e9chargement du catalogue GERESO Formations 2017"},{"@type":"BreadcrumbList","@id":"https:\/\/www.gereso.com\/actualites\/2016\/11\/03\/telechargez-votre-catalogue-formations-2017\/#breadcrumb","itemListElement":[{"@type":"ListItem","position":1,"name":"Home","item":"https:\/\/www.gereso.com\/actualites\/"},{"@type":"ListItem","position":2,"name":"T\u00e9l\u00e9chargez votre catalogue Formations 2017"}]},{"@type":"WebSite","@id":"https:\/\/www.gereso.com\/actualites\/#website","url":"https:\/\/www.gereso.com\/actualites\/","name":"Le Blog GERESO","description":"Toute l&#039;actu RH, Finance, Fonction Publique, Management...","potentialAction":[{"@type":"SearchAction","target":{"@type":"EntryPoint","urlTemplate":"https:\/\/www.gereso.com\/actualites\/?s={search_term_string}"},"query-input":{"@type":"PropertyValueSpecification","valueRequired":true,"valueName":"search_term_string"}}],"inLanguage":"fr-FR"},{"@type":"Person","@id":"https:\/\/www.gereso.com\/actualites\/#\/schema\/person\/182b6e539a13bb66e4f41d1d8ea21011","name":"Vincent Chevillot","image":{"@type":"ImageObject","inLanguage":"fr-FR","@id":"https:\/\/www.gereso.com\/actualites\/#\/schema\/person\/image\/","url":"https:\/\/www.gereso.com\/actualites\/wp-content\/uploads\/2017\/05\/VincentChevillot_144x144.jpg","contentUrl":"https:\/\/www.gereso.com\/actualites\/wp-content\/uploads\/2017\/05\/VincentChevillot_144x144.jpg","caption":"Vincent Chevillot"},"description":"Directeur du d\u00e9veloppement des activit\u00e9s Formation et Conseil chez GERESO. \u00c9galement membre du Groupement des Acteurs et Responsables de Formation (GARF), il suit avec int\u00e9r\u00eat les \u00e9volutions de la r\u00e9glementation et des pratiques en mati\u00e8re de formation professionnelle continue.","url":"https:\/\/www.gereso.com\/actualites\/author\/v-chevillot\/"}]}},"_links":{"self":[{"href":"https:\/\/www.gereso.com\/actualites\/wp-json\/wp\/v2\/posts\/7319","targetHints":{"allow":["GET"]}}],"collection":[{"href":"https:\/\/www.gereso.com\/actualites\/wp-json\/wp\/v2\/posts"}],"about":[{"href":"https:\/\/www.gereso.com\/actualites\/wp-json\/wp\/v2\/types\/post"}],"author":[{"embeddable":true,"href":"https:\/\/www.gereso.com\/actualites\/wp-json\/wp\/v2\/users\/38"}],"replies":[{"embeddable":true,"href":"https:\/\/www.gereso.com\/actualites\/wp-json\/wp\/v2\/comments?post=7319"}],"version-history":[{"count":6,"href":"https:\/\/www.gereso.com\/actualites\/wp-json\/wp\/v2\/posts\/7319\/revisions"}],"predecessor-version":[{"id":7326,"href":"https:\/\/www.gereso.com\/actualites\/wp-json\/wp\/v2\/posts\/7319\/revisions\/7326"}],"wp:featuredmedia":[{"embeddable":true,"href":"https:\/\/www.gereso.com\/actualites\/wp-json\/wp\/v2\/media\/7320"}],"wp:attachment":[{"href":"https:\/\/www.gereso.com\/actualites\/wp-json\/wp\/v2\/media?parent=7319"}],"wp:term":[{"taxonomy":"category","embeddable":true,"href":"https:\/\/www.gereso.com\/actualites\/wp-json\/wp\/v2\/categories?post=7319"},{"taxonomy":"post_tag","embeddable":true,"href":"https:\/\/www.gereso.com\/actualites\/wp-json\/wp\/v2\/tags?post=7319"}],"curies":[{"name":"wp","href":"https:\/\/api.w.org\/{rel}","templated":true}]}}