{"id":7395,"date":"2016-11-22T00:13:50","date_gmt":"2016-11-21T22:13:50","guid":{"rendered":"https:\/\/www.gereso.com\/actualites\/?p=7395"},"modified":"2016-11-22T00:14:08","modified_gmt":"2016-11-21T22:14:08","slug":"presentation-plfr-2016","status":"publish","type":"post","link":"https:\/\/www.gereso.com\/actualites\/2016\/11\/22\/presentation-plfr-2016\/","title":{"rendered":"Pr\u00e9sentation du PLFR 2016"},"content":{"rendered":"<p>Le Gouvernement a divulgu\u00e9 ce vendredi 18 novembre, le d\u00e9tail du projet de loi de finances rectificative pour 2016 (PLFR 2016). Les principales mesures sont r\u00e9parties en 3 grandes cat\u00e9gories :<\/p>\n<p><strong>1) La lutte contre la fraude et l&rsquo;optimisation fiscale :<\/strong><\/p>\n<ul>\n<li>Clarification de la notion de <strong>bien professionnel<\/strong> afin de limiter les abus \u00e0 ce sujet (cette qualification entra\u00eene l&rsquo;exon\u00e9ration de <strong>l&rsquo;imp\u00f4t de solidarit\u00e9 sur la fortune)<\/strong><\/li>\n<li>Renforcement des p\u00e9nalit\u00e9s applicables en cas de non-d\u00e9claration d\u2019un compte \u00e0 l\u2019\u00e9tranger<\/li>\n<li>Modernisation des proc\u00e9dures de contr\u00f4le fiscal et nouvelles modalit\u00e9s de contr\u00f4le sur place pour la TVA et les re\u00e7us fiscaux pour dons.<\/li>\n<\/ul>\n<p><strong>2) Mise en conformit\u00e9 de la l\u00e9gislation avec de r\u00e9centes d\u00e9cisions constitutionnelles et communautaires :<\/strong><\/p>\n<ul>\n<li>Extension de l\u2019exon\u00e9ration de la <strong>contribution additionnelle \u00e0 l&rsquo;imp\u00f4t sur les soci\u00e9t\u00e9s<\/strong> (taxe sur les dividendes) dont b\u00e9n\u00e9ficient les soci\u00e9t\u00e9s int\u00e9gr\u00e9es fiscalement, aux filiales d\u00e9tenues \u00e0 95% par des groupes \u00e9trangers (cette diff\u00e9rence de traitement avait fait l&rsquo;objet d&rsquo;une censure par le Conseil constitutionnel).<\/li>\n<li>Extension du r\u00e9gime m\u00e8re et filiale aux titres sans droit de vote (la condition de d\u00e9tention d&rsquo;au moins 5% de titres avec ou sans droit de vote reste applicable).<\/li>\n<li>Ces surco\u00fbts budg\u00e9taires sont notamment financ\u00e9s par l&rsquo;instauration d&rsquo;un <strong>acompte<\/strong> de contribution sociale de solidarit\u00e9 (<strong>C3S<\/strong>, ex-Organic) \u00e0 verser au 15 d\u00e9cembre de chaque ann\u00e9e par les soci\u00e9t\u00e9s dont le chiffre d&rsquo;affaires exc\u00e8de 1 milliard \u20ac.<\/li>\n<\/ul>\n<p><strong>3)<\/strong> <strong>Soutien \u00e0 l&rsquo;activit\u00e9 \u00e9conomique et \u00e0 la performance environnementale<\/strong> avec notamment la cr\u00e9ation du CPI (compte PME innovation).<\/p>\n<p>Le CPI est la mesure phare de ce budget rectificatif. Il permettra aux entrepreneurs qui ont vendu les titres de leur soci\u00e9t\u00e9 de b\u00e9n\u00e9ficier <strong>d&rsquo;un report d&rsquo;imposition des plus-values \u00e0 l&rsquo;imp\u00f4t sur le revenu<\/strong> \u00e0 condition de r\u00e9investir le produit de cette vente dans des <strong>PME<\/strong> de moins de 7 ans ou des entreprises innovantes de moins de 10 ans.<\/p>\n<p>L&rsquo;objectif du dispositif est de favoriser les investissements des \u00ab\u00a0<strong>business angels<\/strong>\u00ab\u00a0, qui sont deux fois moins \u00e9lev\u00e9s en France que dans le Royaume-Uni. Le report de l&rsquo;imposition \u00e0 l&rsquo;IR demeure sans d\u00e9lai jusqu&rsquo;\u00e0 la sortie du CPI c&rsquo;est-\u00e0-dire en cas de non-r\u00e9investissement du produit de la vente dans une PME \u00e9ligible. Les plus-values et moins-values sont compens\u00e9es dans le CPI. En revanche, un accompagnement de la PME par le titulaire du compte est n\u00e9cessaire pour profiter de l&rsquo;avantage fiscal. Il suffit notamment \u00e0 l&rsquo;investisseur d&rsquo;int\u00e9grer le conseil d&rsquo;administration ou de surveillance de la PME.<\/p>\n","protected":false},"excerpt":{"rendered":"<p>Le Gouvernement a divulgu\u00e9 ce vendredi 18 novembre, le d\u00e9tail du projet de loi de finances rectificative pour 2016 (PLFR 2016). Les principales mesures sont r\u00e9parties en 3 grandes cat\u00e9gories : 1) La lutte contre la fraude et l&rsquo;optimisation fiscale : Clarification de la notion de bien professionnel afin de limiter les abus \u00e0 ce [&hellip;]<\/p>\n","protected":false},"author":45,"featured_media":0,"comment_status":"open","ping_status":"open","sticky":false,"template":"","format":"quote","meta":{"_acf_changed":false,"_mi_skip_tracking":false,"footnotes":""},"categories":[12,3],"tags":[1053],"class_list":["post-7395","post","type-post","status-publish","format-quote","hentry","category-actualites","category-comptabilite-fiscalite-et-gestion-financiere","tag-actualite-fiscale","post_format-post-format-quote"],"acf":[],"yoast_head":"<!-- This site is optimized with the Yoast SEO plugin v23.4 - https:\/\/yoast.com\/wordpress\/plugins\/seo\/ -->\n<title>Pr\u00e9sentation du PLFR 2016 - Le Blog GERESO<\/title>\n<meta name=\"robots\" content=\"index, follow, max-snippet:-1, max-image-preview:large, max-video-preview:-1\" \/>\n<link rel=\"canonical\" href=\"https:\/\/www.gereso.com\/actualites\/2016\/11\/22\/presentation-plfr-2016\/\" \/>\n<meta property=\"og:locale\" content=\"fr_FR\" \/>\n<meta property=\"og:type\" content=\"article\" \/>\n<meta property=\"og:title\" content=\"Pr\u00e9sentation du PLFR 2016 - Le Blog GERESO\" \/>\n<meta property=\"og:description\" content=\"Le Gouvernement a divulgu\u00e9 ce vendredi 18 novembre, le d\u00e9tail du projet de loi de finances rectificative pour 2016 (PLFR 2016). Les principales mesures sont r\u00e9parties en 3 grandes cat\u00e9gories : 1) La lutte contre la fraude et l&rsquo;optimisation fiscale : Clarification de la notion de bien professionnel afin de limiter les abus \u00e0 ce [&hellip;]\" \/>\n<meta property=\"og:url\" content=\"https:\/\/www.gereso.com\/actualites\/2016\/11\/22\/presentation-plfr-2016\/\" \/>\n<meta property=\"og:site_name\" content=\"Le Blog GERESO\" \/>\n<meta property=\"article:published_time\" content=\"2016-11-21T22:13:50+00:00\" \/>\n<meta property=\"article:modified_time\" content=\"2016-11-21T22:14:08+00:00\" \/>\n<meta name=\"author\" content=\"Damien P\u00e9an\" \/>\n<meta name=\"twitter:card\" content=\"summary_large_image\" \/>\n<script type=\"application\/ld+json\" class=\"yoast-schema-graph\">{\"@context\":\"https:\/\/schema.org\",\"@graph\":[{\"@type\":\"WebPage\",\"@id\":\"https:\/\/www.gereso.com\/actualites\/2016\/11\/22\/presentation-plfr-2016\/\",\"url\":\"https:\/\/www.gereso.com\/actualites\/2016\/11\/22\/presentation-plfr-2016\/\",\"name\":\"Pr\u00e9sentation du PLFR 2016 - Le Blog GERESO\",\"isPartOf\":{\"@id\":\"https:\/\/www.gereso.com\/actualites\/#website\"},\"datePublished\":\"2016-11-21T22:13:50+00:00\",\"dateModified\":\"2016-11-21T22:14:08+00:00\",\"author\":{\"@id\":\"https:\/\/www.gereso.com\/actualites\/#\/schema\/person\/c91814f92d627ed4715993fbbf7c7e8d\"},\"breadcrumb\":{\"@id\":\"https:\/\/www.gereso.com\/actualites\/2016\/11\/22\/presentation-plfr-2016\/#breadcrumb\"},\"inLanguage\":\"fr-FR\",\"potentialAction\":[{\"@type\":\"ReadAction\",\"target\":[\"https:\/\/www.gereso.com\/actualites\/2016\/11\/22\/presentation-plfr-2016\/\"]}]},{\"@type\":\"BreadcrumbList\",\"@id\":\"https:\/\/www.gereso.com\/actualites\/2016\/11\/22\/presentation-plfr-2016\/#breadcrumb\",\"itemListElement\":[{\"@type\":\"ListItem\",\"position\":1,\"name\":\"Home\",\"item\":\"https:\/\/www.gereso.com\/actualites\/\"},{\"@type\":\"ListItem\",\"position\":2,\"name\":\"Pr\u00e9sentation du PLFR 2016\"}]},{\"@type\":\"WebSite\",\"@id\":\"https:\/\/www.gereso.com\/actualites\/#website\",\"url\":\"https:\/\/www.gereso.com\/actualites\/\",\"name\":\"Le Blog GERESO\",\"description\":\"Toute l&#039;actu RH, Finance, Fonction Publique, Management...\",\"potentialAction\":[{\"@type\":\"SearchAction\",\"target\":{\"@type\":\"EntryPoint\",\"urlTemplate\":\"https:\/\/www.gereso.com\/actualites\/?s={search_term_string}\"},\"query-input\":{\"@type\":\"PropertyValueSpecification\",\"valueRequired\":true,\"valueName\":\"search_term_string\"}}],\"inLanguage\":\"fr-FR\"},{\"@type\":\"Person\",\"@id\":\"https:\/\/www.gereso.com\/actualites\/#\/schema\/person\/c91814f92d627ed4715993fbbf7c7e8d\",\"name\":\"Damien P\u00e9an\",\"image\":{\"@type\":\"ImageObject\",\"inLanguage\":\"fr-FR\",\"@id\":\"https:\/\/www.gereso.com\/actualites\/#\/schema\/person\/image\/\",\"url\":\"https:\/\/www.gereso.com\/actualites\/wp-content\/uploads\/2016\/03\/damien-pean.jpg\",\"contentUrl\":\"https:\/\/www.gereso.com\/actualites\/wp-content\/uploads\/2016\/03\/damien-pean.jpg\",\"caption\":\"Damien P\u00e9an\"},\"description\":\"Damien P\u00c9AN est titulaire du Dipl\u00f4me d'\u00e9tudes sup\u00e9rieures comptables et financi\u00e8res (DESCF). Il intervient depuis plusieurs ann\u00e9es aupr\u00e8s d'\u00e9tudiants en licence de comptabilit\u00e9 et de gestion, \u00e0 qui il enseigne le contr\u00f4le de gestion, la comptabilit\u00e9 approfondie, le management, la fiscalit\u00e9, le droit des soci\u00e9t\u00e9s et le droit du travail. Il intervient \u00e9galement en formation continue pour le compte de divers organismes de formation sur des th\u00e9matiques techniques en comptabilit\u00e9 et fiscalit\u00e9. Il forme aussi un public de non-initi\u00e9s aux fondamentaux de la finance.\",\"url\":\"https:\/\/www.gereso.com\/actualites\/author\/d-pean\/\"}]}<\/script>\n<!-- \/ Yoast SEO plugin. -->","yoast_head_json":{"title":"Pr\u00e9sentation du PLFR 2016 - Le Blog GERESO","robots":{"index":"index","follow":"follow","max-snippet":"max-snippet:-1","max-image-preview":"max-image-preview:large","max-video-preview":"max-video-preview:-1"},"canonical":"https:\/\/www.gereso.com\/actualites\/2016\/11\/22\/presentation-plfr-2016\/","og_locale":"fr_FR","og_type":"article","og_title":"Pr\u00e9sentation du PLFR 2016 - Le Blog GERESO","og_description":"Le Gouvernement a divulgu\u00e9 ce vendredi 18 novembre, le d\u00e9tail du projet de loi de finances rectificative pour 2016 (PLFR 2016). Les principales mesures sont r\u00e9parties en 3 grandes cat\u00e9gories : 1) La lutte contre la fraude et l&rsquo;optimisation fiscale : Clarification de la notion de bien professionnel afin de limiter les abus \u00e0 ce [&hellip;]","og_url":"https:\/\/www.gereso.com\/actualites\/2016\/11\/22\/presentation-plfr-2016\/","og_site_name":"Le Blog GERESO","article_published_time":"2016-11-21T22:13:50+00:00","article_modified_time":"2016-11-21T22:14:08+00:00","author":"Damien P\u00e9an","twitter_card":"summary_large_image","schema":{"@context":"https:\/\/schema.org","@graph":[{"@type":"WebPage","@id":"https:\/\/www.gereso.com\/actualites\/2016\/11\/22\/presentation-plfr-2016\/","url":"https:\/\/www.gereso.com\/actualites\/2016\/11\/22\/presentation-plfr-2016\/","name":"Pr\u00e9sentation du PLFR 2016 - Le Blog GERESO","isPartOf":{"@id":"https:\/\/www.gereso.com\/actualites\/#website"},"datePublished":"2016-11-21T22:13:50+00:00","dateModified":"2016-11-21T22:14:08+00:00","author":{"@id":"https:\/\/www.gereso.com\/actualites\/#\/schema\/person\/c91814f92d627ed4715993fbbf7c7e8d"},"breadcrumb":{"@id":"https:\/\/www.gereso.com\/actualites\/2016\/11\/22\/presentation-plfr-2016\/#breadcrumb"},"inLanguage":"fr-FR","potentialAction":[{"@type":"ReadAction","target":["https:\/\/www.gereso.com\/actualites\/2016\/11\/22\/presentation-plfr-2016\/"]}]},{"@type":"BreadcrumbList","@id":"https:\/\/www.gereso.com\/actualites\/2016\/11\/22\/presentation-plfr-2016\/#breadcrumb","itemListElement":[{"@type":"ListItem","position":1,"name":"Home","item":"https:\/\/www.gereso.com\/actualites\/"},{"@type":"ListItem","position":2,"name":"Pr\u00e9sentation du PLFR 2016"}]},{"@type":"WebSite","@id":"https:\/\/www.gereso.com\/actualites\/#website","url":"https:\/\/www.gereso.com\/actualites\/","name":"Le Blog GERESO","description":"Toute l&#039;actu RH, Finance, Fonction Publique, Management...","potentialAction":[{"@type":"SearchAction","target":{"@type":"EntryPoint","urlTemplate":"https:\/\/www.gereso.com\/actualites\/?s={search_term_string}"},"query-input":{"@type":"PropertyValueSpecification","valueRequired":true,"valueName":"search_term_string"}}],"inLanguage":"fr-FR"},{"@type":"Person","@id":"https:\/\/www.gereso.com\/actualites\/#\/schema\/person\/c91814f92d627ed4715993fbbf7c7e8d","name":"Damien P\u00e9an","image":{"@type":"ImageObject","inLanguage":"fr-FR","@id":"https:\/\/www.gereso.com\/actualites\/#\/schema\/person\/image\/","url":"https:\/\/www.gereso.com\/actualites\/wp-content\/uploads\/2016\/03\/damien-pean.jpg","contentUrl":"https:\/\/www.gereso.com\/actualites\/wp-content\/uploads\/2016\/03\/damien-pean.jpg","caption":"Damien P\u00e9an"},"description":"Damien P\u00c9AN est titulaire du Dipl\u00f4me d'\u00e9tudes sup\u00e9rieures comptables et financi\u00e8res (DESCF). Il intervient depuis plusieurs ann\u00e9es aupr\u00e8s d'\u00e9tudiants en licence de comptabilit\u00e9 et de gestion, \u00e0 qui il enseigne le contr\u00f4le de gestion, la comptabilit\u00e9 approfondie, le management, la fiscalit\u00e9, le droit des soci\u00e9t\u00e9s et le droit du travail. Il intervient \u00e9galement en formation continue pour le compte de divers organismes de formation sur des th\u00e9matiques techniques en comptabilit\u00e9 et fiscalit\u00e9. Il forme aussi un public de non-initi\u00e9s aux fondamentaux de la finance.","url":"https:\/\/www.gereso.com\/actualites\/author\/d-pean\/"}]}},"_links":{"self":[{"href":"https:\/\/www.gereso.com\/actualites\/wp-json\/wp\/v2\/posts\/7395","targetHints":{"allow":["GET"]}}],"collection":[{"href":"https:\/\/www.gereso.com\/actualites\/wp-json\/wp\/v2\/posts"}],"about":[{"href":"https:\/\/www.gereso.com\/actualites\/wp-json\/wp\/v2\/types\/post"}],"author":[{"embeddable":true,"href":"https:\/\/www.gereso.com\/actualites\/wp-json\/wp\/v2\/users\/45"}],"replies":[{"embeddable":true,"href":"https:\/\/www.gereso.com\/actualites\/wp-json\/wp\/v2\/comments?post=7395"}],"version-history":[{"count":1,"href":"https:\/\/www.gereso.com\/actualites\/wp-json\/wp\/v2\/posts\/7395\/revisions"}],"predecessor-version":[{"id":7396,"href":"https:\/\/www.gereso.com\/actualites\/wp-json\/wp\/v2\/posts\/7395\/revisions\/7396"}],"wp:attachment":[{"href":"https:\/\/www.gereso.com\/actualites\/wp-json\/wp\/v2\/media?parent=7395"}],"wp:term":[{"taxonomy":"category","embeddable":true,"href":"https:\/\/www.gereso.com\/actualites\/wp-json\/wp\/v2\/categories?post=7395"},{"taxonomy":"post_tag","embeddable":true,"href":"https:\/\/www.gereso.com\/actualites\/wp-json\/wp\/v2\/tags?post=7395"}],"curies":[{"name":"wp","href":"https:\/\/api.w.org\/{rel}","templated":true}]}}