{"id":7424,"date":"2016-12-01T14:14:51","date_gmt":"2016-12-01T12:14:51","guid":{"rendered":"https:\/\/www.gereso.com\/actualites\/?p=7424"},"modified":"2016-12-01T14:14:51","modified_gmt":"2016-12-01T12:14:51","slug":"plfr-2016-amendements-imposition-des-revenus-sur-internet","status":"publish","type":"post","link":"https:\/\/www.gereso.com\/actualites\/2016\/12\/01\/plfr-2016-amendements-imposition-des-revenus-sur-internet\/","title":{"rendered":"PLFR 2016 : amendements sur l&rsquo;imposition des revenus sur Internet"},"content":{"rendered":"<p>Ce mercredi 30 novembre, la commission des finances de l&rsquo;Assembl\u00e9e nationale a adopt\u00e9 2 amendements au projet de loi de finances rectificative pour 2016 (PLFR 2016) qui vont dans le sens d&rsquo;une imposition plus g\u00e9n\u00e9ralis\u00e9e des revenus g\u00e9n\u00e9r\u00e9s par les plateformes Internet. L&rsquo;instauration d&rsquo;une taxe \u00ab\u00a0YouTube\u00a0\u00bb est de nouveau propos\u00e9e et les revenus per\u00e7us par l&rsquo;interm\u00e9diaire de plateformes Internet de type Airbnb pourraient prochainement appara\u00eetre sur la d\u00e9claration des revenus, de mani\u00e8re pr\u00e9remplie.<\/p>\n<h2><strong>Amendement sur la taxe dite \u00ab\u00a0YouTube\u00a0\u00bb<\/strong><\/h2>\n<p>L&rsquo;amendement n\u00b0CF234 adopt\u00e9 par la commission des finances \u00a0\u00e9largit le champ d&rsquo;application de la \u00a0taxe de 2% sur les ventes et locations de vid\u00e9ogrammes et op\u00e9rations similaires. Comme son nom l&rsquo;indique, cette taxe ne s&rsquo;applique pour le moment que sur le prix pay\u00e9 directement par les utilisateurs au titre de la vente ou de la location d&rsquo;un contenu audiovisuel.<\/p>\n<p>Le texte permet d&rsquo;\u00e9largir la taxe aux contenus propos\u00e9s gratuitement par certaines plateformes Internet (YouTube, Dailymotion, etc.). L&rsquo;imp\u00f4t s&rsquo;appliquerait dans ce cas aux recettes de publicit\u00e9 per\u00e7ues par ces plateformes.<\/p>\n<p>Un amendement au contenu proche avait d\u00e9j\u00e0 \u00e9t\u00e9 rejet\u00e9 dans le cadre des discussions sur le projet de loi de finances pour 2017.<\/p>\n<p>Amendement CF234 : <a href=\"http:\/\/www.assemblee-nationale.fr\/14\/amendements\/4235\/CION_FIN\/CF234.asp\">http:\/\/www.assemblee-nationale.fr\/14\/amendements\/4235\/CION_FIN\/CF234.asp<\/a><\/p>\n<h2><strong>Plateformes Internet : obligation de transmission des revenus des utilisateurs<\/strong><\/h2>\n<p>Ces derni\u00e8res ann\u00e9es ont \u00e9t\u00e9 marqu\u00e9es par la croissance exponentielle des revenus issus de l&rsquo;\u00e9conomie collaborative (Airbnb, Abritel, Drivy, etc.). Ces plateformes permettent une mise en relation entre particuliers ou professionnels afin de vendre un bien ou le louer ou de vendre une prestation (location d&rsquo;un immeuble, d&rsquo;un v\u00e9hicule, cuisine, etc.).<\/p>\n<p>Les revenus per\u00e7us par les particuliers par cet interm\u00e9diaire sont cens\u00e9s \u00eatre int\u00e9gr\u00e9s dans la d\u00e9claration de revenus, principalement dans la cat\u00e9gorie BIC (b\u00e9n\u00e9fices industriels et commerciaux). Mais dans les faits, peu de contribuables d\u00e9clarent ces revenus, ce qui engendre un manque \u00e0 gagner important pour l&rsquo;\u00c9tat.<\/p>\n<p>L&rsquo;amendement n\u00b0CF3 propose en cons\u00e9quence d&rsquo;instaurer une obligation pour ces plateformes de proc\u00e9der \u00e0 une d\u00e9claration automatique s\u00e9curis\u00e9e (DAS). En d&rsquo;autres termes, elles devront communiquer \u00e0 l&rsquo;administration fiscale un certain nombre d&rsquo;informations sur les b\u00e9n\u00e9ficiaires qui ont per\u00e7u des revenus par leur interm\u00e9diaire (noms, SIRET le cas \u00e9ch\u00e9ant, adresse email, etc.). Ces revenus devront \u00e9videment, \u00eatre \u00e9galement transmis ce qui permettra \u00e0 l&rsquo;administration fiscale de les int\u00e9grer dans la d\u00e9claration de revenus pr\u00e9remplie des contribuables. La fraude massive dans ce domaine serait alors largement r\u00e9duite.<\/p>\n<p>Amendement CF3 :\u00a0<a href=\"http:\/\/www.assemblee-nationale.fr\/14\/amendements\/4235\/CION_FIN\/CF3.asp\">http:\/\/www.assemblee-nationale.fr\/14\/amendements\/4235\/CION_FIN\/CF3.asp<\/a><\/p>\n<p>Ces deux amendements vont dans les prochains jours faire l&rsquo;objet d&rsquo;un examen en premi\u00e8re lecture par l&rsquo;Assembl\u00e9e nationale.<\/p>\n","protected":false},"excerpt":{"rendered":"<p>Ce mercredi 30 novembre, la commission des finances de l&rsquo;Assembl\u00e9e nationale a adopt\u00e9 2 amendements au projet de loi de finances rectificative pour 2016 (PLFR 2016) qui vont dans le sens d&rsquo;une imposition plus g\u00e9n\u00e9ralis\u00e9e des revenus g\u00e9n\u00e9r\u00e9s par les plateformes Internet. L&rsquo;instauration d&rsquo;une taxe \u00ab\u00a0YouTube\u00a0\u00bb est de nouveau propos\u00e9e et les revenus per\u00e7us par [&hellip;]<\/p>\n","protected":false},"author":45,"featured_media":0,"comment_status":"open","ping_status":"open","sticky":false,"template":"","format":"quote","meta":{"_acf_changed":false,"_mi_skip_tracking":false,"footnotes":""},"categories":[12,3],"tags":[1039],"class_list":["post-7424","post","type-post","status-publish","format-quote","hentry","category-actualites","category-comptabilite-fiscalite-et-gestion-financiere","tag-impot-sur-le-revenu","post_format-post-format-quote"],"acf":[],"yoast_head":"<!-- This site is optimized with the Yoast SEO plugin v23.4 - https:\/\/yoast.com\/wordpress\/plugins\/seo\/ -->\n<title>PLFR 2016 : amendements sur l&#039;imposition des revenus sur Internet - Le Blog GERESO<\/title>\n<meta name=\"robots\" content=\"index, follow, max-snippet:-1, max-image-preview:large, max-video-preview:-1\" \/>\n<link rel=\"canonical\" href=\"https:\/\/www.gereso.com\/actualites\/2016\/12\/01\/plfr-2016-amendements-imposition-des-revenus-sur-internet\/\" \/>\n<meta property=\"og:locale\" content=\"fr_FR\" \/>\n<meta property=\"og:type\" content=\"article\" \/>\n<meta property=\"og:title\" content=\"PLFR 2016 : amendements sur l&#039;imposition des revenus sur Internet - Le Blog GERESO\" \/>\n<meta property=\"og:description\" content=\"Ce mercredi 30 novembre, la commission des finances de l&rsquo;Assembl\u00e9e nationale a adopt\u00e9 2 amendements au projet de loi de finances rectificative pour 2016 (PLFR 2016) qui vont dans le sens d&rsquo;une imposition plus g\u00e9n\u00e9ralis\u00e9e des revenus g\u00e9n\u00e9r\u00e9s par les plateformes Internet. L&rsquo;instauration d&rsquo;une taxe \u00ab\u00a0YouTube\u00a0\u00bb est de nouveau propos\u00e9e et les revenus per\u00e7us par [&hellip;]\" \/>\n<meta property=\"og:url\" content=\"https:\/\/www.gereso.com\/actualites\/2016\/12\/01\/plfr-2016-amendements-imposition-des-revenus-sur-internet\/\" \/>\n<meta property=\"og:site_name\" content=\"Le Blog GERESO\" \/>\n<meta property=\"article:published_time\" content=\"2016-12-01T12:14:51+00:00\" \/>\n<meta name=\"author\" content=\"Damien P\u00e9an\" \/>\n<meta name=\"twitter:card\" content=\"summary_large_image\" \/>\n<script type=\"application\/ld+json\" class=\"yoast-schema-graph\">{\"@context\":\"https:\/\/schema.org\",\"@graph\":[{\"@type\":\"WebPage\",\"@id\":\"https:\/\/www.gereso.com\/actualites\/2016\/12\/01\/plfr-2016-amendements-imposition-des-revenus-sur-internet\/\",\"url\":\"https:\/\/www.gereso.com\/actualites\/2016\/12\/01\/plfr-2016-amendements-imposition-des-revenus-sur-internet\/\",\"name\":\"PLFR 2016 : amendements sur l'imposition des revenus sur Internet - Le Blog GERESO\",\"isPartOf\":{\"@id\":\"https:\/\/www.gereso.com\/actualites\/#website\"},\"datePublished\":\"2016-12-01T12:14:51+00:00\",\"dateModified\":\"2016-12-01T12:14:51+00:00\",\"author\":{\"@id\":\"https:\/\/www.gereso.com\/actualites\/#\/schema\/person\/c91814f92d627ed4715993fbbf7c7e8d\"},\"breadcrumb\":{\"@id\":\"https:\/\/www.gereso.com\/actualites\/2016\/12\/01\/plfr-2016-amendements-imposition-des-revenus-sur-internet\/#breadcrumb\"},\"inLanguage\":\"fr-FR\",\"potentialAction\":[{\"@type\":\"ReadAction\",\"target\":[\"https:\/\/www.gereso.com\/actualites\/2016\/12\/01\/plfr-2016-amendements-imposition-des-revenus-sur-internet\/\"]}]},{\"@type\":\"BreadcrumbList\",\"@id\":\"https:\/\/www.gereso.com\/actualites\/2016\/12\/01\/plfr-2016-amendements-imposition-des-revenus-sur-internet\/#breadcrumb\",\"itemListElement\":[{\"@type\":\"ListItem\",\"position\":1,\"name\":\"Home\",\"item\":\"https:\/\/www.gereso.com\/actualites\/\"},{\"@type\":\"ListItem\",\"position\":2,\"name\":\"PLFR 2016 : amendements sur l&rsquo;imposition des revenus sur Internet\"}]},{\"@type\":\"WebSite\",\"@id\":\"https:\/\/www.gereso.com\/actualites\/#website\",\"url\":\"https:\/\/www.gereso.com\/actualites\/\",\"name\":\"Le Blog GERESO\",\"description\":\"Toute l&#039;actu RH, Finance, Fonction Publique, Management...\",\"potentialAction\":[{\"@type\":\"SearchAction\",\"target\":{\"@type\":\"EntryPoint\",\"urlTemplate\":\"https:\/\/www.gereso.com\/actualites\/?s={search_term_string}\"},\"query-input\":{\"@type\":\"PropertyValueSpecification\",\"valueRequired\":true,\"valueName\":\"search_term_string\"}}],\"inLanguage\":\"fr-FR\"},{\"@type\":\"Person\",\"@id\":\"https:\/\/www.gereso.com\/actualites\/#\/schema\/person\/c91814f92d627ed4715993fbbf7c7e8d\",\"name\":\"Damien P\u00e9an\",\"image\":{\"@type\":\"ImageObject\",\"inLanguage\":\"fr-FR\",\"@id\":\"https:\/\/www.gereso.com\/actualites\/#\/schema\/person\/image\/\",\"url\":\"https:\/\/www.gereso.com\/actualites\/wp-content\/uploads\/2016\/03\/damien-pean.jpg\",\"contentUrl\":\"https:\/\/www.gereso.com\/actualites\/wp-content\/uploads\/2016\/03\/damien-pean.jpg\",\"caption\":\"Damien P\u00e9an\"},\"description\":\"Damien P\u00c9AN est titulaire du Dipl\u00f4me d'\u00e9tudes sup\u00e9rieures comptables et financi\u00e8res (DESCF). Il intervient depuis plusieurs ann\u00e9es aupr\u00e8s d'\u00e9tudiants en licence de comptabilit\u00e9 et de gestion, \u00e0 qui il enseigne le contr\u00f4le de gestion, la comptabilit\u00e9 approfondie, le management, la fiscalit\u00e9, le droit des soci\u00e9t\u00e9s et le droit du travail. Il intervient \u00e9galement en formation continue pour le compte de divers organismes de formation sur des th\u00e9matiques techniques en comptabilit\u00e9 et fiscalit\u00e9. Il forme aussi un public de non-initi\u00e9s aux fondamentaux de la finance.\",\"url\":\"https:\/\/www.gereso.com\/actualites\/author\/d-pean\/\"}]}<\/script>\n<!-- \/ Yoast SEO plugin. -->","yoast_head_json":{"title":"PLFR 2016 : amendements sur l'imposition des revenus sur Internet - Le Blog GERESO","robots":{"index":"index","follow":"follow","max-snippet":"max-snippet:-1","max-image-preview":"max-image-preview:large","max-video-preview":"max-video-preview:-1"},"canonical":"https:\/\/www.gereso.com\/actualites\/2016\/12\/01\/plfr-2016-amendements-imposition-des-revenus-sur-internet\/","og_locale":"fr_FR","og_type":"article","og_title":"PLFR 2016 : amendements sur l'imposition des revenus sur Internet - Le Blog GERESO","og_description":"Ce mercredi 30 novembre, la commission des finances de l&rsquo;Assembl\u00e9e nationale a adopt\u00e9 2 amendements au projet de loi de finances rectificative pour 2016 (PLFR 2016) qui vont dans le sens d&rsquo;une imposition plus g\u00e9n\u00e9ralis\u00e9e des revenus g\u00e9n\u00e9r\u00e9s par les plateformes Internet. L&rsquo;instauration d&rsquo;une taxe \u00ab\u00a0YouTube\u00a0\u00bb est de nouveau propos\u00e9e et les revenus per\u00e7us par [&hellip;]","og_url":"https:\/\/www.gereso.com\/actualites\/2016\/12\/01\/plfr-2016-amendements-imposition-des-revenus-sur-internet\/","og_site_name":"Le Blog GERESO","article_published_time":"2016-12-01T12:14:51+00:00","author":"Damien P\u00e9an","twitter_card":"summary_large_image","schema":{"@context":"https:\/\/schema.org","@graph":[{"@type":"WebPage","@id":"https:\/\/www.gereso.com\/actualites\/2016\/12\/01\/plfr-2016-amendements-imposition-des-revenus-sur-internet\/","url":"https:\/\/www.gereso.com\/actualites\/2016\/12\/01\/plfr-2016-amendements-imposition-des-revenus-sur-internet\/","name":"PLFR 2016 : amendements sur l'imposition des revenus sur Internet - Le Blog GERESO","isPartOf":{"@id":"https:\/\/www.gereso.com\/actualites\/#website"},"datePublished":"2016-12-01T12:14:51+00:00","dateModified":"2016-12-01T12:14:51+00:00","author":{"@id":"https:\/\/www.gereso.com\/actualites\/#\/schema\/person\/c91814f92d627ed4715993fbbf7c7e8d"},"breadcrumb":{"@id":"https:\/\/www.gereso.com\/actualites\/2016\/12\/01\/plfr-2016-amendements-imposition-des-revenus-sur-internet\/#breadcrumb"},"inLanguage":"fr-FR","potentialAction":[{"@type":"ReadAction","target":["https:\/\/www.gereso.com\/actualites\/2016\/12\/01\/plfr-2016-amendements-imposition-des-revenus-sur-internet\/"]}]},{"@type":"BreadcrumbList","@id":"https:\/\/www.gereso.com\/actualites\/2016\/12\/01\/plfr-2016-amendements-imposition-des-revenus-sur-internet\/#breadcrumb","itemListElement":[{"@type":"ListItem","position":1,"name":"Home","item":"https:\/\/www.gereso.com\/actualites\/"},{"@type":"ListItem","position":2,"name":"PLFR 2016 : amendements sur l&rsquo;imposition des revenus sur Internet"}]},{"@type":"WebSite","@id":"https:\/\/www.gereso.com\/actualites\/#website","url":"https:\/\/www.gereso.com\/actualites\/","name":"Le Blog GERESO","description":"Toute l&#039;actu RH, Finance, Fonction Publique, Management...","potentialAction":[{"@type":"SearchAction","target":{"@type":"EntryPoint","urlTemplate":"https:\/\/www.gereso.com\/actualites\/?s={search_term_string}"},"query-input":{"@type":"PropertyValueSpecification","valueRequired":true,"valueName":"search_term_string"}}],"inLanguage":"fr-FR"},{"@type":"Person","@id":"https:\/\/www.gereso.com\/actualites\/#\/schema\/person\/c91814f92d627ed4715993fbbf7c7e8d","name":"Damien P\u00e9an","image":{"@type":"ImageObject","inLanguage":"fr-FR","@id":"https:\/\/www.gereso.com\/actualites\/#\/schema\/person\/image\/","url":"https:\/\/www.gereso.com\/actualites\/wp-content\/uploads\/2016\/03\/damien-pean.jpg","contentUrl":"https:\/\/www.gereso.com\/actualites\/wp-content\/uploads\/2016\/03\/damien-pean.jpg","caption":"Damien P\u00e9an"},"description":"Damien P\u00c9AN est titulaire du Dipl\u00f4me d'\u00e9tudes sup\u00e9rieures comptables et financi\u00e8res (DESCF). Il intervient depuis plusieurs ann\u00e9es aupr\u00e8s d'\u00e9tudiants en licence de comptabilit\u00e9 et de gestion, \u00e0 qui il enseigne le contr\u00f4le de gestion, la comptabilit\u00e9 approfondie, le management, la fiscalit\u00e9, le droit des soci\u00e9t\u00e9s et le droit du travail. Il intervient \u00e9galement en formation continue pour le compte de divers organismes de formation sur des th\u00e9matiques techniques en comptabilit\u00e9 et fiscalit\u00e9. Il forme aussi un public de non-initi\u00e9s aux fondamentaux de la finance.","url":"https:\/\/www.gereso.com\/actualites\/author\/d-pean\/"}]}},"_links":{"self":[{"href":"https:\/\/www.gereso.com\/actualites\/wp-json\/wp\/v2\/posts\/7424","targetHints":{"allow":["GET"]}}],"collection":[{"href":"https:\/\/www.gereso.com\/actualites\/wp-json\/wp\/v2\/posts"}],"about":[{"href":"https:\/\/www.gereso.com\/actualites\/wp-json\/wp\/v2\/types\/post"}],"author":[{"embeddable":true,"href":"https:\/\/www.gereso.com\/actualites\/wp-json\/wp\/v2\/users\/45"}],"replies":[{"embeddable":true,"href":"https:\/\/www.gereso.com\/actualites\/wp-json\/wp\/v2\/comments?post=7424"}],"version-history":[{"count":2,"href":"https:\/\/www.gereso.com\/actualites\/wp-json\/wp\/v2\/posts\/7424\/revisions"}],"predecessor-version":[{"id":7426,"href":"https:\/\/www.gereso.com\/actualites\/wp-json\/wp\/v2\/posts\/7424\/revisions\/7426"}],"wp:attachment":[{"href":"https:\/\/www.gereso.com\/actualites\/wp-json\/wp\/v2\/media?parent=7424"}],"wp:term":[{"taxonomy":"category","embeddable":true,"href":"https:\/\/www.gereso.com\/actualites\/wp-json\/wp\/v2\/categories?post=7424"},{"taxonomy":"post_tag","embeddable":true,"href":"https:\/\/www.gereso.com\/actualites\/wp-json\/wp\/v2\/tags?post=7424"}],"curies":[{"name":"wp","href":"https:\/\/api.w.org\/{rel}","templated":true}]}}