{"id":7440,"date":"2016-12-07T09:50:56","date_gmt":"2016-12-07T07:50:56","guid":{"rendered":"https:\/\/www.gereso.com\/actualites\/?p=7440"},"modified":"2016-12-07T10:03:33","modified_gmt":"2016-12-07T08:03:33","slug":"conclure-un-contrat-dapprentissage","status":"publish","type":"post","link":"https:\/\/www.gereso.com\/actualites\/2016\/12\/07\/conclure-un-contrat-dapprentissage\/","title":{"rendered":"Conclure un contrat d\u2019apprentissage"},"content":{"rendered":"<p>Un <strong>contrat d&rsquo;apprentissage<\/strong> peut alors \u00eatre conclu entre un employeur et l\u2019apprenti permettant \u00e0 ce dernier de travailler en entreprise et de suivre une formation en <strong>centre de formation des apprentis (CFA). <\/strong><\/p>\n<p>La conclusion d\u2019un contrat d\u2019apprentissage suppose le <strong>respect de nombreuses dispositions<\/strong>. Nous allons donc tenter de r\u00e9pondre dans ce dossier aux principales questions concernant l\u2019apprentissage et ce, afin de <strong>faciliter la conclusion de ce type de contrat<\/strong>\u00a0: Quelles sont les personnes concern\u00e9es par l\u2019apprentissage\u00a0? Comment s\u2019organise l\u2019apprentissage\u00a0? Quelles sont les caract\u00e9ristiques du contrat d\u2019apprentissage\u00a0? Quelles sont les aides sociales et financi\u00e8res li\u00e9es au contrat d\u2019apprentissage\u00a0? Quelles sont les dispositions concernant la rupture du contrat d\u2019apprentissage\u00a0?<\/p>\n<h2>Quelles sont les personnes concern\u00e9es par l\u2019apprentissage\u00a0?<\/h2>\n<p>L&rsquo;apprentissage concerne les <strong>jeunes travailleurs<\/strong>. En effet, le salari\u00e9 apprenti doit \u00eatre \u00e2g\u00e9 de <strong>16 \u00e0 25 ans, <\/strong>c\u2019est-\u00e0-dire moins de 26 ans au d\u00e9but de l\u2019apprentissage.<\/p>\n<p>Il existe toutefois des <strong>exceptions. <\/strong><\/p>\n<p>En effet, l\u2019apprenti peut <strong>avoir juste 15 ans r\u00e9volus<\/strong> s\u2019il justifie qu\u2019il a accompli la scolarit\u00e9 du premier cycle de l\u2019enseignement secondaire (fin de 3<sup>\u00e8me<\/sup>). Si le jeune atteint ses 15 ans entre la rentr\u00e9e scolaire et le 31 d\u00e9cembre suivant, il peut s\u2019inscrire, sous statut scolaire, dans un lyc\u00e9e professionnel ou un CFA pour d\u00e9buter sa formation (C. trav. art. L6222-1).<\/p>\n<p>Par ailleurs, le jeune peut \u00eatre <strong>\u00e2g\u00e9 de plus de 25 ans\u00a0:<\/strong><\/p>\n<ul>\n<li>Si le contrat propos\u00e9 fait suite \u00e0 un contrat d\u2019apprentissage pr\u00e9c\u00e9demment souscrit et conduit \u00e0 un <strong>niveau de dipl\u00f4me sup\u00e9rieur<\/strong> \u00e0 celui obtenu \u00e0 l\u2019issue du pr\u00e9c\u00e9dent contrat, le nouveau contrat devant \u00eatre souscrit dans un <strong>d\u00e9lai maximum d\u2019un an apr\u00e8s la fin du pr\u00e9c\u00e9dent contrat.<\/strong><\/li>\n<li>Si le contrat d\u2019apprentissage a \u00e9t\u00e9 rompu pour des <strong>causes ind\u00e9pendantes de la volont\u00e9 de l\u2019apprenti<\/strong> (cessation d\u2019activit\u00e9 de l\u2019employeur, faute de l\u2019employeur, etc.) ou suite \u00e0 une inaptitude physique et temporaire de celui-ci, le nouveau contrat devant \u00e9galement \u00eatre souscrit dans un d\u00e9lai maximum d\u2019un an apr\u00e8s l\u2019expiration du pr\u00e9c\u00e9dent contrat\u00a0;<\/li>\n<li>Si le contrat d\u2019apprentissage est souscrit par une <strong>personne reconnue travailleur handicap\u00e9\u00a0;<\/strong><\/li>\n<li>Si le contrat d\u2019apprentissage est souscrit par une personne qui a l&rsquo;intention de <strong>cr\u00e9er ou de reprendre une entreprise<\/strong> qui suppose l&rsquo;obtention du dipl\u00f4me ou du titre.<\/li>\n<\/ul>\n<p><strong><em>A noter.<\/em><\/strong><em> Sauf pour les deux derniers cas cit\u00e9s, l\u2019apprenti ne peut \u00eatre \u00e2g\u00e9 de plus de 30 ans. Toutefois, la loi Travail pr\u00e9voit, \u00e0 titre exp\u00e9rimental, d\u2019ouvrir l\u2019acc\u00e8s \u00e0 l\u2019apprentissage \u00e0 tout jeune jusqu\u2019\u00e0 ses 30 ans. Ainsi, du 1<sup>er<\/sup> janvier 2017 au 31 d\u00e9cembre 2019, l\u2019\u00e2ge limite d\u2019entr\u00e9e en apprentissage sera port\u00e9 de 25 ans \u00e0 30 ans dans les r\u00e9gions volontaires.<\/em><\/p>\n<p>C\u00f4t\u00e9 employeur, quasiment tous sont concern\u00e9s\u00a0: <strong>priv\u00e9 ou public, entreprise, association, ou encore, profession lib\u00e9rale.<\/strong><\/p>\n<p>Toutefois, pour engager un apprenti, l\u2019entreprise doit avoir fait l\u2019objet d\u2019un <strong>agr\u00e9ment. <\/strong>L\u2019employeur doit prendre les mesures n\u00e9cessaires \u00e0 l\u2019organisation de l\u2019apprentissage et garantir une formation satisfaisante (C. trav. art. L6223-1). Si l\u2019employeur engage un apprenti sans avoir pr\u00e9alablement obtenu d\u2019agr\u00e9ment, le contrat d\u2019apprentissage est nul.<\/p>\n<h2>Comment conclure un contrat d\u2019apprentissage\u00a0?<\/h2>\n<h3>La r\u00e9daction du contrat d\u2019apprentissage<\/h3>\n<p>La signature du contrat entre l\u2019employeur et le jeune doit <strong>intervenir \u00e0 une date qui ne peut \u00eatre ant\u00e9rieure de plus de 3 mois, ni post\u00e9rieure de plus de 3 mois au d\u00e9but du cycle du centre de formation d\u2019apprentis (CFA)<\/strong> que suit l\u2019apprenti (C. trav. art. L6222-12). Par exemple, si la formation d\u00e9bute le 15 septembre, le contrat d\u2019apprentissage doit \u00eatre sign\u00e9 entre le 15 juin et le 15 d\u00e9cembre\u00a0(sauf d\u00e9rogation demand\u00e9e au recteur d\u2019acad\u00e9mie).<\/p>\n<p>Par ailleurs, le contrat d\u2019apprentissage doit comporter <strong>certaines mentions obligatoires<\/strong> concernant l\u2019employeur, l\u2019apprenti, le d\u00e9roulement du contrat (mention du dipl\u00f4me ou du titre pr\u00e9par\u00e9, date du d\u00e9but d\u2019apprentissage, dur\u00e9e du travail, salaire, etc.) ou encore, le ou les ma\u00eetres d\u2019apprentissage (noms et dipl\u00f4mes, attestations de comp\u00e9tences professionnelles et de moralit\u00e9, etc.).<\/p>\n<p>Une <strong>fiche d\u2019aptitude<\/strong> d\u00e9livr\u00e9e par le m\u00e9decin du travail doit \u00e9galement accompagner le contrat d\u2019apprentissage.<\/p>\n<h3>L\u2019enregistrement du contrat d\u2019apprentissage<\/h3>\n<p>Le contrat d&rsquo;apprentissage doit faire l\u2019objet d\u2019un <strong>enregistrement <\/strong>avant le d\u00e9but du contrat ou au plus tard, dans les <strong>5 jours ouvrables <\/strong>qui suivent.<\/p>\n<p>Pour \u00eatre enregistr\u00e9, le contrat d\u2019apprentissage doit \u00eatre accompagn\u00e9 du visa du directeur du CFA qui atteste que l\u2019apprenti est bien inscrit dans le centre. Cet enregistrement est gratuit.<\/p>\n<p>Le <strong>lieu de l\u2019enregistrement<\/strong> varie selon la qualit\u00e9 de l&#8217;employeur\u00a0:<\/p>\n<ul>\n<li>Si l\u2019employeur est une<strong> entreprise inscrite au registre du commerce et des soci\u00e9t\u00e9s<\/strong>, une association ou une <strong>profession lib\u00e9rale<\/strong>: la chambre de commerce et d&rsquo;industrie (CCI)\u00a0;<\/li>\n<li>Si l\u2019employeur est <strong>artisan<\/strong>: la chambre des m\u00e9tiers et de l&rsquo;artisanat ;<\/li>\n<li>Si l\u2019employeur dirige une <strong>exploitation agricole <\/strong>(sauf artisan rural)\u00a0: la chambre d&rsquo;agriculture\u00a0;<\/li>\n<li>Si l&#8217;employeur est une <strong>association ou une profession lib\u00e9rale non immatricul\u00e9e au RCS, ou appartient au secteur public non industriel et commercial\u00a0<\/strong>: l&rsquo;unit\u00e9 territoriale de la Direccte ;<\/li>\n<li>Si l\u2019\u00e9tablissement est situ\u00e9 en <strong>Alsace-Moselle<\/strong>: le registre des entreprises.<\/li>\n<\/ul>\n<p>L\u2019organisme dispose ensuite de 15 jours pour <strong>enregistrer le contrat.<\/strong> En l\u2019absence de r\u00e9ponse dans ce d\u00e9lai, l\u2019enregistrement est consid\u00e9r\u00e9 comme accord\u00e9.<\/p>\n<p>D\u00e8s lors que le contrat est enregistr\u00e9, l&#8217;employeur doit, comme pour toute embauche, d\u00e9clarer l\u2019embauche <strong>dans les 8 jours pr\u00e9c\u00e9dant l&#8217;embauche effective<\/strong> de l&rsquo;apprenti.<\/p>\n<p><strong><em>A noter.<\/em><\/strong><em> Une visite m\u00e9dicale d&#8217;embauche doit \u00eatre organis\u00e9e dans les 2 mois qui suivent l&#8217;embauche. Et si l&rsquo;apprenti est mineur, cet examen m\u00e9dical d&#8217;embauche doit intervenir avant l&#8217;embauche.<\/em><\/p>\n<h3>Comment s\u2019organise l\u2019apprentissage au sein de l\u2019entreprise\u00a0?<\/h3>\n<p>L\u2019employeur doit nommer un <strong>ma\u00eetre d&rsquo;apprentissage<\/strong> parmi le personnel de l\u2019entreprise. Ce ma\u00eetre d\u2019apprentissage est le responsable de la formation de l&rsquo;apprenti et assume les fonctions de tuteur. L\u2019entreprise doit d\u2019ailleurs garantir la moralit\u00e9 et les comp\u00e9tences p\u00e9dagogiques et professionnelles de ce ma\u00eetre d\u2019apprentissage (C. trav. art. L6223-5).<\/p>\n<p>Chaque ma\u00eetre d\u2019apprentissage ne peut accueillir <strong>qu\u2019au maximum 2 apprentis<\/strong> simultan\u00e9ment dans une entreprise.<\/p>\n<p>La formation de l&rsquo;apprenti au sein de l\u2019entreprise doit avoir une <strong>dur\u00e9e minimale de 400\u00a0heures<\/strong>. Si l\u2019apprenti pr\u00e9pare un brevet de technicien sup\u00e9rieur (BTS), la dur\u00e9e de formation est <strong>au moins \u00e9gale \u00e0 1 350 heures<\/strong> qui doivent \u00eatre r\u00e9parties sur 2 ans.<\/p>\n<h2>Quelles sont les caract\u00e9ristiques du contrat d\u2019apprentissage\u00a0?<\/h2>\n<h3>La dur\u00e9e du contrat d\u2019apprentissage<\/h3>\n<p>Le contrat d&rsquo;apprentissage peut \u00eatre conclu pour une<strong> dur\u00e9e limit\u00e9e<\/strong> dans le cadre d\u2019un contrat \u00e0 dur\u00e9e d\u00e9termin\u00e9e (CDD) ou au contraire, pour une <strong>dur\u00e9e illimit\u00e9e<\/strong> dans le cadre d&rsquo;un contrat \u00e0 dur\u00e9e ind\u00e9termin\u00e9e (CDI).<\/p>\n<p>La dur\u00e9e du contrat d\u2019apprentissage lorsqu\u2019il est conclu pour une dur\u00e9e d\u00e9termin\u00e9e ou la dur\u00e9e de la p\u00e9riode d\u2019apprentissage lorsque le contrat est conclu pour une dur\u00e9e ind\u00e9termin\u00e9e, varie <strong>entre 1 et 3 ans<\/strong> selon le type de profession et le niveau de qualification pr\u00e9par\u00e9s.<\/p>\n<p><strong><em>Bon \u00e0 savoir.<\/em><\/strong><em> Le contrat d\u2019apprentissage peut \u00eatre conclu pour une dur\u00e9e inf\u00e9rieure \u00e0 1 an mais d\u2019au moins 6 mois si la formation a pour objet l\u2019acquisition d\u2019un dipl\u00f4me ou d\u2019un titre\u00a0:<\/em><\/p>\n<ul>\n<li><em>De m\u00eame niveau et en rapport avec un premier dipl\u00f4me ou titre obtenu dans le cadre d\u2019un pr\u00e9c\u00e9dent contrat d\u2019apprentissage\u00a0;<\/em><\/li>\n<li><em>De niveau inf\u00e9rieur \u00e0 un dipl\u00f4me ou titre d\u00e9j\u00e0 obtenu\u00a0;<\/em><\/li>\n<li><em>Dont une partie a \u00e9t\u00e9 obtenue par la validation des acquis de l\u2019exp\u00e9rience\u00a0;<\/em><\/li>\n<li><em>Dont la pr\u00e9paration a \u00e9t\u00e9 commenc\u00e9e sous un autre statut.<\/em><\/li>\n<\/ul>\n<p>A la fin de cette p\u00e9riode d\u2019apprentissage, si le contrat est conclu pour une dur\u00e9e ind\u00e9termin\u00e9e, la relation contractuelle se poursuit selon les <strong>r\u00e8gles de droit commun du contrat de travail<\/strong>, sauf pour les r\u00e8gles li\u00e9es \u00e0 la p\u00e9riode d\u2019essai qui ne peut \u00eatre impos\u00e9e au jeune (C. trav. art. L6222-7).<\/p>\n<p><strong><em>A noter.<\/em><\/strong><em> Dans certaines situations, la dur\u00e9e de la p\u00e9riode d\u2019apprentissage peut \u00eatre allong\u00e9e (en cas d\u2019\u00e9chec \u00e0 l\u2019examen, n\u00e9cessit\u00e9 pour un travailleur handicap\u00e9, accord des parties, etc.) ou au contraire, r\u00e9duite (en cas d\u2019obtention du dipl\u00f4me pr\u00e9par\u00e9, accord des parties, etc.)<\/em><\/p>\n<p>Si \u00e0 la fin du contrat d&rsquo;apprentissage, l&rsquo;apprenti est <strong>embauch\u00e9 dans l&rsquo;entreprise<\/strong> (en CDI, CDD ou contrat de travail temporaire), la dur\u00e9e de cet apprentissage est prise en compte pour <strong>calculer l&rsquo;anciennet\u00e9.<\/strong><\/p>\n<h3>La dur\u00e9e du travail de l\u2019apprenti<\/h3>\n<p>Lors des p\u00e9riodes de travail au sein de l\u2019entreprise, l&rsquo;apprenti doit respecter le m\u00eame temps de travail que les autres salari\u00e9s. Il ne peut pas \u00eatre employ\u00e9 \u00e0 temps partiel. <strong>L&rsquo;apprenti est donc soumis \u00e0 la dur\u00e9e l\u00e9gale de travail de 35 heures par semaine. <\/strong><\/p>\n<p>Toutefois, si l&rsquo;apprenti a <strong>moins de 18 ans<\/strong>, il b\u00e9n\u00e9ficie de <strong>certaines mesures de protection<\/strong>\u00a0: 2 jours de repos cons\u00e9cutifs par semaine, interdiction du travail de nuit, dur\u00e9e maximale quotidienne de 8 heures par jour, pas plus de 4h30 continu avec une pause de 30 minutes cons\u00e9cutives, interdiction de travailler un jour de f\u00eate l\u00e9gale.<\/p>\n<p><strong><em>Bon \u00e0 savoir.<\/em><\/strong><em> Des heures suppl\u00e9mentaires peuvent \u00eatre effectu\u00e9es sans autorisation particuli\u00e8re dans la limite du contingent de 220 heures par an.<\/em><\/p>\n<h3>La r\u00e9mun\u00e9ration de l\u2019apprenti<\/h3>\n<p>La r\u00e9mun\u00e9ration est fix\u00e9e en <strong>pourcentage du Smic et selon l\u2019\u00e2ge de l\u2019apprenti<\/strong>. Toutefois, depuis le 1<sup>er<\/sup> juillet 2016, si le salaire minimum attribu\u00e9 \u00e0 l\u2019apprenti par la convention collective applicable est sup\u00e9rieur au Smic, ce salaire minimum est alors calcul\u00e9 sur la base du minimum conventionnel (D\u00e9cret n\u00b02016-510 du 25 avril 2016).<\/p>\n<table border=\"1\">\n<tbody>\n<tr>\n<td width=\"123\"><strong>\u00a0<\/strong><\/td>\n<td width=\"95\"><strong>1<sup>\u00e8re<\/sup> ann\u00e9e<\/strong><\/td>\n<td width=\"94\"><strong>2<sup>\u00e8me<\/sup> ann\u00e9e<\/strong><\/td>\n<td width=\"104\"><strong>3<sup>\u00e8me<\/sup> ann\u00e9e<\/strong><\/td>\n<\/tr>\n<tr>\n<td width=\"123\"><strong>Jusqu\u2019\u00e0 17 ans<\/strong><\/td>\n<td width=\"95\">25%<\/td>\n<td width=\"94\">37%<\/td>\n<td width=\"104\">53%<\/td>\n<\/tr>\n<tr>\n<td width=\"123\"><strong>18, 19 et 20 ans<\/strong><\/td>\n<td width=\"95\">41%<\/td>\n<td width=\"94\">49%<\/td>\n<td width=\"104\">65%<\/td>\n<\/tr>\n<tr>\n<td width=\"123\"><strong>21 ans et plus<\/strong><\/td>\n<td width=\"95\">53%<\/td>\n<td width=\"94\">61%<\/td>\n<td width=\"104\">78%<\/td>\n<\/tr>\n<\/tbody>\n<\/table>\n<p>Les salaires vers\u00e9s \u00e0 l\u2019apprenti sont <strong>exon\u00e9r\u00e9s de l\u2019imp\u00f4t sur le revenu<\/strong> dans la limite du montant annuel du Smic.<\/p>\n<h2>Quelles sont les aides sociales et financi\u00e8res li\u00e9es au contrat d\u2019apprentissage\u00a0?<\/h2>\n<p>Le salaire des apprentis b\u00e9n\u00e9ficie <strong>d\u2019exon\u00e9rations patronales et salariales<\/strong> de charges sociales.<\/p>\n<p>En effet, l\u2019apprenti ne paie <strong>aucune charge sociale<\/strong> durant son contrat d\u2019apprentissage. Il est \u00e9galement <strong>exon\u00e9r\u00e9 de la CSG et de la CRDS<\/strong>. L\u2019int\u00e9gralit\u00e9 des cotisations est prise en charge par l\u2019Etat.<\/p>\n<p>En revanche, <strong>l\u2019employeur est exon\u00e9r\u00e9 de charges sociales selon la taille de son entreprise et son activit\u00e9\u00a0:<\/strong><\/p>\n<ul>\n<li>Si l\u2019entreprise a <strong>moins de 11 salari\u00e9s<\/strong> (ou si l\u2019entreprise est artisanale), l\u2019employeur b\u00e9n\u00e9ficie d\u2019une exon\u00e9ration totale des cotisations sociales patronales et salariales d\u2019origine l\u00e9gale et conventionnelle. Seules sont vers\u00e9es les cotisations accidents du travail et maladies professionnelles (C. trav. art. L6243-2)\u00a0;<\/li>\n<\/ul>\n<ul>\n<li>Si l\u2019entreprise a <strong>plus de 10 salari\u00e9s<\/strong> et qu\u2019elle n\u2019est pas inscrite au r\u00e9pertoire des m\u00e9tiers, l\u2019employeur est exon\u00e9r\u00e9 des cotisations patronales de s\u00e9curit\u00e9 sociale. Seules sont vers\u00e9es les cotisations accidents du travail et maladies professionnelles ainsi que les cotisations salariales d\u2019origine l\u00e9gale et conventionnelle (C. trav. art. L6243-2)<\/li>\n<\/ul>\n<p>L\u2019employeur peut b\u00e9n\u00e9ficier d\u2019une <strong>prime r\u00e9gionale \u00e0 l\u2019apprentissage.<\/strong> Pour les contrats d\u2019apprentissage conclus depuis le 1<sup>er<\/sup> janvier 2014, cette prime r\u00e9gionale est r\u00e9serv\u00e9e aux entreprises de moins de 11 salari\u00e9s. La prime ne peut \u00eatre inf\u00e9rieure \u00e0 1000 euros pour chaque ann\u00e9e du cycle de formation. En revanche, chaque r\u00e9gion fixe elle-m\u00eame les conditions de versement.<\/p>\n<p>Si l\u2019entreprise a <strong>moins de 250 salari\u00e9s<\/strong>, l\u2019employeur peut \u00e9galement recevoir une aide de la r\u00e9gion s\u2019il conclut un contrat d\u2019apprentissage avec un premier apprenti ou un apprenti suppl\u00e9mentaire. Cette aide est cumulable avec la pr\u00e9c\u00e9dente aide r\u00e9gionale.<\/p>\n<p>Depuis juin 2015, l\u2019entreprise de moins de 11 salari\u00e9s b\u00e9n\u00e9ficie \u00e9galement d\u2019une <strong>aide forfaitaire de l\u2019Etat pour le recrutement en apprentissage d\u2019un jeune de moins de 18 ans<\/strong> \u00e0 la date de la conclusion du contrat. Cette aide est attribu\u00e9e les 12 premiers mois de l\u2019apprentissage. Elle est cumulable avec la prime r\u00e9gionale \u00e0 l\u2019apprentissage dans les entreprises de moins de 11 salari\u00e9s et l\u2019aide pour l\u2019embauche d\u2019apprentis dans les entreprises de moins de 250 salari\u00e9s.<\/p>\n<p>Enfin, l\u2019employeur peut toucher une aide lorsqu\u2019il conclut un <strong>contrat d\u2019apprentissage avec une personne handicap\u00e9e<\/strong> ainsi qu\u2019une aide au financement du tutorat. Ces aides sont financ\u00e9es par l\u2019AGEFIPH (Association pour la gestion du fonds pour l\u2019insertion des personnes handicap\u00e9es).<\/p>\n<h2>Quelles sont les dispositions concernant la rupture du contrat d\u2019apprentissage\u00a0?<\/h2>\n<p>En principe, <strong>le contrat d\u2019apprentissage prend fin \u00e0 la date mentionn\u00e9e sur le contrat. <\/strong><\/p>\n<p>Toutefois, il peut \u00eatre <strong>rompu avant cette date.<\/strong> En effet, le contrat d\u2019apprentissage conclu depuis le 19 ao\u00fbt 2015 peut \u00eatre rompu librement par l\u2019une ou l\u2019autre des parties <strong>jusqu\u2019\u00e0 la fin des 45 premiers jours, <\/strong>cons\u00e9cutifs ou non, de formation pratique en entreprise effectu\u00e9 par l\u2019apprenti (C. trav. art. L6222-18). Dans ce cas, <strong>aucune indemnit\u00e9 n\u2019est due<\/strong> sauf disposition contraire \u00e9nonc\u00e9e dans le contrat de travail.<\/p>\n<p><strong>Pass\u00e9 ce d\u00e9lai de 45 jours<\/strong>, cons\u00e9cutifs ou non, de formation pratique en entreprise effectu\u00e9 par l\u2019apprenti la rupture ne peut intervenir que dans les situations suivantes\u00a0:<\/p>\n<ul>\n<li>Accord des parties quel que soit le motif\u00a0;<\/li>\n<li>A d\u00e9faut d\u2019accord, la r\u00e9siliation est prononc\u00e9e par le conseil de prud\u2019hommes, statuant en r\u00e9f\u00e9r\u00e9, pour faute grave, manquements r\u00e9p\u00e9t\u00e9s de l\u2019employeur ou de l\u2019apprenti \u00e0 ses obligations ou encre, inaptitude de l\u2019apprenti \u00e0 exercer le m\u00e9tier auquel il se pr\u00e9parait.<\/li>\n<\/ul>\n<p>Apr\u00e8s la r\u00e9siliation du contrat, un <strong>nouveau contrat d\u2019apprentissage peut \u00eatre conclu avec un nouvel employeur <\/strong>sous la forme d\u2019un CDD incluant une p\u00e9riode d\u2019essai afin que l\u2019apprenti termine sa formation (C. trav. art. L6222-18).<\/p>\n<p><strong><em>Bon \u00e0 savoir.<\/em><\/strong><em> Il est possible de saisir un m\u00e9diateur de l\u2019apprentissage en cas de litige li\u00e9 \u00e0 l\u2019ex\u00e9cution ou la r\u00e9siliation du contrat (C. trav. art. L6222-39). Ce m\u00e9diateur peut \u00eatre saisi par l\u2019apprenti, sa famille ou l\u2019employeur.<\/em><\/p>\n","protected":false},"excerpt":{"rendered":"<p>Un contrat d&rsquo;apprentissage peut alors \u00eatre conclu entre un employeur et l\u2019apprenti permettant \u00e0 ce dernier de travailler en entreprise et de suivre une formation en centre de formation des apprentis (CFA). La conclusion d\u2019un contrat d\u2019apprentissage suppose le respect de nombreuses dispositions. Nous allons donc tenter de r\u00e9pondre dans ce dossier aux principales questions [&hellip;]<\/p>\n","protected":false},"author":44,"featured_media":7442,"comment_status":"open","ping_status":"open","sticky":false,"template":"","format":"standard","meta":{"_acf_changed":false,"_mi_skip_tracking":false,"footnotes":""},"categories":[5],"tags":[1056,196,1057,1058],"class_list":["post-7440","post","type-post","status-publish","format-standard","has-post-thumbnail","hentry","category-droit-du-travail","tag-apprenti","tag-apprentissage","tag-cfa","tag-emploi-jeunes"],"acf":[],"yoast_head":"<!-- This site is optimized with the Yoast SEO plugin v23.4 - https:\/\/yoast.com\/wordpress\/plugins\/seo\/ -->\n<title>Conclure un contrat d\u2019apprentissage - Le Blog GERESO<\/title>\n<meta name=\"robots\" content=\"index, follow, max-snippet:-1, max-image-preview:large, max-video-preview:-1\" \/>\n<link rel=\"canonical\" href=\"https:\/\/www.gereso.com\/actualites\/2016\/12\/07\/conclure-un-contrat-dapprentissage\/\" \/>\n<meta property=\"og:locale\" content=\"fr_FR\" \/>\n<meta property=\"og:type\" content=\"article\" \/>\n<meta property=\"og:title\" content=\"Conclure un contrat d\u2019apprentissage - Le Blog GERESO\" \/>\n<meta property=\"og:description\" content=\"Un contrat d&rsquo;apprentissage peut alors \u00eatre conclu entre un employeur et l\u2019apprenti permettant \u00e0 ce dernier de travailler en entreprise et de suivre une formation en centre de formation des apprentis (CFA). La conclusion d\u2019un contrat d\u2019apprentissage suppose le respect de nombreuses dispositions. Nous allons donc tenter de r\u00e9pondre dans ce dossier aux principales questions [&hellip;]\" \/>\n<meta property=\"og:url\" content=\"https:\/\/www.gereso.com\/actualites\/2016\/12\/07\/conclure-un-contrat-dapprentissage\/\" \/>\n<meta property=\"og:site_name\" content=\"Le Blog GERESO\" \/>\n<meta property=\"article:published_time\" content=\"2016-12-07T07:50:56+00:00\" \/>\n<meta property=\"article:modified_time\" content=\"2016-12-07T08:03:33+00:00\" \/>\n<meta property=\"og:image\" content=\"https:\/\/www.gereso.com\/actualites\/wp-content\/uploads\/2016\/12\/contrat-apprentissage.jpg\" \/>\n\t<meta property=\"og:image:width\" content=\"600\" \/>\n\t<meta property=\"og:image:height\" content=\"400\" \/>\n\t<meta property=\"og:image:type\" content=\"image\/jpeg\" \/>\n<meta name=\"author\" content=\"Gwendoline Aubourg\" \/>\n<meta name=\"twitter:card\" content=\"summary_large_image\" \/>\n<script type=\"application\/ld+json\" class=\"yoast-schema-graph\">{\"@context\":\"https:\/\/schema.org\",\"@graph\":[{\"@type\":\"WebPage\",\"@id\":\"https:\/\/www.gereso.com\/actualites\/2016\/12\/07\/conclure-un-contrat-dapprentissage\/\",\"url\":\"https:\/\/www.gereso.com\/actualites\/2016\/12\/07\/conclure-un-contrat-dapprentissage\/\",\"name\":\"Conclure un contrat d\u2019apprentissage - Le Blog GERESO\",\"isPartOf\":{\"@id\":\"https:\/\/www.gereso.com\/actualites\/#website\"},\"primaryImageOfPage\":{\"@id\":\"https:\/\/www.gereso.com\/actualites\/2016\/12\/07\/conclure-un-contrat-dapprentissage\/#primaryimage\"},\"image\":{\"@id\":\"https:\/\/www.gereso.com\/actualites\/2016\/12\/07\/conclure-un-contrat-dapprentissage\/#primaryimage\"},\"thumbnailUrl\":\"https:\/\/www.gereso.com\/actualites\/wp-content\/uploads\/2016\/12\/contrat-apprentissage.jpg\",\"datePublished\":\"2016-12-07T07:50:56+00:00\",\"dateModified\":\"2016-12-07T08:03:33+00:00\",\"author\":{\"@id\":\"https:\/\/www.gereso.com\/actualites\/#\/schema\/person\/74853d141382f3563939c9e96dcdc2ce\"},\"breadcrumb\":{\"@id\":\"https:\/\/www.gereso.com\/actualites\/2016\/12\/07\/conclure-un-contrat-dapprentissage\/#breadcrumb\"},\"inLanguage\":\"fr-FR\",\"potentialAction\":[{\"@type\":\"ReadAction\",\"target\":[\"https:\/\/www.gereso.com\/actualites\/2016\/12\/07\/conclure-un-contrat-dapprentissage\/\"]}]},{\"@type\":\"ImageObject\",\"inLanguage\":\"fr-FR\",\"@id\":\"https:\/\/www.gereso.com\/actualites\/2016\/12\/07\/conclure-un-contrat-dapprentissage\/#primaryimage\",\"url\":\"https:\/\/www.gereso.com\/actualites\/wp-content\/uploads\/2016\/12\/contrat-apprentissage.jpg\",\"contentUrl\":\"https:\/\/www.gereso.com\/actualites\/wp-content\/uploads\/2016\/12\/contrat-apprentissage.jpg\",\"width\":600,\"height\":400,\"caption\":\"Le contrat d'apprentissage : des dispositions sp\u00e9cifiques pour l'employeur et l'apprenti\"},{\"@type\":\"BreadcrumbList\",\"@id\":\"https:\/\/www.gereso.com\/actualites\/2016\/12\/07\/conclure-un-contrat-dapprentissage\/#breadcrumb\",\"itemListElement\":[{\"@type\":\"ListItem\",\"position\":1,\"name\":\"Home\",\"item\":\"https:\/\/www.gereso.com\/actualites\/\"},{\"@type\":\"ListItem\",\"position\":2,\"name\":\"Conclure un contrat d\u2019apprentissage\"}]},{\"@type\":\"WebSite\",\"@id\":\"https:\/\/www.gereso.com\/actualites\/#website\",\"url\":\"https:\/\/www.gereso.com\/actualites\/\",\"name\":\"Le Blog GERESO\",\"description\":\"Toute l&#039;actu RH, Finance, Fonction Publique, Management...\",\"potentialAction\":[{\"@type\":\"SearchAction\",\"target\":{\"@type\":\"EntryPoint\",\"urlTemplate\":\"https:\/\/www.gereso.com\/actualites\/?s={search_term_string}\"},\"query-input\":{\"@type\":\"PropertyValueSpecification\",\"valueRequired\":true,\"valueName\":\"search_term_string\"}}],\"inLanguage\":\"fr-FR\"},{\"@type\":\"Person\",\"@id\":\"https:\/\/www.gereso.com\/actualites\/#\/schema\/person\/74853d141382f3563939c9e96dcdc2ce\",\"name\":\"Gwendoline Aubourg\",\"image\":{\"@type\":\"ImageObject\",\"inLanguage\":\"fr-FR\",\"@id\":\"https:\/\/www.gereso.com\/actualites\/#\/schema\/person\/image\/\",\"url\":\"https:\/\/www.gereso.com\/actualites\/wp-content\/uploads\/2016\/10\/GwendolineAubourg-1-144x144.jpg\",\"contentUrl\":\"https:\/\/www.gereso.com\/actualites\/wp-content\/uploads\/2016\/10\/GwendolineAubourg-1-144x144.jpg\",\"caption\":\"Gwendoline Aubourg\"},\"description\":\"Juriste, dipl\u00f4m\u00e9e en droit social de la Facult\u00e9 des sciences juridiques, politiques et sociales de Lille, r\u00e9dactrice RH et auteure de nombreux ouvrages sur les th\u00e8mes du droit du travail et des droits du consommateurs.\",\"url\":\"https:\/\/www.gereso.com\/actualites\/author\/g-aubourg\/\"}]}<\/script>\n<!-- \/ Yoast SEO plugin. -->","yoast_head_json":{"title":"Conclure un contrat d\u2019apprentissage - Le Blog GERESO","robots":{"index":"index","follow":"follow","max-snippet":"max-snippet:-1","max-image-preview":"max-image-preview:large","max-video-preview":"max-video-preview:-1"},"canonical":"https:\/\/www.gereso.com\/actualites\/2016\/12\/07\/conclure-un-contrat-dapprentissage\/","og_locale":"fr_FR","og_type":"article","og_title":"Conclure un contrat d\u2019apprentissage - Le Blog GERESO","og_description":"Un contrat d&rsquo;apprentissage peut alors \u00eatre conclu entre un employeur et l\u2019apprenti permettant \u00e0 ce dernier de travailler en entreprise et de suivre une formation en centre de formation des apprentis (CFA). La conclusion d\u2019un contrat d\u2019apprentissage suppose le respect de nombreuses dispositions. Nous allons donc tenter de r\u00e9pondre dans ce dossier aux principales questions [&hellip;]","og_url":"https:\/\/www.gereso.com\/actualites\/2016\/12\/07\/conclure-un-contrat-dapprentissage\/","og_site_name":"Le Blog GERESO","article_published_time":"2016-12-07T07:50:56+00:00","article_modified_time":"2016-12-07T08:03:33+00:00","og_image":[{"width":600,"height":400,"url":"https:\/\/www.gereso.com\/actualites\/wp-content\/uploads\/2016\/12\/contrat-apprentissage.jpg","type":"image\/jpeg"}],"author":"Gwendoline Aubourg","twitter_card":"summary_large_image","schema":{"@context":"https:\/\/schema.org","@graph":[{"@type":"WebPage","@id":"https:\/\/www.gereso.com\/actualites\/2016\/12\/07\/conclure-un-contrat-dapprentissage\/","url":"https:\/\/www.gereso.com\/actualites\/2016\/12\/07\/conclure-un-contrat-dapprentissage\/","name":"Conclure un contrat d\u2019apprentissage - Le Blog GERESO","isPartOf":{"@id":"https:\/\/www.gereso.com\/actualites\/#website"},"primaryImageOfPage":{"@id":"https:\/\/www.gereso.com\/actualites\/2016\/12\/07\/conclure-un-contrat-dapprentissage\/#primaryimage"},"image":{"@id":"https:\/\/www.gereso.com\/actualites\/2016\/12\/07\/conclure-un-contrat-dapprentissage\/#primaryimage"},"thumbnailUrl":"https:\/\/www.gereso.com\/actualites\/wp-content\/uploads\/2016\/12\/contrat-apprentissage.jpg","datePublished":"2016-12-07T07:50:56+00:00","dateModified":"2016-12-07T08:03:33+00:00","author":{"@id":"https:\/\/www.gereso.com\/actualites\/#\/schema\/person\/74853d141382f3563939c9e96dcdc2ce"},"breadcrumb":{"@id":"https:\/\/www.gereso.com\/actualites\/2016\/12\/07\/conclure-un-contrat-dapprentissage\/#breadcrumb"},"inLanguage":"fr-FR","potentialAction":[{"@type":"ReadAction","target":["https:\/\/www.gereso.com\/actualites\/2016\/12\/07\/conclure-un-contrat-dapprentissage\/"]}]},{"@type":"ImageObject","inLanguage":"fr-FR","@id":"https:\/\/www.gereso.com\/actualites\/2016\/12\/07\/conclure-un-contrat-dapprentissage\/#primaryimage","url":"https:\/\/www.gereso.com\/actualites\/wp-content\/uploads\/2016\/12\/contrat-apprentissage.jpg","contentUrl":"https:\/\/www.gereso.com\/actualites\/wp-content\/uploads\/2016\/12\/contrat-apprentissage.jpg","width":600,"height":400,"caption":"Le contrat d'apprentissage : des dispositions sp\u00e9cifiques pour l'employeur et l'apprenti"},{"@type":"BreadcrumbList","@id":"https:\/\/www.gereso.com\/actualites\/2016\/12\/07\/conclure-un-contrat-dapprentissage\/#breadcrumb","itemListElement":[{"@type":"ListItem","position":1,"name":"Home","item":"https:\/\/www.gereso.com\/actualites\/"},{"@type":"ListItem","position":2,"name":"Conclure un contrat d\u2019apprentissage"}]},{"@type":"WebSite","@id":"https:\/\/www.gereso.com\/actualites\/#website","url":"https:\/\/www.gereso.com\/actualites\/","name":"Le Blog GERESO","description":"Toute l&#039;actu RH, Finance, Fonction Publique, Management...","potentialAction":[{"@type":"SearchAction","target":{"@type":"EntryPoint","urlTemplate":"https:\/\/www.gereso.com\/actualites\/?s={search_term_string}"},"query-input":{"@type":"PropertyValueSpecification","valueRequired":true,"valueName":"search_term_string"}}],"inLanguage":"fr-FR"},{"@type":"Person","@id":"https:\/\/www.gereso.com\/actualites\/#\/schema\/person\/74853d141382f3563939c9e96dcdc2ce","name":"Gwendoline Aubourg","image":{"@type":"ImageObject","inLanguage":"fr-FR","@id":"https:\/\/www.gereso.com\/actualites\/#\/schema\/person\/image\/","url":"https:\/\/www.gereso.com\/actualites\/wp-content\/uploads\/2016\/10\/GwendolineAubourg-1-144x144.jpg","contentUrl":"https:\/\/www.gereso.com\/actualites\/wp-content\/uploads\/2016\/10\/GwendolineAubourg-1-144x144.jpg","caption":"Gwendoline Aubourg"},"description":"Juriste, dipl\u00f4m\u00e9e en droit social de la Facult\u00e9 des sciences juridiques, politiques et sociales de Lille, r\u00e9dactrice RH et auteure de nombreux ouvrages sur les th\u00e8mes du droit du travail et des droits du consommateurs.","url":"https:\/\/www.gereso.com\/actualites\/author\/g-aubourg\/"}]}},"_links":{"self":[{"href":"https:\/\/www.gereso.com\/actualites\/wp-json\/wp\/v2\/posts\/7440","targetHints":{"allow":["GET"]}}],"collection":[{"href":"https:\/\/www.gereso.com\/actualites\/wp-json\/wp\/v2\/posts"}],"about":[{"href":"https:\/\/www.gereso.com\/actualites\/wp-json\/wp\/v2\/types\/post"}],"author":[{"embeddable":true,"href":"https:\/\/www.gereso.com\/actualites\/wp-json\/wp\/v2\/users\/44"}],"replies":[{"embeddable":true,"href":"https:\/\/www.gereso.com\/actualites\/wp-json\/wp\/v2\/comments?post=7440"}],"version-history":[{"count":1,"href":"https:\/\/www.gereso.com\/actualites\/wp-json\/wp\/v2\/posts\/7440\/revisions"}],"predecessor-version":[{"id":7443,"href":"https:\/\/www.gereso.com\/actualites\/wp-json\/wp\/v2\/posts\/7440\/revisions\/7443"}],"wp:featuredmedia":[{"embeddable":true,"href":"https:\/\/www.gereso.com\/actualites\/wp-json\/wp\/v2\/media\/7442"}],"wp:attachment":[{"href":"https:\/\/www.gereso.com\/actualites\/wp-json\/wp\/v2\/media?parent=7440"}],"wp:term":[{"taxonomy":"category","embeddable":true,"href":"https:\/\/www.gereso.com\/actualites\/wp-json\/wp\/v2\/categories?post=7440"},{"taxonomy":"post_tag","embeddable":true,"href":"https:\/\/www.gereso.com\/actualites\/wp-json\/wp\/v2\/tags?post=7440"}],"curies":[{"name":"wp","href":"https:\/\/api.w.org\/{rel}","templated":true}]}}