{"id":7445,"date":"2016-12-07T10:04:46","date_gmt":"2016-12-07T08:04:46","guid":{"rendered":"https:\/\/www.gereso.com\/actualites\/?p=7445"},"modified":"2017-01-16T10:21:13","modified_gmt":"2017-01-16T08:21:13","slug":"quiz-la-mutuelle-obligatoire-dans-lentreprise","status":"publish","type":"post","link":"https:\/\/www.gereso.com\/actualites\/2016\/12\/07\/quiz-la-mutuelle-obligatoire-dans-lentreprise\/","title":{"rendered":"Quiz : la mutuelle obligatoire dans l\u2019entreprise"},"content":{"rendered":"<p><strong>R\u00e9pondez par Vrai ou Faux \u00e0 chacune des 10 affirmations suivantes.<\/strong><\/p>\n<link type=\"text\/css\" rel=\"stylesheet\" href=\"https:\/\/www.gereso.com\/actualites\/wp-content\/plugins\/quizzin\/style.css\" \/>\r\n<script type=\"text\/javascript\" src=\"https:\/\/www.gereso.com\/actualites\/wp-includes\/js\/jquery\/jquery.js\"><\/script>\r\n<script type=\"text\/javascript\" src=\"https:\/\/www.gereso.com\/actualites\/wp-content\/plugins\/quizzin\/script.js\"><\/script>\r\n\r\n<div class=\"quiz-area single-page-quiz\">\r\n<form action=\"\" method=\"post\" class=\"quiz-form\" id=\"quiz-10\">\r\n<div class='quizzin-question' id='question-1'><div class='question-content'>Question 1\/10 :\u00a0Seules les grandes entreprises sont concern\u00e9es par l\u2019obligation de proposer une couverture compl\u00e9mentaire sant\u00e9 collective \u00e0 leurs salari\u00e9s.<\/div><br \/><input type='hidden' name='question_id[]' value='91' \/><label for='answer-id-333' id='answer-label-333' class=' answer label-1'><input type='radio' name='answer-91' id='answer-id-333' class='answer answer-1 ' value='333' \/><span class='answer'> VRAI<\/span><\/label><br \/><label for='answer-id-334' id='answer-label-334' class=' answer label-1'><input type='radio' name='answer-91' id='answer-id-334' class='answer answer-1 ' value='334' \/><span class='answer'> FAUX<\/span><\/label><br \/><\/div><div class='quizzin-question' id='question-2'><div class='question-content'>Question 2\/10 : L\u2019employeur peut choisir seul l\u2019organisme de compl\u00e9mentaire sant\u00e9 mais aussi le niveau de garantie.<\/div><br \/><input type='hidden' name='question_id[]' value='92' \/><label for='answer-id-335' id='answer-label-335' class=' answer label-2'><input type='radio' name='answer-92' id='answer-id-335' class='answer answer-2 ' value='335' \/><span class='answer'> VRAI<\/span><\/label><br \/><label for='answer-id-336' id='answer-label-336' class=' answer label-2'><input type='radio' name='answer-92' id='answer-id-336' class='answer answer-2 ' value='336' \/><span class='answer'> FAUX<\/span><\/label><br \/><\/div><div class='quizzin-question' id='question-3'><div class='question-content'>Question 3\/10 : La loi pr\u00e9voit une adh\u00e9sion obligatoire au contrat de mutuelle souscrit par l\u2019entreprise pour tout nouvel embauch\u00e9, m\u00eame s\u2019il est satisfait de sa mutuelle individuelle.<\/div><br \/><input type='hidden' name='question_id[]' value='93' \/><label for='answer-id-337' id='answer-label-337' class=' answer label-3'><input type='radio' name='answer-93' id='answer-id-337' class='answer answer-3 ' value='337' \/><span class='answer'> Vrai<\/span><\/label><br \/><label for='answer-id-338' id='answer-label-338' class=' answer label-3'><input type='radio' name='answer-93' id='answer-id-338' class='answer answer-3 ' value='338' \/><span class='answer'> Faux<\/span><\/label><br \/><\/div><div class='quizzin-question' id='question-4'><div class='question-content'>Question 4\/10 :\u00a0L\u2019employeur a la possibilit\u00e9 de pr\u00e9voir des contrats diff\u00e9rents par cat\u00e9gories de salari\u00e9s.<\/div><br \/><input type='hidden' name='question_id[]' value='94' \/><label for='answer-id-339' id='answer-label-339' class=' answer label-4'><input type='radio' name='answer-94' id='answer-id-339' class='answer answer-4 ' value='339' \/><span class='answer'> Vrai<\/span><\/label><br \/><label for='answer-id-340' id='answer-label-340' class=' answer label-4'><input type='radio' name='answer-94' id='answer-id-340' class='answer answer-4 ' value='340' \/><span class='answer'> Faux<\/span><\/label><br \/><\/div><div class='quizzin-question' id='question-5'><div class='question-content'>Question 5\/10 : L\u2019adh\u00e9sion \u00e0 la mutuelle d\u2019entreprise entra\u00eene la r\u00e9siliation automatique de la mutuelle individuelle du salari\u00e9.<\/div><br \/><input type='hidden' name='question_id[]' value='95' \/><label for='answer-id-341' id='answer-label-341' class=' answer label-5'><input type='radio' name='answer-95' id='answer-id-341' class='answer answer-5 ' value='341' \/><span class='answer'> Vrai<\/span><\/label><br \/><label for='answer-id-342' id='answer-label-342' class=' answer label-5'><input type='radio' name='answer-95' id='answer-id-342' class='answer answer-5 ' value='342' \/><span class='answer'> Faux<\/span><\/label><br \/><\/div><div class='quizzin-question' id='question-6'><div class='question-content'>Question 6\/10 : L\u2019employeur doit prendre en charge la moiti\u00e9 de la cotisation d\u2019adh\u00e9sion \u00e0 la mutuelle collective d\u2019entreprise.<\/div><br \/><input type='hidden' name='question_id[]' value='96' \/><label for='answer-id-343' id='answer-label-343' class=' answer label-6'><input type='radio' name='answer-96' id='answer-id-343' class='answer answer-6 ' value='343' \/><span class='answer'> Vrai<\/span><\/label><br \/><label for='answer-id-344' id='answer-label-344' class=' answer label-6'><input type='radio' name='answer-96' id='answer-id-344' class='answer answer-6 ' value='344' \/><span class='answer'> Faux<\/span><\/label><br \/><\/div><div class='quizzin-question' id='question-7'><div class='question-content'>Question 7\/10 : La mutuelle collective d\u2019entreprise couvre syst\u00e9matiquement le conjoint du salari\u00e9 s\u2019il ne travaille pas ainsi que ses enfants.<\/div><br \/><input type='hidden' name='question_id[]' value='97' \/><label for='answer-id-345' id='answer-label-345' class=' answer label-7'><input type='radio' name='answer-97' id='answer-id-345' class='answer answer-7 ' value='345' \/><span class='answer'> Vrai<\/span><\/label><br \/><label for='answer-id-346' id='answer-label-346' class=' answer label-7'><input type='radio' name='answer-97' id='answer-id-346' class='answer answer-7 ' value='346' \/><span class='answer'> Faux<\/span><\/label><br \/><\/div><div class='quizzin-question' id='question-8'><div class='question-content'>Question 8\/10 : Si un salari\u00e9 a plusieurs employeurs, il doit adh\u00e9rer \u00e0 la mutuelle de l\u2019entreprise pour laquelle il effectue le plus d\u2019heures de travail chaque mois.<\/div><br \/><input type='hidden' name='question_id[]' value='98' \/><label for='answer-id-347' id='answer-label-347' class=' answer label-8'><input type='radio' name='answer-98' id='answer-id-347' class='answer answer-8 ' value='347' \/><span class='answer'> Vrai<\/span><\/label><br \/><label for='answer-id-348' id='answer-label-348' class=' answer label-8'><input type='radio' name='answer-98' id='answer-id-348' class='answer answer-8 ' value='348' \/><span class='answer'> Faux<\/span><\/label><br \/><\/div><div class='quizzin-question' id='question-9'><div class='question-content'>Question 9\/10 : Le salari\u00e9 dont la r\u00e9mun\u00e9ration est faible peut b\u00e9n\u00e9ficier d\u2019une aide financi\u00e8re pour financer sa compl\u00e9mentaire sant\u00e9.<\/div><br \/><input type='hidden' name='question_id[]' value='99' \/><label for='answer-id-349' id='answer-label-349' class=' answer label-9'><input type='radio' name='answer-99' id='answer-id-349' class='answer answer-9 ' value='349' \/><span class='answer'> Vrai<\/span><\/label><br \/><label for='answer-id-350' id='answer-label-350' class=' answer label-9'><input type='radio' name='answer-99' id='answer-id-350' class='answer answer-9 ' value='350' \/><span class='answer'> Faux<\/span><\/label><br \/><\/div><div class='quizzin-question' id='question-10'><div class='question-content'>Question 10\/10 : Un salari\u00e9 qui est licenci\u00e9 peut conserver sa mutuelle d\u2019entreprise apr\u00e8s la rupture de son contrat de travail.<\/div><br \/><input type='hidden' name='question_id[]' value='100' \/><label for='answer-id-351' id='answer-label-351' class=' answer label-10'><input type='radio' name='answer-100' id='answer-id-351' class='answer answer-10 ' value='351' \/><span class='answer'> Vrai<\/span><\/label><br \/><label for='answer-id-352' id='answer-label-352' class=' answer label-10'><input type='radio' name='answer-100' id='answer-id-352' class='answer answer-10 ' value='352' \/><span class='answer'> Faux<\/span><\/label><br \/><\/div><br \/>\r\n<input type=\"button\" id=\"next-question\" value=\"Question suivante &gt;\"  \/><br \/>\r\n\r\n<input type=\"submit\" name=\"action\" id=\"action-button\" value=\"Valider mes r\u00e9ponses et voir le r\u00e9sultat &nbsp; \"  \/>\r\n<input type=\"hidden\" name=\"quiz_id\" value=\"10\" \/>\r\n<\/form>\r\n<\/div>\r\n\r\n\n","protected":false},"excerpt":{"rendered":"<p>R\u00e9pondez par Vrai ou Faux \u00e0 chacune des 10 affirmations suivantes.<\/p>\n","protected":false},"author":44,"featured_media":7447,"comment_status":"open","ping_status":"open","sticky":false,"template":"","format":"standard","meta":{"_acf_changed":false,"_mi_skip_tracking":false,"footnotes":""},"categories":[4],"tags":[1059,521,522,523,129],"class_list":["post-7445","post","type-post","status-publish","format-standard","has-post-thumbnail","hentry","category-retraite-et-protection-sociale","tag-assurance","tag-complementaire-sante","tag-couverture-sante","tag-mutuelle","tag-protection-sociale"],"acf":[],"yoast_head":"<!-- This site is optimized with the Yoast SEO plugin v23.4 - https:\/\/yoast.com\/wordpress\/plugins\/seo\/ -->\n<title>Quiz : la mutuelle obligatoire dans l\u2019entreprise - Le Blog GERESO<\/title>\n<meta name=\"robots\" content=\"index, follow, max-snippet:-1, max-image-preview:large, max-video-preview:-1\" \/>\n<link rel=\"canonical\" href=\"https:\/\/www.gereso.com\/actualites\/2016\/12\/07\/quiz-la-mutuelle-obligatoire-dans-lentreprise\/\" \/>\n<meta property=\"og:locale\" content=\"fr_FR\" \/>\n<meta property=\"og:type\" content=\"article\" \/>\n<meta property=\"og:title\" content=\"Quiz : la mutuelle obligatoire dans l\u2019entreprise - Le Blog GERESO\" \/>\n<meta property=\"og:description\" content=\"R\u00e9pondez par Vrai ou Faux \u00e0 chacune des 10 affirmations suivantes.\" \/>\n<meta property=\"og:url\" content=\"https:\/\/www.gereso.com\/actualites\/2016\/12\/07\/quiz-la-mutuelle-obligatoire-dans-lentreprise\/\" \/>\n<meta property=\"og:site_name\" content=\"Le Blog GERESO\" \/>\n<meta property=\"article:published_time\" content=\"2016-12-07T08:04:46+00:00\" \/>\n<meta property=\"article:modified_time\" content=\"2017-01-16T08:21:13+00:00\" \/>\n<meta property=\"og:image\" content=\"https:\/\/www.gereso.com\/actualites\/wp-content\/uploads\/2016\/12\/mutuelle-obligatoire-entreprise.jpg\" \/>\n\t<meta property=\"og:image:width\" content=\"600\" \/>\n\t<meta property=\"og:image:height\" content=\"400\" \/>\n\t<meta property=\"og:image:type\" content=\"image\/jpeg\" \/>\n<meta name=\"author\" content=\"Gwendoline Aubourg\" \/>\n<meta name=\"twitter:card\" content=\"summary_large_image\" \/>\n<script type=\"application\/ld+json\" class=\"yoast-schema-graph\">{\"@context\":\"https:\/\/schema.org\",\"@graph\":[{\"@type\":\"WebPage\",\"@id\":\"https:\/\/www.gereso.com\/actualites\/2016\/12\/07\/quiz-la-mutuelle-obligatoire-dans-lentreprise\/\",\"url\":\"https:\/\/www.gereso.com\/actualites\/2016\/12\/07\/quiz-la-mutuelle-obligatoire-dans-lentreprise\/\",\"name\":\"Quiz : la mutuelle obligatoire dans l\u2019entreprise - Le Blog GERESO\",\"isPartOf\":{\"@id\":\"https:\/\/www.gereso.com\/actualites\/#website\"},\"primaryImageOfPage\":{\"@id\":\"https:\/\/www.gereso.com\/actualites\/2016\/12\/07\/quiz-la-mutuelle-obligatoire-dans-lentreprise\/#primaryimage\"},\"image\":{\"@id\":\"https:\/\/www.gereso.com\/actualites\/2016\/12\/07\/quiz-la-mutuelle-obligatoire-dans-lentreprise\/#primaryimage\"},\"thumbnailUrl\":\"https:\/\/www.gereso.com\/actualites\/wp-content\/uploads\/2016\/12\/mutuelle-obligatoire-entreprise.jpg\",\"datePublished\":\"2016-12-07T08:04:46+00:00\",\"dateModified\":\"2017-01-16T08:21:13+00:00\",\"author\":{\"@id\":\"https:\/\/www.gereso.com\/actualites\/#\/schema\/person\/74853d141382f3563939c9e96dcdc2ce\"},\"breadcrumb\":{\"@id\":\"https:\/\/www.gereso.com\/actualites\/2016\/12\/07\/quiz-la-mutuelle-obligatoire-dans-lentreprise\/#breadcrumb\"},\"inLanguage\":\"fr-FR\",\"potentialAction\":[{\"@type\":\"ReadAction\",\"target\":[\"https:\/\/www.gereso.com\/actualites\/2016\/12\/07\/quiz-la-mutuelle-obligatoire-dans-lentreprise\/\"]}]},{\"@type\":\"ImageObject\",\"inLanguage\":\"fr-FR\",\"@id\":\"https:\/\/www.gereso.com\/actualites\/2016\/12\/07\/quiz-la-mutuelle-obligatoire-dans-lentreprise\/#primaryimage\",\"url\":\"https:\/\/www.gereso.com\/actualites\/wp-content\/uploads\/2016\/12\/mutuelle-obligatoire-entreprise.jpg\",\"contentUrl\":\"https:\/\/www.gereso.com\/actualites\/wp-content\/uploads\/2016\/12\/mutuelle-obligatoire-entreprise.jpg\",\"width\":600,\"height\":400,\"caption\":\"Que savez-vous de la mutuelle obligatoire en entreprise ?\"},{\"@type\":\"BreadcrumbList\",\"@id\":\"https:\/\/www.gereso.com\/actualites\/2016\/12\/07\/quiz-la-mutuelle-obligatoire-dans-lentreprise\/#breadcrumb\",\"itemListElement\":[{\"@type\":\"ListItem\",\"position\":1,\"name\":\"Home\",\"item\":\"https:\/\/www.gereso.com\/actualites\/\"},{\"@type\":\"ListItem\",\"position\":2,\"name\":\"Quiz : la mutuelle obligatoire dans l\u2019entreprise\"}]},{\"@type\":\"WebSite\",\"@id\":\"https:\/\/www.gereso.com\/actualites\/#website\",\"url\":\"https:\/\/www.gereso.com\/actualites\/\",\"name\":\"Le Blog GERESO\",\"description\":\"Toute l&#039;actu RH, Finance, Fonction Publique, Management...\",\"potentialAction\":[{\"@type\":\"SearchAction\",\"target\":{\"@type\":\"EntryPoint\",\"urlTemplate\":\"https:\/\/www.gereso.com\/actualites\/?s={search_term_string}\"},\"query-input\":{\"@type\":\"PropertyValueSpecification\",\"valueRequired\":true,\"valueName\":\"search_term_string\"}}],\"inLanguage\":\"fr-FR\"},{\"@type\":\"Person\",\"@id\":\"https:\/\/www.gereso.com\/actualites\/#\/schema\/person\/74853d141382f3563939c9e96dcdc2ce\",\"name\":\"Gwendoline Aubourg\",\"image\":{\"@type\":\"ImageObject\",\"inLanguage\":\"fr-FR\",\"@id\":\"https:\/\/www.gereso.com\/actualites\/#\/schema\/person\/image\/\",\"url\":\"https:\/\/www.gereso.com\/actualites\/wp-content\/uploads\/2016\/10\/GwendolineAubourg-1-144x144.jpg\",\"contentUrl\":\"https:\/\/www.gereso.com\/actualites\/wp-content\/uploads\/2016\/10\/GwendolineAubourg-1-144x144.jpg\",\"caption\":\"Gwendoline Aubourg\"},\"description\":\"Juriste, dipl\u00f4m\u00e9e en droit social de la Facult\u00e9 des sciences juridiques, politiques et sociales de Lille, r\u00e9dactrice RH et auteure de nombreux ouvrages sur les th\u00e8mes du droit du travail et des droits du consommateurs.\",\"url\":\"https:\/\/www.gereso.com\/actualites\/author\/g-aubourg\/\"}]}<\/script>\n<!-- \/ Yoast SEO plugin. -->","yoast_head_json":{"title":"Quiz : la mutuelle obligatoire dans l\u2019entreprise - Le Blog GERESO","robots":{"index":"index","follow":"follow","max-snippet":"max-snippet:-1","max-image-preview":"max-image-preview:large","max-video-preview":"max-video-preview:-1"},"canonical":"https:\/\/www.gereso.com\/actualites\/2016\/12\/07\/quiz-la-mutuelle-obligatoire-dans-lentreprise\/","og_locale":"fr_FR","og_type":"article","og_title":"Quiz : la mutuelle obligatoire dans l\u2019entreprise - Le Blog GERESO","og_description":"R\u00e9pondez par Vrai ou Faux \u00e0 chacune des 10 affirmations suivantes.","og_url":"https:\/\/www.gereso.com\/actualites\/2016\/12\/07\/quiz-la-mutuelle-obligatoire-dans-lentreprise\/","og_site_name":"Le Blog GERESO","article_published_time":"2016-12-07T08:04:46+00:00","article_modified_time":"2017-01-16T08:21:13+00:00","og_image":[{"width":600,"height":400,"url":"https:\/\/www.gereso.com\/actualites\/wp-content\/uploads\/2016\/12\/mutuelle-obligatoire-entreprise.jpg","type":"image\/jpeg"}],"author":"Gwendoline Aubourg","twitter_card":"summary_large_image","schema":{"@context":"https:\/\/schema.org","@graph":[{"@type":"WebPage","@id":"https:\/\/www.gereso.com\/actualites\/2016\/12\/07\/quiz-la-mutuelle-obligatoire-dans-lentreprise\/","url":"https:\/\/www.gereso.com\/actualites\/2016\/12\/07\/quiz-la-mutuelle-obligatoire-dans-lentreprise\/","name":"Quiz : la mutuelle obligatoire dans l\u2019entreprise - Le Blog GERESO","isPartOf":{"@id":"https:\/\/www.gereso.com\/actualites\/#website"},"primaryImageOfPage":{"@id":"https:\/\/www.gereso.com\/actualites\/2016\/12\/07\/quiz-la-mutuelle-obligatoire-dans-lentreprise\/#primaryimage"},"image":{"@id":"https:\/\/www.gereso.com\/actualites\/2016\/12\/07\/quiz-la-mutuelle-obligatoire-dans-lentreprise\/#primaryimage"},"thumbnailUrl":"https:\/\/www.gereso.com\/actualites\/wp-content\/uploads\/2016\/12\/mutuelle-obligatoire-entreprise.jpg","datePublished":"2016-12-07T08:04:46+00:00","dateModified":"2017-01-16T08:21:13+00:00","author":{"@id":"https:\/\/www.gereso.com\/actualites\/#\/schema\/person\/74853d141382f3563939c9e96dcdc2ce"},"breadcrumb":{"@id":"https:\/\/www.gereso.com\/actualites\/2016\/12\/07\/quiz-la-mutuelle-obligatoire-dans-lentreprise\/#breadcrumb"},"inLanguage":"fr-FR","potentialAction":[{"@type":"ReadAction","target":["https:\/\/www.gereso.com\/actualites\/2016\/12\/07\/quiz-la-mutuelle-obligatoire-dans-lentreprise\/"]}]},{"@type":"ImageObject","inLanguage":"fr-FR","@id":"https:\/\/www.gereso.com\/actualites\/2016\/12\/07\/quiz-la-mutuelle-obligatoire-dans-lentreprise\/#primaryimage","url":"https:\/\/www.gereso.com\/actualites\/wp-content\/uploads\/2016\/12\/mutuelle-obligatoire-entreprise.jpg","contentUrl":"https:\/\/www.gereso.com\/actualites\/wp-content\/uploads\/2016\/12\/mutuelle-obligatoire-entreprise.jpg","width":600,"height":400,"caption":"Que savez-vous de la mutuelle obligatoire en entreprise ?"},{"@type":"BreadcrumbList","@id":"https:\/\/www.gereso.com\/actualites\/2016\/12\/07\/quiz-la-mutuelle-obligatoire-dans-lentreprise\/#breadcrumb","itemListElement":[{"@type":"ListItem","position":1,"name":"Home","item":"https:\/\/www.gereso.com\/actualites\/"},{"@type":"ListItem","position":2,"name":"Quiz : la mutuelle obligatoire dans l\u2019entreprise"}]},{"@type":"WebSite","@id":"https:\/\/www.gereso.com\/actualites\/#website","url":"https:\/\/www.gereso.com\/actualites\/","name":"Le Blog GERESO","description":"Toute l&#039;actu RH, Finance, Fonction Publique, Management...","potentialAction":[{"@type":"SearchAction","target":{"@type":"EntryPoint","urlTemplate":"https:\/\/www.gereso.com\/actualites\/?s={search_term_string}"},"query-input":{"@type":"PropertyValueSpecification","valueRequired":true,"valueName":"search_term_string"}}],"inLanguage":"fr-FR"},{"@type":"Person","@id":"https:\/\/www.gereso.com\/actualites\/#\/schema\/person\/74853d141382f3563939c9e96dcdc2ce","name":"Gwendoline Aubourg","image":{"@type":"ImageObject","inLanguage":"fr-FR","@id":"https:\/\/www.gereso.com\/actualites\/#\/schema\/person\/image\/","url":"https:\/\/www.gereso.com\/actualites\/wp-content\/uploads\/2016\/10\/GwendolineAubourg-1-144x144.jpg","contentUrl":"https:\/\/www.gereso.com\/actualites\/wp-content\/uploads\/2016\/10\/GwendolineAubourg-1-144x144.jpg","caption":"Gwendoline Aubourg"},"description":"Juriste, dipl\u00f4m\u00e9e en droit social de la Facult\u00e9 des sciences juridiques, politiques et sociales de Lille, r\u00e9dactrice RH et auteure de nombreux ouvrages sur les th\u00e8mes du droit du travail et des droits du consommateurs.","url":"https:\/\/www.gereso.com\/actualites\/author\/g-aubourg\/"}]}},"_links":{"self":[{"href":"https:\/\/www.gereso.com\/actualites\/wp-json\/wp\/v2\/posts\/7445","targetHints":{"allow":["GET"]}}],"collection":[{"href":"https:\/\/www.gereso.com\/actualites\/wp-json\/wp\/v2\/posts"}],"about":[{"href":"https:\/\/www.gereso.com\/actualites\/wp-json\/wp\/v2\/types\/post"}],"author":[{"embeddable":true,"href":"https:\/\/www.gereso.com\/actualites\/wp-json\/wp\/v2\/users\/44"}],"replies":[{"embeddable":true,"href":"https:\/\/www.gereso.com\/actualites\/wp-json\/wp\/v2\/comments?post=7445"}],"version-history":[{"count":2,"href":"https:\/\/www.gereso.com\/actualites\/wp-json\/wp\/v2\/posts\/7445\/revisions"}],"predecessor-version":[{"id":7449,"href":"https:\/\/www.gereso.com\/actualites\/wp-json\/wp\/v2\/posts\/7445\/revisions\/7449"}],"wp:featuredmedia":[{"embeddable":true,"href":"https:\/\/www.gereso.com\/actualites\/wp-json\/wp\/v2\/media\/7447"}],"wp:attachment":[{"href":"https:\/\/www.gereso.com\/actualites\/wp-json\/wp\/v2\/media?parent=7445"}],"wp:term":[{"taxonomy":"category","embeddable":true,"href":"https:\/\/www.gereso.com\/actualites\/wp-json\/wp\/v2\/categories?post=7445"},{"taxonomy":"post_tag","embeddable":true,"href":"https:\/\/www.gereso.com\/actualites\/wp-json\/wp\/v2\/tags?post=7445"}],"curies":[{"name":"wp","href":"https:\/\/api.w.org\/{rel}","templated":true}]}}